{"id":10018,"date":"2013-02-13T18:17:18","date_gmt":"2013-02-13T18:17:18","guid":{"rendered":"http:\/\/www.tvcnoticias.com.ar\/?p=10018"},"modified":"2013-02-13T18:17:18","modified_gmt":"2013-02-13T18:17:18","slug":"continuan-las-actividades-en-la-biblioteca-macedonio-fernandez","status":"publish","type":"post","link":"https:\/\/www.celttv.com.ar\/index.php\/2013\/02\/13\/continuan-las-actividades-en-la-biblioteca-macedonio-fernandez\/","title":{"rendered":"CONTINUAN LAS ACTIVIDADES EN LA BIBLIOTECA MACEDONIO FERNANDEZ"},"content":{"rendered":"<p><a rel=\"attachment wp-att-10021\" href=\"http:\/\/www.tvcnoticias.com.ar\/?attachment_id=10021\"><img loading=\"lazy\" decoding=\"async\" class=\"aligncenter size-full wp-image-10021\" title=\"SAM_0724 (Small)\" src=\"http:\/\/www.tvcnoticias.com.ar\/wp-content\/uploads\/2013\/02\/SAM_0724-Small.jpg\" alt=\"\" width=\"640\" height=\"480\" \/><\/a><br \/>\nContin\u00faan las Actividades en FEBRERO<br \/>\n\u00a0*Jueves 14\u00a0 \u2013 19 hs.: Cine debate: \u201cJim y el durazno gigante\u201d. &gt;Bono contribuci\u00f3n socios $10 \/ No socios $15&lt;<br \/>\nSinopsis: Basada en\u00a0 el primer libro escrito para chicos de Roald Dahl en 1961. Su historia es muy simple: James Henry Trotter es el chico m\u00e1s triste y solo del mundo. Es hu\u00e9rfano y vive junto a sus dos repugnantes, crueles y perezosas t\u00edas en una casa destartalada del sur de Inglaterra. Un extra\u00f1o personaje regala a Jim una bolsa con lenguas m\u00e1gicas de cocodrilo y a partir de entonces cosas maravillosas comienzan a suceder: un durazno gigante, enormes insectos encantadores y un viaje a trav\u00e9s del oc\u00e9ano con destino a Nueva York.<br \/>\nDuraci\u00f3n: 77 minutos \/ Direcci\u00f3n: Henry Selick \/ Producci\u00f3n:Denise Di Novi y Tim Burton para Walt Disney Pictures.<br \/>\n* Viernes 15 \u2013 19 hs: Narraci\u00f3n del cuento \u201cSemillas de M\u00e9xico\u201d de Menena Cottin y Fanuel Hanan D\u00edaz. Las\u00a0 semillas son peque\u00f1as pero asombrosas. Hacen recorridos inimaginables. \u00bfQu\u00e9 secretos esconden?<br \/>\nPosterior actividad pl\u00e1stica para ni\u00f1os a cargo de Mar\u00eda Amalia Bernat &gt;entrada libre y gratuita&lt;<br \/>\n*La Biblioteca informa que ha dispuesto un \u201cRinc\u00f3n\u00a0 con libros de autores locales\u201d. Se pueden adquirir a cambio de un bono contribuci\u00f3n a beneficio de la instituci\u00f3n. \u2013se adjuntan fotos-<br \/>\n*Horario de atenci\u00f3n:<br \/>\nLunes y Mi\u00e9rcoles: 9 a 13 hs<br \/>\nMartes, Viernes y S\u00e1bados: 16 a 20 hs<br \/>\nFeriados abierto en el horario habitual<br \/>\nCalle Pillahuinco e\/ Cabecita negra y churrinche- Villa Ventana<br \/>\nTel. 0291-4910334 \u2013 e-mail: <a href=\"mailto:bpmacedonio@hotmail.com\">bpmacedonio@hotmail.com<\/a> CP 8168<\/p>\n","protected":false},"excerpt":{"rendered":"<p>Contin\u00faan las Actividades en FEBRERO \u00a0*Jueves 14\u00a0 \u2013 19 hs.: Cine debate: \u201cJim y el durazno gigante\u201d. &gt;Bono contribuci\u00f3n socios $10 \/ No socios $15&lt; Sinopsis: Basada en\u00a0 el primer libro escrito para chicos de Roald Dahl en 1961. Su historia es muy simple: James Henry Trotter es el chico m\u00e1s triste y solo del [&hellip;]<\/p>\n","protected":false},"author":1,"featured_media":0,"comment_status":"closed","ping_status":"open","sticky":false,"template":"","format":"standard","meta":{"footnotes":""},"categories":[51,52],"tags":[],"class_list":["post-10018","post","type-post","status-publish","format-standard","hentry","category-comunidad","category-destacadas"],"yoast_head":"<!-- This site is optimized with the Yoast SEO plugin v19.7.1 - https:\/\/yoast.com\/wordpress\/plugins\/seo\/ -->\n<title>CONTINUAN LAS ACTIVIDADES EN LA BIBLIOTECA MACEDONIO FERNANDEZ - CELTTV<\/title>\n<meta name=\"description\" content=\"Sitio web de noticias de la localidad de Tornquist, provincia de Buenos Aires, Rep\u00fablica Argentina. Contenido propio originado por periodistas de CELTTV, el canal de TV local de la Cooperativa El\u00e9ctrica de Tornquist. Turismo, Pol\u00edtica, Sociedad, Deporte, Cultura y todo el contenido de inter\u00e9s general que la gente del pueblo y la regi\u00f3n debe conocer.\" \/>\n<meta name=\"robots\" content=\"index, follow, max-snippet:-1, max-image-preview:large, max-video-preview:-1\" \/>\n<link rel=\"canonical\" href=\"https:\/\/www.celttv.com.ar\/index.php\/2013\/02\/13\/continuan-las-actividades-en-la-biblioteca-macedonio-fernandez\/\" \/>\n<meta property=\"og:locale\" content=\"es_ES\" \/>\n<meta property=\"og:type\" content=\"article\" \/>\n<meta property=\"og:title\" content=\"CONTINUAN LAS ACTIVIDADES EN LA BIBLIOTECA MACEDONIO FERNANDEZ - CELTTV\" \/>\n<meta property=\"og:description\" content=\"Sitio web de noticias de la localidad de Tornquist, provincia de Buenos Aires, Rep\u00fablica Argentina. Contenido propio originado por periodistas de CELTTV, el canal de TV local de la Cooperativa El\u00e9ctrica de Tornquist. Turismo, Pol\u00edtica, Sociedad, Deporte, Cultura y todo el contenido de inter\u00e9s general que la gente del pueblo y la regi\u00f3n debe conocer.\" \/>\n<meta property=\"og:url\" content=\"https:\/\/www.celttv.com.ar\/index.php\/2013\/02\/13\/continuan-las-actividades-en-la-biblioteca-macedonio-fernandez\/\" \/>\n<meta property=\"og:site_name\" content=\"CELTTV\" \/>\n<meta property=\"article:publisher\" content=\"https:\/\/www.facebook.com\/celtTV\/\" \/>\n<meta property=\"article:published_time\" content=\"2013-02-13T18:17:18+00:00\" \/>\n<meta property=\"og:image\" content=\"http:\/\/www.tvcnoticias.com.ar\/wp-content\/uploads\/2013\/02\/SAM_0724-Small.jpg\" \/>\n<meta name=\"author\" content=\"ulises\" \/>\n<meta name=\"twitter:card\" content=\"summary_large_image\" \/>\n<meta name=\"twitter:label1\" content=\"Escrito por\" \/>\n\t<meta name=\"twitter:data1\" content=\"ulises\" \/>\n\t<meta name=\"twitter:label2\" content=\"Tiempo de lectura\" \/>\n\t<meta name=\"twitter:data2\" content=\"1 minuto\" \/>\n<script type=\"application\/ld+json\" class=\"yoast-schema-graph\">{\"@context\":\"https:\/\/schema.org\",\"@graph\":[{\"@type\":\"NewsArticle\",\"@id\":\"https:\/\/www.celttv.com.ar\/index.php\/2013\/02\/13\/continuan-las-actividades-en-la-biblioteca-macedonio-fernandez\/#article\",\"isPartOf\":{\"@id\":\"https:\/\/www.celttv.com.ar\/index.php\/2013\/02\/13\/continuan-las-actividades-en-la-biblioteca-macedonio-fernandez\/\"},\"author\":{\"name\":\"ulises\",\"@id\":\"https:\/\/www.celttv.com.ar\/#\/schema\/person\/6d99c072dba59953809c81446e9d0ace\"},\"headline\":\"CONTINUAN LAS ACTIVIDADES EN LA BIBLIOTECA MACEDONIO FERNANDEZ\",\"datePublished\":\"2013-02-13T18:17:18+00:00\",\"dateModified\":\"2013-02-13T18:17:18+00:00\",\"mainEntityOfPage\":{\"@id\":\"https:\/\/www.celttv.com.ar\/index.php\/2013\/02\/13\/continuan-las-actividades-en-la-biblioteca-macedonio-fernandez\/\"},\"wordCount\":272,\"publisher\":{\"@id\":\"https:\/\/www.celttv.com.ar\/#organization\"},\"articleSection\":[\"Comunidad\",\"Destacadas\"],\"inLanguage\":\"es\"},{\"@type\":\"WebPage\",\"@id\":\"https:\/\/www.celttv.com.ar\/index.php\/2013\/02\/13\/continuan-las-actividades-en-la-biblioteca-macedonio-fernandez\/\",\"url\":\"https:\/\/www.celttv.com.ar\/index.php\/2013\/02\/13\/continuan-las-actividades-en-la-biblioteca-macedonio-fernandez\/\",\"name\":\"CONTINUAN LAS ACTIVIDADES EN LA BIBLIOTECA MACEDONIO FERNANDEZ - CELTTV\",\"isPartOf\":{\"@id\":\"https:\/\/www.celttv.com.ar\/#website\"},\"datePublished\":\"2013-02-13T18:17:18+00:00\",\"dateModified\":\"2013-02-13T18:17:18+00:00\",\"description\":\"Sitio web de noticias de la localidad de Tornquist, provincia de Buenos Aires, Rep\u00fablica Argentina. Contenido propio originado por periodistas de CELTTV, el canal de TV local de la Cooperativa El\u00e9ctrica de Tornquist. Turismo, Pol\u00edtica, Sociedad, Deporte, Cultura y todo el contenido de inter\u00e9s general que la gente del pueblo y la regi\u00f3n debe conocer.\",\"breadcrumb\":{\"@id\":\"https:\/\/www.celttv.com.ar\/index.php\/2013\/02\/13\/continuan-las-actividades-en-la-biblioteca-macedonio-fernandez\/#breadcrumb\"},\"inLanguage\":\"es\",\"potentialAction\":[{\"@type\":\"ReadAction\",\"target\":[\"https:\/\/www.celttv.com.ar\/index.php\/2013\/02\/13\/continuan-las-actividades-en-la-biblioteca-macedonio-fernandez\/\"]}]},{\"@type\":\"BreadcrumbList\",\"@id\":\"https:\/\/www.celttv.com.ar\/index.php\/2013\/02\/13\/continuan-las-actividades-en-la-biblioteca-macedonio-fernandez\/#breadcrumb\",\"itemListElement\":[{\"@type\":\"ListItem\",\"position\":1,\"name\":\"Inicio\",\"item\":\"https:\/\/www.celttv.com.ar\/\"},{\"@type\":\"ListItem\",\"position\":2,\"name\":\"CONTINUAN LAS ACTIVIDADES EN LA BIBLIOTECA MACEDONIO FERNANDEZ\"}]},{\"@type\":\"WebSite\",\"@id\":\"https:\/\/www.celttv.com.ar\/#website\",\"url\":\"https:\/\/www.celttv.com.ar\/\",\"name\":\"CELTTV\",\"description\":\"Cooperativa El\u00e9ctrica de Tornquist\",\"publisher\":{\"@id\":\"https:\/\/www.celttv.com.ar\/#organization\"},\"potentialAction\":[{\"@type\":\"SearchAction\",\"target\":{\"@type\":\"EntryPoint\",\"urlTemplate\":\"https:\/\/www.celttv.com.ar\/?s={search_term_string}\"},\"query-input\":\"required name=search_term_string\"}],\"inLanguage\":\"es\"},{\"@type\":\"Organization\",\"@id\":\"https:\/\/www.celttv.com.ar\/#organization\",\"name\":\"CELTTV\",\"url\":\"https:\/\/www.celttv.com.ar\/\",\"sameAs\":[\"https:\/\/www.youtube.com\/channel\/UCz_oIt8Hig64Ub-EmcNPIhg\",\"https:\/\/www.facebook.com\/celtTV\/\"],\"logo\":{\"@type\":\"ImageObject\",\"inLanguage\":\"es\",\"@id\":\"https:\/\/www.celttv.com.ar\/#\/schema\/logo\/image\/\",\"url\":\"http:\/\/www.celttv.com.ar\/wp-content\/uploads\/2022\/08\/logo-1.png\",\"contentUrl\":\"http:\/\/www.celttv.com.ar\/wp-content\/uploads\/2022\/08\/logo-1.png\",\"width\":461,\"height\":159,\"caption\":\"CELTTV\"},\"image\":{\"@id\":\"https:\/\/www.celttv.com.ar\/#\/schema\/logo\/image\/\"}},{\"@type\":\"Person\",\"@id\":\"https:\/\/www.celttv.com.ar\/#\/schema\/person\/6d99c072dba59953809c81446e9d0ace\",\"name\":\"ulises\",\"image\":{\"@type\":\"ImageObject\",\"inLanguage\":\"es\",\"@id\":\"https:\/\/www.celttv.com.ar\/#\/schema\/person\/image\/\",\"url\":\"https:\/\/secure.gravatar.com\/avatar\/7f2c48bdc33b30088f941fb6082e555f2874c98e20cb159d7b92b50eadfce793?s=96&d=mm&r=g\",\"contentUrl\":\"https:\/\/secure.gravatar.com\/avatar\/7f2c48bdc33b30088f941fb6082e555f2874c98e20cb159d7b92b50eadfce793?s=96&d=mm&r=g\",\"caption\":\"ulises\"},\"sameAs\":[\"http:\/\/www.celttv.com.ar\"]}]}<\/script>\n<!-- \/ Yoast SEO plugin. -->","yoast_head_json":{"title":"CONTINUAN LAS ACTIVIDADES EN LA BIBLIOTECA MACEDONIO FERNANDEZ - CELTTV","description":"Sitio web de noticias de la localidad de Tornquist, provincia de Buenos Aires, Rep\u00fablica Argentina. Contenido propio originado por periodistas de CELTTV, el canal de TV local de la Cooperativa El\u00e9ctrica de Tornquist. Turismo, Pol\u00edtica, Sociedad, Deporte, Cultura y todo el contenido de inter\u00e9s general que la gente del pueblo y la regi\u00f3n debe conocer.","robots":{"index":"index","follow":"follow","max-snippet":"max-snippet:-1","max-image-preview":"max-image-preview:large","max-video-preview":"max-video-preview:-1"},"canonical":"https:\/\/www.celttv.com.ar\/index.php\/2013\/02\/13\/continuan-las-actividades-en-la-biblioteca-macedonio-fernandez\/","og_locale":"es_ES","og_type":"article","og_title":"CONTINUAN LAS ACTIVIDADES EN LA BIBLIOTECA MACEDONIO FERNANDEZ - CELTTV","og_description":"Sitio web de noticias de la localidad de Tornquist, provincia de Buenos Aires, Rep\u00fablica Argentina. Contenido propio originado por periodistas de CELTTV, el canal de TV local de la Cooperativa El\u00e9ctrica de Tornquist. Turismo, Pol\u00edtica, Sociedad, Deporte, Cultura y todo el contenido de inter\u00e9s general que la gente del pueblo y la regi\u00f3n debe conocer.","og_url":"https:\/\/www.celttv.com.ar\/index.php\/2013\/02\/13\/continuan-las-actividades-en-la-biblioteca-macedonio-fernandez\/","og_site_name":"CELTTV","article_publisher":"https:\/\/www.facebook.com\/celtTV\/","article_published_time":"2013-02-13T18:17:18+00:00","og_image":[{"url":"http:\/\/www.tvcnoticias.com.ar\/wp-content\/uploads\/2013\/02\/SAM_0724-Small.jpg"}],"author":"ulises","twitter_card":"summary_large_image","twitter_misc":{"Escrito por":"ulises","Tiempo de lectura":"1 minuto"},"schema":{"@context":"https:\/\/schema.org","@graph":[{"@type":"NewsArticle","@id":"https:\/\/www.celttv.com.ar\/index.php\/2013\/02\/13\/continuan-las-actividades-en-la-biblioteca-macedonio-fernandez\/#article","isPartOf":{"@id":"https:\/\/www.celttv.com.ar\/index.php\/2013\/02\/13\/continuan-las-actividades-en-la-biblioteca-macedonio-fernandez\/"},"author":{"name":"ulises","@id":"https:\/\/www.celttv.com.ar\/#\/schema\/person\/6d99c072dba59953809c81446e9d0ace"},"headline":"CONTINUAN LAS ACTIVIDADES EN LA BIBLIOTECA MACEDONIO FERNANDEZ","datePublished":"2013-02-13T18:17:18+00:00","dateModified":"2013-02-13T18:17:18+00:00","mainEntityOfPage":{"@id":"https:\/\/www.celttv.com.ar\/index.php\/2013\/02\/13\/continuan-las-actividades-en-la-biblioteca-macedonio-fernandez\/"},"wordCount":272,"publisher":{"@id":"https:\/\/www.celttv.com.ar\/#organization"},"articleSection":["Comunidad","Destacadas"],"inLanguage":"es"},{"@type":"WebPage","@id":"https:\/\/www.celttv.com.ar\/index.php\/2013\/02\/13\/continuan-las-actividades-en-la-biblioteca-macedonio-fernandez\/","url":"https:\/\/www.celttv.com.ar\/index.php\/2013\/02\/13\/continuan-las-actividades-en-la-biblioteca-macedonio-fernandez\/","name":"CONTINUAN LAS ACTIVIDADES EN LA BIBLIOTECA MACEDONIO FERNANDEZ - CELTTV","isPartOf":{"@id":"https:\/\/www.celttv.com.ar\/#website"},"datePublished":"2013-02-13T18:17:18+00:00","dateModified":"2013-02-13T18:17:18+00:00","description":"Sitio web de noticias de la localidad de Tornquist, provincia de Buenos Aires, Rep\u00fablica Argentina. Contenido propio originado por periodistas de CELTTV, el canal de TV local de la Cooperativa El\u00e9ctrica de Tornquist. Turismo, Pol\u00edtica, Sociedad, Deporte, Cultura y todo el contenido de inter\u00e9s general que la gente del pueblo y la regi\u00f3n debe conocer.","breadcrumb":{"@id":"https:\/\/www.celttv.com.ar\/index.php\/2013\/02\/13\/continuan-las-actividades-en-la-biblioteca-macedonio-fernandez\/#breadcrumb"},"inLanguage":"es","potentialAction":[{"@type":"ReadAction","target":["https:\/\/www.celttv.com.ar\/index.php\/2013\/02\/13\/continuan-las-actividades-en-la-biblioteca-macedonio-fernandez\/"]}]},{"@type":"BreadcrumbList","@id":"https:\/\/www.celttv.com.ar\/index.php\/2013\/02\/13\/continuan-las-actividades-en-la-biblioteca-macedonio-fernandez\/#breadcrumb","itemListElement":[{"@type":"ListItem","position":1,"name":"Inicio","item":"https:\/\/www.celttv.com.ar\/"},{"@type":"ListItem","position":2,"name":"CONTINUAN LAS ACTIVIDADES EN LA BIBLIOTECA MACEDONIO FERNANDEZ"}]},{"@type":"WebSite","@id":"https:\/\/www.celttv.com.ar\/#website","url":"https:\/\/www.celttv.com.ar\/","name":"CELTTV","description":"Cooperativa El\u00e9ctrica de Tornquist","publisher":{"@id":"https:\/\/www.celttv.com.ar\/#organization"},"potentialAction":[{"@type":"SearchAction","target":{"@type":"EntryPoint","urlTemplate":"https:\/\/www.celttv.com.ar\/?s={search_term_string}"},"query-input":"required name=search_term_string"}],"inLanguage":"es"},{"@type":"Organization","@id":"https:\/\/www.celttv.com.ar\/#organization","name":"CELTTV","url":"https:\/\/www.celttv.com.ar\/","sameAs":["https:\/\/www.youtube.com\/channel\/UCz_oIt8Hig64Ub-EmcNPIhg","https:\/\/www.facebook.com\/celtTV\/"],"logo":{"@type":"ImageObject","inLanguage":"es","@id":"https:\/\/www.celttv.com.ar\/#\/schema\/logo\/image\/","url":"http:\/\/www.celttv.com.ar\/wp-content\/uploads\/2022\/08\/logo-1.png","contentUrl":"http:\/\/www.celttv.com.ar\/wp-content\/uploads\/2022\/08\/logo-1.png","width":461,"height":159,"caption":"CELTTV"},"image":{"@id":"https:\/\/www.celttv.com.ar\/#\/schema\/logo\/image\/"}},{"@type":"Person","@id":"https:\/\/www.celttv.com.ar\/#\/schema\/person\/6d99c072dba59953809c81446e9d0ace","name":"ulises","image":{"@type":"ImageObject","inLanguage":"es","@id":"https:\/\/www.celttv.com.ar\/#\/schema\/person\/image\/","url":"https:\/\/secure.gravatar.com\/avatar\/7f2c48bdc33b30088f941fb6082e555f2874c98e20cb159d7b92b50eadfce793?s=96&d=mm&r=g","contentUrl":"https:\/\/secure.gravatar.com\/avatar\/7f2c48bdc33b30088f941fb6082e555f2874c98e20cb159d7b92b50eadfce793?s=96&d=mm&r=g","caption":"ulises"},"sameAs":["http:\/\/www.celttv.com.ar"]}]}},"_links":{"self":[{"href":"https:\/\/www.celttv.com.ar\/index.php\/wp-json\/wp\/v2\/posts\/10018","targetHints":{"allow":["GET"]}}],"collection":[{"href":"https:\/\/www.celttv.com.ar\/index.php\/wp-json\/wp\/v2\/posts"}],"about":[{"href":"https:\/\/www.celttv.com.ar\/index.php\/wp-json\/wp\/v2\/types\/post"}],"author":[{"embeddable":true,"href":"https:\/\/www.celttv.com.ar\/index.php\/wp-json\/wp\/v2\/users\/1"}],"replies":[{"embeddable":true,"href":"https:\/\/www.celttv.com.ar\/index.php\/wp-json\/wp\/v2\/comments?post=10018"}],"version-history":[{"count":0,"href":"https:\/\/www.celttv.com.ar\/index.php\/wp-json\/wp\/v2\/posts\/10018\/revisions"}],"wp:attachment":[{"href":"https:\/\/www.celttv.com.ar\/index.php\/wp-json\/wp\/v2\/media?parent=10018"}],"wp:term":[{"taxonomy":"category","embeddable":true,"href":"https:\/\/www.celttv.com.ar\/index.php\/wp-json\/wp\/v2\/categories?post=10018"},{"taxonomy":"post_tag","embeddable":true,"href":"https:\/\/www.celttv.com.ar\/index.php\/wp-json\/wp\/v2\/tags?post=10018"}],"curies":[{"name":"wp","href":"https:\/\/api.w.org\/{rel}","templated":true}]}}