{"id":10068,"date":"2013-02-15T12:40:14","date_gmt":"2013-02-15T12:40:14","guid":{"rendered":"http:\/\/www.tvcnoticias.com.ar\/?p=10068"},"modified":"2013-02-15T12:40:14","modified_gmt":"2013-02-15T12:40:14","slug":"ambiente-comarca-la-salud-de-los-ninos-entre-la-espada-de-los-riesgos-y-la-pared-de-la-ley","status":"publish","type":"post","link":"https:\/\/www.celttv.com.ar\/index.php\/2013\/02\/15\/ambiente-comarca-la-salud-de-los-ninos-entre-la-espada-de-los-riesgos-y-la-pared-de-la-ley\/","title":{"rendered":"AMBIENTE COMARCA: LA SALUD DE LOS NI\u00d1OS ENTRE LA ESPADA DE LOS RIESGOS Y LA PARED DE LA LEY"},"content":{"rendered":"<p><strong><em><br \/>\n<\/em><\/strong><br \/>\n<strong><em>\u201cCon este valor no tendr\u00edan que tener problemas\u201d<\/em><\/strong>, expres\u00f3, <strong><em>en tono<\/em><\/strong> <strong><em>claramente potencial,<\/em><\/strong> uno de los dos integrantes de la consultora ACG Atl\u00e1ntica Consulting Group en la ma\u00f1ana del viernes 8 de febrero de 2013, mientras exhib\u00eda el n\u00famero gris en el visor digital del artefacto con el cual estaba realizando la medici\u00f3n de Radiaciones No Ionizantes (RNI) emitidas por la antenas de telefon\u00eda de alta potencia, ubicadas en el coraz\u00f3n de las actividades diarias de los ni\u00f1os de Sierra de la Ventana, esto es, al lado del Jard\u00edn de Infantes N\u00b0 903, a escasos 50 metros de la Escuela Primaria N\u00b0 6, a otros tantos de la calesita del pueblo y frente, Avenida Roca de por medio, a la Unidad Sanitaria Dr. Emilio Aldaya, para luego agregar su compa\u00f1ero -pensamos a modo de justificativo- que <strong><em>\u201ceste aparato mide la suma de todos los tipos de radiaciones sin discriminar origen, incluyendo tambi\u00e9n a las emitidas por las emisoras de radio y las de televisi\u00f3n digital, las cuales son mucho m\u00e1s potentes que las de celular\u201d.<\/em><\/strong><br \/>\nLa pregunta es, tambi\u00e9n en potencial, <strong><em>\u00bfser\u00e1 \u00e9ste el n\u00famero de la suerte o el de la desgracia para el futuro de los ni\u00f1os?<\/em><\/strong><br \/>\nCada rama de la industria tiene su n\u00famero de la suerte. Se han ocupado de crearlos e imponerlos cada vez que necesitaron legitimar la cantidad de t\u00f3xicos que utilizan en sus procesos de elaboraci\u00f3n de productos o de prestaci\u00f3n de servicios y que, indefectiblemente, terminan afectando la salud de los seres vivos y la calidad del ambiente. Estas magnitudes, mayoritariamente gestadas desde una ciencia no independiente, enmarcada dentro de los propios l\u00edmites de los laboratorios de los fabricantes, los cuales, protegidos por el secreto comercial, <em>\u201centregan la tarea lista\u201d<\/em> a las organizaciones gubernamentales de control que aceptan los n\u00fameros tarde\u00a0 o temprano, sin muchas preguntas por medio, v\u00edctimas o c\u00f3mplices de la presi\u00f3n empresarial.<br \/>\nLas estrellas de estos n\u00fameros m\u00e1gicos son la <strong><em>IDA <\/em><\/strong>y el <strong><em>LMR. <\/em><\/strong>La primera determina la <strong><em>ingesta diaria admitida<\/em><\/strong><em> <\/em>de un qu\u00edmico t\u00f3xico que viene dentro de un producto generalmente alimenticio, en forma de conservante, colorante, saborizante y hasta en ocasiones como el principal componente del mismo, por ejemplo <strong><em>el aspartamo, <\/em><\/strong>que posee un <strong><em>IDA<\/em><\/strong> de <strong><em>40 mg\/kg d\u00eda <\/em><\/strong><em>(en Argentina, seg\u00fan <\/em><a href=\"http:\/\/webmail.celt.com.ar\/horde\/services\/go.php?url=http%3A%2F%2Fwww.anmat.gov.ar%2FAlimentos%2FAspartamo.pdf\" target=\"_blank\" rel=\"noopener\"><em>sitio WEB ANMAT<\/em><\/a><em>)<strong>. <\/strong><\/em>El segundo elemento, el <strong><em>LMR<\/em><\/strong>, se define como el <strong><em>l\u00edmite m\u00e1ximo de residuos <\/em><\/strong>y<strong><em> <\/em><\/strong>se refiere a<em> la cantidad m\u00e1xima de residuos de determinado plaguicida sobre determinado producto agr\u00edcola permitida por la Ley. Es decir, la cantidad que no puede ser sobrepasada para que el producto pueda ser puesto en circulaci\u00f3n o comercializado.<strong> <\/strong><\/em>(<em>Seg\u00fan <\/em><a href=\"http:\/\/webmail.celt.com.ar\/horde\/services\/go.php?url=http%3A%2F%2Fwww.msal.gov.ar%2Fagroquimicos%2Fpdf%2FLMR-PLAGUICIDAS.pdf\" target=\"_blank\" rel=\"noopener\"><em>sitio web del Ministerio de Salud de la Naci\u00f3n<\/em><\/a>). Por ejemplo el <strong>LMR<\/strong> del pesticida <strong>clorpirif\u00f3s<\/strong> sobre el durazno es de 0,5 mg\/kg. (<em>Seg\u00fan <\/em><a href=\"http:\/\/webmail.celt.com.ar\/horde\/services\/go.php?url=http%3A%2F%2Fwww.senasa.gov.ar%2FArchivos%2FFile%2FFile4292-anexo-1.pdf\" target=\"_blank\" rel=\"noopener\"><em>sitio web SENASA<\/em><\/a>).<br \/>\nEn el \u00e1mbito de las radiaciones no ionizantes (RNI), tambi\u00e9n existen par\u00e1metros estimativos que determinan la dosis de electromagnetismo al cual puede estar expuesto un ser vivo sin que, supuestamente, se le produzcan da\u00f1os a la salud. Los l\u00edmites de exposici\u00f3n son especificados en <strong><em>niveles de campo el\u00e9ctrico<\/em><\/strong> <strong><em>(voltios por metro &#8211; mW\/cm2)<\/em><\/strong> o en <strong><em>niveles de densidad de potencia (vatios por metro cuadrado \u2013<\/em><\/strong> <strong><em>V\/m<\/em><\/strong>) y var\u00edan en funci\u00f3n a la frecuencia que emite la antena.<br \/>\nTantos estos valores, como otros de las dem\u00e1s industrias que, repito, justifican el contacto, ingesti\u00f3n, absorci\u00f3n, exposici\u00f3n, etc., de sustancias da\u00f1inas, son determinados en exclusivos \u00e1mbitos de laboratorios que los alejan de ser representativos de la vida, la que nos expone constantemente a nuevas y diversas situaciones no contempladas por los estudios, las que f\u00e1cilmente, por el solo hecho del accionar silencioso de la naturaleza, pueden modificar los patrones establecidos y convertir una sustancia antes inocua en una t\u00f3xica.<br \/>\n<em>\u201cEspecialmente grave parece el problema de que las investigaciones<\/em> <em>que parten \u00fanicamente de sustancias nocivas individuales <strong>jam\u00e1s <\/strong>pueden averiguar la concentraci\u00f3n de sustancias nocivas <strong>en el ser humano. <\/strong>Lo que puede ser <strong>no peligroso <\/strong>en relaci\u00f3n a un producto individual, tal vez sea extremadamente peligroso en el <strong>recept\u00e1culo del consumidor final <\/strong>en que se ha convertido el ser humano en el estadio avanzado de la comercializaci\u00f3n total.\u201d<\/em><a name=\"13cdd85c34657397__ftnref1\" target=\"_blank\" rel=\"noopener\">[1]<\/a><br \/>\nPara comprender mejor esta situaci\u00f3n podr\u00edamos imaginar que cada ni\u00f1o del Jard\u00edn de Infantes N\u00b0 903 y de la Escuela Primaria N\u00b0 6 de Sierra de la Ventana deber\u00eda, para no sufrir da\u00f1os a su salud, recibir por un determinado lapso de tiempo diario la radiaci\u00f3n no ionizante medida en la zona cercana, por supuesto, dosis enmarcada dentro de los <em>estrictos<\/em> l\u00edmites legales y luego, inmediatamente, sus padres deber\u00edan aislarlo en un lugar tal que sus tejidos vivos, especialmente los cerebrales, no recibieran ni un vatio m\u00e1s de energ\u00eda electromagn\u00e9tica, tanto la generada en forma natural por la propia naturaleza, como la emitida por la innumerable y desconocida cantidad de artefactos el\u00e9ctricos que lo rodean. Y al d\u00eda siguiente, y al otro, y por siempre, volver a cumplir la rutina, para no exceder los l\u00edmites de absorci\u00f3n m\u00e1ximos de RNI y permanecer sano.<br \/>\n\u00a0Es indudable que esto es imposible y la situaci\u00f3n puede aplicarse como ejemplo para cualquier otra sustancia t\u00f3xica que se encuentre libre en el medio ambiente, en los alimentos, en el aire, en el agua y en la tierra, y que llega directa e indirectamente a los seres vivos, da\u00f1ando en ocasiones en forma aguda y en otras tantas <strong>ACUMUL\u00c1NDOSE<\/strong> en los <strong>TEJIDOS y \u00d3RGANOS<\/strong> del cuerpo, generando la aparici\u00f3n de enfermedades con el paso del tiempo, desnudando de esta forma la <strong><em>fragilidad<\/em> <\/strong>del sistema con el cual se <strong><em>protege<\/em><\/strong><em> <\/em>a la poblaci\u00f3n ante la exposici\u00f3n a elementos t\u00f3xicos resultantes de los procesos de la industria.<br \/>\n<em>\u201cHay una cosa que los <strong>magos de los \u00edndices l\u00edmites<\/strong> parecen obstinarse en ignorar: <strong>LOS NI\u00d1OS NO SON PEQUE\u00d1OS ADULTOS. <\/strong>[\u2026] Esto se debe al hecho de que sus cuerpos a\u00fan se encuentran en desarrollo y que los sistemas de se\u00f1ales qu\u00edmicas utilizados para tal fin son susceptibles de ser perturbados cuando se ven sometidos a toxinas ambientales.<a name=\"13cdd85c34657397__ftnref2\" target=\"_blank\" rel=\"noopener\"><strong>[2]<\/strong><\/a><\/em><br \/>\nPero el panorama conveniente para las industrias y espec\u00edficamente en este caso, para las empresas de telefon\u00eda celular propietarias de estas antenas emisoras de Radiaciones No Ionizantes de alta potencia no termina aqu\u00ed, en esta especie de ruleta en la que los n\u00fameros, aparte de ser de su autor\u00eda, m\u00e1gicamente tambi\u00e9n son los que siempre salen favorecidos.<br \/>\nLa suerte empresarial adquiere su m\u00e1xima expresi\u00f3n cuando observamos que los organismos gubernamentales que deben controlar que las actividad que llevan adelante las industrias no afectan la salud de los seres vivos y la calidad del medio ambiente, acuden a terceros para hacerlo, los cuales, como es este caso, tienen v\u00ednculos comerciales muy intensos con la propia actividad que est\u00e1n supervisando. Este fen\u00f3meno de <strong><em><span style=\"text-decoration: underline;\">conflictos de intereses<\/span><\/em><\/strong> se conoce como el de las <strong><em>puertas giratorias<\/em><\/strong> y es muy simple de entender: <strong><em>el mismo que legalmente debe cuidarte es el que tambi\u00e9n legalmente posibilita que se produzca el da\u00f1o.<\/em><\/strong><br \/>\nLa consultora ACG Atl\u00e1ntica Consulting Group, tal como ellos mismos publicitan en su <a href=\"http:\/\/webmail.celt.com.ar\/horde\/services\/go.php?url=http%3A%2F%2Fwww.acgconsultora.com.ar%2F\" target=\"_blank\" rel=\"noopener\"><em>p\u00e1gina web<\/em><\/a><em>,<\/em> se describen como \u201c<strong><em>\u2026PROVEEDORES DE EMPRESAS L\u00cdDERES del mercado de las telecomunicaciones, desarrollando tareas de servicios, gesti\u00f3n y autorizaci\u00f3n de sitios de telecomunicaciones, realizaci\u00f3n de planos de obra, Medici\u00f3n, Estudios de Impacto Ambiental (EsIA), Informes de Medici\u00f3n de RNI y gestiones ante Organismos Nacionales, Provinciales y Municipales.\u2026\u201d, <\/em><\/strong>pero tambi\u00e9n se anuncian como <strong><em>\u2026\u201dintegrantes de la\u00a0 COMISION ASESORA DE RADIACIONES NO IONIZANTES\u00a0 prevista por el art. 18 de la Resoluci\u00f3n 144\/07,\u00a0\u00a0 convocada por la Direcci\u00f3n Provincial de Evaluaci\u00f3n de Impacto Ambiental\u00a0 del OPDS\u00a0 con motivo de la creaci\u00f3n y puesta en funcionamiento de dicha Comisi\u00f3n. Se contin\u00faa participando activamente en proyectos, asesoramientos y control de\u00a0 las radiaciones no ionizantes y su gesti\u00f3n ambiental.\u201d<\/em><\/strong><br \/>\nEn su cartera de clientes aparecen, entre otros, nombres de compa\u00f1\u00edas de telefon\u00eda celular como ser <strong><em>Telef\u00f3nica de Argentina S.A, Telef\u00f3nica M\u00f3viles Argentina S.A. \u2013MOVISTAR- y Telecom Argentina S.A. Personal, <\/em><\/strong>las mismas empresas a las que estuvo controlando, por supuesto sin hallar problema alguno, a pedido, suponemos, de la Municipalidad de Tornquist.<br \/>\nSr. lector, \u00bfUsted se imagina a la consultora ACG Atl\u00e1ntica Consulting Group emitiendo un informe no favorable en cuestiones ambientales hacia algunas de las empresas con las cuales mantiene fuertes v\u00ednculos comerciales?<br \/>\nTambi\u00e9n lo invitamos a preguntarse \u00bfporqu\u00e9 nuestro municipio no tom\u00f3 como referencia el <a href=\"http:\/\/webmail.celt.com.ar\/horde\/services\/go.php?url=https%3A%2F%2Fsites.google.com%2Fsite%2Fongambientecomarca%2F830_06_2010utn_mata_EstudioLocalizaci%25C3%25B3nantenasSierradelaVentana.pdf%3Fattredirects%3D0%26d%3D1\" target=\"_blank\" rel=\"noopener\"><em>informe<\/em><\/a> elaborado en el a\u00f1o 2010 por el Ing. N\u00e9stor Hugo Mata de la Universidad Tecnol\u00f3gica Nacional de Bah\u00eda Blanca? Este estudio, contratado por el mismo municipio, mostraba claramente la necesidad de reubicar las antenas en una torre comunitaria fuera de la zona urbana para proteger la salud de la poblaci\u00f3n, especialmente los ni\u00f1os, los cuales son m\u00e1s vulnerables ante este tipo de contaminaci\u00f3n, afirmando que \u201c\u2026<em><strong>l<\/strong><\/em><strong><em>a absorci\u00f3n de energ\u00eda electromagn\u00e9tica por parte de la corteza cerebral de los ni\u00f1os es m\u00e1s del doble que de la de un adulto. Esta situaci\u00f3n se agrava ya que los alumnos del jard\u00edn de infantes y de la escuela permanecen dentro del campo de irradiaci\u00f3n durante un per\u00edodo extenso de horas diarias, por lo que caen dentro de la exposici\u00f3n cr\u00f3nica\u201d.<\/em><\/strong><br \/>\n\u00bfPor qu\u00e9 motivo no es tenido en cuenta un informe independiente de un renombrado especialista del tema que expresa claramente la necesidad de trasladar las antenas a una distancia prudencial de las personas, especialmente los ni\u00f1os, para preservar su salud?<br \/>\nA la totalidad de inc\u00f3gnitas se suma la que se desprende de la sorprendente noticia aportada por el Defensor del Pueblo de la Provincia de Buenos, que inform\u00f3 en su Resoluci\u00f3n N\u00b0 64\/12 que las antenas en cuesti\u00f3n no poseen autorizaci\u00f3n alguna frente a las autoridades provinciales para su montaje y puesta en marcha, RECOMENDANDO SU REUBICACI\u00d3N. Entonces nos preguntamos: \u00bfc\u00f3mo esta situaci\u00f3n irregular se permiti\u00f3 durante tanto tiempo?, siendo esta una prueba clara de las debilidades del sistema de control que debe proteger la salud de las personas.<br \/>\nMientras las compa\u00f1\u00edas de telefon\u00eda mundial contin\u00faan financiando gran parte de las investigaciones cient\u00edficas para probar la inocuidad de las RNI, acci\u00f3n que no han logrado a\u00fan a pesar de los a\u00f1os transcurridos, la Organizaci\u00f3n Mundial de la Salud junto al Instituto Mundial de Investigaci\u00f3n del C\u00e1ncer clasific\u00f3, el 31 de mayo de 2011, a las radiaciones no ionizantes, dentro del <strong><em>GRUPO 2B, POSIBLEMENTE CANCER\u00cdGENO PARA HUMANOS<\/em><\/strong>, basados en el incremento del riesgo de desarrollar un tipo de c\u00e1ncer cerebral llamado <strong><em>GLIOMA<\/em><\/strong>, el cual se encuentra asociado a este tipo de ondas electromagn\u00e9ticas.<br \/>\nEl <strong><em>PRINCIPIO PRECAUTORIO<\/em><\/strong> es el que debe aplicarse en estas situaciones y no sabemos porque es tan dif\u00edcil de entenderlo y llevarlo a la pr\u00e1ctica por parte de nuestras autoridades. El mismo est\u00e1 expresado en la LEY NACIONAL N\u00b0 25.675 Art\u00edculo 4 \u00a0y dice:<br \/>\n<strong><em>Cuando haya peligro de da\u00f1o grave o irreversible la ausencia de informaci\u00f3n o certeza cient\u00edfica no deber\u00e1 utilizarse como raz\u00f3n para postergar la adopci\u00f3n de medidas eficaces, en funci\u00f3n de los costos, para impedir la degradaci\u00f3n del medio ambiente. <\/em><\/strong><br \/>\nTampoco sabemos cu\u00e1l fue el objetivo de la convocatoria a esta consultora para determinar las mediciones de RNI en las zonas cercanas al Jard\u00edn de Infantes N\u00b0 903 y la Escuela Primaria N\u00b0 6, \u00bfser\u00e1 el primer paso para tramitar la habilitaci\u00f3n de la infraestructura? \u00bfO solo ser\u00e1 un simple acto administrativo burocr\u00e1tico para deslindar responsabilidades? No lo sabemos.<br \/>\nLo que s\u00ed sabemos es que es necesario en forma inmediata comenzar las acciones para reubicar las antenas de telefon\u00eda de alta potencia a una zona alejada de la poblaci\u00f3n, especialmente de los ni\u00f1os, en una torre comunitaria que aloje <strong><em>TODAS<\/em><\/strong> las fuentes emisoras de radiaci\u00f3n no ionizante.<br \/>\nSi este trabajo de control otorgado a la Consultora ACG Atl\u00e1ntica Consulting Group fue pensado para dar luz a los enigmas grises de estas actividades que inundan y afectan nuestro medio ambiente, se nos viene a la mente el viejo refr\u00e1n que dice: <strong><em>mejor no aclares que oscurece.<\/em><\/strong><br \/>\nONG Ambiente Comarca.<\/p>\n","protected":false},"excerpt":{"rendered":"<p>\u201cCon este valor no tendr\u00edan que tener problemas\u201d, expres\u00f3, en tono claramente potencial, uno de los dos integrantes de la consultora ACG Atl\u00e1ntica Consulting Group en la ma\u00f1ana del viernes 8 de febrero de 2013, mientras exhib\u00eda el n\u00famero gris en el visor digital del artefacto con el cual estaba realizando la medici\u00f3n de Radiaciones [&hellip;]<\/p>\n","protected":false},"author":1,"featured_media":0,"comment_status":"closed","ping_status":"open","sticky":false,"template":"","format":"standard","meta":{"footnotes":""},"categories":[51,52],"tags":[],"class_list":["post-10068","post","type-post","status-publish","format-standard","hentry","category-comunidad","category-destacadas"],"yoast_head":"<!-- This site is optimized with the Yoast SEO plugin v19.7.1 - https:\/\/yoast.com\/wordpress\/plugins\/seo\/ -->\n<title>AMBIENTE COMARCA: LA SALUD DE LOS NI\u00d1OS ENTRE LA ESPADA DE LOS RIESGOS Y LA PARED DE LA LEY - CELTTV<\/title>\n<meta name=\"description\" content=\"Sitio web de noticias de la localidad de Tornquist, provincia de Buenos Aires, Rep\u00fablica Argentina. Contenido propio originado por periodistas de CELTTV, el canal de TV local de la Cooperativa El\u00e9ctrica de Tornquist. Turismo, Pol\u00edtica, Sociedad, Deporte, Cultura y todo el contenido de inter\u00e9s general que la gente del pueblo y la regi\u00f3n debe conocer.\" \/>\n<meta name=\"robots\" content=\"index, follow, max-snippet:-1, max-image-preview:large, max-video-preview:-1\" \/>\n<link rel=\"canonical\" href=\"https:\/\/www.celttv.com.ar\/index.php\/2013\/02\/15\/ambiente-comarca-la-salud-de-los-ninos-entre-la-espada-de-los-riesgos-y-la-pared-de-la-ley\/\" \/>\n<meta property=\"og:locale\" content=\"es_ES\" \/>\n<meta property=\"og:type\" content=\"article\" \/>\n<meta property=\"og:title\" content=\"AMBIENTE COMARCA: LA SALUD DE LOS NI\u00d1OS ENTRE LA ESPADA DE LOS RIESGOS Y LA PARED DE LA LEY - CELTTV\" \/>\n<meta property=\"og:description\" content=\"Sitio web de noticias de la localidad de Tornquist, provincia de Buenos Aires, Rep\u00fablica Argentina. Contenido propio originado por periodistas de CELTTV, el canal de TV local de la Cooperativa El\u00e9ctrica de Tornquist. Turismo, Pol\u00edtica, Sociedad, Deporte, Cultura y todo el contenido de inter\u00e9s general que la gente del pueblo y la regi\u00f3n debe conocer.\" \/>\n<meta property=\"og:url\" content=\"https:\/\/www.celttv.com.ar\/index.php\/2013\/02\/15\/ambiente-comarca-la-salud-de-los-ninos-entre-la-espada-de-los-riesgos-y-la-pared-de-la-ley\/\" \/>\n<meta property=\"og:site_name\" content=\"CELTTV\" \/>\n<meta property=\"article:publisher\" content=\"https:\/\/www.facebook.com\/celtTV\/\" \/>\n<meta property=\"article:published_time\" content=\"2013-02-15T12:40:14+00:00\" \/>\n<meta name=\"author\" content=\"ulises\" \/>\n<meta name=\"twitter:card\" content=\"summary_large_image\" \/>\n<meta name=\"twitter:label1\" content=\"Escrito por\" \/>\n\t<meta name=\"twitter:data1\" content=\"ulises\" \/>\n\t<meta name=\"twitter:label2\" content=\"Tiempo de lectura\" \/>\n\t<meta name=\"twitter:data2\" content=\"11 minutos\" \/>\n<script type=\"application\/ld+json\" class=\"yoast-schema-graph\">{\"@context\":\"https:\/\/schema.org\",\"@graph\":[{\"@type\":\"NewsArticle\",\"@id\":\"https:\/\/www.celttv.com.ar\/index.php\/2013\/02\/15\/ambiente-comarca-la-salud-de-los-ninos-entre-la-espada-de-los-riesgos-y-la-pared-de-la-ley\/#article\",\"isPartOf\":{\"@id\":\"https:\/\/www.celttv.com.ar\/index.php\/2013\/02\/15\/ambiente-comarca-la-salud-de-los-ninos-entre-la-espada-de-los-riesgos-y-la-pared-de-la-ley\/\"},\"author\":{\"name\":\"ulises\",\"@id\":\"https:\/\/www.celttv.com.ar\/#\/schema\/person\/6d99c072dba59953809c81446e9d0ace\"},\"headline\":\"AMBIENTE COMARCA: LA SALUD DE LOS NI\u00d1OS ENTRE LA ESPADA DE LOS RIESGOS Y LA PARED DE LA LEY\",\"datePublished\":\"2013-02-15T12:40:14+00:00\",\"dateModified\":\"2013-02-15T12:40:14+00:00\",\"mainEntityOfPage\":{\"@id\":\"https:\/\/www.celttv.com.ar\/index.php\/2013\/02\/15\/ambiente-comarca-la-salud-de-los-ninos-entre-la-espada-de-los-riesgos-y-la-pared-de-la-ley\/\"},\"wordCount\":2158,\"publisher\":{\"@id\":\"https:\/\/www.celttv.com.ar\/#organization\"},\"articleSection\":[\"Comunidad\",\"Destacadas\"],\"inLanguage\":\"es\"},{\"@type\":\"WebPage\",\"@id\":\"https:\/\/www.celttv.com.ar\/index.php\/2013\/02\/15\/ambiente-comarca-la-salud-de-los-ninos-entre-la-espada-de-los-riesgos-y-la-pared-de-la-ley\/\",\"url\":\"https:\/\/www.celttv.com.ar\/index.php\/2013\/02\/15\/ambiente-comarca-la-salud-de-los-ninos-entre-la-espada-de-los-riesgos-y-la-pared-de-la-ley\/\",\"name\":\"AMBIENTE COMARCA: LA SALUD DE LOS NI\u00d1OS ENTRE LA ESPADA DE LOS RIESGOS Y LA PARED DE LA LEY - CELTTV\",\"isPartOf\":{\"@id\":\"https:\/\/www.celttv.com.ar\/#website\"},\"datePublished\":\"2013-02-15T12:40:14+00:00\",\"dateModified\":\"2013-02-15T12:40:14+00:00\",\"description\":\"Sitio web de noticias de la localidad de Tornquist, provincia de Buenos Aires, Rep\u00fablica Argentina. Contenido propio originado por periodistas de CELTTV, el canal de TV local de la Cooperativa El\u00e9ctrica de Tornquist. Turismo, Pol\u00edtica, Sociedad, Deporte, Cultura y todo el contenido de inter\u00e9s general que la gente del pueblo y la regi\u00f3n debe conocer.\",\"breadcrumb\":{\"@id\":\"https:\/\/www.celttv.com.ar\/index.php\/2013\/02\/15\/ambiente-comarca-la-salud-de-los-ninos-entre-la-espada-de-los-riesgos-y-la-pared-de-la-ley\/#breadcrumb\"},\"inLanguage\":\"es\",\"potentialAction\":[{\"@type\":\"ReadAction\",\"target\":[\"https:\/\/www.celttv.com.ar\/index.php\/2013\/02\/15\/ambiente-comarca-la-salud-de-los-ninos-entre-la-espada-de-los-riesgos-y-la-pared-de-la-ley\/\"]}]},{\"@type\":\"BreadcrumbList\",\"@id\":\"https:\/\/www.celttv.com.ar\/index.php\/2013\/02\/15\/ambiente-comarca-la-salud-de-los-ninos-entre-la-espada-de-los-riesgos-y-la-pared-de-la-ley\/#breadcrumb\",\"itemListElement\":[{\"@type\":\"ListItem\",\"position\":1,\"name\":\"Inicio\",\"item\":\"https:\/\/www.celttv.com.ar\/\"},{\"@type\":\"ListItem\",\"position\":2,\"name\":\"AMBIENTE COMARCA: LA SALUD DE LOS NI\u00d1OS ENTRE LA ESPADA DE LOS RIESGOS Y LA PARED DE LA LEY\"}]},{\"@type\":\"WebSite\",\"@id\":\"https:\/\/www.celttv.com.ar\/#website\",\"url\":\"https:\/\/www.celttv.com.ar\/\",\"name\":\"CELTTV\",\"description\":\"Cooperativa El\u00e9ctrica de Tornquist\",\"publisher\":{\"@id\":\"https:\/\/www.celttv.com.ar\/#organization\"},\"potentialAction\":[{\"@type\":\"SearchAction\",\"target\":{\"@type\":\"EntryPoint\",\"urlTemplate\":\"https:\/\/www.celttv.com.ar\/?s={search_term_string}\"},\"query-input\":\"required name=search_term_string\"}],\"inLanguage\":\"es\"},{\"@type\":\"Organization\",\"@id\":\"https:\/\/www.celttv.com.ar\/#organization\",\"name\":\"CELTTV\",\"url\":\"https:\/\/www.celttv.com.ar\/\",\"sameAs\":[\"https:\/\/www.youtube.com\/channel\/UCz_oIt8Hig64Ub-EmcNPIhg\",\"https:\/\/www.facebook.com\/celtTV\/\"],\"logo\":{\"@type\":\"ImageObject\",\"inLanguage\":\"es\",\"@id\":\"https:\/\/www.celttv.com.ar\/#\/schema\/logo\/image\/\",\"url\":\"http:\/\/www.celttv.com.ar\/wp-content\/uploads\/2022\/08\/logo-1.png\",\"contentUrl\":\"http:\/\/www.celttv.com.ar\/wp-content\/uploads\/2022\/08\/logo-1.png\",\"width\":461,\"height\":159,\"caption\":\"CELTTV\"},\"image\":{\"@id\":\"https:\/\/www.celttv.com.ar\/#\/schema\/logo\/image\/\"}},{\"@type\":\"Person\",\"@id\":\"https:\/\/www.celttv.com.ar\/#\/schema\/person\/6d99c072dba59953809c81446e9d0ace\",\"name\":\"ulises\",\"image\":{\"@type\":\"ImageObject\",\"inLanguage\":\"es\",\"@id\":\"https:\/\/www.celttv.com.ar\/#\/schema\/person\/image\/\",\"url\":\"https:\/\/secure.gravatar.com\/avatar\/7f2c48bdc33b30088f941fb6082e555f2874c98e20cb159d7b92b50eadfce793?s=96&d=mm&r=g\",\"contentUrl\":\"https:\/\/secure.gravatar.com\/avatar\/7f2c48bdc33b30088f941fb6082e555f2874c98e20cb159d7b92b50eadfce793?s=96&d=mm&r=g\",\"caption\":\"ulises\"},\"sameAs\":[\"http:\/\/www.celttv.com.ar\"]}]}<\/script>\n<!-- \/ Yoast SEO plugin. -->","yoast_head_json":{"title":"AMBIENTE COMARCA: LA SALUD DE LOS NI\u00d1OS ENTRE LA ESPADA DE LOS RIESGOS Y LA PARED DE LA LEY - CELTTV","description":"Sitio web de noticias de la localidad de Tornquist, provincia de Buenos Aires, Rep\u00fablica Argentina. Contenido propio originado por periodistas de CELTTV, el canal de TV local de la Cooperativa El\u00e9ctrica de Tornquist. Turismo, Pol\u00edtica, Sociedad, Deporte, Cultura y todo el contenido de inter\u00e9s general que la gente del pueblo y la regi\u00f3n debe conocer.","robots":{"index":"index","follow":"follow","max-snippet":"max-snippet:-1","max-image-preview":"max-image-preview:large","max-video-preview":"max-video-preview:-1"},"canonical":"https:\/\/www.celttv.com.ar\/index.php\/2013\/02\/15\/ambiente-comarca-la-salud-de-los-ninos-entre-la-espada-de-los-riesgos-y-la-pared-de-la-ley\/","og_locale":"es_ES","og_type":"article","og_title":"AMBIENTE COMARCA: LA SALUD DE LOS NI\u00d1OS ENTRE LA ESPADA DE LOS RIESGOS Y LA PARED DE LA LEY - CELTTV","og_description":"Sitio web de noticias de la localidad de Tornquist, provincia de Buenos Aires, Rep\u00fablica Argentina. Contenido propio originado por periodistas de CELTTV, el canal de TV local de la Cooperativa El\u00e9ctrica de Tornquist. Turismo, Pol\u00edtica, Sociedad, Deporte, Cultura y todo el contenido de inter\u00e9s general que la gente del pueblo y la regi\u00f3n debe conocer.","og_url":"https:\/\/www.celttv.com.ar\/index.php\/2013\/02\/15\/ambiente-comarca-la-salud-de-los-ninos-entre-la-espada-de-los-riesgos-y-la-pared-de-la-ley\/","og_site_name":"CELTTV","article_publisher":"https:\/\/www.facebook.com\/celtTV\/","article_published_time":"2013-02-15T12:40:14+00:00","author":"ulises","twitter_card":"summary_large_image","twitter_misc":{"Escrito por":"ulises","Tiempo de lectura":"11 minutos"},"schema":{"@context":"https:\/\/schema.org","@graph":[{"@type":"NewsArticle","@id":"https:\/\/www.celttv.com.ar\/index.php\/2013\/02\/15\/ambiente-comarca-la-salud-de-los-ninos-entre-la-espada-de-los-riesgos-y-la-pared-de-la-ley\/#article","isPartOf":{"@id":"https:\/\/www.celttv.com.ar\/index.php\/2013\/02\/15\/ambiente-comarca-la-salud-de-los-ninos-entre-la-espada-de-los-riesgos-y-la-pared-de-la-ley\/"},"author":{"name":"ulises","@id":"https:\/\/www.celttv.com.ar\/#\/schema\/person\/6d99c072dba59953809c81446e9d0ace"},"headline":"AMBIENTE COMARCA: LA SALUD DE LOS NI\u00d1OS ENTRE LA ESPADA DE LOS RIESGOS Y LA PARED DE LA LEY","datePublished":"2013-02-15T12:40:14+00:00","dateModified":"2013-02-15T12:40:14+00:00","mainEntityOfPage":{"@id":"https:\/\/www.celttv.com.ar\/index.php\/2013\/02\/15\/ambiente-comarca-la-salud-de-los-ninos-entre-la-espada-de-los-riesgos-y-la-pared-de-la-ley\/"},"wordCount":2158,"publisher":{"@id":"https:\/\/www.celttv.com.ar\/#organization"},"articleSection":["Comunidad","Destacadas"],"inLanguage":"es"},{"@type":"WebPage","@id":"https:\/\/www.celttv.com.ar\/index.php\/2013\/02\/15\/ambiente-comarca-la-salud-de-los-ninos-entre-la-espada-de-los-riesgos-y-la-pared-de-la-ley\/","url":"https:\/\/www.celttv.com.ar\/index.php\/2013\/02\/15\/ambiente-comarca-la-salud-de-los-ninos-entre-la-espada-de-los-riesgos-y-la-pared-de-la-ley\/","name":"AMBIENTE COMARCA: LA SALUD DE LOS NI\u00d1OS ENTRE LA ESPADA DE LOS RIESGOS Y LA PARED DE LA LEY - CELTTV","isPartOf":{"@id":"https:\/\/www.celttv.com.ar\/#website"},"datePublished":"2013-02-15T12:40:14+00:00","dateModified":"2013-02-15T12:40:14+00:00","description":"Sitio web de noticias de la localidad de Tornquist, provincia de Buenos Aires, Rep\u00fablica Argentina. Contenido propio originado por periodistas de CELTTV, el canal de TV local de la Cooperativa El\u00e9ctrica de Tornquist. Turismo, Pol\u00edtica, Sociedad, Deporte, Cultura y todo el contenido de inter\u00e9s general que la gente del pueblo y la regi\u00f3n debe conocer.","breadcrumb":{"@id":"https:\/\/www.celttv.com.ar\/index.php\/2013\/02\/15\/ambiente-comarca-la-salud-de-los-ninos-entre-la-espada-de-los-riesgos-y-la-pared-de-la-ley\/#breadcrumb"},"inLanguage":"es","potentialAction":[{"@type":"ReadAction","target":["https:\/\/www.celttv.com.ar\/index.php\/2013\/02\/15\/ambiente-comarca-la-salud-de-los-ninos-entre-la-espada-de-los-riesgos-y-la-pared-de-la-ley\/"]}]},{"@type":"BreadcrumbList","@id":"https:\/\/www.celttv.com.ar\/index.php\/2013\/02\/15\/ambiente-comarca-la-salud-de-los-ninos-entre-la-espada-de-los-riesgos-y-la-pared-de-la-ley\/#breadcrumb","itemListElement":[{"@type":"ListItem","position":1,"name":"Inicio","item":"https:\/\/www.celttv.com.ar\/"},{"@type":"ListItem","position":2,"name":"AMBIENTE COMARCA: LA SALUD DE LOS NI\u00d1OS ENTRE LA ESPADA DE LOS RIESGOS Y LA PARED DE LA LEY"}]},{"@type":"WebSite","@id":"https:\/\/www.celttv.com.ar\/#website","url":"https:\/\/www.celttv.com.ar\/","name":"CELTTV","description":"Cooperativa El\u00e9ctrica de Tornquist","publisher":{"@id":"https:\/\/www.celttv.com.ar\/#organization"},"potentialAction":[{"@type":"SearchAction","target":{"@type":"EntryPoint","urlTemplate":"https:\/\/www.celttv.com.ar\/?s={search_term_string}"},"query-input":"required name=search_term_string"}],"inLanguage":"es"},{"@type":"Organization","@id":"https:\/\/www.celttv.com.ar\/#organization","name":"CELTTV","url":"https:\/\/www.celttv.com.ar\/","sameAs":["https:\/\/www.youtube.com\/channel\/UCz_oIt8Hig64Ub-EmcNPIhg","https:\/\/www.facebook.com\/celtTV\/"],"logo":{"@type":"ImageObject","inLanguage":"es","@id":"https:\/\/www.celttv.com.ar\/#\/schema\/logo\/image\/","url":"http:\/\/www.celttv.com.ar\/wp-content\/uploads\/2022\/08\/logo-1.png","contentUrl":"http:\/\/www.celttv.com.ar\/wp-content\/uploads\/2022\/08\/logo-1.png","width":461,"height":159,"caption":"CELTTV"},"image":{"@id":"https:\/\/www.celttv.com.ar\/#\/schema\/logo\/image\/"}},{"@type":"Person","@id":"https:\/\/www.celttv.com.ar\/#\/schema\/person\/6d99c072dba59953809c81446e9d0ace","name":"ulises","image":{"@type":"ImageObject","inLanguage":"es","@id":"https:\/\/www.celttv.com.ar\/#\/schema\/person\/image\/","url":"https:\/\/secure.gravatar.com\/avatar\/7f2c48bdc33b30088f941fb6082e555f2874c98e20cb159d7b92b50eadfce793?s=96&d=mm&r=g","contentUrl":"https:\/\/secure.gravatar.com\/avatar\/7f2c48bdc33b30088f941fb6082e555f2874c98e20cb159d7b92b50eadfce793?s=96&d=mm&r=g","caption":"ulises"},"sameAs":["http:\/\/www.celttv.com.ar"]}]}},"_links":{"self":[{"href":"https:\/\/www.celttv.com.ar\/index.php\/wp-json\/wp\/v2\/posts\/10068","targetHints":{"allow":["GET"]}}],"collection":[{"href":"https:\/\/www.celttv.com.ar\/index.php\/wp-json\/wp\/v2\/posts"}],"about":[{"href":"https:\/\/www.celttv.com.ar\/index.php\/wp-json\/wp\/v2\/types\/post"}],"author":[{"embeddable":true,"href":"https:\/\/www.celttv.com.ar\/index.php\/wp-json\/wp\/v2\/users\/1"}],"replies":[{"embeddable":true,"href":"https:\/\/www.celttv.com.ar\/index.php\/wp-json\/wp\/v2\/comments?post=10068"}],"version-history":[{"count":0,"href":"https:\/\/www.celttv.com.ar\/index.php\/wp-json\/wp\/v2\/posts\/10068\/revisions"}],"wp:attachment":[{"href":"https:\/\/www.celttv.com.ar\/index.php\/wp-json\/wp\/v2\/media?parent=10068"}],"wp:term":[{"taxonomy":"category","embeddable":true,"href":"https:\/\/www.celttv.com.ar\/index.php\/wp-json\/wp\/v2\/categories?post=10068"},{"taxonomy":"post_tag","embeddable":true,"href":"https:\/\/www.celttv.com.ar\/index.php\/wp-json\/wp\/v2\/tags?post=10068"}],"curies":[{"name":"wp","href":"https:\/\/api.w.org\/{rel}","templated":true}]}}