{"id":10100,"date":"2013-02-15T22:46:01","date_gmt":"2013-02-15T22:46:01","guid":{"rendered":"http:\/\/www.tvcnoticias.com.ar\/?p=10100"},"modified":"2013-02-15T22:46:01","modified_gmt":"2013-02-15T22:46:01","slug":"escuela-secundaria-tecnica-habra-importantes-reuniones-la-semana-proxima-notas-con-horacio-killig-ana-maria-skolak-y-dina-balma","status":"publish","type":"post","link":"https:\/\/www.celttv.com.ar\/index.php\/2013\/02\/15\/escuela-secundaria-tecnica-habra-importantes-reuniones-la-semana-proxima-notas-con-horacio-killig-ana-maria-skolak-y-dina-balma\/","title":{"rendered":"ESCUELA SECUNDARIA TECNICA: HABRA IMPORTANTES REUNIONES LA SEMANA PROXIMA (notas con Horacio Killig, Ana Mar\u00eda Skolak y Dina Balma)"},"content":{"rendered":"<p><a href=\"http:\/\/www.youtube.com\/watch?v=eaPhZOgOUgw\">httpv:\/\/www.youtube.com\/watch?v=eaPhZOgOUgw<\/a><br \/>\n<a href=\"http:\/\/www.youtube.com\/watch?v=pqkoB0xbf9k\">httpv:\/\/www.youtube.com\/watch?v=pqkoB0xbf9k<\/a><br \/>\n<a>httpv:\/\/www.youtube.com\/watch?v=uiwjoNKnfYI<\/a><br \/>\nSe ultiman los detalles para el inicio del primer ciclo lectivo de la Escuela Secundaria T\u00e9cnica de Tornquist. El Inspector de Educaci\u00f3n T\u00e9cnica Horacio Killig brinda detalles sobre la importancia de poder brindar esta herramienta educativa a la gente del distrito e incluso localidades vecinas.<br \/>\nTambi\u00e9n se refieren a la Escuela Secundaria T\u00e9cnica la Inspectora Jefe Ana Skolak y la inspectora regional Dina Balma.<\/p>\n","protected":false},"excerpt":{"rendered":"<p>httpv:\/\/www.youtube.com\/watch?v=eaPhZOgOUgw httpv:\/\/www.youtube.com\/watch?v=pqkoB0xbf9k httpv:\/\/www.youtube.com\/watch?v=uiwjoNKnfYI Se ultiman los detalles para el inicio del primer ciclo lectivo de la Escuela Secundaria T\u00e9cnica de Tornquist. El Inspector de Educaci\u00f3n T\u00e9cnica Horacio Killig brinda detalles sobre la importancia de poder brindar esta herramienta educativa a la gente del distrito e incluso localidades vecinas. Tambi\u00e9n se refieren a la Escuela Secundaria [&hellip;]<\/p>\n","protected":false},"author":1,"featured_media":0,"comment_status":"closed","ping_status":"open","sticky":false,"template":"","format":"standard","meta":{"footnotes":""},"categories":[51,52,53,64],"tags":[],"class_list":["post-10100","post","type-post","status-publish","format-standard","hentry","category-comunidad","category-destacadas","category-politica","category-videos-destacados"],"yoast_head":"<!-- This site is optimized with the Yoast SEO plugin v19.7.1 - https:\/\/yoast.com\/wordpress\/plugins\/seo\/ -->\n<title>ESCUELA SECUNDARIA TECNICA: HABRA IMPORTANTES REUNIONES LA SEMANA PROXIMA (notas con Horacio Killig, Ana Mar\u00eda Skolak y Dina Balma) - CELTTV<\/title>\n<meta name=\"description\" content=\"Sitio web de noticias de la localidad de Tornquist, provincia de Buenos Aires, Rep\u00fablica Argentina. Contenido propio originado por periodistas de CELTTV, el canal de TV local de la Cooperativa El\u00e9ctrica de Tornquist. Turismo, Pol\u00edtica, Sociedad, Deporte, Cultura y todo el contenido de inter\u00e9s general que la gente del pueblo y la regi\u00f3n debe conocer.\" \/>\n<meta name=\"robots\" content=\"index, follow, max-snippet:-1, max-image-preview:large, max-video-preview:-1\" \/>\n<link rel=\"canonical\" href=\"https:\/\/www.celttv.com.ar\/index.php\/2013\/02\/15\/escuela-secundaria-tecnica-habra-importantes-reuniones-la-semana-proxima-notas-con-horacio-killig-ana-maria-skolak-y-dina-balma\/\" \/>\n<meta property=\"og:locale\" content=\"es_ES\" \/>\n<meta property=\"og:type\" content=\"article\" \/>\n<meta property=\"og:title\" content=\"ESCUELA SECUNDARIA TECNICA: HABRA IMPORTANTES REUNIONES LA SEMANA PROXIMA (notas con Horacio Killig, Ana Mar\u00eda Skolak y Dina Balma) - CELTTV\" \/>\n<meta property=\"og:description\" content=\"Sitio web de noticias de la localidad de Tornquist, provincia de Buenos Aires, Rep\u00fablica Argentina. Contenido propio originado por periodistas de CELTTV, el canal de TV local de la Cooperativa El\u00e9ctrica de Tornquist. Turismo, Pol\u00edtica, Sociedad, Deporte, Cultura y todo el contenido de inter\u00e9s general que la gente del pueblo y la regi\u00f3n debe conocer.\" \/>\n<meta property=\"og:url\" content=\"https:\/\/www.celttv.com.ar\/index.php\/2013\/02\/15\/escuela-secundaria-tecnica-habra-importantes-reuniones-la-semana-proxima-notas-con-horacio-killig-ana-maria-skolak-y-dina-balma\/\" \/>\n<meta property=\"og:site_name\" content=\"CELTTV\" \/>\n<meta property=\"article:publisher\" content=\"https:\/\/www.facebook.com\/celtTV\/\" \/>\n<meta property=\"article:published_time\" content=\"2013-02-15T22:46:01+00:00\" \/>\n<meta name=\"author\" content=\"ulises\" \/>\n<meta name=\"twitter:card\" content=\"summary_large_image\" \/>\n<meta name=\"twitter:label1\" content=\"Escrito por\" \/>\n\t<meta name=\"twitter:data1\" content=\"ulises\" \/>\n<script type=\"application\/ld+json\" class=\"yoast-schema-graph\">{\"@context\":\"https:\/\/schema.org\",\"@graph\":[{\"@type\":\"NewsArticle\",\"@id\":\"https:\/\/www.celttv.com.ar\/index.php\/2013\/02\/15\/escuela-secundaria-tecnica-habra-importantes-reuniones-la-semana-proxima-notas-con-horacio-killig-ana-maria-skolak-y-dina-balma\/#article\",\"isPartOf\":{\"@id\":\"https:\/\/www.celttv.com.ar\/index.php\/2013\/02\/15\/escuela-secundaria-tecnica-habra-importantes-reuniones-la-semana-proxima-notas-con-horacio-killig-ana-maria-skolak-y-dina-balma\/\"},\"author\":{\"name\":\"ulises\",\"@id\":\"https:\/\/www.celttv.com.ar\/#\/schema\/person\/6d99c072dba59953809c81446e9d0ace\"},\"headline\":\"ESCUELA SECUNDARIA TECNICA: HABRA IMPORTANTES REUNIONES LA SEMANA PROXIMA (notas con Horacio Killig, Ana Mar\u00eda Skolak y Dina Balma)\",\"datePublished\":\"2013-02-15T22:46:01+00:00\",\"dateModified\":\"2013-02-15T22:46:01+00:00\",\"mainEntityOfPage\":{\"@id\":\"https:\/\/www.celttv.com.ar\/index.php\/2013\/02\/15\/escuela-secundaria-tecnica-habra-importantes-reuniones-la-semana-proxima-notas-con-horacio-killig-ana-maria-skolak-y-dina-balma\/\"},\"wordCount\":112,\"publisher\":{\"@id\":\"https:\/\/www.celttv.com.ar\/#organization\"},\"articleSection\":[\"Comunidad\",\"Destacadas\",\"Pol\u00edtica\",\"Videos Destacados\"],\"inLanguage\":\"es\"},{\"@type\":\"WebPage\",\"@id\":\"https:\/\/www.celttv.com.ar\/index.php\/2013\/02\/15\/escuela-secundaria-tecnica-habra-importantes-reuniones-la-semana-proxima-notas-con-horacio-killig-ana-maria-skolak-y-dina-balma\/\",\"url\":\"https:\/\/www.celttv.com.ar\/index.php\/2013\/02\/15\/escuela-secundaria-tecnica-habra-importantes-reuniones-la-semana-proxima-notas-con-horacio-killig-ana-maria-skolak-y-dina-balma\/\",\"name\":\"ESCUELA SECUNDARIA TECNICA: HABRA IMPORTANTES REUNIONES LA SEMANA PROXIMA (notas con Horacio Killig, Ana Mar\u00eda Skolak y Dina Balma) - CELTTV\",\"isPartOf\":{\"@id\":\"https:\/\/www.celttv.com.ar\/#website\"},\"datePublished\":\"2013-02-15T22:46:01+00:00\",\"dateModified\":\"2013-02-15T22:46:01+00:00\",\"description\":\"Sitio web de noticias de la localidad de Tornquist, provincia de Buenos Aires, Rep\u00fablica Argentina. Contenido propio originado por periodistas de CELTTV, el canal de TV local de la Cooperativa El\u00e9ctrica de Tornquist. Turismo, Pol\u00edtica, Sociedad, Deporte, Cultura y todo el contenido de inter\u00e9s general que la gente del pueblo y la regi\u00f3n debe conocer.\",\"breadcrumb\":{\"@id\":\"https:\/\/www.celttv.com.ar\/index.php\/2013\/02\/15\/escuela-secundaria-tecnica-habra-importantes-reuniones-la-semana-proxima-notas-con-horacio-killig-ana-maria-skolak-y-dina-balma\/#breadcrumb\"},\"inLanguage\":\"es\",\"potentialAction\":[{\"@type\":\"ReadAction\",\"target\":[\"https:\/\/www.celttv.com.ar\/index.php\/2013\/02\/15\/escuela-secundaria-tecnica-habra-importantes-reuniones-la-semana-proxima-notas-con-horacio-killig-ana-maria-skolak-y-dina-balma\/\"]}]},{\"@type\":\"BreadcrumbList\",\"@id\":\"https:\/\/www.celttv.com.ar\/index.php\/2013\/02\/15\/escuela-secundaria-tecnica-habra-importantes-reuniones-la-semana-proxima-notas-con-horacio-killig-ana-maria-skolak-y-dina-balma\/#breadcrumb\",\"itemListElement\":[{\"@type\":\"ListItem\",\"position\":1,\"name\":\"Inicio\",\"item\":\"https:\/\/www.celttv.com.ar\/\"},{\"@type\":\"ListItem\",\"position\":2,\"name\":\"ESCUELA SECUNDARIA TECNICA: HABRA IMPORTANTES REUNIONES LA SEMANA PROXIMA (notas con Horacio Killig, Ana Mar\u00eda Skolak y Dina Balma)\"}]},{\"@type\":\"WebSite\",\"@id\":\"https:\/\/www.celttv.com.ar\/#website\",\"url\":\"https:\/\/www.celttv.com.ar\/\",\"name\":\"CELTTV\",\"description\":\"Cooperativa El\u00e9ctrica de Tornquist\",\"publisher\":{\"@id\":\"https:\/\/www.celttv.com.ar\/#organization\"},\"potentialAction\":[{\"@type\":\"SearchAction\",\"target\":{\"@type\":\"EntryPoint\",\"urlTemplate\":\"https:\/\/www.celttv.com.ar\/?s={search_term_string}\"},\"query-input\":\"required name=search_term_string\"}],\"inLanguage\":\"es\"},{\"@type\":\"Organization\",\"@id\":\"https:\/\/www.celttv.com.ar\/#organization\",\"name\":\"CELTTV\",\"url\":\"https:\/\/www.celttv.com.ar\/\",\"sameAs\":[\"https:\/\/www.youtube.com\/channel\/UCz_oIt8Hig64Ub-EmcNPIhg\",\"https:\/\/www.facebook.com\/celtTV\/\"],\"logo\":{\"@type\":\"ImageObject\",\"inLanguage\":\"es\",\"@id\":\"https:\/\/www.celttv.com.ar\/#\/schema\/logo\/image\/\",\"url\":\"http:\/\/www.celttv.com.ar\/wp-content\/uploads\/2022\/08\/logo-1.png\",\"contentUrl\":\"http:\/\/www.celttv.com.ar\/wp-content\/uploads\/2022\/08\/logo-1.png\",\"width\":461,\"height\":159,\"caption\":\"CELTTV\"},\"image\":{\"@id\":\"https:\/\/www.celttv.com.ar\/#\/schema\/logo\/image\/\"}},{\"@type\":\"Person\",\"@id\":\"https:\/\/www.celttv.com.ar\/#\/schema\/person\/6d99c072dba59953809c81446e9d0ace\",\"name\":\"ulises\",\"image\":{\"@type\":\"ImageObject\",\"inLanguage\":\"es\",\"@id\":\"https:\/\/www.celttv.com.ar\/#\/schema\/person\/image\/\",\"url\":\"https:\/\/secure.gravatar.com\/avatar\/7f2c48bdc33b30088f941fb6082e555f2874c98e20cb159d7b92b50eadfce793?s=96&d=mm&r=g\",\"contentUrl\":\"https:\/\/secure.gravatar.com\/avatar\/7f2c48bdc33b30088f941fb6082e555f2874c98e20cb159d7b92b50eadfce793?s=96&d=mm&r=g\",\"caption\":\"ulises\"},\"sameAs\":[\"http:\/\/www.celttv.com.ar\"]}]}<\/script>\n<!-- \/ Yoast SEO plugin. -->","yoast_head_json":{"title":"ESCUELA SECUNDARIA TECNICA: HABRA IMPORTANTES REUNIONES LA SEMANA PROXIMA (notas con Horacio Killig, Ana Mar\u00eda Skolak y Dina Balma) - CELTTV","description":"Sitio web de noticias de la localidad de Tornquist, provincia de Buenos Aires, Rep\u00fablica Argentina. Contenido propio originado por periodistas de CELTTV, el canal de TV local de la Cooperativa El\u00e9ctrica de Tornquist. Turismo, Pol\u00edtica, Sociedad, Deporte, Cultura y todo el contenido de inter\u00e9s general que la gente del pueblo y la regi\u00f3n debe conocer.","robots":{"index":"index","follow":"follow","max-snippet":"max-snippet:-1","max-image-preview":"max-image-preview:large","max-video-preview":"max-video-preview:-1"},"canonical":"https:\/\/www.celttv.com.ar\/index.php\/2013\/02\/15\/escuela-secundaria-tecnica-habra-importantes-reuniones-la-semana-proxima-notas-con-horacio-killig-ana-maria-skolak-y-dina-balma\/","og_locale":"es_ES","og_type":"article","og_title":"ESCUELA SECUNDARIA TECNICA: HABRA IMPORTANTES REUNIONES LA SEMANA PROXIMA (notas con Horacio Killig, Ana Mar\u00eda Skolak y Dina Balma) - CELTTV","og_description":"Sitio web de noticias de la localidad de Tornquist, provincia de Buenos Aires, Rep\u00fablica Argentina. Contenido propio originado por periodistas de CELTTV, el canal de TV local de la Cooperativa El\u00e9ctrica de Tornquist. Turismo, Pol\u00edtica, Sociedad, Deporte, Cultura y todo el contenido de inter\u00e9s general que la gente del pueblo y la regi\u00f3n debe conocer.","og_url":"https:\/\/www.celttv.com.ar\/index.php\/2013\/02\/15\/escuela-secundaria-tecnica-habra-importantes-reuniones-la-semana-proxima-notas-con-horacio-killig-ana-maria-skolak-y-dina-balma\/","og_site_name":"CELTTV","article_publisher":"https:\/\/www.facebook.com\/celtTV\/","article_published_time":"2013-02-15T22:46:01+00:00","author":"ulises","twitter_card":"summary_large_image","twitter_misc":{"Escrito por":"ulises"},"schema":{"@context":"https:\/\/schema.org","@graph":[{"@type":"NewsArticle","@id":"https:\/\/www.celttv.com.ar\/index.php\/2013\/02\/15\/escuela-secundaria-tecnica-habra-importantes-reuniones-la-semana-proxima-notas-con-horacio-killig-ana-maria-skolak-y-dina-balma\/#article","isPartOf":{"@id":"https:\/\/www.celttv.com.ar\/index.php\/2013\/02\/15\/escuela-secundaria-tecnica-habra-importantes-reuniones-la-semana-proxima-notas-con-horacio-killig-ana-maria-skolak-y-dina-balma\/"},"author":{"name":"ulises","@id":"https:\/\/www.celttv.com.ar\/#\/schema\/person\/6d99c072dba59953809c81446e9d0ace"},"headline":"ESCUELA SECUNDARIA TECNICA: HABRA IMPORTANTES REUNIONES LA SEMANA PROXIMA (notas con Horacio Killig, Ana Mar\u00eda Skolak y Dina Balma)","datePublished":"2013-02-15T22:46:01+00:00","dateModified":"2013-02-15T22:46:01+00:00","mainEntityOfPage":{"@id":"https:\/\/www.celttv.com.ar\/index.php\/2013\/02\/15\/escuela-secundaria-tecnica-habra-importantes-reuniones-la-semana-proxima-notas-con-horacio-killig-ana-maria-skolak-y-dina-balma\/"},"wordCount":112,"publisher":{"@id":"https:\/\/www.celttv.com.ar\/#organization"},"articleSection":["Comunidad","Destacadas","Pol\u00edtica","Videos Destacados"],"inLanguage":"es"},{"@type":"WebPage","@id":"https:\/\/www.celttv.com.ar\/index.php\/2013\/02\/15\/escuela-secundaria-tecnica-habra-importantes-reuniones-la-semana-proxima-notas-con-horacio-killig-ana-maria-skolak-y-dina-balma\/","url":"https:\/\/www.celttv.com.ar\/index.php\/2013\/02\/15\/escuela-secundaria-tecnica-habra-importantes-reuniones-la-semana-proxima-notas-con-horacio-killig-ana-maria-skolak-y-dina-balma\/","name":"ESCUELA SECUNDARIA TECNICA: HABRA IMPORTANTES REUNIONES LA SEMANA PROXIMA (notas con Horacio Killig, Ana Mar\u00eda Skolak y Dina Balma) - CELTTV","isPartOf":{"@id":"https:\/\/www.celttv.com.ar\/#website"},"datePublished":"2013-02-15T22:46:01+00:00","dateModified":"2013-02-15T22:46:01+00:00","description":"Sitio web de noticias de la localidad de Tornquist, provincia de Buenos Aires, Rep\u00fablica Argentina. Contenido propio originado por periodistas de CELTTV, el canal de TV local de la Cooperativa El\u00e9ctrica de Tornquist. Turismo, Pol\u00edtica, Sociedad, Deporte, Cultura y todo el contenido de inter\u00e9s general que la gente del pueblo y la regi\u00f3n debe conocer.","breadcrumb":{"@id":"https:\/\/www.celttv.com.ar\/index.php\/2013\/02\/15\/escuela-secundaria-tecnica-habra-importantes-reuniones-la-semana-proxima-notas-con-horacio-killig-ana-maria-skolak-y-dina-balma\/#breadcrumb"},"inLanguage":"es","potentialAction":[{"@type":"ReadAction","target":["https:\/\/www.celttv.com.ar\/index.php\/2013\/02\/15\/escuela-secundaria-tecnica-habra-importantes-reuniones-la-semana-proxima-notas-con-horacio-killig-ana-maria-skolak-y-dina-balma\/"]}]},{"@type":"BreadcrumbList","@id":"https:\/\/www.celttv.com.ar\/index.php\/2013\/02\/15\/escuela-secundaria-tecnica-habra-importantes-reuniones-la-semana-proxima-notas-con-horacio-killig-ana-maria-skolak-y-dina-balma\/#breadcrumb","itemListElement":[{"@type":"ListItem","position":1,"name":"Inicio","item":"https:\/\/www.celttv.com.ar\/"},{"@type":"ListItem","position":2,"name":"ESCUELA SECUNDARIA TECNICA: HABRA IMPORTANTES REUNIONES LA SEMANA PROXIMA (notas con Horacio Killig, Ana Mar\u00eda Skolak y Dina Balma)"}]},{"@type":"WebSite","@id":"https:\/\/www.celttv.com.ar\/#website","url":"https:\/\/www.celttv.com.ar\/","name":"CELTTV","description":"Cooperativa El\u00e9ctrica de Tornquist","publisher":{"@id":"https:\/\/www.celttv.com.ar\/#organization"},"potentialAction":[{"@type":"SearchAction","target":{"@type":"EntryPoint","urlTemplate":"https:\/\/www.celttv.com.ar\/?s={search_term_string}"},"query-input":"required name=search_term_string"}],"inLanguage":"es"},{"@type":"Organization","@id":"https:\/\/www.celttv.com.ar\/#organization","name":"CELTTV","url":"https:\/\/www.celttv.com.ar\/","sameAs":["https:\/\/www.youtube.com\/channel\/UCz_oIt8Hig64Ub-EmcNPIhg","https:\/\/www.facebook.com\/celtTV\/"],"logo":{"@type":"ImageObject","inLanguage":"es","@id":"https:\/\/www.celttv.com.ar\/#\/schema\/logo\/image\/","url":"http:\/\/www.celttv.com.ar\/wp-content\/uploads\/2022\/08\/logo-1.png","contentUrl":"http:\/\/www.celttv.com.ar\/wp-content\/uploads\/2022\/08\/logo-1.png","width":461,"height":159,"caption":"CELTTV"},"image":{"@id":"https:\/\/www.celttv.com.ar\/#\/schema\/logo\/image\/"}},{"@type":"Person","@id":"https:\/\/www.celttv.com.ar\/#\/schema\/person\/6d99c072dba59953809c81446e9d0ace","name":"ulises","image":{"@type":"ImageObject","inLanguage":"es","@id":"https:\/\/www.celttv.com.ar\/#\/schema\/person\/image\/","url":"https:\/\/secure.gravatar.com\/avatar\/7f2c48bdc33b30088f941fb6082e555f2874c98e20cb159d7b92b50eadfce793?s=96&d=mm&r=g","contentUrl":"https:\/\/secure.gravatar.com\/avatar\/7f2c48bdc33b30088f941fb6082e555f2874c98e20cb159d7b92b50eadfce793?s=96&d=mm&r=g","caption":"ulises"},"sameAs":["http:\/\/www.celttv.com.ar"]}]}},"_links":{"self":[{"href":"https:\/\/www.celttv.com.ar\/index.php\/wp-json\/wp\/v2\/posts\/10100","targetHints":{"allow":["GET"]}}],"collection":[{"href":"https:\/\/www.celttv.com.ar\/index.php\/wp-json\/wp\/v2\/posts"}],"about":[{"href":"https:\/\/www.celttv.com.ar\/index.php\/wp-json\/wp\/v2\/types\/post"}],"author":[{"embeddable":true,"href":"https:\/\/www.celttv.com.ar\/index.php\/wp-json\/wp\/v2\/users\/1"}],"replies":[{"embeddable":true,"href":"https:\/\/www.celttv.com.ar\/index.php\/wp-json\/wp\/v2\/comments?post=10100"}],"version-history":[{"count":0,"href":"https:\/\/www.celttv.com.ar\/index.php\/wp-json\/wp\/v2\/posts\/10100\/revisions"}],"wp:attachment":[{"href":"https:\/\/www.celttv.com.ar\/index.php\/wp-json\/wp\/v2\/media?parent=10100"}],"wp:term":[{"taxonomy":"category","embeddable":true,"href":"https:\/\/www.celttv.com.ar\/index.php\/wp-json\/wp\/v2\/categories?post=10100"},{"taxonomy":"post_tag","embeddable":true,"href":"https:\/\/www.celttv.com.ar\/index.php\/wp-json\/wp\/v2\/tags?post=10100"}],"curies":[{"name":"wp","href":"https:\/\/api.w.org\/{rel}","templated":true}]}}