{"id":10108,"date":"2013-02-16T15:56:05","date_gmt":"2013-02-16T15:56:05","guid":{"rendered":"http:\/\/www.tvcnoticias.com.ar\/?p=10108"},"modified":"2013-02-16T15:56:05","modified_gmt":"2013-02-16T15:56:05","slug":"almafuerte-ya-esta-en-tornquist-toda-la-previa-y-notas-con-el-manager-del-grupo-y-el-presidente-de-union","status":"publish","type":"post","link":"https:\/\/www.celttv.com.ar\/index.php\/2013\/02\/16\/almafuerte-ya-esta-en-tornquist-toda-la-previa-y-notas-con-el-manager-del-grupo-y-el-presidente-de-union\/","title":{"rendered":"ALMAFUERTE YA ESTA EN TORNQUIST (Toda la previa y notas con el manager del grupo y el presidente de Uni\u00f3n)"},"content":{"rendered":"<p>Marcelo Caputo, manager del grupo Almafuerte,\u00a0nos anticipa algunos detalles de lo que ser\u00e1 otra exraordinaria presentaci\u00f3n del Grupo ALMAFUERTE en el 3\u00ba Tornquist Rock que organiza el Club Uni\u00f3n de Tornquist.<br \/>\n&#8220;Ricardo Iorio siente un especial afecto por Tornquist y su zona y en particular por la gente del club Uni\u00f3n con quienes no necesitamos firmar ning\u00fan contrato para acordar nuestra presentaci\u00f3n&#8221; asegur\u00f3 Caputo.<br \/>\nTambi\u00e9n hablamos con el presidente de la entidad verde Jorge Marcolini, instituci\u00f3n que redobla su entusiasmo por el 3\u00ba Tornquist Rock que ha generado una importante demanda de entradas, especialmente en los \u00faltimos dias.<br \/>\n[audio:http:\/\/www.tvcnoticias.com.ar\/wp-content\/uploads\/2013\/02\/HABLAN-JORGE-MARCOLINI-Y-MARCELO-CAPUTO.mp3|titles=HABLAN JORGE MARCOLINI Y MARCELO CAPUTO]<br \/>\n<\/p>\n","protected":false},"excerpt":{"rendered":"<p>Marcelo Caputo, manager del grupo Almafuerte,\u00a0nos anticipa algunos detalles de lo que ser\u00e1 otra exraordinaria presentaci\u00f3n del Grupo ALMAFUERTE en el 3\u00ba Tornquist Rock que organiza el Club Uni\u00f3n de Tornquist. &#8220;Ricardo Iorio siente un especial afecto por Tornquist y su zona y en particular por la gente del club Uni\u00f3n con quienes no necesitamos [&hellip;]<\/p>\n","protected":false},"author":1,"featured_media":0,"comment_status":"closed","ping_status":"open","sticky":false,"template":"","format":"standard","meta":{"footnotes":""},"categories":[51,56],"tags":[],"class_list":["post-10108","post","type-post","status-publish","format-standard","hentry","category-comunidad","category-espectaculos"],"yoast_head":"<!-- This site is optimized with the Yoast SEO plugin v19.7.1 - https:\/\/yoast.com\/wordpress\/plugins\/seo\/ -->\n<title>ALMAFUERTE YA ESTA EN TORNQUIST (Toda la previa y notas con el manager del grupo y el presidente de Uni\u00f3n) - CELTTV<\/title>\n<meta name=\"description\" content=\"Sitio web de noticias de la localidad de Tornquist, provincia de Buenos Aires, Rep\u00fablica Argentina. Contenido propio originado por periodistas de CELTTV, el canal de TV local de la Cooperativa El\u00e9ctrica de Tornquist. Turismo, Pol\u00edtica, Sociedad, Deporte, Cultura y todo el contenido de inter\u00e9s general que la gente del pueblo y la regi\u00f3n debe conocer.\" \/>\n<meta name=\"robots\" content=\"index, follow, max-snippet:-1, max-image-preview:large, max-video-preview:-1\" \/>\n<link rel=\"canonical\" href=\"https:\/\/www.celttv.com.ar\/index.php\/2013\/02\/16\/almafuerte-ya-esta-en-tornquist-toda-la-previa-y-notas-con-el-manager-del-grupo-y-el-presidente-de-union\/\" \/>\n<meta property=\"og:locale\" content=\"es_ES\" \/>\n<meta property=\"og:type\" content=\"article\" \/>\n<meta property=\"og:title\" content=\"ALMAFUERTE YA ESTA EN TORNQUIST (Toda la previa y notas con el manager del grupo y el presidente de Uni\u00f3n) - CELTTV\" \/>\n<meta property=\"og:description\" content=\"Sitio web de noticias de la localidad de Tornquist, provincia de Buenos Aires, Rep\u00fablica Argentina. Contenido propio originado por periodistas de CELTTV, el canal de TV local de la Cooperativa El\u00e9ctrica de Tornquist. Turismo, Pol\u00edtica, Sociedad, Deporte, Cultura y todo el contenido de inter\u00e9s general que la gente del pueblo y la regi\u00f3n debe conocer.\" \/>\n<meta property=\"og:url\" content=\"https:\/\/www.celttv.com.ar\/index.php\/2013\/02\/16\/almafuerte-ya-esta-en-tornquist-toda-la-previa-y-notas-con-el-manager-del-grupo-y-el-presidente-de-union\/\" \/>\n<meta property=\"og:site_name\" content=\"CELTTV\" \/>\n<meta property=\"article:publisher\" content=\"https:\/\/www.facebook.com\/celtTV\/\" \/>\n<meta property=\"article:published_time\" content=\"2013-02-16T15:56:05+00:00\" \/>\n<meta name=\"author\" content=\"ulises\" \/>\n<meta name=\"twitter:card\" content=\"summary_large_image\" \/>\n<meta name=\"twitter:label1\" content=\"Escrito por\" \/>\n\t<meta name=\"twitter:data1\" content=\"ulises\" \/>\n\t<meta name=\"twitter:label2\" content=\"Tiempo de lectura\" \/>\n\t<meta name=\"twitter:data2\" content=\"1 minuto\" \/>\n<script type=\"application\/ld+json\" class=\"yoast-schema-graph\">{\"@context\":\"https:\/\/schema.org\",\"@graph\":[{\"@type\":\"NewsArticle\",\"@id\":\"https:\/\/www.celttv.com.ar\/index.php\/2013\/02\/16\/almafuerte-ya-esta-en-tornquist-toda-la-previa-y-notas-con-el-manager-del-grupo-y-el-presidente-de-union\/#article\",\"isPartOf\":{\"@id\":\"https:\/\/www.celttv.com.ar\/index.php\/2013\/02\/16\/almafuerte-ya-esta-en-tornquist-toda-la-previa-y-notas-con-el-manager-del-grupo-y-el-presidente-de-union\/\"},\"author\":{\"name\":\"ulises\",\"@id\":\"https:\/\/www.celttv.com.ar\/#\/schema\/person\/6d99c072dba59953809c81446e9d0ace\"},\"headline\":\"ALMAFUERTE YA ESTA EN TORNQUIST (Toda la previa y notas con el manager del grupo y el presidente de Uni\u00f3n)\",\"datePublished\":\"2013-02-16T15:56:05+00:00\",\"dateModified\":\"2013-02-16T15:56:05+00:00\",\"mainEntityOfPage\":{\"@id\":\"https:\/\/www.celttv.com.ar\/index.php\/2013\/02\/16\/almafuerte-ya-esta-en-tornquist-toda-la-previa-y-notas-con-el-manager-del-grupo-y-el-presidente-de-union\/\"},\"wordCount\":146,\"publisher\":{\"@id\":\"https:\/\/www.celttv.com.ar\/#organization\"},\"articleSection\":[\"Comunidad\",\"Espect\u00e1culos\"],\"inLanguage\":\"es\"},{\"@type\":\"WebPage\",\"@id\":\"https:\/\/www.celttv.com.ar\/index.php\/2013\/02\/16\/almafuerte-ya-esta-en-tornquist-toda-la-previa-y-notas-con-el-manager-del-grupo-y-el-presidente-de-union\/\",\"url\":\"https:\/\/www.celttv.com.ar\/index.php\/2013\/02\/16\/almafuerte-ya-esta-en-tornquist-toda-la-previa-y-notas-con-el-manager-del-grupo-y-el-presidente-de-union\/\",\"name\":\"ALMAFUERTE YA ESTA EN TORNQUIST (Toda la previa y notas con el manager del grupo y el presidente de Uni\u00f3n) - CELTTV\",\"isPartOf\":{\"@id\":\"https:\/\/www.celttv.com.ar\/#website\"},\"datePublished\":\"2013-02-16T15:56:05+00:00\",\"dateModified\":\"2013-02-16T15:56:05+00:00\",\"description\":\"Sitio web de noticias de la localidad de Tornquist, provincia de Buenos Aires, Rep\u00fablica Argentina. Contenido propio originado por periodistas de CELTTV, el canal de TV local de la Cooperativa El\u00e9ctrica de Tornquist. Turismo, Pol\u00edtica, Sociedad, Deporte, Cultura y todo el contenido de inter\u00e9s general que la gente del pueblo y la regi\u00f3n debe conocer.\",\"breadcrumb\":{\"@id\":\"https:\/\/www.celttv.com.ar\/index.php\/2013\/02\/16\/almafuerte-ya-esta-en-tornquist-toda-la-previa-y-notas-con-el-manager-del-grupo-y-el-presidente-de-union\/#breadcrumb\"},\"inLanguage\":\"es\",\"potentialAction\":[{\"@type\":\"ReadAction\",\"target\":[\"https:\/\/www.celttv.com.ar\/index.php\/2013\/02\/16\/almafuerte-ya-esta-en-tornquist-toda-la-previa-y-notas-con-el-manager-del-grupo-y-el-presidente-de-union\/\"]}]},{\"@type\":\"BreadcrumbList\",\"@id\":\"https:\/\/www.celttv.com.ar\/index.php\/2013\/02\/16\/almafuerte-ya-esta-en-tornquist-toda-la-previa-y-notas-con-el-manager-del-grupo-y-el-presidente-de-union\/#breadcrumb\",\"itemListElement\":[{\"@type\":\"ListItem\",\"position\":1,\"name\":\"Inicio\",\"item\":\"https:\/\/www.celttv.com.ar\/\"},{\"@type\":\"ListItem\",\"position\":2,\"name\":\"ALMAFUERTE YA ESTA EN TORNQUIST (Toda la previa y notas con el manager del grupo y el presidente de Uni\u00f3n)\"}]},{\"@type\":\"WebSite\",\"@id\":\"https:\/\/www.celttv.com.ar\/#website\",\"url\":\"https:\/\/www.celttv.com.ar\/\",\"name\":\"CELTTV\",\"description\":\"Cooperativa El\u00e9ctrica de Tornquist\",\"publisher\":{\"@id\":\"https:\/\/www.celttv.com.ar\/#organization\"},\"potentialAction\":[{\"@type\":\"SearchAction\",\"target\":{\"@type\":\"EntryPoint\",\"urlTemplate\":\"https:\/\/www.celttv.com.ar\/?s={search_term_string}\"},\"query-input\":\"required name=search_term_string\"}],\"inLanguage\":\"es\"},{\"@type\":\"Organization\",\"@id\":\"https:\/\/www.celttv.com.ar\/#organization\",\"name\":\"CELTTV\",\"url\":\"https:\/\/www.celttv.com.ar\/\",\"sameAs\":[\"https:\/\/www.youtube.com\/channel\/UCz_oIt8Hig64Ub-EmcNPIhg\",\"https:\/\/www.facebook.com\/celtTV\/\"],\"logo\":{\"@type\":\"ImageObject\",\"inLanguage\":\"es\",\"@id\":\"https:\/\/www.celttv.com.ar\/#\/schema\/logo\/image\/\",\"url\":\"http:\/\/www.celttv.com.ar\/wp-content\/uploads\/2022\/08\/logo-1.png\",\"contentUrl\":\"http:\/\/www.celttv.com.ar\/wp-content\/uploads\/2022\/08\/logo-1.png\",\"width\":461,\"height\":159,\"caption\":\"CELTTV\"},\"image\":{\"@id\":\"https:\/\/www.celttv.com.ar\/#\/schema\/logo\/image\/\"}},{\"@type\":\"Person\",\"@id\":\"https:\/\/www.celttv.com.ar\/#\/schema\/person\/6d99c072dba59953809c81446e9d0ace\",\"name\":\"ulises\",\"image\":{\"@type\":\"ImageObject\",\"inLanguage\":\"es\",\"@id\":\"https:\/\/www.celttv.com.ar\/#\/schema\/person\/image\/\",\"url\":\"https:\/\/secure.gravatar.com\/avatar\/7f2c48bdc33b30088f941fb6082e555f2874c98e20cb159d7b92b50eadfce793?s=96&d=mm&r=g\",\"contentUrl\":\"https:\/\/secure.gravatar.com\/avatar\/7f2c48bdc33b30088f941fb6082e555f2874c98e20cb159d7b92b50eadfce793?s=96&d=mm&r=g\",\"caption\":\"ulises\"},\"sameAs\":[\"http:\/\/www.celttv.com.ar\"]}]}<\/script>\n<!-- \/ Yoast SEO plugin. -->","yoast_head_json":{"title":"ALMAFUERTE YA ESTA EN TORNQUIST (Toda la previa y notas con el manager del grupo y el presidente de Uni\u00f3n) - CELTTV","description":"Sitio web de noticias de la localidad de Tornquist, provincia de Buenos Aires, Rep\u00fablica Argentina. Contenido propio originado por periodistas de CELTTV, el canal de TV local de la Cooperativa El\u00e9ctrica de Tornquist. Turismo, Pol\u00edtica, Sociedad, Deporte, Cultura y todo el contenido de inter\u00e9s general que la gente del pueblo y la regi\u00f3n debe conocer.","robots":{"index":"index","follow":"follow","max-snippet":"max-snippet:-1","max-image-preview":"max-image-preview:large","max-video-preview":"max-video-preview:-1"},"canonical":"https:\/\/www.celttv.com.ar\/index.php\/2013\/02\/16\/almafuerte-ya-esta-en-tornquist-toda-la-previa-y-notas-con-el-manager-del-grupo-y-el-presidente-de-union\/","og_locale":"es_ES","og_type":"article","og_title":"ALMAFUERTE YA ESTA EN TORNQUIST (Toda la previa y notas con el manager del grupo y el presidente de Uni\u00f3n) - CELTTV","og_description":"Sitio web de noticias de la localidad de Tornquist, provincia de Buenos Aires, Rep\u00fablica Argentina. Contenido propio originado por periodistas de CELTTV, el canal de TV local de la Cooperativa El\u00e9ctrica de Tornquist. Turismo, Pol\u00edtica, Sociedad, Deporte, Cultura y todo el contenido de inter\u00e9s general que la gente del pueblo y la regi\u00f3n debe conocer.","og_url":"https:\/\/www.celttv.com.ar\/index.php\/2013\/02\/16\/almafuerte-ya-esta-en-tornquist-toda-la-previa-y-notas-con-el-manager-del-grupo-y-el-presidente-de-union\/","og_site_name":"CELTTV","article_publisher":"https:\/\/www.facebook.com\/celtTV\/","article_published_time":"2013-02-16T15:56:05+00:00","author":"ulises","twitter_card":"summary_large_image","twitter_misc":{"Escrito por":"ulises","Tiempo de lectura":"1 minuto"},"schema":{"@context":"https:\/\/schema.org","@graph":[{"@type":"NewsArticle","@id":"https:\/\/www.celttv.com.ar\/index.php\/2013\/02\/16\/almafuerte-ya-esta-en-tornquist-toda-la-previa-y-notas-con-el-manager-del-grupo-y-el-presidente-de-union\/#article","isPartOf":{"@id":"https:\/\/www.celttv.com.ar\/index.php\/2013\/02\/16\/almafuerte-ya-esta-en-tornquist-toda-la-previa-y-notas-con-el-manager-del-grupo-y-el-presidente-de-union\/"},"author":{"name":"ulises","@id":"https:\/\/www.celttv.com.ar\/#\/schema\/person\/6d99c072dba59953809c81446e9d0ace"},"headline":"ALMAFUERTE YA ESTA EN TORNQUIST (Toda la previa y notas con el manager del grupo y el presidente de Uni\u00f3n)","datePublished":"2013-02-16T15:56:05+00:00","dateModified":"2013-02-16T15:56:05+00:00","mainEntityOfPage":{"@id":"https:\/\/www.celttv.com.ar\/index.php\/2013\/02\/16\/almafuerte-ya-esta-en-tornquist-toda-la-previa-y-notas-con-el-manager-del-grupo-y-el-presidente-de-union\/"},"wordCount":146,"publisher":{"@id":"https:\/\/www.celttv.com.ar\/#organization"},"articleSection":["Comunidad","Espect\u00e1culos"],"inLanguage":"es"},{"@type":"WebPage","@id":"https:\/\/www.celttv.com.ar\/index.php\/2013\/02\/16\/almafuerte-ya-esta-en-tornquist-toda-la-previa-y-notas-con-el-manager-del-grupo-y-el-presidente-de-union\/","url":"https:\/\/www.celttv.com.ar\/index.php\/2013\/02\/16\/almafuerte-ya-esta-en-tornquist-toda-la-previa-y-notas-con-el-manager-del-grupo-y-el-presidente-de-union\/","name":"ALMAFUERTE YA ESTA EN TORNQUIST (Toda la previa y notas con el manager del grupo y el presidente de Uni\u00f3n) - CELTTV","isPartOf":{"@id":"https:\/\/www.celttv.com.ar\/#website"},"datePublished":"2013-02-16T15:56:05+00:00","dateModified":"2013-02-16T15:56:05+00:00","description":"Sitio web de noticias de la localidad de Tornquist, provincia de Buenos Aires, Rep\u00fablica Argentina. Contenido propio originado por periodistas de CELTTV, el canal de TV local de la Cooperativa El\u00e9ctrica de Tornquist. Turismo, Pol\u00edtica, Sociedad, Deporte, Cultura y todo el contenido de inter\u00e9s general que la gente del pueblo y la regi\u00f3n debe conocer.","breadcrumb":{"@id":"https:\/\/www.celttv.com.ar\/index.php\/2013\/02\/16\/almafuerte-ya-esta-en-tornquist-toda-la-previa-y-notas-con-el-manager-del-grupo-y-el-presidente-de-union\/#breadcrumb"},"inLanguage":"es","potentialAction":[{"@type":"ReadAction","target":["https:\/\/www.celttv.com.ar\/index.php\/2013\/02\/16\/almafuerte-ya-esta-en-tornquist-toda-la-previa-y-notas-con-el-manager-del-grupo-y-el-presidente-de-union\/"]}]},{"@type":"BreadcrumbList","@id":"https:\/\/www.celttv.com.ar\/index.php\/2013\/02\/16\/almafuerte-ya-esta-en-tornquist-toda-la-previa-y-notas-con-el-manager-del-grupo-y-el-presidente-de-union\/#breadcrumb","itemListElement":[{"@type":"ListItem","position":1,"name":"Inicio","item":"https:\/\/www.celttv.com.ar\/"},{"@type":"ListItem","position":2,"name":"ALMAFUERTE YA ESTA EN TORNQUIST (Toda la previa y notas con el manager del grupo y el presidente de Uni\u00f3n)"}]},{"@type":"WebSite","@id":"https:\/\/www.celttv.com.ar\/#website","url":"https:\/\/www.celttv.com.ar\/","name":"CELTTV","description":"Cooperativa El\u00e9ctrica de Tornquist","publisher":{"@id":"https:\/\/www.celttv.com.ar\/#organization"},"potentialAction":[{"@type":"SearchAction","target":{"@type":"EntryPoint","urlTemplate":"https:\/\/www.celttv.com.ar\/?s={search_term_string}"},"query-input":"required name=search_term_string"}],"inLanguage":"es"},{"@type":"Organization","@id":"https:\/\/www.celttv.com.ar\/#organization","name":"CELTTV","url":"https:\/\/www.celttv.com.ar\/","sameAs":["https:\/\/www.youtube.com\/channel\/UCz_oIt8Hig64Ub-EmcNPIhg","https:\/\/www.facebook.com\/celtTV\/"],"logo":{"@type":"ImageObject","inLanguage":"es","@id":"https:\/\/www.celttv.com.ar\/#\/schema\/logo\/image\/","url":"http:\/\/www.celttv.com.ar\/wp-content\/uploads\/2022\/08\/logo-1.png","contentUrl":"http:\/\/www.celttv.com.ar\/wp-content\/uploads\/2022\/08\/logo-1.png","width":461,"height":159,"caption":"CELTTV"},"image":{"@id":"https:\/\/www.celttv.com.ar\/#\/schema\/logo\/image\/"}},{"@type":"Person","@id":"https:\/\/www.celttv.com.ar\/#\/schema\/person\/6d99c072dba59953809c81446e9d0ace","name":"ulises","image":{"@type":"ImageObject","inLanguage":"es","@id":"https:\/\/www.celttv.com.ar\/#\/schema\/person\/image\/","url":"https:\/\/secure.gravatar.com\/avatar\/7f2c48bdc33b30088f941fb6082e555f2874c98e20cb159d7b92b50eadfce793?s=96&d=mm&r=g","contentUrl":"https:\/\/secure.gravatar.com\/avatar\/7f2c48bdc33b30088f941fb6082e555f2874c98e20cb159d7b92b50eadfce793?s=96&d=mm&r=g","caption":"ulises"},"sameAs":["http:\/\/www.celttv.com.ar"]}]}},"_links":{"self":[{"href":"https:\/\/www.celttv.com.ar\/index.php\/wp-json\/wp\/v2\/posts\/10108","targetHints":{"allow":["GET"]}}],"collection":[{"href":"https:\/\/www.celttv.com.ar\/index.php\/wp-json\/wp\/v2\/posts"}],"about":[{"href":"https:\/\/www.celttv.com.ar\/index.php\/wp-json\/wp\/v2\/types\/post"}],"author":[{"embeddable":true,"href":"https:\/\/www.celttv.com.ar\/index.php\/wp-json\/wp\/v2\/users\/1"}],"replies":[{"embeddable":true,"href":"https:\/\/www.celttv.com.ar\/index.php\/wp-json\/wp\/v2\/comments?post=10108"}],"version-history":[{"count":0,"href":"https:\/\/www.celttv.com.ar\/index.php\/wp-json\/wp\/v2\/posts\/10108\/revisions"}],"wp:attachment":[{"href":"https:\/\/www.celttv.com.ar\/index.php\/wp-json\/wp\/v2\/media?parent=10108"}],"wp:term":[{"taxonomy":"category","embeddable":true,"href":"https:\/\/www.celttv.com.ar\/index.php\/wp-json\/wp\/v2\/categories?post=10108"},{"taxonomy":"post_tag","embeddable":true,"href":"https:\/\/www.celttv.com.ar\/index.php\/wp-json\/wp\/v2\/tags?post=10108"}],"curies":[{"name":"wp","href":"https:\/\/api.w.org\/{rel}","templated":true}]}}