{"id":10196,"date":"2013-02-17T23:21:59","date_gmt":"2013-02-17T23:21:59","guid":{"rendered":"http:\/\/www.tvcnoticias.com.ar\/?p=10196"},"modified":"2013-02-17T23:21:59","modified_gmt":"2013-02-17T23:21:59","slug":"otra-salida-de-los-bomberos-voluntarios-videos","status":"publish","type":"post","link":"https:\/\/www.celttv.com.ar\/index.php\/2013\/02\/17\/otra-salida-de-los-bomberos-voluntarios-videos\/","title":{"rendered":"OTRA SALIDA DE LOS BOMBEROS VOLUNTARIOS (Videos)"},"content":{"rendered":"<p>Contin\u00faa la ardua tarea de los Bomberos Voluntarios de Tornquist que ha engrosado la estad\u00edstica de salidas durante los \u00faltimos d\u00edas (ver informe) y, de no haber precipitaciones importantes, todo hace presumir que la actividad no se detendr\u00e1.<br \/>\nHoy a las 19:20 hs. una dotaci\u00f3n fue convocada para combatir un incendio de pastos naturales declarado en el predio de la Quinta propiedad de Leyla Fernandez. En el lugar, por causas que no tracendieron, ardieron pastos naturales y por la magnitud del incendio se decidi\u00f3 convocar a otra dotaci\u00f3n a las 19:40 hs.<br \/>\nUn total de 10 efectivos trabajaron a ordenes del oficial 3\u00ba Eduardo Massetti y alrededor de las 20:00 hs. concluyeron su tarea y luego de la guardia de cenizas regresaron al cuartel.<br \/>\n<a href=\"http:\/\/www.youtube.com\/watch?v=9Mbd4VaC23w\">httpv:\/\/www.youtube.com\/watch?v=9Mbd4VaC23w<\/a><br \/>\n<a href=\"http:\/\/www.youtube.com\/watch?v=TSth8d3ZfvA\">httpv:\/\/www.youtube.com\/watch?v=TSth8d3ZfvA<\/a><br \/>\n<strong><span style=\"font-size: small;\">Informe de intervenciones de Bomberos Voluntarios de Tornquist:<\/span><\/strong><\/p>\n<div>\n<div dir=\"ltr\">\n10-02-13: 09:30 hs. Dos dotaciones al mando del Oficial 3\u00b0 L\u00f3pez, Carlos V., acuden a un incendio de pastos naturales en el acceso a Chasic\u00f3 por Ruta 35. Regreso 12:30 hs.<br \/>\n15-02-13: 17:00 hs. Una dotaci\u00f3n al mando del Comandante Haag, H\u00e9ctor Mart\u00edn, asiste a un incendio de pastos naturales en el campo del Sr. Conti, alquilado por &#8220;Costanzi hnos.&#8221;<br \/>\nArdieron unas 50 hect\u00e1reas de pastizal. El fuego comenz\u00f3 en sector de v\u00edas. Regreso 20:00 hs. (fotos)<br \/>\n16-02-13: 14:25 hs. Una dotaci\u00f3n al mando del Oficial 3\u00b0 L\u00f3pez, Carlos V., concurre al llamado por un incendio de pastos naturales en bald\u00edo, ubicado en Calle Lamela y G\u00fcemes. Regreso 15:00 hs.<br \/>\n16-02-13: 20:45 hs. Dos dotaciones al mando del Oficial 1\u00b0 Rodr\u00edguez, Pablo H. al sector denominado &#8220;Camino de la hormiga&#8221; en cercan\u00edas de Chasic\u00f3, ardieron pastos naturales. Regreso 23:00 hs.<br \/>\nEl 10-02 se acud\u00edo al rescate de un canino en el sector de vias y calle 25 de Mayo. y el 11-02 se colabor\u00f3 en prevenci\u00f3n durante la quema del Rey Momo en los Carnavales locales. \u00a0<br \/>\nPRENSA: BOMBEROS VOLUNTARIOS DE TORNQUIST<\/div>\n<\/div>\n","protected":false},"excerpt":{"rendered":"<p>Contin\u00faa la ardua tarea de los Bomberos Voluntarios de Tornquist que ha engrosado la estad\u00edstica de salidas durante los \u00faltimos d\u00edas (ver informe) y, de no haber precipitaciones importantes, todo hace presumir que la actividad no se detendr\u00e1. Hoy a las 19:20 hs. una dotaci\u00f3n fue convocada para combatir un incendio de pastos naturales declarado [&hellip;]<\/p>\n","protected":false},"author":1,"featured_media":0,"comment_status":"closed","ping_status":"open","sticky":false,"template":"","format":"standard","meta":{"footnotes":""},"categories":[51,52,64],"tags":[],"class_list":["post-10196","post","type-post","status-publish","format-standard","hentry","category-comunidad","category-destacadas","category-videos-destacados"],"yoast_head":"<!-- This site is optimized with the Yoast SEO plugin v19.7.1 - https:\/\/yoast.com\/wordpress\/plugins\/seo\/ -->\n<title>OTRA SALIDA DE LOS BOMBEROS VOLUNTARIOS (Videos) - CELTTV<\/title>\n<meta name=\"description\" content=\"Sitio web de noticias de la localidad de Tornquist, provincia de Buenos Aires, Rep\u00fablica Argentina. Contenido propio originado por periodistas de CELTTV, el canal de TV local de la Cooperativa El\u00e9ctrica de Tornquist. Turismo, Pol\u00edtica, Sociedad, Deporte, Cultura y todo el contenido de inter\u00e9s general que la gente del pueblo y la regi\u00f3n debe conocer.\" \/>\n<meta name=\"robots\" content=\"index, follow, max-snippet:-1, max-image-preview:large, max-video-preview:-1\" \/>\n<link rel=\"canonical\" href=\"https:\/\/www.celttv.com.ar\/index.php\/2013\/02\/17\/otra-salida-de-los-bomberos-voluntarios-videos\/\" \/>\n<meta property=\"og:locale\" content=\"es_ES\" \/>\n<meta property=\"og:type\" content=\"article\" \/>\n<meta property=\"og:title\" content=\"OTRA SALIDA DE LOS BOMBEROS VOLUNTARIOS (Videos) - CELTTV\" \/>\n<meta property=\"og:description\" content=\"Sitio web de noticias de la localidad de Tornquist, provincia de Buenos Aires, Rep\u00fablica Argentina. Contenido propio originado por periodistas de CELTTV, el canal de TV local de la Cooperativa El\u00e9ctrica de Tornquist. Turismo, Pol\u00edtica, Sociedad, Deporte, Cultura y todo el contenido de inter\u00e9s general que la gente del pueblo y la regi\u00f3n debe conocer.\" \/>\n<meta property=\"og:url\" content=\"https:\/\/www.celttv.com.ar\/index.php\/2013\/02\/17\/otra-salida-de-los-bomberos-voluntarios-videos\/\" \/>\n<meta property=\"og:site_name\" content=\"CELTTV\" \/>\n<meta property=\"article:publisher\" content=\"https:\/\/www.facebook.com\/celtTV\/\" \/>\n<meta property=\"article:published_time\" content=\"2013-02-17T23:21:59+00:00\" \/>\n<meta name=\"author\" content=\"ulises\" \/>\n<meta name=\"twitter:card\" content=\"summary_large_image\" \/>\n<meta name=\"twitter:label1\" content=\"Escrito por\" \/>\n\t<meta name=\"twitter:data1\" content=\"ulises\" \/>\n\t<meta name=\"twitter:label2\" content=\"Tiempo de lectura\" \/>\n\t<meta name=\"twitter:data2\" content=\"2 minutos\" \/>\n<script type=\"application\/ld+json\" class=\"yoast-schema-graph\">{\"@context\":\"https:\/\/schema.org\",\"@graph\":[{\"@type\":\"NewsArticle\",\"@id\":\"https:\/\/www.celttv.com.ar\/index.php\/2013\/02\/17\/otra-salida-de-los-bomberos-voluntarios-videos\/#article\",\"isPartOf\":{\"@id\":\"https:\/\/www.celttv.com.ar\/index.php\/2013\/02\/17\/otra-salida-de-los-bomberos-voluntarios-videos\/\"},\"author\":{\"name\":\"ulises\",\"@id\":\"https:\/\/www.celttv.com.ar\/#\/schema\/person\/6d99c072dba59953809c81446e9d0ace\"},\"headline\":\"OTRA SALIDA DE LOS BOMBEROS VOLUNTARIOS (Videos)\",\"datePublished\":\"2013-02-17T23:21:59+00:00\",\"dateModified\":\"2013-02-17T23:21:59+00:00\",\"mainEntityOfPage\":{\"@id\":\"https:\/\/www.celttv.com.ar\/index.php\/2013\/02\/17\/otra-salida-de-los-bomberos-voluntarios-videos\/\"},\"wordCount\":342,\"publisher\":{\"@id\":\"https:\/\/www.celttv.com.ar\/#organization\"},\"articleSection\":[\"Comunidad\",\"Destacadas\",\"Videos Destacados\"],\"inLanguage\":\"es\"},{\"@type\":\"WebPage\",\"@id\":\"https:\/\/www.celttv.com.ar\/index.php\/2013\/02\/17\/otra-salida-de-los-bomberos-voluntarios-videos\/\",\"url\":\"https:\/\/www.celttv.com.ar\/index.php\/2013\/02\/17\/otra-salida-de-los-bomberos-voluntarios-videos\/\",\"name\":\"OTRA SALIDA DE LOS BOMBEROS VOLUNTARIOS (Videos) - CELTTV\",\"isPartOf\":{\"@id\":\"https:\/\/www.celttv.com.ar\/#website\"},\"datePublished\":\"2013-02-17T23:21:59+00:00\",\"dateModified\":\"2013-02-17T23:21:59+00:00\",\"description\":\"Sitio web de noticias de la localidad de Tornquist, provincia de Buenos Aires, Rep\u00fablica Argentina. Contenido propio originado por periodistas de CELTTV, el canal de TV local de la Cooperativa El\u00e9ctrica de Tornquist. Turismo, Pol\u00edtica, Sociedad, Deporte, Cultura y todo el contenido de inter\u00e9s general que la gente del pueblo y la regi\u00f3n debe conocer.\",\"breadcrumb\":{\"@id\":\"https:\/\/www.celttv.com.ar\/index.php\/2013\/02\/17\/otra-salida-de-los-bomberos-voluntarios-videos\/#breadcrumb\"},\"inLanguage\":\"es\",\"potentialAction\":[{\"@type\":\"ReadAction\",\"target\":[\"https:\/\/www.celttv.com.ar\/index.php\/2013\/02\/17\/otra-salida-de-los-bomberos-voluntarios-videos\/\"]}]},{\"@type\":\"BreadcrumbList\",\"@id\":\"https:\/\/www.celttv.com.ar\/index.php\/2013\/02\/17\/otra-salida-de-los-bomberos-voluntarios-videos\/#breadcrumb\",\"itemListElement\":[{\"@type\":\"ListItem\",\"position\":1,\"name\":\"Inicio\",\"item\":\"https:\/\/www.celttv.com.ar\/\"},{\"@type\":\"ListItem\",\"position\":2,\"name\":\"OTRA SALIDA DE LOS BOMBEROS VOLUNTARIOS (Videos)\"}]},{\"@type\":\"WebSite\",\"@id\":\"https:\/\/www.celttv.com.ar\/#website\",\"url\":\"https:\/\/www.celttv.com.ar\/\",\"name\":\"CELTTV\",\"description\":\"Cooperativa El\u00e9ctrica de Tornquist\",\"publisher\":{\"@id\":\"https:\/\/www.celttv.com.ar\/#organization\"},\"potentialAction\":[{\"@type\":\"SearchAction\",\"target\":{\"@type\":\"EntryPoint\",\"urlTemplate\":\"https:\/\/www.celttv.com.ar\/?s={search_term_string}\"},\"query-input\":\"required name=search_term_string\"}],\"inLanguage\":\"es\"},{\"@type\":\"Organization\",\"@id\":\"https:\/\/www.celttv.com.ar\/#organization\",\"name\":\"CELTTV\",\"url\":\"https:\/\/www.celttv.com.ar\/\",\"sameAs\":[\"https:\/\/www.youtube.com\/channel\/UCz_oIt8Hig64Ub-EmcNPIhg\",\"https:\/\/www.facebook.com\/celtTV\/\"],\"logo\":{\"@type\":\"ImageObject\",\"inLanguage\":\"es\",\"@id\":\"https:\/\/www.celttv.com.ar\/#\/schema\/logo\/image\/\",\"url\":\"http:\/\/www.celttv.com.ar\/wp-content\/uploads\/2022\/08\/logo-1.png\",\"contentUrl\":\"http:\/\/www.celttv.com.ar\/wp-content\/uploads\/2022\/08\/logo-1.png\",\"width\":461,\"height\":159,\"caption\":\"CELTTV\"},\"image\":{\"@id\":\"https:\/\/www.celttv.com.ar\/#\/schema\/logo\/image\/\"}},{\"@type\":\"Person\",\"@id\":\"https:\/\/www.celttv.com.ar\/#\/schema\/person\/6d99c072dba59953809c81446e9d0ace\",\"name\":\"ulises\",\"image\":{\"@type\":\"ImageObject\",\"inLanguage\":\"es\",\"@id\":\"https:\/\/www.celttv.com.ar\/#\/schema\/person\/image\/\",\"url\":\"https:\/\/secure.gravatar.com\/avatar\/7f2c48bdc33b30088f941fb6082e555f2874c98e20cb159d7b92b50eadfce793?s=96&d=mm&r=g\",\"contentUrl\":\"https:\/\/secure.gravatar.com\/avatar\/7f2c48bdc33b30088f941fb6082e555f2874c98e20cb159d7b92b50eadfce793?s=96&d=mm&r=g\",\"caption\":\"ulises\"},\"sameAs\":[\"http:\/\/www.celttv.com.ar\"]}]}<\/script>\n<!-- \/ Yoast SEO plugin. -->","yoast_head_json":{"title":"OTRA SALIDA DE LOS BOMBEROS VOLUNTARIOS (Videos) - CELTTV","description":"Sitio web de noticias de la localidad de Tornquist, provincia de Buenos Aires, Rep\u00fablica Argentina. Contenido propio originado por periodistas de CELTTV, el canal de TV local de la Cooperativa El\u00e9ctrica de Tornquist. Turismo, Pol\u00edtica, Sociedad, Deporte, Cultura y todo el contenido de inter\u00e9s general que la gente del pueblo y la regi\u00f3n debe conocer.","robots":{"index":"index","follow":"follow","max-snippet":"max-snippet:-1","max-image-preview":"max-image-preview:large","max-video-preview":"max-video-preview:-1"},"canonical":"https:\/\/www.celttv.com.ar\/index.php\/2013\/02\/17\/otra-salida-de-los-bomberos-voluntarios-videos\/","og_locale":"es_ES","og_type":"article","og_title":"OTRA SALIDA DE LOS BOMBEROS VOLUNTARIOS (Videos) - CELTTV","og_description":"Sitio web de noticias de la localidad de Tornquist, provincia de Buenos Aires, Rep\u00fablica Argentina. Contenido propio originado por periodistas de CELTTV, el canal de TV local de la Cooperativa El\u00e9ctrica de Tornquist. Turismo, Pol\u00edtica, Sociedad, Deporte, Cultura y todo el contenido de inter\u00e9s general que la gente del pueblo y la regi\u00f3n debe conocer.","og_url":"https:\/\/www.celttv.com.ar\/index.php\/2013\/02\/17\/otra-salida-de-los-bomberos-voluntarios-videos\/","og_site_name":"CELTTV","article_publisher":"https:\/\/www.facebook.com\/celtTV\/","article_published_time":"2013-02-17T23:21:59+00:00","author":"ulises","twitter_card":"summary_large_image","twitter_misc":{"Escrito por":"ulises","Tiempo de lectura":"2 minutos"},"schema":{"@context":"https:\/\/schema.org","@graph":[{"@type":"NewsArticle","@id":"https:\/\/www.celttv.com.ar\/index.php\/2013\/02\/17\/otra-salida-de-los-bomberos-voluntarios-videos\/#article","isPartOf":{"@id":"https:\/\/www.celttv.com.ar\/index.php\/2013\/02\/17\/otra-salida-de-los-bomberos-voluntarios-videos\/"},"author":{"name":"ulises","@id":"https:\/\/www.celttv.com.ar\/#\/schema\/person\/6d99c072dba59953809c81446e9d0ace"},"headline":"OTRA SALIDA DE LOS BOMBEROS VOLUNTARIOS (Videos)","datePublished":"2013-02-17T23:21:59+00:00","dateModified":"2013-02-17T23:21:59+00:00","mainEntityOfPage":{"@id":"https:\/\/www.celttv.com.ar\/index.php\/2013\/02\/17\/otra-salida-de-los-bomberos-voluntarios-videos\/"},"wordCount":342,"publisher":{"@id":"https:\/\/www.celttv.com.ar\/#organization"},"articleSection":["Comunidad","Destacadas","Videos Destacados"],"inLanguage":"es"},{"@type":"WebPage","@id":"https:\/\/www.celttv.com.ar\/index.php\/2013\/02\/17\/otra-salida-de-los-bomberos-voluntarios-videos\/","url":"https:\/\/www.celttv.com.ar\/index.php\/2013\/02\/17\/otra-salida-de-los-bomberos-voluntarios-videos\/","name":"OTRA SALIDA DE LOS BOMBEROS VOLUNTARIOS (Videos) - CELTTV","isPartOf":{"@id":"https:\/\/www.celttv.com.ar\/#website"},"datePublished":"2013-02-17T23:21:59+00:00","dateModified":"2013-02-17T23:21:59+00:00","description":"Sitio web de noticias de la localidad de Tornquist, provincia de Buenos Aires, Rep\u00fablica Argentina. Contenido propio originado por periodistas de CELTTV, el canal de TV local de la Cooperativa El\u00e9ctrica de Tornquist. Turismo, Pol\u00edtica, Sociedad, Deporte, Cultura y todo el contenido de inter\u00e9s general que la gente del pueblo y la regi\u00f3n debe conocer.","breadcrumb":{"@id":"https:\/\/www.celttv.com.ar\/index.php\/2013\/02\/17\/otra-salida-de-los-bomberos-voluntarios-videos\/#breadcrumb"},"inLanguage":"es","potentialAction":[{"@type":"ReadAction","target":["https:\/\/www.celttv.com.ar\/index.php\/2013\/02\/17\/otra-salida-de-los-bomberos-voluntarios-videos\/"]}]},{"@type":"BreadcrumbList","@id":"https:\/\/www.celttv.com.ar\/index.php\/2013\/02\/17\/otra-salida-de-los-bomberos-voluntarios-videos\/#breadcrumb","itemListElement":[{"@type":"ListItem","position":1,"name":"Inicio","item":"https:\/\/www.celttv.com.ar\/"},{"@type":"ListItem","position":2,"name":"OTRA SALIDA DE LOS BOMBEROS VOLUNTARIOS (Videos)"}]},{"@type":"WebSite","@id":"https:\/\/www.celttv.com.ar\/#website","url":"https:\/\/www.celttv.com.ar\/","name":"CELTTV","description":"Cooperativa El\u00e9ctrica de Tornquist","publisher":{"@id":"https:\/\/www.celttv.com.ar\/#organization"},"potentialAction":[{"@type":"SearchAction","target":{"@type":"EntryPoint","urlTemplate":"https:\/\/www.celttv.com.ar\/?s={search_term_string}"},"query-input":"required name=search_term_string"}],"inLanguage":"es"},{"@type":"Organization","@id":"https:\/\/www.celttv.com.ar\/#organization","name":"CELTTV","url":"https:\/\/www.celttv.com.ar\/","sameAs":["https:\/\/www.youtube.com\/channel\/UCz_oIt8Hig64Ub-EmcNPIhg","https:\/\/www.facebook.com\/celtTV\/"],"logo":{"@type":"ImageObject","inLanguage":"es","@id":"https:\/\/www.celttv.com.ar\/#\/schema\/logo\/image\/","url":"http:\/\/www.celttv.com.ar\/wp-content\/uploads\/2022\/08\/logo-1.png","contentUrl":"http:\/\/www.celttv.com.ar\/wp-content\/uploads\/2022\/08\/logo-1.png","width":461,"height":159,"caption":"CELTTV"},"image":{"@id":"https:\/\/www.celttv.com.ar\/#\/schema\/logo\/image\/"}},{"@type":"Person","@id":"https:\/\/www.celttv.com.ar\/#\/schema\/person\/6d99c072dba59953809c81446e9d0ace","name":"ulises","image":{"@type":"ImageObject","inLanguage":"es","@id":"https:\/\/www.celttv.com.ar\/#\/schema\/person\/image\/","url":"https:\/\/secure.gravatar.com\/avatar\/7f2c48bdc33b30088f941fb6082e555f2874c98e20cb159d7b92b50eadfce793?s=96&d=mm&r=g","contentUrl":"https:\/\/secure.gravatar.com\/avatar\/7f2c48bdc33b30088f941fb6082e555f2874c98e20cb159d7b92b50eadfce793?s=96&d=mm&r=g","caption":"ulises"},"sameAs":["http:\/\/www.celttv.com.ar"]}]}},"_links":{"self":[{"href":"https:\/\/www.celttv.com.ar\/index.php\/wp-json\/wp\/v2\/posts\/10196","targetHints":{"allow":["GET"]}}],"collection":[{"href":"https:\/\/www.celttv.com.ar\/index.php\/wp-json\/wp\/v2\/posts"}],"about":[{"href":"https:\/\/www.celttv.com.ar\/index.php\/wp-json\/wp\/v2\/types\/post"}],"author":[{"embeddable":true,"href":"https:\/\/www.celttv.com.ar\/index.php\/wp-json\/wp\/v2\/users\/1"}],"replies":[{"embeddable":true,"href":"https:\/\/www.celttv.com.ar\/index.php\/wp-json\/wp\/v2\/comments?post=10196"}],"version-history":[{"count":0,"href":"https:\/\/www.celttv.com.ar\/index.php\/wp-json\/wp\/v2\/posts\/10196\/revisions"}],"wp:attachment":[{"href":"https:\/\/www.celttv.com.ar\/index.php\/wp-json\/wp\/v2\/media?parent=10196"}],"wp:term":[{"taxonomy":"category","embeddable":true,"href":"https:\/\/www.celttv.com.ar\/index.php\/wp-json\/wp\/v2\/categories?post=10196"},{"taxonomy":"post_tag","embeddable":true,"href":"https:\/\/www.celttv.com.ar\/index.php\/wp-json\/wp\/v2\/tags?post=10196"}],"curies":[{"name":"wp","href":"https:\/\/api.w.org\/{rel}","templated":true}]}}