{"id":10200,"date":"2013-02-19T13:41:10","date_gmt":"2013-02-19T13:41:10","guid":{"rendered":"http:\/\/www.tvcnoticias.com.ar\/?p=10200"},"modified":"2013-02-19T13:41:10","modified_gmt":"2013-02-19T13:41:10","slug":"importante-avance-en-la-calidad-del-servicio-de-agua-potable-en-la-ciudad-cabecera","status":"publish","type":"post","link":"https:\/\/www.celttv.com.ar\/index.php\/2013\/02\/19\/importante-avance-en-la-calidad-del-servicio-de-agua-potable-en-la-ciudad-cabecera\/","title":{"rendered":"IMPORTANTE AVANCE EN LA CALIDAD DEL SERVICIO DE AGUA POTABLE EN LA CIUDAD CABECERA (Nota con el Intendente Gustavo Trankels)"},"content":{"rendered":"<p><br \/>\n[audio:http:\/\/www.tvcnoticias.com.ar\/wp-content\/uploads\/2013\/02\/GUSTAVO-TRANKELS-ANUNCIA-LA-OBRA-HIDRICA.mp3|titles=GUSTAVO TRANKELS ANUNCIA LA OBRA HIDRICA]<br \/>\n\u00a0Un convenio para la construcci\u00f3n de un pozo de abastecimiento de agua potable en la ciudad cabecera del distrito y el mejoramiento de la red firm\u00f3 ayer el intendente municipal, licenciado Gustavo Trankels, durante una jornada de trabajo efectuada en el Ministerio de Planificaci\u00f3n Federal, Inversi\u00f3n P\u00fablica y Servicios, enmarcada en el plan de obras Mas Cerca: M\u00e1s Municipio, Mejor Pa\u00eds, M\u00e1s Patria y encabezada por el ministro Julio De Vido.<br \/>\n\u00a0\u00a0 El acto de entrega de los acuerdos rubricados con 42 municipios de diferentes secciones de la Provincia de Buenos Aires se desarroll\u00f3 en el Sal\u00f3n Belgrano del Palacio de Hacienda, ante la presencia de intendentes, el secretario de Obras P\u00fablicas de la Naci\u00f3n, Jos\u00e9 L\u00f3pez, y el ministro de Salud de la Naci\u00f3n, Juan Manzur.<br \/>\n\u00a0\u00a0 La obra que se concretar\u00e1 en la ciudad de Tornquist demandar\u00e1 una inversi\u00f3n del orden de los 900 mil pesos y se llevar\u00e1 a cabo en dos etapas. El inicio de la construcci\u00f3n se prev\u00e9 para las pr\u00f3ximas semanas.<br \/>\n\u00a0\u00a0 \u201cLe agradezco a nuestra presidenta Cristina Fern\u00e1ndez por el apoyo que nos brinda para que podamos llevar adelante obras de una envergadura imposible de abordar desde el presupuesto municipal, pero que son fundamentales para cuidar la salud y mejorar la calidad de vida de nuestros vecinos\u201d, consider\u00f3 Trankels, quien firm\u00f3 el convenio con el administrador del Ente Nacional de Obras H\u00eddricas de Saneamiento (ENOHSA), Lucio Tamburo, organismo que entiende en esta materia.<br \/>\n\u00a0\u00a0 \u201cTambi\u00e9n quiero reconocer el esfuerzo y la predisposici\u00f3n permanente del ministro Julio De Vido y el ingeniero Jos\u00e9 L\u00f3pez, como as\u00ed el de todo el equipo de nuestra Secretar\u00eda de Obras y Servicios P\u00fablicos municipal\u201d, destac\u00f3.<br \/>\n\u00a0\u00a0 \u201cA trav\u00e9s de este convenio realizaremos una nueva perforaci\u00f3n para ampliar la capacidad de captaci\u00f3n del sistema y luego avanzaremos con una importante extensi\u00f3n y mejoramiento de la red de distribuci\u00f3n de agua potable\u201d, se\u00f1al\u00f3.<br \/>\n\u00a0\u00a0 En esta oportunidad, se rubricaron acuerdos por 122 obras de infraestructura, que demandar\u00e1n una inversi\u00f3n de 355 millones de pesos.<br \/>\n\u00a0 \u00a0\u201cNosotros no es que hacemos municipalismo,\u00a0sino que hemos\u00a0reunido los recursos necesarios para ir a la Argentina profunda, para ir a la Provincia de Buenos Aires profunda. No nos hemos juntado aqu\u00ed para hacer una bicicleteada o comer un choripan o un asado. Nos hemos reunido aqu\u00ed para decirles que el Estado Nacional, de la mano del Presidente Kirchner, de la mano de Cristina Kirchner, junt\u00f3 los fondos necesarios para que hoy todas estas obras de aguas, de cloacas, del sector sanitario, de salud, de educaci\u00f3n, sean posibles gracias al esfuerzo y a la administraci\u00f3n de quienes no perdieron el tiempo en reuniones banales\u201d, afirm\u00f3 Julio De Vido.<br \/>\n\u00a0\u00a0 Adem\u00e1s de Tornquist, el acto cont\u00f3 con la participaci\u00f3n de los municipios de Avellaneda, Azul, Bah\u00eda Blanca, Bol\u00edvar, Bragado, Campana, Carlos Casares, Chivilcoy, Col\u00f3n, Coronel Rosales, Coronel Su\u00e1rez, Esteban Echeverr\u00eda, Florencio Varela, Florentino Ameghino, General Arenales, General Belgrano, General Lamadrid y General Paz,\u00a0 General Rodr\u00edguez, Ituzaing\u00f3, Jos\u00e9 C. Paz, Partido de La Costa, Lan\u00fas, Laprida, Leandro N. Alem ,Lezama, Lincoln, Lober\u00eda, Lobos, Lomas de Zamora, Magdalena, Mar Chiquita, Marcos Paz, Merlo, Monte Hermoso, Mor\u00f3n, Pehuaj\u00f3, Tapalqu\u00e9, Tres de Febrero, Villarino y Z\u00e1rate.<br \/>\n\u00a0\u00a0 Tambi\u00e9n participaron el subsecretario de Recursos H\u00eddricos, Edgardo Bortolozzi; el subsecretario de Desarrollo Urbano y Vivienda, Germ\u00e1n Nivello; el subsecretario de Obras P\u00fablicas, Abel Fatala; el Coordinador General de la Unidad de Coordinaci\u00f3n de Programas y Proyectos con Financiamiento Externo, Pablo Abal Medina; y el Interventor de la Comisi\u00f3n Nacional de Comunicaciones Ceferino Namuncur\u00e1, entre otros funcionarios.<\/p>\n","protected":false},"excerpt":{"rendered":"<p>[audio:http:\/\/www.tvcnoticias.com.ar\/wp-content\/uploads\/2013\/02\/GUSTAVO-TRANKELS-ANUNCIA-LA-OBRA-HIDRICA.mp3|titles=GUSTAVO TRANKELS ANUNCIA LA OBRA HIDRICA] \u00a0Un convenio para la construcci\u00f3n de un pozo de abastecimiento de agua potable en la ciudad cabecera del distrito y el mejoramiento de la red firm\u00f3 ayer el intendente municipal, licenciado Gustavo Trankels, durante una jornada de trabajo efectuada en el Ministerio de Planificaci\u00f3n Federal, Inversi\u00f3n P\u00fablica y Servicios, [&hellip;]<\/p>\n","protected":false},"author":1,"featured_media":0,"comment_status":"closed","ping_status":"open","sticky":false,"template":"","format":"standard","meta":{"footnotes":""},"categories":[51,52,53],"tags":[],"class_list":["post-10200","post","type-post","status-publish","format-standard","hentry","category-comunidad","category-destacadas","category-politica"],"yoast_head":"<!-- This site is optimized with the Yoast SEO plugin v19.7.1 - https:\/\/yoast.com\/wordpress\/plugins\/seo\/ -->\n<title>IMPORTANTE AVANCE EN LA CALIDAD DEL SERVICIO DE AGUA POTABLE EN LA CIUDAD CABECERA (Nota con el Intendente Gustavo Trankels) - CELTTV<\/title>\n<meta name=\"description\" content=\"Sitio web de noticias de la localidad de Tornquist, provincia de Buenos Aires, Rep\u00fablica Argentina. Contenido propio originado por periodistas de CELTTV, el canal de TV local de la Cooperativa El\u00e9ctrica de Tornquist. Turismo, Pol\u00edtica, Sociedad, Deporte, Cultura y todo el contenido de inter\u00e9s general que la gente del pueblo y la regi\u00f3n debe conocer.\" \/>\n<meta name=\"robots\" content=\"index, follow, max-snippet:-1, max-image-preview:large, max-video-preview:-1\" \/>\n<link rel=\"canonical\" href=\"https:\/\/www.celttv.com.ar\/index.php\/2013\/02\/19\/importante-avance-en-la-calidad-del-servicio-de-agua-potable-en-la-ciudad-cabecera\/\" \/>\n<meta property=\"og:locale\" content=\"es_ES\" \/>\n<meta property=\"og:type\" content=\"article\" \/>\n<meta property=\"og:title\" content=\"IMPORTANTE AVANCE EN LA CALIDAD DEL SERVICIO DE AGUA POTABLE EN LA CIUDAD CABECERA (Nota con el Intendente Gustavo Trankels) - CELTTV\" \/>\n<meta property=\"og:description\" content=\"Sitio web de noticias de la localidad de Tornquist, provincia de Buenos Aires, Rep\u00fablica Argentina. Contenido propio originado por periodistas de CELTTV, el canal de TV local de la Cooperativa El\u00e9ctrica de Tornquist. Turismo, Pol\u00edtica, Sociedad, Deporte, Cultura y todo el contenido de inter\u00e9s general que la gente del pueblo y la regi\u00f3n debe conocer.\" \/>\n<meta property=\"og:url\" content=\"https:\/\/www.celttv.com.ar\/index.php\/2013\/02\/19\/importante-avance-en-la-calidad-del-servicio-de-agua-potable-en-la-ciudad-cabecera\/\" \/>\n<meta property=\"og:site_name\" content=\"CELTTV\" \/>\n<meta property=\"article:publisher\" content=\"https:\/\/www.facebook.com\/celtTV\/\" \/>\n<meta property=\"article:published_time\" content=\"2013-02-19T13:41:10+00:00\" \/>\n<meta name=\"author\" content=\"ulises\" \/>\n<meta name=\"twitter:card\" content=\"summary_large_image\" \/>\n<meta name=\"twitter:label1\" content=\"Escrito por\" \/>\n\t<meta name=\"twitter:data1\" content=\"ulises\" \/>\n\t<meta name=\"twitter:label2\" content=\"Tiempo de lectura\" \/>\n\t<meta name=\"twitter:data2\" content=\"3 minutos\" \/>\n<script type=\"application\/ld+json\" class=\"yoast-schema-graph\">{\"@context\":\"https:\/\/schema.org\",\"@graph\":[{\"@type\":\"NewsArticle\",\"@id\":\"https:\/\/www.celttv.com.ar\/index.php\/2013\/02\/19\/importante-avance-en-la-calidad-del-servicio-de-agua-potable-en-la-ciudad-cabecera\/#article\",\"isPartOf\":{\"@id\":\"https:\/\/www.celttv.com.ar\/index.php\/2013\/02\/19\/importante-avance-en-la-calidad-del-servicio-de-agua-potable-en-la-ciudad-cabecera\/\"},\"author\":{\"name\":\"ulises\",\"@id\":\"https:\/\/www.celttv.com.ar\/#\/schema\/person\/6d99c072dba59953809c81446e9d0ace\"},\"headline\":\"IMPORTANTE AVANCE EN LA CALIDAD DEL SERVICIO DE AGUA POTABLE EN LA CIUDAD CABECERA (Nota con el Intendente Gustavo Trankels)\",\"datePublished\":\"2013-02-19T13:41:10+00:00\",\"dateModified\":\"2013-02-19T13:41:10+00:00\",\"mainEntityOfPage\":{\"@id\":\"https:\/\/www.celttv.com.ar\/index.php\/2013\/02\/19\/importante-avance-en-la-calidad-del-servicio-de-agua-potable-en-la-ciudad-cabecera\/\"},\"wordCount\":663,\"publisher\":{\"@id\":\"https:\/\/www.celttv.com.ar\/#organization\"},\"articleSection\":[\"Comunidad\",\"Destacadas\",\"Pol\u00edtica\"],\"inLanguage\":\"es\"},{\"@type\":\"WebPage\",\"@id\":\"https:\/\/www.celttv.com.ar\/index.php\/2013\/02\/19\/importante-avance-en-la-calidad-del-servicio-de-agua-potable-en-la-ciudad-cabecera\/\",\"url\":\"https:\/\/www.celttv.com.ar\/index.php\/2013\/02\/19\/importante-avance-en-la-calidad-del-servicio-de-agua-potable-en-la-ciudad-cabecera\/\",\"name\":\"IMPORTANTE AVANCE EN LA CALIDAD DEL SERVICIO DE AGUA POTABLE EN LA CIUDAD CABECERA (Nota con el Intendente Gustavo Trankels) - CELTTV\",\"isPartOf\":{\"@id\":\"https:\/\/www.celttv.com.ar\/#website\"},\"datePublished\":\"2013-02-19T13:41:10+00:00\",\"dateModified\":\"2013-02-19T13:41:10+00:00\",\"description\":\"Sitio web de noticias de la localidad de Tornquist, provincia de Buenos Aires, Rep\u00fablica Argentina. Contenido propio originado por periodistas de CELTTV, el canal de TV local de la Cooperativa El\u00e9ctrica de Tornquist. Turismo, Pol\u00edtica, Sociedad, Deporte, Cultura y todo el contenido de inter\u00e9s general que la gente del pueblo y la regi\u00f3n debe conocer.\",\"breadcrumb\":{\"@id\":\"https:\/\/www.celttv.com.ar\/index.php\/2013\/02\/19\/importante-avance-en-la-calidad-del-servicio-de-agua-potable-en-la-ciudad-cabecera\/#breadcrumb\"},\"inLanguage\":\"es\",\"potentialAction\":[{\"@type\":\"ReadAction\",\"target\":[\"https:\/\/www.celttv.com.ar\/index.php\/2013\/02\/19\/importante-avance-en-la-calidad-del-servicio-de-agua-potable-en-la-ciudad-cabecera\/\"]}]},{\"@type\":\"BreadcrumbList\",\"@id\":\"https:\/\/www.celttv.com.ar\/index.php\/2013\/02\/19\/importante-avance-en-la-calidad-del-servicio-de-agua-potable-en-la-ciudad-cabecera\/#breadcrumb\",\"itemListElement\":[{\"@type\":\"ListItem\",\"position\":1,\"name\":\"Inicio\",\"item\":\"https:\/\/www.celttv.com.ar\/\"},{\"@type\":\"ListItem\",\"position\":2,\"name\":\"IMPORTANTE AVANCE EN LA CALIDAD DEL SERVICIO DE AGUA POTABLE EN LA CIUDAD CABECERA (Nota con el Intendente Gustavo Trankels)\"}]},{\"@type\":\"WebSite\",\"@id\":\"https:\/\/www.celttv.com.ar\/#website\",\"url\":\"https:\/\/www.celttv.com.ar\/\",\"name\":\"CELTTV\",\"description\":\"Cooperativa El\u00e9ctrica de Tornquist\",\"publisher\":{\"@id\":\"https:\/\/www.celttv.com.ar\/#organization\"},\"potentialAction\":[{\"@type\":\"SearchAction\",\"target\":{\"@type\":\"EntryPoint\",\"urlTemplate\":\"https:\/\/www.celttv.com.ar\/?s={search_term_string}\"},\"query-input\":\"required name=search_term_string\"}],\"inLanguage\":\"es\"},{\"@type\":\"Organization\",\"@id\":\"https:\/\/www.celttv.com.ar\/#organization\",\"name\":\"CELTTV\",\"url\":\"https:\/\/www.celttv.com.ar\/\",\"sameAs\":[\"https:\/\/www.youtube.com\/channel\/UCz_oIt8Hig64Ub-EmcNPIhg\",\"https:\/\/www.facebook.com\/celtTV\/\"],\"logo\":{\"@type\":\"ImageObject\",\"inLanguage\":\"es\",\"@id\":\"https:\/\/www.celttv.com.ar\/#\/schema\/logo\/image\/\",\"url\":\"http:\/\/www.celttv.com.ar\/wp-content\/uploads\/2022\/08\/logo-1.png\",\"contentUrl\":\"http:\/\/www.celttv.com.ar\/wp-content\/uploads\/2022\/08\/logo-1.png\",\"width\":461,\"height\":159,\"caption\":\"CELTTV\"},\"image\":{\"@id\":\"https:\/\/www.celttv.com.ar\/#\/schema\/logo\/image\/\"}},{\"@type\":\"Person\",\"@id\":\"https:\/\/www.celttv.com.ar\/#\/schema\/person\/6d99c072dba59953809c81446e9d0ace\",\"name\":\"ulises\",\"image\":{\"@type\":\"ImageObject\",\"inLanguage\":\"es\",\"@id\":\"https:\/\/www.celttv.com.ar\/#\/schema\/person\/image\/\",\"url\":\"https:\/\/secure.gravatar.com\/avatar\/7f2c48bdc33b30088f941fb6082e555f2874c98e20cb159d7b92b50eadfce793?s=96&d=mm&r=g\",\"contentUrl\":\"https:\/\/secure.gravatar.com\/avatar\/7f2c48bdc33b30088f941fb6082e555f2874c98e20cb159d7b92b50eadfce793?s=96&d=mm&r=g\",\"caption\":\"ulises\"},\"sameAs\":[\"http:\/\/www.celttv.com.ar\"]}]}<\/script>\n<!-- \/ Yoast SEO plugin. -->","yoast_head_json":{"title":"IMPORTANTE AVANCE EN LA CALIDAD DEL SERVICIO DE AGUA POTABLE EN LA CIUDAD CABECERA (Nota con el Intendente Gustavo Trankels) - CELTTV","description":"Sitio web de noticias de la localidad de Tornquist, provincia de Buenos Aires, Rep\u00fablica Argentina. Contenido propio originado por periodistas de CELTTV, el canal de TV local de la Cooperativa El\u00e9ctrica de Tornquist. Turismo, Pol\u00edtica, Sociedad, Deporte, Cultura y todo el contenido de inter\u00e9s general que la gente del pueblo y la regi\u00f3n debe conocer.","robots":{"index":"index","follow":"follow","max-snippet":"max-snippet:-1","max-image-preview":"max-image-preview:large","max-video-preview":"max-video-preview:-1"},"canonical":"https:\/\/www.celttv.com.ar\/index.php\/2013\/02\/19\/importante-avance-en-la-calidad-del-servicio-de-agua-potable-en-la-ciudad-cabecera\/","og_locale":"es_ES","og_type":"article","og_title":"IMPORTANTE AVANCE EN LA CALIDAD DEL SERVICIO DE AGUA POTABLE EN LA CIUDAD CABECERA (Nota con el Intendente Gustavo Trankels) - CELTTV","og_description":"Sitio web de noticias de la localidad de Tornquist, provincia de Buenos Aires, Rep\u00fablica Argentina. Contenido propio originado por periodistas de CELTTV, el canal de TV local de la Cooperativa El\u00e9ctrica de Tornquist. Turismo, Pol\u00edtica, Sociedad, Deporte, Cultura y todo el contenido de inter\u00e9s general que la gente del pueblo y la regi\u00f3n debe conocer.","og_url":"https:\/\/www.celttv.com.ar\/index.php\/2013\/02\/19\/importante-avance-en-la-calidad-del-servicio-de-agua-potable-en-la-ciudad-cabecera\/","og_site_name":"CELTTV","article_publisher":"https:\/\/www.facebook.com\/celtTV\/","article_published_time":"2013-02-19T13:41:10+00:00","author":"ulises","twitter_card":"summary_large_image","twitter_misc":{"Escrito por":"ulises","Tiempo de lectura":"3 minutos"},"schema":{"@context":"https:\/\/schema.org","@graph":[{"@type":"NewsArticle","@id":"https:\/\/www.celttv.com.ar\/index.php\/2013\/02\/19\/importante-avance-en-la-calidad-del-servicio-de-agua-potable-en-la-ciudad-cabecera\/#article","isPartOf":{"@id":"https:\/\/www.celttv.com.ar\/index.php\/2013\/02\/19\/importante-avance-en-la-calidad-del-servicio-de-agua-potable-en-la-ciudad-cabecera\/"},"author":{"name":"ulises","@id":"https:\/\/www.celttv.com.ar\/#\/schema\/person\/6d99c072dba59953809c81446e9d0ace"},"headline":"IMPORTANTE AVANCE EN LA CALIDAD DEL SERVICIO DE AGUA POTABLE EN LA CIUDAD CABECERA (Nota con el Intendente Gustavo Trankels)","datePublished":"2013-02-19T13:41:10+00:00","dateModified":"2013-02-19T13:41:10+00:00","mainEntityOfPage":{"@id":"https:\/\/www.celttv.com.ar\/index.php\/2013\/02\/19\/importante-avance-en-la-calidad-del-servicio-de-agua-potable-en-la-ciudad-cabecera\/"},"wordCount":663,"publisher":{"@id":"https:\/\/www.celttv.com.ar\/#organization"},"articleSection":["Comunidad","Destacadas","Pol\u00edtica"],"inLanguage":"es"},{"@type":"WebPage","@id":"https:\/\/www.celttv.com.ar\/index.php\/2013\/02\/19\/importante-avance-en-la-calidad-del-servicio-de-agua-potable-en-la-ciudad-cabecera\/","url":"https:\/\/www.celttv.com.ar\/index.php\/2013\/02\/19\/importante-avance-en-la-calidad-del-servicio-de-agua-potable-en-la-ciudad-cabecera\/","name":"IMPORTANTE AVANCE EN LA CALIDAD DEL SERVICIO DE AGUA POTABLE EN LA CIUDAD CABECERA (Nota con el Intendente Gustavo Trankels) - CELTTV","isPartOf":{"@id":"https:\/\/www.celttv.com.ar\/#website"},"datePublished":"2013-02-19T13:41:10+00:00","dateModified":"2013-02-19T13:41:10+00:00","description":"Sitio web de noticias de la localidad de Tornquist, provincia de Buenos Aires, Rep\u00fablica Argentina. Contenido propio originado por periodistas de CELTTV, el canal de TV local de la Cooperativa El\u00e9ctrica de Tornquist. Turismo, Pol\u00edtica, Sociedad, Deporte, Cultura y todo el contenido de inter\u00e9s general que la gente del pueblo y la regi\u00f3n debe conocer.","breadcrumb":{"@id":"https:\/\/www.celttv.com.ar\/index.php\/2013\/02\/19\/importante-avance-en-la-calidad-del-servicio-de-agua-potable-en-la-ciudad-cabecera\/#breadcrumb"},"inLanguage":"es","potentialAction":[{"@type":"ReadAction","target":["https:\/\/www.celttv.com.ar\/index.php\/2013\/02\/19\/importante-avance-en-la-calidad-del-servicio-de-agua-potable-en-la-ciudad-cabecera\/"]}]},{"@type":"BreadcrumbList","@id":"https:\/\/www.celttv.com.ar\/index.php\/2013\/02\/19\/importante-avance-en-la-calidad-del-servicio-de-agua-potable-en-la-ciudad-cabecera\/#breadcrumb","itemListElement":[{"@type":"ListItem","position":1,"name":"Inicio","item":"https:\/\/www.celttv.com.ar\/"},{"@type":"ListItem","position":2,"name":"IMPORTANTE AVANCE EN LA CALIDAD DEL SERVICIO DE AGUA POTABLE EN LA CIUDAD CABECERA (Nota con el Intendente Gustavo Trankels)"}]},{"@type":"WebSite","@id":"https:\/\/www.celttv.com.ar\/#website","url":"https:\/\/www.celttv.com.ar\/","name":"CELTTV","description":"Cooperativa El\u00e9ctrica de Tornquist","publisher":{"@id":"https:\/\/www.celttv.com.ar\/#organization"},"potentialAction":[{"@type":"SearchAction","target":{"@type":"EntryPoint","urlTemplate":"https:\/\/www.celttv.com.ar\/?s={search_term_string}"},"query-input":"required name=search_term_string"}],"inLanguage":"es"},{"@type":"Organization","@id":"https:\/\/www.celttv.com.ar\/#organization","name":"CELTTV","url":"https:\/\/www.celttv.com.ar\/","sameAs":["https:\/\/www.youtube.com\/channel\/UCz_oIt8Hig64Ub-EmcNPIhg","https:\/\/www.facebook.com\/celtTV\/"],"logo":{"@type":"ImageObject","inLanguage":"es","@id":"https:\/\/www.celttv.com.ar\/#\/schema\/logo\/image\/","url":"http:\/\/www.celttv.com.ar\/wp-content\/uploads\/2022\/08\/logo-1.png","contentUrl":"http:\/\/www.celttv.com.ar\/wp-content\/uploads\/2022\/08\/logo-1.png","width":461,"height":159,"caption":"CELTTV"},"image":{"@id":"https:\/\/www.celttv.com.ar\/#\/schema\/logo\/image\/"}},{"@type":"Person","@id":"https:\/\/www.celttv.com.ar\/#\/schema\/person\/6d99c072dba59953809c81446e9d0ace","name":"ulises","image":{"@type":"ImageObject","inLanguage":"es","@id":"https:\/\/www.celttv.com.ar\/#\/schema\/person\/image\/","url":"https:\/\/secure.gravatar.com\/avatar\/7f2c48bdc33b30088f941fb6082e555f2874c98e20cb159d7b92b50eadfce793?s=96&d=mm&r=g","contentUrl":"https:\/\/secure.gravatar.com\/avatar\/7f2c48bdc33b30088f941fb6082e555f2874c98e20cb159d7b92b50eadfce793?s=96&d=mm&r=g","caption":"ulises"},"sameAs":["http:\/\/www.celttv.com.ar"]}]}},"_links":{"self":[{"href":"https:\/\/www.celttv.com.ar\/index.php\/wp-json\/wp\/v2\/posts\/10200","targetHints":{"allow":["GET"]}}],"collection":[{"href":"https:\/\/www.celttv.com.ar\/index.php\/wp-json\/wp\/v2\/posts"}],"about":[{"href":"https:\/\/www.celttv.com.ar\/index.php\/wp-json\/wp\/v2\/types\/post"}],"author":[{"embeddable":true,"href":"https:\/\/www.celttv.com.ar\/index.php\/wp-json\/wp\/v2\/users\/1"}],"replies":[{"embeddable":true,"href":"https:\/\/www.celttv.com.ar\/index.php\/wp-json\/wp\/v2\/comments?post=10200"}],"version-history":[{"count":0,"href":"https:\/\/www.celttv.com.ar\/index.php\/wp-json\/wp\/v2\/posts\/10200\/revisions"}],"wp:attachment":[{"href":"https:\/\/www.celttv.com.ar\/index.php\/wp-json\/wp\/v2\/media?parent=10200"}],"wp:term":[{"taxonomy":"category","embeddable":true,"href":"https:\/\/www.celttv.com.ar\/index.php\/wp-json\/wp\/v2\/categories?post=10200"},{"taxonomy":"post_tag","embeddable":true,"href":"https:\/\/www.celttv.com.ar\/index.php\/wp-json\/wp\/v2\/tags?post=10200"}],"curies":[{"name":"wp","href":"https:\/\/api.w.org\/{rel}","templated":true}]}}