{"id":10214,"date":"2013-02-19T20:03:49","date_gmt":"2013-02-19T20:03:49","guid":{"rendered":"http:\/\/www.tvcnoticias.com.ar\/?p=10214"},"modified":"2013-02-19T20:03:49","modified_gmt":"2013-02-19T20:03:49","slug":"futbol-2013-el-campeonato-se-jugara-en-dos-zonas","status":"publish","type":"post","link":"https:\/\/www.celttv.com.ar\/index.php\/2013\/02\/19\/futbol-2013-el-campeonato-se-jugara-en-dos-zonas\/","title":{"rendered":"FUTBOL 2013: EL CAMPEONATO SE JUGARA EN DOS ZONAS"},"content":{"rendered":"<p><br \/>\nSer\u00e1n no geogr\u00e1ficas y los equipos que queden libres en cada una jugar\u00e1n los cl\u00e1sicos a manera de interzonal. El inicio se fij\u00f3 para el 17 de marzo.\u00a0\u00a0\u00a0<br \/>\nEn dos zonas no geogr\u00e1ficas, conformadas a partir de una divisi\u00f3n de equipos en parejas, se jugar\u00e1 el campeonato superior 2013 de la Liga Regional de F\u00fatbol de Coronel Su\u00e1rez, de acuerdo a lo resuelto este lunes a la noche por los clubes en una reuni\u00f3n realizada al efecto en el quincho \u201cJos\u00e9 \u00c1ngel Urroz\u201d del Club Atl\u00e9tico Boca Juniors.<br \/>\nCuando todo parec\u00eda indicar que se mantendr\u00eda el sistema del a\u00f1o pasado, con una primera etapa todos contra todos, la propuesta elevada en conjunto por El Progreso y por Boca Juniors logr\u00f3 torcer la balanza con 11 votos contra 9 (Argentino Junior de Darregueira se abstuvo porque su intenci\u00f3n era no intervenir, mientras que San Mart\u00edn de Carhu\u00e9 falt\u00f3 a la cita), fundamentalmente a partir del cambio de opini\u00f3n de Racing y Empleados de Comercio respecto de la primera reuni\u00f3n llevada a cabo a principios de este mes.<br \/>\nTras un sorteo realizado, los grupos quedaron conformados de la siguiente manera:<br \/>\nZona \u201cA\u201d: Deportivo Sarmiento, Club Sarmiento, Independiente, Puan F. Club, Racing Club, Uni\u00f3n de Tornquist, Empleados de Comercio, Deportivo Argentino, Atl\u00e9tico Huanguel\u00e9n, Argentino Junior de Darregueira y Tiro Federal de Coronel Su\u00e1rez.<br \/>\nZona \u201cB\u201d: Blanco y Negro, Pe\u00f1arol de Pig\u00fc\u00e9, El Progreso, Tiro Federal de Puan, San Mart\u00edn de Carhu\u00e9, Automoto, Pe\u00f1arol de Guamin\u00ed, Uni\u00f3n Pig\u00fc\u00e9, San Mart\u00edn de Santa Trinidad, San Mart\u00edn de Saavedra y Boca Juniors.<br \/>\nEn cada zona se jugar\u00e1 todos contra todos a una rueda, clasificando los primeros ocho de cada zona. Los equipos que quedan libres juegan entre s\u00ed los partidos cl\u00e1sicos, de acuerdo a las parejas correspondientes. En caso de empate entre equipos se aplicar\u00e1 el desempate ol\u00edmpico.<br \/>\nEn la instancia de octavos de final confrontar\u00edan: 1\u00b0 zona \u201cA\u201d vs. 8\u00b0 zona \u201cB\u201d; 2\u00b0 zona \u201cA\u201d vs. 7\u00b0 zona \u201cB\u201d; 3\u00b0 zona \u201cA\u201d vs. 6\u00b0 zona \u201cB\u201d; 4\u00b0 zona \u201cA\u201d vs. 5\u00b0 zona \u201cB\u201d; 1\u00b0 zona \u201cB\u201d vs. 8\u00b0 zona \u201cA\u201d; 2\u00b0 zona \u201cB\u201d vs. 7\u00b0 zona \u201cA\u201d; 3\u00b0 zona \u201cB\u201d vs. 6\u00b0 zona \u201cA\u201d y 4\u00b0 zona \u201cB\u201d vs. 5\u00b0 zona \u201cA\u201d.<br \/>\nSe jugar\u00e1 un partido con local\u00eda para el mejor clasificado. En caso de empate con ventaja deportiva para el mejor clasificado, con recaudaci\u00f3n y gastos compartidos, pasando a los cuartos de final los ganadores de cada partido.<br \/>\nEn cuartos de final, semifinales y final se jugar\u00e1 en cancha neutral.<br \/>\nEl torneo Clausura se jugar\u00eda de manera similar al Apertura y en caso de no ser el mismo ganador, se jugar\u00eda una serie al mejor de tres partidos para definir el campe\u00f3n.<br \/>\nLos clubes, tambi\u00e9n por mayor\u00eda (13 votos contra 8) avalaron la propuesta de San Mart\u00edn de Saavedra para reabrir el libro de pases una vez terminado el Apertura para permitir realizar un pase interligas.<br \/>\nEn tanto, en Reserva se clasificar\u00e1n dos equipos de cada zona para disputar semifinales.<br \/>\nErnesto Palenzona, reelecto<br \/>\nTal como se presum\u00eda, en la asamblea general ordinaria realizada en el comienzo de las deliberaciones, Ernesto Palenzona fue reelecto como presidente del consejo directivo de la Liga Regional de F\u00fatbol por un nuevo per\u00edodo.<br \/>\nLo propio ocurri\u00f3 con los dem\u00e1s integrantes de la mesa ejecutiva y con los integrantes del Tribunal de Penas.<\/p>\n","protected":false},"excerpt":{"rendered":"<p>Ser\u00e1n no geogr\u00e1ficas y los equipos que queden libres en cada una jugar\u00e1n los cl\u00e1sicos a manera de interzonal. El inicio se fij\u00f3 para el 17 de marzo.\u00a0\u00a0\u00a0 En dos zonas no geogr\u00e1ficas, conformadas a partir de una divisi\u00f3n de equipos en parejas, se jugar\u00e1 el campeonato superior 2013 de la Liga Regional de F\u00fatbol [&hellip;]<\/p>\n","protected":false},"author":1,"featured_media":0,"comment_status":"closed","ping_status":"open","sticky":false,"template":"","format":"standard","meta":{"footnotes":""},"categories":[60,52],"tags":[],"class_list":["post-10214","post","type-post","status-publish","format-standard","hentry","category-deporte","category-destacadas"],"yoast_head":"<!-- This site is optimized with the Yoast SEO plugin v19.7.1 - https:\/\/yoast.com\/wordpress\/plugins\/seo\/ -->\n<title>FUTBOL 2013: EL CAMPEONATO SE JUGARA EN DOS ZONAS - CELTTV<\/title>\n<meta name=\"description\" content=\"Sitio web de noticias de la localidad de Tornquist, provincia de Buenos Aires, Rep\u00fablica Argentina. Contenido propio originado por periodistas de CELTTV, el canal de TV local de la Cooperativa El\u00e9ctrica de Tornquist. Turismo, Pol\u00edtica, Sociedad, Deporte, Cultura y todo el contenido de inter\u00e9s general que la gente del pueblo y la regi\u00f3n debe conocer.\" \/>\n<meta name=\"robots\" content=\"index, follow, max-snippet:-1, max-image-preview:large, max-video-preview:-1\" \/>\n<link rel=\"canonical\" href=\"https:\/\/www.celttv.com.ar\/index.php\/2013\/02\/19\/futbol-2013-el-campeonato-se-jugara-en-dos-zonas\/\" \/>\n<meta property=\"og:locale\" content=\"es_ES\" \/>\n<meta property=\"og:type\" content=\"article\" \/>\n<meta property=\"og:title\" content=\"FUTBOL 2013: EL CAMPEONATO SE JUGARA EN DOS ZONAS - CELTTV\" \/>\n<meta property=\"og:description\" content=\"Sitio web de noticias de la localidad de Tornquist, provincia de Buenos Aires, Rep\u00fablica Argentina. Contenido propio originado por periodistas de CELTTV, el canal de TV local de la Cooperativa El\u00e9ctrica de Tornquist. Turismo, Pol\u00edtica, Sociedad, Deporte, Cultura y todo el contenido de inter\u00e9s general que la gente del pueblo y la regi\u00f3n debe conocer.\" \/>\n<meta property=\"og:url\" content=\"https:\/\/www.celttv.com.ar\/index.php\/2013\/02\/19\/futbol-2013-el-campeonato-se-jugara-en-dos-zonas\/\" \/>\n<meta property=\"og:site_name\" content=\"CELTTV\" \/>\n<meta property=\"article:publisher\" content=\"https:\/\/www.facebook.com\/celtTV\/\" \/>\n<meta property=\"article:published_time\" content=\"2013-02-19T20:03:49+00:00\" \/>\n<meta name=\"author\" content=\"ulises\" \/>\n<meta name=\"twitter:card\" content=\"summary_large_image\" \/>\n<meta name=\"twitter:label1\" content=\"Escrito por\" \/>\n\t<meta name=\"twitter:data1\" content=\"ulises\" \/>\n\t<meta name=\"twitter:label2\" content=\"Tiempo de lectura\" \/>\n\t<meta name=\"twitter:data2\" content=\"3 minutos\" \/>\n<script type=\"application\/ld+json\" class=\"yoast-schema-graph\">{\"@context\":\"https:\/\/schema.org\",\"@graph\":[{\"@type\":\"NewsArticle\",\"@id\":\"https:\/\/www.celttv.com.ar\/index.php\/2013\/02\/19\/futbol-2013-el-campeonato-se-jugara-en-dos-zonas\/#article\",\"isPartOf\":{\"@id\":\"https:\/\/www.celttv.com.ar\/index.php\/2013\/02\/19\/futbol-2013-el-campeonato-se-jugara-en-dos-zonas\/\"},\"author\":{\"name\":\"ulises\",\"@id\":\"https:\/\/www.celttv.com.ar\/#\/schema\/person\/6d99c072dba59953809c81446e9d0ace\"},\"headline\":\"FUTBOL 2013: EL CAMPEONATO SE JUGARA EN DOS ZONAS\",\"datePublished\":\"2013-02-19T20:03:49+00:00\",\"dateModified\":\"2013-02-19T20:03:49+00:00\",\"mainEntityOfPage\":{\"@id\":\"https:\/\/www.celttv.com.ar\/index.php\/2013\/02\/19\/futbol-2013-el-campeonato-se-jugara-en-dos-zonas\/\"},\"wordCount\":586,\"publisher\":{\"@id\":\"https:\/\/www.celttv.com.ar\/#organization\"},\"articleSection\":[\"Deporte\",\"Destacadas\"],\"inLanguage\":\"es\"},{\"@type\":\"WebPage\",\"@id\":\"https:\/\/www.celttv.com.ar\/index.php\/2013\/02\/19\/futbol-2013-el-campeonato-se-jugara-en-dos-zonas\/\",\"url\":\"https:\/\/www.celttv.com.ar\/index.php\/2013\/02\/19\/futbol-2013-el-campeonato-se-jugara-en-dos-zonas\/\",\"name\":\"FUTBOL 2013: EL CAMPEONATO SE JUGARA EN DOS ZONAS - CELTTV\",\"isPartOf\":{\"@id\":\"https:\/\/www.celttv.com.ar\/#website\"},\"datePublished\":\"2013-02-19T20:03:49+00:00\",\"dateModified\":\"2013-02-19T20:03:49+00:00\",\"description\":\"Sitio web de noticias de la localidad de Tornquist, provincia de Buenos Aires, Rep\u00fablica Argentina. Contenido propio originado por periodistas de CELTTV, el canal de TV local de la Cooperativa El\u00e9ctrica de Tornquist. Turismo, Pol\u00edtica, Sociedad, Deporte, Cultura y todo el contenido de inter\u00e9s general que la gente del pueblo y la regi\u00f3n debe conocer.\",\"breadcrumb\":{\"@id\":\"https:\/\/www.celttv.com.ar\/index.php\/2013\/02\/19\/futbol-2013-el-campeonato-se-jugara-en-dos-zonas\/#breadcrumb\"},\"inLanguage\":\"es\",\"potentialAction\":[{\"@type\":\"ReadAction\",\"target\":[\"https:\/\/www.celttv.com.ar\/index.php\/2013\/02\/19\/futbol-2013-el-campeonato-se-jugara-en-dos-zonas\/\"]}]},{\"@type\":\"BreadcrumbList\",\"@id\":\"https:\/\/www.celttv.com.ar\/index.php\/2013\/02\/19\/futbol-2013-el-campeonato-se-jugara-en-dos-zonas\/#breadcrumb\",\"itemListElement\":[{\"@type\":\"ListItem\",\"position\":1,\"name\":\"Inicio\",\"item\":\"https:\/\/www.celttv.com.ar\/\"},{\"@type\":\"ListItem\",\"position\":2,\"name\":\"FUTBOL 2013: EL CAMPEONATO SE JUGARA EN DOS ZONAS\"}]},{\"@type\":\"WebSite\",\"@id\":\"https:\/\/www.celttv.com.ar\/#website\",\"url\":\"https:\/\/www.celttv.com.ar\/\",\"name\":\"CELTTV\",\"description\":\"Cooperativa El\u00e9ctrica de Tornquist\",\"publisher\":{\"@id\":\"https:\/\/www.celttv.com.ar\/#organization\"},\"potentialAction\":[{\"@type\":\"SearchAction\",\"target\":{\"@type\":\"EntryPoint\",\"urlTemplate\":\"https:\/\/www.celttv.com.ar\/?s={search_term_string}\"},\"query-input\":\"required name=search_term_string\"}],\"inLanguage\":\"es\"},{\"@type\":\"Organization\",\"@id\":\"https:\/\/www.celttv.com.ar\/#organization\",\"name\":\"CELTTV\",\"url\":\"https:\/\/www.celttv.com.ar\/\",\"sameAs\":[\"https:\/\/www.youtube.com\/channel\/UCz_oIt8Hig64Ub-EmcNPIhg\",\"https:\/\/www.facebook.com\/celtTV\/\"],\"logo\":{\"@type\":\"ImageObject\",\"inLanguage\":\"es\",\"@id\":\"https:\/\/www.celttv.com.ar\/#\/schema\/logo\/image\/\",\"url\":\"http:\/\/www.celttv.com.ar\/wp-content\/uploads\/2022\/08\/logo-1.png\",\"contentUrl\":\"http:\/\/www.celttv.com.ar\/wp-content\/uploads\/2022\/08\/logo-1.png\",\"width\":461,\"height\":159,\"caption\":\"CELTTV\"},\"image\":{\"@id\":\"https:\/\/www.celttv.com.ar\/#\/schema\/logo\/image\/\"}},{\"@type\":\"Person\",\"@id\":\"https:\/\/www.celttv.com.ar\/#\/schema\/person\/6d99c072dba59953809c81446e9d0ace\",\"name\":\"ulises\",\"image\":{\"@type\":\"ImageObject\",\"inLanguage\":\"es\",\"@id\":\"https:\/\/www.celttv.com.ar\/#\/schema\/person\/image\/\",\"url\":\"https:\/\/secure.gravatar.com\/avatar\/7f2c48bdc33b30088f941fb6082e555f2874c98e20cb159d7b92b50eadfce793?s=96&d=mm&r=g\",\"contentUrl\":\"https:\/\/secure.gravatar.com\/avatar\/7f2c48bdc33b30088f941fb6082e555f2874c98e20cb159d7b92b50eadfce793?s=96&d=mm&r=g\",\"caption\":\"ulises\"},\"sameAs\":[\"http:\/\/www.celttv.com.ar\"]}]}<\/script>\n<!-- \/ Yoast SEO plugin. -->","yoast_head_json":{"title":"FUTBOL 2013: EL CAMPEONATO SE JUGARA EN DOS ZONAS - CELTTV","description":"Sitio web de noticias de la localidad de Tornquist, provincia de Buenos Aires, Rep\u00fablica Argentina. Contenido propio originado por periodistas de CELTTV, el canal de TV local de la Cooperativa El\u00e9ctrica de Tornquist. Turismo, Pol\u00edtica, Sociedad, Deporte, Cultura y todo el contenido de inter\u00e9s general que la gente del pueblo y la regi\u00f3n debe conocer.","robots":{"index":"index","follow":"follow","max-snippet":"max-snippet:-1","max-image-preview":"max-image-preview:large","max-video-preview":"max-video-preview:-1"},"canonical":"https:\/\/www.celttv.com.ar\/index.php\/2013\/02\/19\/futbol-2013-el-campeonato-se-jugara-en-dos-zonas\/","og_locale":"es_ES","og_type":"article","og_title":"FUTBOL 2013: EL CAMPEONATO SE JUGARA EN DOS ZONAS - CELTTV","og_description":"Sitio web de noticias de la localidad de Tornquist, provincia de Buenos Aires, Rep\u00fablica Argentina. Contenido propio originado por periodistas de CELTTV, el canal de TV local de la Cooperativa El\u00e9ctrica de Tornquist. Turismo, Pol\u00edtica, Sociedad, Deporte, Cultura y todo el contenido de inter\u00e9s general que la gente del pueblo y la regi\u00f3n debe conocer.","og_url":"https:\/\/www.celttv.com.ar\/index.php\/2013\/02\/19\/futbol-2013-el-campeonato-se-jugara-en-dos-zonas\/","og_site_name":"CELTTV","article_publisher":"https:\/\/www.facebook.com\/celtTV\/","article_published_time":"2013-02-19T20:03:49+00:00","author":"ulises","twitter_card":"summary_large_image","twitter_misc":{"Escrito por":"ulises","Tiempo de lectura":"3 minutos"},"schema":{"@context":"https:\/\/schema.org","@graph":[{"@type":"NewsArticle","@id":"https:\/\/www.celttv.com.ar\/index.php\/2013\/02\/19\/futbol-2013-el-campeonato-se-jugara-en-dos-zonas\/#article","isPartOf":{"@id":"https:\/\/www.celttv.com.ar\/index.php\/2013\/02\/19\/futbol-2013-el-campeonato-se-jugara-en-dos-zonas\/"},"author":{"name":"ulises","@id":"https:\/\/www.celttv.com.ar\/#\/schema\/person\/6d99c072dba59953809c81446e9d0ace"},"headline":"FUTBOL 2013: EL CAMPEONATO SE JUGARA EN DOS ZONAS","datePublished":"2013-02-19T20:03:49+00:00","dateModified":"2013-02-19T20:03:49+00:00","mainEntityOfPage":{"@id":"https:\/\/www.celttv.com.ar\/index.php\/2013\/02\/19\/futbol-2013-el-campeonato-se-jugara-en-dos-zonas\/"},"wordCount":586,"publisher":{"@id":"https:\/\/www.celttv.com.ar\/#organization"},"articleSection":["Deporte","Destacadas"],"inLanguage":"es"},{"@type":"WebPage","@id":"https:\/\/www.celttv.com.ar\/index.php\/2013\/02\/19\/futbol-2013-el-campeonato-se-jugara-en-dos-zonas\/","url":"https:\/\/www.celttv.com.ar\/index.php\/2013\/02\/19\/futbol-2013-el-campeonato-se-jugara-en-dos-zonas\/","name":"FUTBOL 2013: EL CAMPEONATO SE JUGARA EN DOS ZONAS - CELTTV","isPartOf":{"@id":"https:\/\/www.celttv.com.ar\/#website"},"datePublished":"2013-02-19T20:03:49+00:00","dateModified":"2013-02-19T20:03:49+00:00","description":"Sitio web de noticias de la localidad de Tornquist, provincia de Buenos Aires, Rep\u00fablica Argentina. Contenido propio originado por periodistas de CELTTV, el canal de TV local de la Cooperativa El\u00e9ctrica de Tornquist. Turismo, Pol\u00edtica, Sociedad, Deporte, Cultura y todo el contenido de inter\u00e9s general que la gente del pueblo y la regi\u00f3n debe conocer.","breadcrumb":{"@id":"https:\/\/www.celttv.com.ar\/index.php\/2013\/02\/19\/futbol-2013-el-campeonato-se-jugara-en-dos-zonas\/#breadcrumb"},"inLanguage":"es","potentialAction":[{"@type":"ReadAction","target":["https:\/\/www.celttv.com.ar\/index.php\/2013\/02\/19\/futbol-2013-el-campeonato-se-jugara-en-dos-zonas\/"]}]},{"@type":"BreadcrumbList","@id":"https:\/\/www.celttv.com.ar\/index.php\/2013\/02\/19\/futbol-2013-el-campeonato-se-jugara-en-dos-zonas\/#breadcrumb","itemListElement":[{"@type":"ListItem","position":1,"name":"Inicio","item":"https:\/\/www.celttv.com.ar\/"},{"@type":"ListItem","position":2,"name":"FUTBOL 2013: EL CAMPEONATO SE JUGARA EN DOS ZONAS"}]},{"@type":"WebSite","@id":"https:\/\/www.celttv.com.ar\/#website","url":"https:\/\/www.celttv.com.ar\/","name":"CELTTV","description":"Cooperativa El\u00e9ctrica de Tornquist","publisher":{"@id":"https:\/\/www.celttv.com.ar\/#organization"},"potentialAction":[{"@type":"SearchAction","target":{"@type":"EntryPoint","urlTemplate":"https:\/\/www.celttv.com.ar\/?s={search_term_string}"},"query-input":"required name=search_term_string"}],"inLanguage":"es"},{"@type":"Organization","@id":"https:\/\/www.celttv.com.ar\/#organization","name":"CELTTV","url":"https:\/\/www.celttv.com.ar\/","sameAs":["https:\/\/www.youtube.com\/channel\/UCz_oIt8Hig64Ub-EmcNPIhg","https:\/\/www.facebook.com\/celtTV\/"],"logo":{"@type":"ImageObject","inLanguage":"es","@id":"https:\/\/www.celttv.com.ar\/#\/schema\/logo\/image\/","url":"http:\/\/www.celttv.com.ar\/wp-content\/uploads\/2022\/08\/logo-1.png","contentUrl":"http:\/\/www.celttv.com.ar\/wp-content\/uploads\/2022\/08\/logo-1.png","width":461,"height":159,"caption":"CELTTV"},"image":{"@id":"https:\/\/www.celttv.com.ar\/#\/schema\/logo\/image\/"}},{"@type":"Person","@id":"https:\/\/www.celttv.com.ar\/#\/schema\/person\/6d99c072dba59953809c81446e9d0ace","name":"ulises","image":{"@type":"ImageObject","inLanguage":"es","@id":"https:\/\/www.celttv.com.ar\/#\/schema\/person\/image\/","url":"https:\/\/secure.gravatar.com\/avatar\/7f2c48bdc33b30088f941fb6082e555f2874c98e20cb159d7b92b50eadfce793?s=96&d=mm&r=g","contentUrl":"https:\/\/secure.gravatar.com\/avatar\/7f2c48bdc33b30088f941fb6082e555f2874c98e20cb159d7b92b50eadfce793?s=96&d=mm&r=g","caption":"ulises"},"sameAs":["http:\/\/www.celttv.com.ar"]}]}},"_links":{"self":[{"href":"https:\/\/www.celttv.com.ar\/index.php\/wp-json\/wp\/v2\/posts\/10214","targetHints":{"allow":["GET"]}}],"collection":[{"href":"https:\/\/www.celttv.com.ar\/index.php\/wp-json\/wp\/v2\/posts"}],"about":[{"href":"https:\/\/www.celttv.com.ar\/index.php\/wp-json\/wp\/v2\/types\/post"}],"author":[{"embeddable":true,"href":"https:\/\/www.celttv.com.ar\/index.php\/wp-json\/wp\/v2\/users\/1"}],"replies":[{"embeddable":true,"href":"https:\/\/www.celttv.com.ar\/index.php\/wp-json\/wp\/v2\/comments?post=10214"}],"version-history":[{"count":0,"href":"https:\/\/www.celttv.com.ar\/index.php\/wp-json\/wp\/v2\/posts\/10214\/revisions"}],"wp:attachment":[{"href":"https:\/\/www.celttv.com.ar\/index.php\/wp-json\/wp\/v2\/media?parent=10214"}],"wp:term":[{"taxonomy":"category","embeddable":true,"href":"https:\/\/www.celttv.com.ar\/index.php\/wp-json\/wp\/v2\/categories?post=10214"},{"taxonomy":"post_tag","embeddable":true,"href":"https:\/\/www.celttv.com.ar\/index.php\/wp-json\/wp\/v2\/tags?post=10214"}],"curies":[{"name":"wp","href":"https:\/\/api.w.org\/{rel}","templated":true}]}}