{"id":10337,"date":"2013-02-20T20:25:19","date_gmt":"2013-02-20T20:25:19","guid":{"rendered":"http:\/\/www.tvcnoticias.com.ar\/?p=10337"},"modified":"2013-02-20T20:25:19","modified_gmt":"2013-02-20T20:25:19","slug":"hcd-aprobaron-la-construccion-de-lomos-de-burro-en-avda-moreno","status":"publish","type":"post","link":"https:\/\/www.celttv.com.ar\/index.php\/2013\/02\/20\/hcd-aprobaron-la-construccion-de-lomos-de-burro-en-avda-moreno\/","title":{"rendered":"HCD: APROBARON LA CONSTRUCCION DE LOMOS DE BURRO EN AVDA. MORENO"},"content":{"rendered":"<p>INFORME SESI\u00d3N EXTRAORDINARIA DE FECHA 18 DE FEBRERO DE 2013<br \/>\n\u00a0De acuerdo a la nota enviada por el Departamento Ejecutivo, en la que solicit\u00f3 el tratamiento a la brevedad de un Expediente que obra en el Concejo, se convoc\u00f3 mediante Decreto N\u00ba 05\/13 a los Sres. Concejales para el d\u00eda 18 de febrero a las 19:30 hs. a Sesi\u00f3n Extraordinaria, para tratar el Expediente <strong><span style=\"text-decoration: underline;\">185\/12:<\/span><\/strong> \u201cA. LEGAL: N.P: Programaci\u00f3n de tr\u00e1nsito en Ciudad de Tornquist\u201d.<br \/>\nAnte la ausencia del Presidente del Concejo Deliberantes Sergio Bordoni, y la licencia otorgada al Vicepresidente 1\u00ba Manuel Picado, presidi\u00f3 la Sesi\u00f3n Extraordinaria el Concejal Horacio Buitrago, Vicepresidente 2\u00ba.<br \/>\nAl comienzo de la Sesi\u00f3n, tom\u00f3 juramento\u00a0 la Concejal Viviana Montibeller, quien asumi\u00f3 en reemplazo del Concejal Bordoni.<br \/>\nSe aprob\u00f3 por unanimidad la Ordenanza bajo el N\u00ba 2564\/13 mediante la cual se\u00a0 autoriza al Departamento Ejecutivo para que a trav\u00e9s de la Secretar\u00eda de Obras y Servicios P\u00fablicos, proceda a construir tantos reductores de velocidad\u00a0 -lomos de burro- como sean necesarios en Av. Moreno de la localidad de Tornquist. En la mencionada Ordenanza se establece tambi\u00e9n que los reductores de velocidad deben ser se\u00f1alizados convenientemente como advertencia y alerta para quienes transiten vehicularmente dicha arteria de acuerdo a las normativas viales vigentes.<br \/>\nHicieron uso de la palabra los Sres. Concejales:<br \/>\nConcejal Mar\u00eda Ofelia Skolak:<br \/>\n\u201cYo quer\u00eda referirme simplemente a declaraciones que se hicieron en los medios televisivos, que este proyecto de ordenanza, programaci\u00f3n de tr\u00e1nsito en la Ciudad de Tornquist estaba en el Concejo Deliberante, y usted Se\u00f1or Vicepresidente 2\u00ba dio a conocer que estaba en el ejecutivo, simplemente para aclararlo, nada m\u00e1s Sr. Presidente\u201d.<br \/>\nVicepresidente 2\u00ba Concejal Horacio Buitrago:<br \/>\n\u201cSi, gracias Concejal por recordarlo, porque creo que sinceramente no ha sido de mala intenci\u00f3n ni mucho menos, sino que en alg\u00fan momento cuando tuvimos la charla, la reuni\u00f3n con el Departamento de Legales, con el Dr. Carriquiry, sinceramente, por lo menos en mi persona, pens\u00f3 que habiendo dado por consenso la factibilidad de llevar adelante este tema, y como el Expediente es m\u00e1s amplio, tiene otras calles tambi\u00e9n para seguir trabajando sobre este tema, pens\u00e9 que se lo hab\u00eda llevado, y lo hab\u00edamos charlado, y le hab\u00edamos dado el visto bueno, y bueno, sinceramente no era as\u00ed,\u00a0 por eso luego consensuamos con los concejales de hacer r\u00e1pidamente esta Sesi\u00f3n Extraordinaria y darle formalmente la aprobaci\u00f3n al Ejecutivo para que se hagan las obras\u201d.<br \/>\n\u00a0Concejal Mar\u00eda Ofelia Skolak:<br \/>\n\u201cYo repito, era para aclararlo, nada m\u00e1s\u201d.<br \/>\n\u00a0PRENSA H.C.D.<br \/>\n<a href=\"http:\/\/www.youtube.com\/watch?v=vs9v1OXrWoU\">httpv:\/\/www.youtube.com\/watch?v=vs9v1OXrWoU<\/a><br \/>\n<\/p>\n","protected":false},"excerpt":{"rendered":"<p>INFORME SESI\u00d3N EXTRAORDINARIA DE FECHA 18 DE FEBRERO DE 2013 \u00a0De acuerdo a la nota enviada por el Departamento Ejecutivo, en la que solicit\u00f3 el tratamiento a la brevedad de un Expediente que obra en el Concejo, se convoc\u00f3 mediante Decreto N\u00ba 05\/13 a los Sres. Concejales para el d\u00eda 18 de febrero a las [&hellip;]<\/p>\n","protected":false},"author":1,"featured_media":0,"comment_status":"closed","ping_status":"open","sticky":false,"template":"","format":"standard","meta":{"footnotes":""},"categories":[51,52,53,64],"tags":[],"class_list":["post-10337","post","type-post","status-publish","format-standard","hentry","category-comunidad","category-destacadas","category-politica","category-videos-destacados"],"yoast_head":"<!-- This site is optimized with the Yoast SEO plugin v19.7.1 - https:\/\/yoast.com\/wordpress\/plugins\/seo\/ -->\n<title>HCD: APROBARON LA CONSTRUCCION DE LOMOS DE BURRO EN AVDA. MORENO - CELTTV<\/title>\n<meta name=\"description\" content=\"Sitio web de noticias de la localidad de Tornquist, provincia de Buenos Aires, Rep\u00fablica Argentina. Contenido propio originado por periodistas de CELTTV, el canal de TV local de la Cooperativa El\u00e9ctrica de Tornquist. Turismo, Pol\u00edtica, Sociedad, Deporte, Cultura y todo el contenido de inter\u00e9s general que la gente del pueblo y la regi\u00f3n debe conocer.\" \/>\n<meta name=\"robots\" content=\"index, follow, max-snippet:-1, max-image-preview:large, max-video-preview:-1\" \/>\n<link rel=\"canonical\" href=\"https:\/\/www.celttv.com.ar\/index.php\/2013\/02\/20\/hcd-aprobaron-la-construccion-de-lomos-de-burro-en-avda-moreno\/\" \/>\n<meta property=\"og:locale\" content=\"es_ES\" \/>\n<meta property=\"og:type\" content=\"article\" \/>\n<meta property=\"og:title\" content=\"HCD: APROBARON LA CONSTRUCCION DE LOMOS DE BURRO EN AVDA. MORENO - CELTTV\" \/>\n<meta property=\"og:description\" content=\"Sitio web de noticias de la localidad de Tornquist, provincia de Buenos Aires, Rep\u00fablica Argentina. Contenido propio originado por periodistas de CELTTV, el canal de TV local de la Cooperativa El\u00e9ctrica de Tornquist. Turismo, Pol\u00edtica, Sociedad, Deporte, Cultura y todo el contenido de inter\u00e9s general que la gente del pueblo y la regi\u00f3n debe conocer.\" \/>\n<meta property=\"og:url\" content=\"https:\/\/www.celttv.com.ar\/index.php\/2013\/02\/20\/hcd-aprobaron-la-construccion-de-lomos-de-burro-en-avda-moreno\/\" \/>\n<meta property=\"og:site_name\" content=\"CELTTV\" \/>\n<meta property=\"article:publisher\" content=\"https:\/\/www.facebook.com\/celtTV\/\" \/>\n<meta property=\"article:published_time\" content=\"2013-02-20T20:25:19+00:00\" \/>\n<meta name=\"author\" content=\"ulises\" \/>\n<meta name=\"twitter:card\" content=\"summary_large_image\" \/>\n<meta name=\"twitter:label1\" content=\"Escrito por\" \/>\n\t<meta name=\"twitter:data1\" content=\"ulises\" \/>\n\t<meta name=\"twitter:label2\" content=\"Tiempo de lectura\" \/>\n\t<meta name=\"twitter:data2\" content=\"2 minutos\" \/>\n<script type=\"application\/ld+json\" class=\"yoast-schema-graph\">{\"@context\":\"https:\/\/schema.org\",\"@graph\":[{\"@type\":\"NewsArticle\",\"@id\":\"https:\/\/www.celttv.com.ar\/index.php\/2013\/02\/20\/hcd-aprobaron-la-construccion-de-lomos-de-burro-en-avda-moreno\/#article\",\"isPartOf\":{\"@id\":\"https:\/\/www.celttv.com.ar\/index.php\/2013\/02\/20\/hcd-aprobaron-la-construccion-de-lomos-de-burro-en-avda-moreno\/\"},\"author\":{\"name\":\"ulises\",\"@id\":\"https:\/\/www.celttv.com.ar\/#\/schema\/person\/6d99c072dba59953809c81446e9d0ace\"},\"headline\":\"HCD: APROBARON LA CONSTRUCCION DE LOMOS DE BURRO EN AVDA. MORENO\",\"datePublished\":\"2013-02-20T20:25:19+00:00\",\"dateModified\":\"2013-02-20T20:25:19+00:00\",\"mainEntityOfPage\":{\"@id\":\"https:\/\/www.celttv.com.ar\/index.php\/2013\/02\/20\/hcd-aprobaron-la-construccion-de-lomos-de-burro-en-avda-moreno\/\"},\"wordCount\":458,\"publisher\":{\"@id\":\"https:\/\/www.celttv.com.ar\/#organization\"},\"articleSection\":[\"Comunidad\",\"Destacadas\",\"Pol\u00edtica\",\"Videos Destacados\"],\"inLanguage\":\"es\"},{\"@type\":\"WebPage\",\"@id\":\"https:\/\/www.celttv.com.ar\/index.php\/2013\/02\/20\/hcd-aprobaron-la-construccion-de-lomos-de-burro-en-avda-moreno\/\",\"url\":\"https:\/\/www.celttv.com.ar\/index.php\/2013\/02\/20\/hcd-aprobaron-la-construccion-de-lomos-de-burro-en-avda-moreno\/\",\"name\":\"HCD: APROBARON LA CONSTRUCCION DE LOMOS DE BURRO EN AVDA. MORENO - CELTTV\",\"isPartOf\":{\"@id\":\"https:\/\/www.celttv.com.ar\/#website\"},\"datePublished\":\"2013-02-20T20:25:19+00:00\",\"dateModified\":\"2013-02-20T20:25:19+00:00\",\"description\":\"Sitio web de noticias de la localidad de Tornquist, provincia de Buenos Aires, Rep\u00fablica Argentina. Contenido propio originado por periodistas de CELTTV, el canal de TV local de la Cooperativa El\u00e9ctrica de Tornquist. Turismo, Pol\u00edtica, Sociedad, Deporte, Cultura y todo el contenido de inter\u00e9s general que la gente del pueblo y la regi\u00f3n debe conocer.\",\"breadcrumb\":{\"@id\":\"https:\/\/www.celttv.com.ar\/index.php\/2013\/02\/20\/hcd-aprobaron-la-construccion-de-lomos-de-burro-en-avda-moreno\/#breadcrumb\"},\"inLanguage\":\"es\",\"potentialAction\":[{\"@type\":\"ReadAction\",\"target\":[\"https:\/\/www.celttv.com.ar\/index.php\/2013\/02\/20\/hcd-aprobaron-la-construccion-de-lomos-de-burro-en-avda-moreno\/\"]}]},{\"@type\":\"BreadcrumbList\",\"@id\":\"https:\/\/www.celttv.com.ar\/index.php\/2013\/02\/20\/hcd-aprobaron-la-construccion-de-lomos-de-burro-en-avda-moreno\/#breadcrumb\",\"itemListElement\":[{\"@type\":\"ListItem\",\"position\":1,\"name\":\"Inicio\",\"item\":\"https:\/\/www.celttv.com.ar\/\"},{\"@type\":\"ListItem\",\"position\":2,\"name\":\"HCD: APROBARON LA CONSTRUCCION DE LOMOS DE BURRO EN AVDA. MORENO\"}]},{\"@type\":\"WebSite\",\"@id\":\"https:\/\/www.celttv.com.ar\/#website\",\"url\":\"https:\/\/www.celttv.com.ar\/\",\"name\":\"CELTTV\",\"description\":\"Cooperativa El\u00e9ctrica de Tornquist\",\"publisher\":{\"@id\":\"https:\/\/www.celttv.com.ar\/#organization\"},\"potentialAction\":[{\"@type\":\"SearchAction\",\"target\":{\"@type\":\"EntryPoint\",\"urlTemplate\":\"https:\/\/www.celttv.com.ar\/?s={search_term_string}\"},\"query-input\":\"required name=search_term_string\"}],\"inLanguage\":\"es\"},{\"@type\":\"Organization\",\"@id\":\"https:\/\/www.celttv.com.ar\/#organization\",\"name\":\"CELTTV\",\"url\":\"https:\/\/www.celttv.com.ar\/\",\"sameAs\":[\"https:\/\/www.youtube.com\/channel\/UCz_oIt8Hig64Ub-EmcNPIhg\",\"https:\/\/www.facebook.com\/celtTV\/\"],\"logo\":{\"@type\":\"ImageObject\",\"inLanguage\":\"es\",\"@id\":\"https:\/\/www.celttv.com.ar\/#\/schema\/logo\/image\/\",\"url\":\"http:\/\/www.celttv.com.ar\/wp-content\/uploads\/2022\/08\/logo-1.png\",\"contentUrl\":\"http:\/\/www.celttv.com.ar\/wp-content\/uploads\/2022\/08\/logo-1.png\",\"width\":461,\"height\":159,\"caption\":\"CELTTV\"},\"image\":{\"@id\":\"https:\/\/www.celttv.com.ar\/#\/schema\/logo\/image\/\"}},{\"@type\":\"Person\",\"@id\":\"https:\/\/www.celttv.com.ar\/#\/schema\/person\/6d99c072dba59953809c81446e9d0ace\",\"name\":\"ulises\",\"image\":{\"@type\":\"ImageObject\",\"inLanguage\":\"es\",\"@id\":\"https:\/\/www.celttv.com.ar\/#\/schema\/person\/image\/\",\"url\":\"https:\/\/secure.gravatar.com\/avatar\/7f2c48bdc33b30088f941fb6082e555f2874c98e20cb159d7b92b50eadfce793?s=96&d=mm&r=g\",\"contentUrl\":\"https:\/\/secure.gravatar.com\/avatar\/7f2c48bdc33b30088f941fb6082e555f2874c98e20cb159d7b92b50eadfce793?s=96&d=mm&r=g\",\"caption\":\"ulises\"},\"sameAs\":[\"http:\/\/www.celttv.com.ar\"]}]}<\/script>\n<!-- \/ Yoast SEO plugin. -->","yoast_head_json":{"title":"HCD: APROBARON LA CONSTRUCCION DE LOMOS DE BURRO EN AVDA. MORENO - CELTTV","description":"Sitio web de noticias de la localidad de Tornquist, provincia de Buenos Aires, Rep\u00fablica Argentina. Contenido propio originado por periodistas de CELTTV, el canal de TV local de la Cooperativa El\u00e9ctrica de Tornquist. Turismo, Pol\u00edtica, Sociedad, Deporte, Cultura y todo el contenido de inter\u00e9s general que la gente del pueblo y la regi\u00f3n debe conocer.","robots":{"index":"index","follow":"follow","max-snippet":"max-snippet:-1","max-image-preview":"max-image-preview:large","max-video-preview":"max-video-preview:-1"},"canonical":"https:\/\/www.celttv.com.ar\/index.php\/2013\/02\/20\/hcd-aprobaron-la-construccion-de-lomos-de-burro-en-avda-moreno\/","og_locale":"es_ES","og_type":"article","og_title":"HCD: APROBARON LA CONSTRUCCION DE LOMOS DE BURRO EN AVDA. MORENO - CELTTV","og_description":"Sitio web de noticias de la localidad de Tornquist, provincia de Buenos Aires, Rep\u00fablica Argentina. Contenido propio originado por periodistas de CELTTV, el canal de TV local de la Cooperativa El\u00e9ctrica de Tornquist. Turismo, Pol\u00edtica, Sociedad, Deporte, Cultura y todo el contenido de inter\u00e9s general que la gente del pueblo y la regi\u00f3n debe conocer.","og_url":"https:\/\/www.celttv.com.ar\/index.php\/2013\/02\/20\/hcd-aprobaron-la-construccion-de-lomos-de-burro-en-avda-moreno\/","og_site_name":"CELTTV","article_publisher":"https:\/\/www.facebook.com\/celtTV\/","article_published_time":"2013-02-20T20:25:19+00:00","author":"ulises","twitter_card":"summary_large_image","twitter_misc":{"Escrito por":"ulises","Tiempo de lectura":"2 minutos"},"schema":{"@context":"https:\/\/schema.org","@graph":[{"@type":"NewsArticle","@id":"https:\/\/www.celttv.com.ar\/index.php\/2013\/02\/20\/hcd-aprobaron-la-construccion-de-lomos-de-burro-en-avda-moreno\/#article","isPartOf":{"@id":"https:\/\/www.celttv.com.ar\/index.php\/2013\/02\/20\/hcd-aprobaron-la-construccion-de-lomos-de-burro-en-avda-moreno\/"},"author":{"name":"ulises","@id":"https:\/\/www.celttv.com.ar\/#\/schema\/person\/6d99c072dba59953809c81446e9d0ace"},"headline":"HCD: APROBARON LA CONSTRUCCION DE LOMOS DE BURRO EN AVDA. MORENO","datePublished":"2013-02-20T20:25:19+00:00","dateModified":"2013-02-20T20:25:19+00:00","mainEntityOfPage":{"@id":"https:\/\/www.celttv.com.ar\/index.php\/2013\/02\/20\/hcd-aprobaron-la-construccion-de-lomos-de-burro-en-avda-moreno\/"},"wordCount":458,"publisher":{"@id":"https:\/\/www.celttv.com.ar\/#organization"},"articleSection":["Comunidad","Destacadas","Pol\u00edtica","Videos Destacados"],"inLanguage":"es"},{"@type":"WebPage","@id":"https:\/\/www.celttv.com.ar\/index.php\/2013\/02\/20\/hcd-aprobaron-la-construccion-de-lomos-de-burro-en-avda-moreno\/","url":"https:\/\/www.celttv.com.ar\/index.php\/2013\/02\/20\/hcd-aprobaron-la-construccion-de-lomos-de-burro-en-avda-moreno\/","name":"HCD: APROBARON LA CONSTRUCCION DE LOMOS DE BURRO EN AVDA. MORENO - CELTTV","isPartOf":{"@id":"https:\/\/www.celttv.com.ar\/#website"},"datePublished":"2013-02-20T20:25:19+00:00","dateModified":"2013-02-20T20:25:19+00:00","description":"Sitio web de noticias de la localidad de Tornquist, provincia de Buenos Aires, Rep\u00fablica Argentina. Contenido propio originado por periodistas de CELTTV, el canal de TV local de la Cooperativa El\u00e9ctrica de Tornquist. Turismo, Pol\u00edtica, Sociedad, Deporte, Cultura y todo el contenido de inter\u00e9s general que la gente del pueblo y la regi\u00f3n debe conocer.","breadcrumb":{"@id":"https:\/\/www.celttv.com.ar\/index.php\/2013\/02\/20\/hcd-aprobaron-la-construccion-de-lomos-de-burro-en-avda-moreno\/#breadcrumb"},"inLanguage":"es","potentialAction":[{"@type":"ReadAction","target":["https:\/\/www.celttv.com.ar\/index.php\/2013\/02\/20\/hcd-aprobaron-la-construccion-de-lomos-de-burro-en-avda-moreno\/"]}]},{"@type":"BreadcrumbList","@id":"https:\/\/www.celttv.com.ar\/index.php\/2013\/02\/20\/hcd-aprobaron-la-construccion-de-lomos-de-burro-en-avda-moreno\/#breadcrumb","itemListElement":[{"@type":"ListItem","position":1,"name":"Inicio","item":"https:\/\/www.celttv.com.ar\/"},{"@type":"ListItem","position":2,"name":"HCD: APROBARON LA CONSTRUCCION DE LOMOS DE BURRO EN AVDA. MORENO"}]},{"@type":"WebSite","@id":"https:\/\/www.celttv.com.ar\/#website","url":"https:\/\/www.celttv.com.ar\/","name":"CELTTV","description":"Cooperativa El\u00e9ctrica de Tornquist","publisher":{"@id":"https:\/\/www.celttv.com.ar\/#organization"},"potentialAction":[{"@type":"SearchAction","target":{"@type":"EntryPoint","urlTemplate":"https:\/\/www.celttv.com.ar\/?s={search_term_string}"},"query-input":"required name=search_term_string"}],"inLanguage":"es"},{"@type":"Organization","@id":"https:\/\/www.celttv.com.ar\/#organization","name":"CELTTV","url":"https:\/\/www.celttv.com.ar\/","sameAs":["https:\/\/www.youtube.com\/channel\/UCz_oIt8Hig64Ub-EmcNPIhg","https:\/\/www.facebook.com\/celtTV\/"],"logo":{"@type":"ImageObject","inLanguage":"es","@id":"https:\/\/www.celttv.com.ar\/#\/schema\/logo\/image\/","url":"http:\/\/www.celttv.com.ar\/wp-content\/uploads\/2022\/08\/logo-1.png","contentUrl":"http:\/\/www.celttv.com.ar\/wp-content\/uploads\/2022\/08\/logo-1.png","width":461,"height":159,"caption":"CELTTV"},"image":{"@id":"https:\/\/www.celttv.com.ar\/#\/schema\/logo\/image\/"}},{"@type":"Person","@id":"https:\/\/www.celttv.com.ar\/#\/schema\/person\/6d99c072dba59953809c81446e9d0ace","name":"ulises","image":{"@type":"ImageObject","inLanguage":"es","@id":"https:\/\/www.celttv.com.ar\/#\/schema\/person\/image\/","url":"https:\/\/secure.gravatar.com\/avatar\/7f2c48bdc33b30088f941fb6082e555f2874c98e20cb159d7b92b50eadfce793?s=96&d=mm&r=g","contentUrl":"https:\/\/secure.gravatar.com\/avatar\/7f2c48bdc33b30088f941fb6082e555f2874c98e20cb159d7b92b50eadfce793?s=96&d=mm&r=g","caption":"ulises"},"sameAs":["http:\/\/www.celttv.com.ar"]}]}},"_links":{"self":[{"href":"https:\/\/www.celttv.com.ar\/index.php\/wp-json\/wp\/v2\/posts\/10337","targetHints":{"allow":["GET"]}}],"collection":[{"href":"https:\/\/www.celttv.com.ar\/index.php\/wp-json\/wp\/v2\/posts"}],"about":[{"href":"https:\/\/www.celttv.com.ar\/index.php\/wp-json\/wp\/v2\/types\/post"}],"author":[{"embeddable":true,"href":"https:\/\/www.celttv.com.ar\/index.php\/wp-json\/wp\/v2\/users\/1"}],"replies":[{"embeddable":true,"href":"https:\/\/www.celttv.com.ar\/index.php\/wp-json\/wp\/v2\/comments?post=10337"}],"version-history":[{"count":0,"href":"https:\/\/www.celttv.com.ar\/index.php\/wp-json\/wp\/v2\/posts\/10337\/revisions"}],"wp:attachment":[{"href":"https:\/\/www.celttv.com.ar\/index.php\/wp-json\/wp\/v2\/media?parent=10337"}],"wp:term":[{"taxonomy":"category","embeddable":true,"href":"https:\/\/www.celttv.com.ar\/index.php\/wp-json\/wp\/v2\/categories?post=10337"},{"taxonomy":"post_tag","embeddable":true,"href":"https:\/\/www.celttv.com.ar\/index.php\/wp-json\/wp\/v2\/tags?post=10337"}],"curies":[{"name":"wp","href":"https:\/\/api.w.org\/{rel}","templated":true}]}}