{"id":10351,"date":"2013-02-20T23:00:11","date_gmt":"2013-02-20T23:00:11","guid":{"rendered":"http:\/\/www.tvcnoticias.com.ar\/?p=10351"},"modified":"2013-02-20T23:00:11","modified_gmt":"2013-02-20T23:00:11","slug":"el-partido-justicialista-rechaza-y-repudia-energicamente-los-dichos-de-la-dra-graciela-gomez","status":"publish","type":"post","link":"https:\/\/www.celttv.com.ar\/index.php\/2013\/02\/20\/el-partido-justicialista-rechaza-y-repudia-energicamente-los-dichos-de-la-dra-graciela-gomez\/","title":{"rendered":"EL PARTIDO JUSTICIALISTA RECHAZA Y REPUDIA ENERGICAMENTE LOS DICHOS DE LA Dra. GRACIELA GOMEZ"},"content":{"rendered":"<p class=\"MsoNormal\" style=\"margin: 0cm 0cm 0pt;\"><span style=\"color: #2a2a2a;\" lang=\"ES\"><span style=\"font-size: small;\"><span style=\"font-family: Times New Roman;\"><span style=\"mso-spacerun: yes;\"><img loading=\"lazy\" decoding=\"async\" class=\"aligncenter size-full wp-image-10356\" title=\"DOCTORA GOMEZ\" src=\"http:\/\/www.tvcnoticias.com.ar\/wp-content\/uploads\/2013\/02\/DOCTORA-GOMEZ.jpg\" alt=\"\" width=\"320\" height=\"240\" \/><\/span><\/span><\/span><\/span><\/p>\n<p class=\"MsoNormal\" style=\"margin: 0cm 0cm 0pt;\"><span style=\"color: #2a2a2a;\" lang=\"ES\"><span style=\"font-size: small;\"><span style=\"font-family: Times New Roman;\"><span style=\"mso-spacerun: yes;\">\u00a0<\/span>Los consideramos irrespetuosos e improcedentes y con muy poca altura moral.<br \/>\n<span style=\"mso-spacerun: yes;\">\u00a0<\/span><br \/>\nNo es la primera vez que UD. le falta el respeto a autoridades de nuestro distrito. Ya lo hizo con los Sres. Concejales en una reuni\u00f3n que era para asesorarlos en una ordenanza referida al uso de agroqu\u00edmicos. En esa ocasi\u00f3n nos llam\u00f3 poderosamente la atenci\u00f3n que no tenga ning\u00fan respeto por las autoridades elegidas democr\u00e1ticamente por el voto popular; Pero en ese momento se lo atribuimos a que posiblemente UD. era<span style=\"mso-spacerun: yes;\">\u00a0 <\/span>una ferviente defensora de las normativas en el uso de estos elementos, y que luego viendo que hab\u00eda incurrido en una falta total de respeto no iba a volver con sus dichos.<br \/>\n<span style=\"mso-spacerun: yes;\">\u00a0<\/span><br \/>\nPero para nuestra sorpresa nos encontramos que UD. no solo no recapacit\u00f3 sobre sus insultos, sino que fue por mas y ahora le falto el respeto a la m\u00e1xima autoridad del distrito, el Intendente Lic. Gustavo G. Trankels y a su gabinete.<br \/>\nSus dichos no solo dejan en evidencia a una persona con bajos valores morales sino que UD. esta pidiendo la renuncia de un funcionario que fue reelegido con m\u00e1s del 50% de los votos<span style=\"mso-spacerun: yes;\">\u00a0 <\/span>en elecciones populares y democr\u00e1ticas.<br \/>\nEste partido pol\u00edtico tiene el honor y la responsabilidad de tener como Intendente a un compa\u00f1ero salido de nuestras filas, sabemos cabalmente la clase de persona<span style=\"mso-spacerun: yes;\">\u00a0 <\/span>que es y con que madera esta hecho. Como hijo de este distrito pudo desarrollar su profesi\u00f3n en cualquier \u00e1mbito que el hubiese elegido pero su tierra pudo m\u00e1s y no dud\u00f3 en dar todo de si por su querido Tornquist, que es donde trabaja y el lugar que eligi\u00f3 para formar su familia.<br \/>\n<span style=\"mso-spacerun: yes;\">\u00a0<\/span><br \/>\nDra. Graciela G\u00f3mez UD. nos recuerda con sus declaraciones a la \u00e9poca m\u00e1s oscura que atraves\u00f3 este bendito pa\u00eds, quiz\u00e1s UD. no sepa o no valore que vivimos en un estado en democracia.<br \/>\nDemocracia que costo mucho dolor, sangre y l\u00e1grimas.<span style=\"mso-spacerun: yes;\">\u00a0\u00a0\u00a0\u00a0\u00a0\u00a0\u00a0\u00a0\u00a0\u00a0\u00a0\u00a0\u00a0\u00a0\u00a0\u00a0\u00a0\u00a0\u00a0\u00a0\u00a0\u00a0\u00a0\u00a0\u00a0\u00a0\u00a0\u00a0\u00a0\u00a0\u00a0\u00a0\u00a0\u00a0\u00a0\u00a0\u00a0\u00a0\u00a0\u00a0\u00a0\u00a0\u00a0\u00a0\u00a0\u00a0\u00a0\u00a0\u00a0\u00a0\u00a0\u00a0\u00a0\u00a0\u00a0\u00a0\u00a0\u00a0\u00a0\u00a0\u00a0\u00a0\u00a0\u00a0\u00a0\u00a0\u00a0\u00a0\u00a0\u00a0\u00a0\u00a0\u00a0\u00a0\u00a0\u00a0\u00a0\u00a0\u00a0\u00a0\u00a0\u00a0\u00a0\u00a0\u00a0\u00a0\u00a0\u00a0\u00a0\u00a0\u00a0\u00a0\u00a0\u00a0\u00a0\u00a0\u00a0\u00a0\u00a0\u00a0\u00a0\u00a0\u00a0\u00a0\u00a0\u00a0 <\/span>Las autoridades que UD. insulta son representantes de esa democracia y elegidas por el pueblo. Un pueblo que es soberano y que como dice el dicho popular \u201cel pueblo nunca se equivoca\u201d.<br \/>\n<span style=\"mso-spacerun: yes;\">\u00a0<\/span><br \/>\nPara su informaci\u00f3n le aclaramos que no vivimos en la edad de piedra a pesar que aqu\u00ed como en toda la Argentina viven muchos vecinos llamados Pedro y tambi\u00e9n Pablo.<span style=\"mso-spacerun: yes;\">\u00a0\u00a0\u00a0\u00a0\u00a0\u00a0\u00a0\u00a0\u00a0\u00a0\u00a0\u00a0\u00a0\u00a0\u00a0\u00a0\u00a0\u00a0\u00a0\u00a0\u00a0\u00a0\u00a0\u00a0\u00a0\u00a0\u00a0\u00a0\u00a0\u00a0\u00a0\u00a0\u00a0\u00a0\u00a0\u00a0\u00a0\u00a0\u00a0\u00a0\u00a0\u00a0\u00a0\u00a0\u00a0\u00a0\u00a0\u00a0\u00a0\u00a0 <\/span><span style=\"mso-spacerun: yes;\">\u00a0\u00a0\u00a0\u00a0\u00a0\u00a0\u00a0\u00a0\u00a0\u00a0\u00a0\u00a0\u00a0\u00a0\u00a0\u00a0\u00a0\u00a0\u00a0\u00a0\u00a0\u00a0\u00a0\u00a0\u00a0\u00a0\u00a0\u00a0\u00a0\u00a0\u00a0\u00a0\u00a0\u00a0\u00a0\u00a0\u00a0\u00a0\u00a0\u00a0\u00a0\u00a0\u00a0\u00a0\u00a0\u00a0\u00a0\u00a0\u00a0\u00a0\u00a0\u00a0\u00a0\u00a0\u00a0\u00a0\u00a0\u00a0\u00a0\u00a0\u00a0\u00a0\u00a0\u00a0\u00a0\u00a0\u00a0\u00a0\u00a0\u00a0\u00a0\u00a0\u00a0\u00a0\u00a0\u00a0\u00a0\u00a0\u00a0\u00a0\u00a0\u00a0\u00a0\u00a0\u00a0\u00a0\u00a0\u00a0\u00a0\u00a0\u00a0\u00a0\u00a0\u00a0\u00a0\u00a0\u00a0\u00a0\u00a0\u00a0\u00a0\u00a0\u00a0\u00a0\u00a0\u00a0\u00a0\u00a0\u00a0\u00a0\u00a0\u00a0\u00a0\u00a0\u00a0\u00a0\u00a0<\/span>Valoramos y honramos la vida. Si UD.<span style=\"mso-spacerun: yes;\">\u00a0 <\/span>hiciera un alto en su discurso tan verborr\u00e1gico y averiguara como se ha mejorado la calidad de vida de este distrito se dar\u00eda cuenta en el error que ha incurrido al decir que nuestro Intendente le da verg\u00fcenza ajena.<span style=\"mso-spacerun: yes;\">\u00a0\u00a0 <\/span><br \/>\n<span style=\"mso-spacerun: yes;\">\u00a0\u00a0\u00a0\u00a0\u00a0\u00a0\u00a0\u00a0\u00a0\u00a0\u00a0\u00a0\u00a0\u00a0\u00a0\u00a0\u00a0\u00a0\u00a0\u00a0\u00a0\u00a0\u00a0\u00a0\u00a0\u00a0\u00a0\u00a0\u00a0\u00a0\u00a0\u00a0\u00a0\u00a0\u00a0\u00a0\u00a0\u00a0\u00a0\u00a0\u00a0\u00a0\u00a0\u00a0\u00a0\u00a0\u00a0\u00a0\u00a0\u00a0\u00a0\u00a0\u00a0\u00a0\u00a0\u00a0\u00a0\u00a0\u00a0\u00a0\u00a0\u00a0\u00a0\u00a0\u00a0\u00a0\u00a0\u00a0\u00a0\u00a0\u00a0\u00a0\u00a0\u00a0\u00a0\u00a0\u00a0\u00a0\u00a0\u00a0\u00a0\u00a0\u00a0\u00a0\u00a0\u00a0\u00a0\u00a0\u00a0\u00a0\u00a0\u00a0\u00a0\u00a0\u00a0\u00a0\u00a0\u00a0\u00a0\u00a0\u00a0\u00a0\u00a0\u00a0\u00a0\u00a0\u00a0\u00a0\u00a0\u00a0\u00a0\u00a0\u00a0\u00a0\u00a0\u00a0\u00a0\u00a0\u00a0\u00a0\u00a0\u00a0\u00a0\u00a0\u00a0\u00a0\u00a0\u00a0\u00a0\u00a0\u00a0\u00a0\u00a0\u00a0\u00a0\u00a0 <\/span><span style=\"mso-spacerun: yes;\">\u00a0\u00a0\u00a0\u00a0\u00a0\u00a0\u00a0\u00a0\u00a0\u00a0\u00a0\u00a0\u00a0\u00a0\u00a0\u00a0\u00a0\u00a0\u00a0\u00a0\u00a0\u00a0\u00a0\u00a0\u00a0\u00a0\u00a0\u00a0\u00a0\u00a0\u00a0\u00a0\u00a0\u00a0\u00a0\u00a0\u00a0\u00a0\u00a0\u00a0<\/span>Desconocemos en que atril moral UD. se ha subido para descalificar e insultar a nuestras autoridades pero le aseguramos que de ninguna manera es nuestra forma de actuar.<br \/>\nSomos una comunidad chica y por lo tanto nos conocemos todos, podemos disentir, discutir y hasta enojarnos con algunas actitudes nuestras pero nunca (y esto por favor t\u00e9ngalo siempre en su mente), nunca vamos a ir en contra de la salud de nuestro pueblo, eso ser\u00eda como ir en contra de nosotros mismos y de nuestros propios hijos. Aqu\u00ed no hay presiones de grupos econ\u00f3micos ni nada que se le parezca.<br \/>\nDra. Graciela G\u00f3mez si lo que UD. busca (como se desprende de sus dichos) es trabajo, err\u00f3 el camino, le aseguramos que nuestro distrito esta \u00e1vido de profesionales que nos ayudan a engrandecer nuestra tierra, pero no con su prepotencia e intolerancia.<br \/>\n<span style=\"mso-spacerun: yes;\">\u00a0<\/span><br \/>\nLe sugerimos que se asesore ,como es debido, a una profesional de su envergadura y ver\u00e1 que no todo es como le pintan.<br \/>\n<span style=\"mso-spacerun: yes;\">\u00a0<\/span><br \/>\nEsperamos que en su pr\u00f3xima visita y despu\u00e9s de haber acomodado el uso de agroqu\u00edmicos en su Santa Fe natal, haya recapacitado y pida disculpas tanto a nuestras autoridades como as\u00ed tambi\u00e9n a los vecinos que mand\u00f3 a plantar zapallitos.<br \/>\n<span style=\"mso-spacerun: yes;\">\u00a0<\/span><br \/>\nNos despedimos de UD. siempre con las esperanzas que se transforme en una persona respetuosa.<span style=\"mso-spacerun: yes;\">\u00a0\u00a0\u00a0\u00a0\u00a0\u00a0\u00a0\u00a0 <\/span><\/span><\/span><br style=\"mso-special-character: line-break;\" \/><\/span><\/p>\n<p class=\"MsoNormal\" style=\"margin: 0cm 0cm 0pt;\"><span style=\"color: #2a2a2a;\" lang=\"ES\">LOS DICHOS DE LA Dra. GOMEZ<\/span><\/p>\n<p class=\"MsoNormal\" style=\"margin: 0cm 0cm 0pt;\"><span style=\"color: #2a2a2a;\" lang=\"ES\">\u00a0<\/span><\/p>\n<p class=\"MsoNormal\" style=\"margin: 0cm 0cm 0pt;\"><span style=\"color: #2a2a2a;\" lang=\"ES\">&#8220;Trankels es un gran c\u00ednico que tiene un\u00a0doble discurso&#8221;<\/span><\/p>\n<p class=\"MsoNormal\" style=\"margin: 0cm 0cm 0pt;\"><span style=\"color: #2a2a2a;\" lang=\"ES\">\u00a0<\/span><\/p>\n<p class=\"MsoNormal\" style=\"margin: 0cm 0cm 0pt;\"><span style=\"color: #2a2a2a;\" lang=\"ES\">La Dra Graciela Cristina Gomez, abogada y escribana santafesina. Periodista y escritora sobre Medio Ambiente,, \u00a0denunciante \u00a0del modelo sojero de muerte de cuya connivencia forman parte funcionarios, cient\u00edficos, juristas y medios, visit\u00f3 los estudios de FM\u00a0Reflejos y se refiri\u00f3 al veto que el ejecutivo\u00a0municipal\u00a0aplic\u00f3 a la ordenanza sobre agroqu\u00edmicos para el distrito de Tornquist.<\/span><\/p>\n<p><span style=\"color: #2a2a2a;\" lang=\"ES\">\u00a0<\/span><\/p>\n<div><span style=\"color: #2a2a2a;\" lang=\"ES\"><\/span><\/div>\n<p><span style=\"color: #2a2a2a;\" lang=\"ES\"><\/p>\n<div>Trabajando intensamente en todo el pa\u00eds y especialmente en Coronel Suarez donde acudi\u00f3 por denuncias de vecinos y establecimientos educativos rurales que padecen las fumigaciones que aplican a los cultivos intensivos; se acerc\u00f3 a nuestro medio para difundir su trabajo y poder evaluar los \u00faltimos hechos relativos a la aprobaci\u00f3n de una ordenanza por el Concejo Deliberante y luego su veto por parte del Intendente Gustavo Trankels.\u00a0<\/div>\n<div>&#8220;Est\u00e1 pidiendo concientizaci\u00f3n sobre otros temas y \u00e9l no tiene conciencia de la gravedad que implican los agroqu\u00edmicos&#8221; manifiesta la Dra Gomez en relaci\u00f3n a el caso de los bidones de agrot\u00f3xicos arrojados por productores y aplicadores en caminos vecinales de\u00a0Tornquist.<\/div>\n<div>&#8220;El no se preocupa por su poblaci\u00f3n y Es un gran\u00a0c\u00ednico\u00a0y que tiene doble discurso.&#8221; asegur\u00f3.<\/div>\n<div>&#8220;Trankels da verguenza ajena y no se merece el puesto que tiene&#8221; sostuvo la abogada patrocinante \u00a0de los casos mas resonantes a nivel nacional de personas afectadas poe el contacto con estos agrot\u00f3xicos.<\/div>\n<div>Acompa\u00f1ada por Hugo Kloster, presidente de ONG ambiente Comarca de Sierra de la Ventana, la Dra Gomez apunt\u00f3 varias veces sobre el intendente de\u00a0Tornquist\u00a0dirigi\u00e9ndose\u00a0puntualmente a su persona y su equipo &#8220;Tanto usted como su gente dan\u00a0verg\u00fcenza\u00a0ajena, porque ninguno vot\u00f3 esta ordenanza que es para todo el pueblo. Est\u00e1 gobernando en forma totalmente an\u00e1rquica y lo mejor que puede hacer por su gente que lo vot\u00f3 es renunciar e irse&#8221; sentenci\u00f3.<\/div>\n<div>Kloster coment\u00f3 sobre la denuncia que en esta semana recibi\u00f3 la ONG sobre un parquero que reg\u00f3 un terreno de Valle Hermoso con 24D y que fu\u00e9 \u00a0visto por los vecinos. &#8220;Hubo varios afectados por intoxicaci\u00f3n en la unidad sanitaria local a raiz de esto; se realiz\u00f3 una denuncia en la subestaci\u00f3n de polic\u00eda comunal&#8221; comenta kloster.<\/div>\n<div>La Dra Graciela Gomez explica que a esta persona le cabe una denuncia penal y la ley es muy firme ante esta barbaridad que cometi\u00f3&#8221;.<\/div>\n<div>En esta amplia nota, la abogada santafesina nos da cuenta de como marcha la ley\u00a0provincial\u00a0para Buenos Aires sobre el reguardo de 2000 metros de los centros poblados y la\u00a0prohibici\u00f3n\u00a0total de fumigaci\u00f3n a\u00e9rea.<\/div>\n<p class=\"MsoNormal\" style=\"margin: 0cm 0cm 0pt;\">\u00a0<\/p>\n<p class=\"MsoNormal\" style=\"margin: 0cm 0cm 0pt;\">Nota realizada por FM Reflejos<br style=\"mso-special-character: line-break;\" \/><\/p>\n<p>\u00a0<br \/>\n<\/span><br \/>\n<strong style=\"mso-bidi-font-weight: normal;\"><em style=\"mso-bidi-font-style: normal;\"><span style=\"font-size: 24pt;\" lang=\"ES\">\u00a0<\/span><\/em><\/strong><\/p>\n","protected":false},"excerpt":{"rendered":"<p>\u00a0Los consideramos irrespetuosos e improcedentes y con muy poca altura moral. \u00a0 No es la primera vez que UD. le falta el respeto a autoridades de nuestro distrito. Ya lo hizo con los Sres. Concejales en una reuni\u00f3n que era para asesorarlos en una ordenanza referida al uso de agroqu\u00edmicos. En esa ocasi\u00f3n nos llam\u00f3 [&hellip;]<\/p>\n","protected":false},"author":1,"featured_media":0,"comment_status":"closed","ping_status":"open","sticky":false,"template":"","format":"standard","meta":{"footnotes":""},"categories":[51,52,53],"tags":[],"class_list":["post-10351","post","type-post","status-publish","format-standard","hentry","category-comunidad","category-destacadas","category-politica"],"yoast_head":"<!-- This site is optimized with the Yoast SEO plugin v19.7.1 - https:\/\/yoast.com\/wordpress\/plugins\/seo\/ -->\n<title>EL PARTIDO JUSTICIALISTA RECHAZA Y REPUDIA ENERGICAMENTE LOS DICHOS DE LA Dra. GRACIELA GOMEZ - CELTTV<\/title>\n<meta name=\"description\" content=\"Sitio web de noticias de la localidad de Tornquist, provincia de Buenos Aires, Rep\u00fablica Argentina. Contenido propio originado por periodistas de CELTTV, el canal de TV local de la Cooperativa El\u00e9ctrica de Tornquist. Turismo, Pol\u00edtica, Sociedad, Deporte, Cultura y todo el contenido de inter\u00e9s general que la gente del pueblo y la regi\u00f3n debe conocer.\" \/>\n<meta name=\"robots\" content=\"index, follow, max-snippet:-1, max-image-preview:large, max-video-preview:-1\" \/>\n<link rel=\"canonical\" href=\"https:\/\/www.celttv.com.ar\/index.php\/2013\/02\/20\/el-partido-justicialista-rechaza-y-repudia-energicamente-los-dichos-de-la-dra-graciela-gomez\/\" \/>\n<meta property=\"og:locale\" content=\"es_ES\" \/>\n<meta property=\"og:type\" content=\"article\" \/>\n<meta property=\"og:title\" content=\"EL PARTIDO JUSTICIALISTA RECHAZA Y REPUDIA ENERGICAMENTE LOS DICHOS DE LA Dra. GRACIELA GOMEZ - CELTTV\" \/>\n<meta property=\"og:description\" content=\"Sitio web de noticias de la localidad de Tornquist, provincia de Buenos Aires, Rep\u00fablica Argentina. Contenido propio originado por periodistas de CELTTV, el canal de TV local de la Cooperativa El\u00e9ctrica de Tornquist. Turismo, Pol\u00edtica, Sociedad, Deporte, Cultura y todo el contenido de inter\u00e9s general que la gente del pueblo y la regi\u00f3n debe conocer.\" \/>\n<meta property=\"og:url\" content=\"https:\/\/www.celttv.com.ar\/index.php\/2013\/02\/20\/el-partido-justicialista-rechaza-y-repudia-energicamente-los-dichos-de-la-dra-graciela-gomez\/\" \/>\n<meta property=\"og:site_name\" content=\"CELTTV\" \/>\n<meta property=\"article:publisher\" content=\"https:\/\/www.facebook.com\/celtTV\/\" \/>\n<meta property=\"article:published_time\" content=\"2013-02-20T23:00:11+00:00\" \/>\n<meta property=\"og:image\" content=\"http:\/\/www.tvcnoticias.com.ar\/wp-content\/uploads\/2013\/02\/DOCTORA-GOMEZ.jpg\" \/>\n<meta name=\"author\" content=\"ulises\" \/>\n<meta name=\"twitter:card\" content=\"summary_large_image\" \/>\n<meta name=\"twitter:label1\" content=\"Escrito por\" \/>\n\t<meta name=\"twitter:data1\" content=\"ulises\" \/>\n\t<meta name=\"twitter:label2\" content=\"Tiempo de lectura\" \/>\n\t<meta name=\"twitter:data2\" content=\"6 minutos\" \/>\n<script type=\"application\/ld+json\" class=\"yoast-schema-graph\">{\"@context\":\"https:\/\/schema.org\",\"@graph\":[{\"@type\":\"NewsArticle\",\"@id\":\"https:\/\/www.celttv.com.ar\/index.php\/2013\/02\/20\/el-partido-justicialista-rechaza-y-repudia-energicamente-los-dichos-de-la-dra-graciela-gomez\/#article\",\"isPartOf\":{\"@id\":\"https:\/\/www.celttv.com.ar\/index.php\/2013\/02\/20\/el-partido-justicialista-rechaza-y-repudia-energicamente-los-dichos-de-la-dra-graciela-gomez\/\"},\"author\":{\"name\":\"ulises\",\"@id\":\"https:\/\/www.celttv.com.ar\/#\/schema\/person\/6d99c072dba59953809c81446e9d0ace\"},\"headline\":\"EL PARTIDO JUSTICIALISTA RECHAZA Y REPUDIA ENERGICAMENTE LOS DICHOS DE LA Dra. GRACIELA GOMEZ\",\"datePublished\":\"2013-02-20T23:00:11+00:00\",\"dateModified\":\"2013-02-20T23:00:11+00:00\",\"mainEntityOfPage\":{\"@id\":\"https:\/\/www.celttv.com.ar\/index.php\/2013\/02\/20\/el-partido-justicialista-rechaza-y-repudia-energicamente-los-dichos-de-la-dra-graciela-gomez\/\"},\"wordCount\":1141,\"publisher\":{\"@id\":\"https:\/\/www.celttv.com.ar\/#organization\"},\"articleSection\":[\"Comunidad\",\"Destacadas\",\"Pol\u00edtica\"],\"inLanguage\":\"es\"},{\"@type\":\"WebPage\",\"@id\":\"https:\/\/www.celttv.com.ar\/index.php\/2013\/02\/20\/el-partido-justicialista-rechaza-y-repudia-energicamente-los-dichos-de-la-dra-graciela-gomez\/\",\"url\":\"https:\/\/www.celttv.com.ar\/index.php\/2013\/02\/20\/el-partido-justicialista-rechaza-y-repudia-energicamente-los-dichos-de-la-dra-graciela-gomez\/\",\"name\":\"EL PARTIDO JUSTICIALISTA RECHAZA Y REPUDIA ENERGICAMENTE LOS DICHOS DE LA Dra. GRACIELA GOMEZ - CELTTV\",\"isPartOf\":{\"@id\":\"https:\/\/www.celttv.com.ar\/#website\"},\"datePublished\":\"2013-02-20T23:00:11+00:00\",\"dateModified\":\"2013-02-20T23:00:11+00:00\",\"description\":\"Sitio web de noticias de la localidad de Tornquist, provincia de Buenos Aires, Rep\u00fablica Argentina. Contenido propio originado por periodistas de CELTTV, el canal de TV local de la Cooperativa El\u00e9ctrica de Tornquist. Turismo, Pol\u00edtica, Sociedad, Deporte, Cultura y todo el contenido de inter\u00e9s general que la gente del pueblo y la regi\u00f3n debe conocer.\",\"breadcrumb\":{\"@id\":\"https:\/\/www.celttv.com.ar\/index.php\/2013\/02\/20\/el-partido-justicialista-rechaza-y-repudia-energicamente-los-dichos-de-la-dra-graciela-gomez\/#breadcrumb\"},\"inLanguage\":\"es\",\"potentialAction\":[{\"@type\":\"ReadAction\",\"target\":[\"https:\/\/www.celttv.com.ar\/index.php\/2013\/02\/20\/el-partido-justicialista-rechaza-y-repudia-energicamente-los-dichos-de-la-dra-graciela-gomez\/\"]}]},{\"@type\":\"BreadcrumbList\",\"@id\":\"https:\/\/www.celttv.com.ar\/index.php\/2013\/02\/20\/el-partido-justicialista-rechaza-y-repudia-energicamente-los-dichos-de-la-dra-graciela-gomez\/#breadcrumb\",\"itemListElement\":[{\"@type\":\"ListItem\",\"position\":1,\"name\":\"Inicio\",\"item\":\"https:\/\/www.celttv.com.ar\/\"},{\"@type\":\"ListItem\",\"position\":2,\"name\":\"EL PARTIDO JUSTICIALISTA RECHAZA Y REPUDIA ENERGICAMENTE LOS DICHOS DE LA Dra. GRACIELA GOMEZ\"}]},{\"@type\":\"WebSite\",\"@id\":\"https:\/\/www.celttv.com.ar\/#website\",\"url\":\"https:\/\/www.celttv.com.ar\/\",\"name\":\"CELTTV\",\"description\":\"Cooperativa El\u00e9ctrica de Tornquist\",\"publisher\":{\"@id\":\"https:\/\/www.celttv.com.ar\/#organization\"},\"potentialAction\":[{\"@type\":\"SearchAction\",\"target\":{\"@type\":\"EntryPoint\",\"urlTemplate\":\"https:\/\/www.celttv.com.ar\/?s={search_term_string}\"},\"query-input\":\"required name=search_term_string\"}],\"inLanguage\":\"es\"},{\"@type\":\"Organization\",\"@id\":\"https:\/\/www.celttv.com.ar\/#organization\",\"name\":\"CELTTV\",\"url\":\"https:\/\/www.celttv.com.ar\/\",\"sameAs\":[\"https:\/\/www.youtube.com\/channel\/UCz_oIt8Hig64Ub-EmcNPIhg\",\"https:\/\/www.facebook.com\/celtTV\/\"],\"logo\":{\"@type\":\"ImageObject\",\"inLanguage\":\"es\",\"@id\":\"https:\/\/www.celttv.com.ar\/#\/schema\/logo\/image\/\",\"url\":\"http:\/\/www.celttv.com.ar\/wp-content\/uploads\/2022\/08\/logo-1.png\",\"contentUrl\":\"http:\/\/www.celttv.com.ar\/wp-content\/uploads\/2022\/08\/logo-1.png\",\"width\":461,\"height\":159,\"caption\":\"CELTTV\"},\"image\":{\"@id\":\"https:\/\/www.celttv.com.ar\/#\/schema\/logo\/image\/\"}},{\"@type\":\"Person\",\"@id\":\"https:\/\/www.celttv.com.ar\/#\/schema\/person\/6d99c072dba59953809c81446e9d0ace\",\"name\":\"ulises\",\"image\":{\"@type\":\"ImageObject\",\"inLanguage\":\"es\",\"@id\":\"https:\/\/www.celttv.com.ar\/#\/schema\/person\/image\/\",\"url\":\"https:\/\/secure.gravatar.com\/avatar\/7f2c48bdc33b30088f941fb6082e555f2874c98e20cb159d7b92b50eadfce793?s=96&d=mm&r=g\",\"contentUrl\":\"https:\/\/secure.gravatar.com\/avatar\/7f2c48bdc33b30088f941fb6082e555f2874c98e20cb159d7b92b50eadfce793?s=96&d=mm&r=g\",\"caption\":\"ulises\"},\"sameAs\":[\"http:\/\/www.celttv.com.ar\"]}]}<\/script>\n<!-- \/ Yoast SEO plugin. -->","yoast_head_json":{"title":"EL PARTIDO JUSTICIALISTA RECHAZA Y REPUDIA ENERGICAMENTE LOS DICHOS DE LA Dra. GRACIELA GOMEZ - CELTTV","description":"Sitio web de noticias de la localidad de Tornquist, provincia de Buenos Aires, Rep\u00fablica Argentina. Contenido propio originado por periodistas de CELTTV, el canal de TV local de la Cooperativa El\u00e9ctrica de Tornquist. Turismo, Pol\u00edtica, Sociedad, Deporte, Cultura y todo el contenido de inter\u00e9s general que la gente del pueblo y la regi\u00f3n debe conocer.","robots":{"index":"index","follow":"follow","max-snippet":"max-snippet:-1","max-image-preview":"max-image-preview:large","max-video-preview":"max-video-preview:-1"},"canonical":"https:\/\/www.celttv.com.ar\/index.php\/2013\/02\/20\/el-partido-justicialista-rechaza-y-repudia-energicamente-los-dichos-de-la-dra-graciela-gomez\/","og_locale":"es_ES","og_type":"article","og_title":"EL PARTIDO JUSTICIALISTA RECHAZA Y REPUDIA ENERGICAMENTE LOS DICHOS DE LA Dra. GRACIELA GOMEZ - CELTTV","og_description":"Sitio web de noticias de la localidad de Tornquist, provincia de Buenos Aires, Rep\u00fablica Argentina. Contenido propio originado por periodistas de CELTTV, el canal de TV local de la Cooperativa El\u00e9ctrica de Tornquist. Turismo, Pol\u00edtica, Sociedad, Deporte, Cultura y todo el contenido de inter\u00e9s general que la gente del pueblo y la regi\u00f3n debe conocer.","og_url":"https:\/\/www.celttv.com.ar\/index.php\/2013\/02\/20\/el-partido-justicialista-rechaza-y-repudia-energicamente-los-dichos-de-la-dra-graciela-gomez\/","og_site_name":"CELTTV","article_publisher":"https:\/\/www.facebook.com\/celtTV\/","article_published_time":"2013-02-20T23:00:11+00:00","og_image":[{"url":"http:\/\/www.tvcnoticias.com.ar\/wp-content\/uploads\/2013\/02\/DOCTORA-GOMEZ.jpg"}],"author":"ulises","twitter_card":"summary_large_image","twitter_misc":{"Escrito por":"ulises","Tiempo de lectura":"6 minutos"},"schema":{"@context":"https:\/\/schema.org","@graph":[{"@type":"NewsArticle","@id":"https:\/\/www.celttv.com.ar\/index.php\/2013\/02\/20\/el-partido-justicialista-rechaza-y-repudia-energicamente-los-dichos-de-la-dra-graciela-gomez\/#article","isPartOf":{"@id":"https:\/\/www.celttv.com.ar\/index.php\/2013\/02\/20\/el-partido-justicialista-rechaza-y-repudia-energicamente-los-dichos-de-la-dra-graciela-gomez\/"},"author":{"name":"ulises","@id":"https:\/\/www.celttv.com.ar\/#\/schema\/person\/6d99c072dba59953809c81446e9d0ace"},"headline":"EL PARTIDO JUSTICIALISTA RECHAZA Y REPUDIA ENERGICAMENTE LOS DICHOS DE LA Dra. GRACIELA GOMEZ","datePublished":"2013-02-20T23:00:11+00:00","dateModified":"2013-02-20T23:00:11+00:00","mainEntityOfPage":{"@id":"https:\/\/www.celttv.com.ar\/index.php\/2013\/02\/20\/el-partido-justicialista-rechaza-y-repudia-energicamente-los-dichos-de-la-dra-graciela-gomez\/"},"wordCount":1141,"publisher":{"@id":"https:\/\/www.celttv.com.ar\/#organization"},"articleSection":["Comunidad","Destacadas","Pol\u00edtica"],"inLanguage":"es"},{"@type":"WebPage","@id":"https:\/\/www.celttv.com.ar\/index.php\/2013\/02\/20\/el-partido-justicialista-rechaza-y-repudia-energicamente-los-dichos-de-la-dra-graciela-gomez\/","url":"https:\/\/www.celttv.com.ar\/index.php\/2013\/02\/20\/el-partido-justicialista-rechaza-y-repudia-energicamente-los-dichos-de-la-dra-graciela-gomez\/","name":"EL PARTIDO JUSTICIALISTA RECHAZA Y REPUDIA ENERGICAMENTE LOS DICHOS DE LA Dra. GRACIELA GOMEZ - CELTTV","isPartOf":{"@id":"https:\/\/www.celttv.com.ar\/#website"},"datePublished":"2013-02-20T23:00:11+00:00","dateModified":"2013-02-20T23:00:11+00:00","description":"Sitio web de noticias de la localidad de Tornquist, provincia de Buenos Aires, Rep\u00fablica Argentina. Contenido propio originado por periodistas de CELTTV, el canal de TV local de la Cooperativa El\u00e9ctrica de Tornquist. Turismo, Pol\u00edtica, Sociedad, Deporte, Cultura y todo el contenido de inter\u00e9s general que la gente del pueblo y la regi\u00f3n debe conocer.","breadcrumb":{"@id":"https:\/\/www.celttv.com.ar\/index.php\/2013\/02\/20\/el-partido-justicialista-rechaza-y-repudia-energicamente-los-dichos-de-la-dra-graciela-gomez\/#breadcrumb"},"inLanguage":"es","potentialAction":[{"@type":"ReadAction","target":["https:\/\/www.celttv.com.ar\/index.php\/2013\/02\/20\/el-partido-justicialista-rechaza-y-repudia-energicamente-los-dichos-de-la-dra-graciela-gomez\/"]}]},{"@type":"BreadcrumbList","@id":"https:\/\/www.celttv.com.ar\/index.php\/2013\/02\/20\/el-partido-justicialista-rechaza-y-repudia-energicamente-los-dichos-de-la-dra-graciela-gomez\/#breadcrumb","itemListElement":[{"@type":"ListItem","position":1,"name":"Inicio","item":"https:\/\/www.celttv.com.ar\/"},{"@type":"ListItem","position":2,"name":"EL PARTIDO JUSTICIALISTA RECHAZA Y REPUDIA ENERGICAMENTE LOS DICHOS DE LA Dra. GRACIELA GOMEZ"}]},{"@type":"WebSite","@id":"https:\/\/www.celttv.com.ar\/#website","url":"https:\/\/www.celttv.com.ar\/","name":"CELTTV","description":"Cooperativa El\u00e9ctrica de Tornquist","publisher":{"@id":"https:\/\/www.celttv.com.ar\/#organization"},"potentialAction":[{"@type":"SearchAction","target":{"@type":"EntryPoint","urlTemplate":"https:\/\/www.celttv.com.ar\/?s={search_term_string}"},"query-input":"required name=search_term_string"}],"inLanguage":"es"},{"@type":"Organization","@id":"https:\/\/www.celttv.com.ar\/#organization","name":"CELTTV","url":"https:\/\/www.celttv.com.ar\/","sameAs":["https:\/\/www.youtube.com\/channel\/UCz_oIt8Hig64Ub-EmcNPIhg","https:\/\/www.facebook.com\/celtTV\/"],"logo":{"@type":"ImageObject","inLanguage":"es","@id":"https:\/\/www.celttv.com.ar\/#\/schema\/logo\/image\/","url":"http:\/\/www.celttv.com.ar\/wp-content\/uploads\/2022\/08\/logo-1.png","contentUrl":"http:\/\/www.celttv.com.ar\/wp-content\/uploads\/2022\/08\/logo-1.png","width":461,"height":159,"caption":"CELTTV"},"image":{"@id":"https:\/\/www.celttv.com.ar\/#\/schema\/logo\/image\/"}},{"@type":"Person","@id":"https:\/\/www.celttv.com.ar\/#\/schema\/person\/6d99c072dba59953809c81446e9d0ace","name":"ulises","image":{"@type":"ImageObject","inLanguage":"es","@id":"https:\/\/www.celttv.com.ar\/#\/schema\/person\/image\/","url":"https:\/\/secure.gravatar.com\/avatar\/7f2c48bdc33b30088f941fb6082e555f2874c98e20cb159d7b92b50eadfce793?s=96&d=mm&r=g","contentUrl":"https:\/\/secure.gravatar.com\/avatar\/7f2c48bdc33b30088f941fb6082e555f2874c98e20cb159d7b92b50eadfce793?s=96&d=mm&r=g","caption":"ulises"},"sameAs":["http:\/\/www.celttv.com.ar"]}]}},"_links":{"self":[{"href":"https:\/\/www.celttv.com.ar\/index.php\/wp-json\/wp\/v2\/posts\/10351","targetHints":{"allow":["GET"]}}],"collection":[{"href":"https:\/\/www.celttv.com.ar\/index.php\/wp-json\/wp\/v2\/posts"}],"about":[{"href":"https:\/\/www.celttv.com.ar\/index.php\/wp-json\/wp\/v2\/types\/post"}],"author":[{"embeddable":true,"href":"https:\/\/www.celttv.com.ar\/index.php\/wp-json\/wp\/v2\/users\/1"}],"replies":[{"embeddable":true,"href":"https:\/\/www.celttv.com.ar\/index.php\/wp-json\/wp\/v2\/comments?post=10351"}],"version-history":[{"count":0,"href":"https:\/\/www.celttv.com.ar\/index.php\/wp-json\/wp\/v2\/posts\/10351\/revisions"}],"wp:attachment":[{"href":"https:\/\/www.celttv.com.ar\/index.php\/wp-json\/wp\/v2\/media?parent=10351"}],"wp:term":[{"taxonomy":"category","embeddable":true,"href":"https:\/\/www.celttv.com.ar\/index.php\/wp-json\/wp\/v2\/categories?post=10351"},{"taxonomy":"post_tag","embeddable":true,"href":"https:\/\/www.celttv.com.ar\/index.php\/wp-json\/wp\/v2\/tags?post=10351"}],"curies":[{"name":"wp","href":"https:\/\/api.w.org\/{rel}","templated":true}]}}