{"id":10358,"date":"2013-02-21T18:42:35","date_gmt":"2013-02-21T18:42:35","guid":{"rendered":"http:\/\/www.tvcnoticias.com.ar\/?p=10358"},"modified":"2013-02-21T18:42:35","modified_gmt":"2013-02-21T18:42:35","slug":"fabion-gonzalez-cantara-este-viernes-en-las-finales-de-sonando-por-cantar-fabio-nos-regalo-un-segmento-del-tema-que-canta-este-viernes","status":"publish","type":"post","link":"https:\/\/www.celttv.com.ar\/index.php\/2013\/02\/21\/fabion-gonzalez-cantara-este-viernes-en-las-finales-de-sonando-por-cantar-fabio-nos-regalo-un-segmento-del-tema-que-canta-este-viernes\/","title":{"rendered":"FABIO GONZALEZ CANTARA ESTE VIERNES EN LAS FINALES DE SO\u00d1ANDO POR CANTAR (Fabio nos regal\u00f3 un segmento del tema que canta este viernes)"},"content":{"rendered":"<p><a>httpv:\/\/www.youtube.com\/watch?v=tHSZaxB3D_Q<\/a><br \/>\nEl programa se emitir\u00e1 en vivo desde la hora 21.30 por canal 13 y viaja un micro desde Tornquist para acompa\u00f1ar al cantante local.<br \/>\nFabio interpretar\u00e1 un tema de Camilo Sesto en versi\u00f3n bailable. Adem\u00e1s seg\u00fan indic\u00f3 nuestro participante, un micro particular\u00a0 saldr\u00e1 el viernes a las nueve de la ma\u00f1ana desde el municipio con sus fans que han abonado su pasaje para acompa\u00f1arlo y alentarlo en el programa.<br \/>\nEn su visita a TVCNoticias Fabio nos regal\u00f3 un fragmento del tema de Camilo Sesto que cantar\u00e1 en el exigente escenario.<\/p>\n","protected":false},"excerpt":{"rendered":"<p>httpv:\/\/www.youtube.com\/watch?v=tHSZaxB3D_Q El programa se emitir\u00e1 en vivo desde la hora 21.30 por canal 13 y viaja un micro desde Tornquist para acompa\u00f1ar al cantante local. Fabio interpretar\u00e1 un tema de Camilo Sesto en versi\u00f3n bailable. Adem\u00e1s seg\u00fan indic\u00f3 nuestro participante, un micro particular\u00a0 saldr\u00e1 el viernes a las nueve de la ma\u00f1ana desde el municipio [&hellip;]<\/p>\n","protected":false},"author":1,"featured_media":0,"comment_status":"closed","ping_status":"open","sticky":false,"template":"","format":"standard","meta":{"footnotes":""},"categories":[51,56,64],"tags":[],"class_list":["post-10358","post","type-post","status-publish","format-standard","hentry","category-comunidad","category-espectaculos","category-videos-destacados"],"yoast_head":"<!-- This site is optimized with the Yoast SEO plugin v19.7.1 - https:\/\/yoast.com\/wordpress\/plugins\/seo\/ -->\n<title>FABIO GONZALEZ CANTARA ESTE VIERNES EN LAS FINALES DE SO\u00d1ANDO POR CANTAR (Fabio nos regal\u00f3 un segmento del tema que canta este viernes) - CELTTV<\/title>\n<meta name=\"description\" content=\"Sitio web de noticias de la localidad de Tornquist, provincia de Buenos Aires, Rep\u00fablica Argentina. Contenido propio originado por periodistas de CELTTV, el canal de TV local de la Cooperativa El\u00e9ctrica de Tornquist. Turismo, Pol\u00edtica, Sociedad, Deporte, Cultura y todo el contenido de inter\u00e9s general que la gente del pueblo y la regi\u00f3n debe conocer.\" \/>\n<meta name=\"robots\" content=\"index, follow, max-snippet:-1, max-image-preview:large, max-video-preview:-1\" \/>\n<link rel=\"canonical\" href=\"https:\/\/www.celttv.com.ar\/index.php\/2013\/02\/21\/fabion-gonzalez-cantara-este-viernes-en-las-finales-de-sonando-por-cantar-fabio-nos-regalo-un-segmento-del-tema-que-canta-este-viernes\/\" \/>\n<meta property=\"og:locale\" content=\"es_ES\" \/>\n<meta property=\"og:type\" content=\"article\" \/>\n<meta property=\"og:title\" content=\"FABIO GONZALEZ CANTARA ESTE VIERNES EN LAS FINALES DE SO\u00d1ANDO POR CANTAR (Fabio nos regal\u00f3 un segmento del tema que canta este viernes) - CELTTV\" \/>\n<meta property=\"og:description\" content=\"Sitio web de noticias de la localidad de Tornquist, provincia de Buenos Aires, Rep\u00fablica Argentina. Contenido propio originado por periodistas de CELTTV, el canal de TV local de la Cooperativa El\u00e9ctrica de Tornquist. Turismo, Pol\u00edtica, Sociedad, Deporte, Cultura y todo el contenido de inter\u00e9s general que la gente del pueblo y la regi\u00f3n debe conocer.\" \/>\n<meta property=\"og:url\" content=\"https:\/\/www.celttv.com.ar\/index.php\/2013\/02\/21\/fabion-gonzalez-cantara-este-viernes-en-las-finales-de-sonando-por-cantar-fabio-nos-regalo-un-segmento-del-tema-que-canta-este-viernes\/\" \/>\n<meta property=\"og:site_name\" content=\"CELTTV\" \/>\n<meta property=\"article:publisher\" content=\"https:\/\/www.facebook.com\/celtTV\/\" \/>\n<meta property=\"article:published_time\" content=\"2013-02-21T18:42:35+00:00\" \/>\n<meta name=\"author\" content=\"ulises\" \/>\n<meta name=\"twitter:card\" content=\"summary_large_image\" \/>\n<meta name=\"twitter:label1\" content=\"Escrito por\" \/>\n\t<meta name=\"twitter:data1\" content=\"ulises\" \/>\n\t<meta name=\"twitter:label2\" content=\"Tiempo de lectura\" \/>\n\t<meta name=\"twitter:data2\" content=\"1 minuto\" \/>\n<script type=\"application\/ld+json\" class=\"yoast-schema-graph\">{\"@context\":\"https:\/\/schema.org\",\"@graph\":[{\"@type\":\"NewsArticle\",\"@id\":\"https:\/\/www.celttv.com.ar\/index.php\/2013\/02\/21\/fabion-gonzalez-cantara-este-viernes-en-las-finales-de-sonando-por-cantar-fabio-nos-regalo-un-segmento-del-tema-que-canta-este-viernes\/#article\",\"isPartOf\":{\"@id\":\"https:\/\/www.celttv.com.ar\/index.php\/2013\/02\/21\/fabion-gonzalez-cantara-este-viernes-en-las-finales-de-sonando-por-cantar-fabio-nos-regalo-un-segmento-del-tema-que-canta-este-viernes\/\"},\"author\":{\"name\":\"ulises\",\"@id\":\"https:\/\/www.celttv.com.ar\/#\/schema\/person\/6d99c072dba59953809c81446e9d0ace\"},\"headline\":\"FABIO GONZALEZ CANTARA ESTE VIERNES EN LAS FINALES DE SO\u00d1ANDO POR CANTAR (Fabio nos regal\u00f3 un segmento del tema que canta este viernes)\",\"datePublished\":\"2013-02-21T18:42:35+00:00\",\"dateModified\":\"2013-02-21T18:42:35+00:00\",\"mainEntityOfPage\":{\"@id\":\"https:\/\/www.celttv.com.ar\/index.php\/2013\/02\/21\/fabion-gonzalez-cantara-este-viernes-en-las-finales-de-sonando-por-cantar-fabio-nos-regalo-un-segmento-del-tema-que-canta-este-viernes\/\"},\"wordCount\":127,\"publisher\":{\"@id\":\"https:\/\/www.celttv.com.ar\/#organization\"},\"articleSection\":[\"Comunidad\",\"Espect\u00e1culos\",\"Videos Destacados\"],\"inLanguage\":\"es\"},{\"@type\":\"WebPage\",\"@id\":\"https:\/\/www.celttv.com.ar\/index.php\/2013\/02\/21\/fabion-gonzalez-cantara-este-viernes-en-las-finales-de-sonando-por-cantar-fabio-nos-regalo-un-segmento-del-tema-que-canta-este-viernes\/\",\"url\":\"https:\/\/www.celttv.com.ar\/index.php\/2013\/02\/21\/fabion-gonzalez-cantara-este-viernes-en-las-finales-de-sonando-por-cantar-fabio-nos-regalo-un-segmento-del-tema-que-canta-este-viernes\/\",\"name\":\"FABIO GONZALEZ CANTARA ESTE VIERNES EN LAS FINALES DE SO\u00d1ANDO POR CANTAR (Fabio nos regal\u00f3 un segmento del tema que canta este viernes) - CELTTV\",\"isPartOf\":{\"@id\":\"https:\/\/www.celttv.com.ar\/#website\"},\"datePublished\":\"2013-02-21T18:42:35+00:00\",\"dateModified\":\"2013-02-21T18:42:35+00:00\",\"description\":\"Sitio web de noticias de la localidad de Tornquist, provincia de Buenos Aires, Rep\u00fablica Argentina. Contenido propio originado por periodistas de CELTTV, el canal de TV local de la Cooperativa El\u00e9ctrica de Tornquist. Turismo, Pol\u00edtica, Sociedad, Deporte, Cultura y todo el contenido de inter\u00e9s general que la gente del pueblo y la regi\u00f3n debe conocer.\",\"breadcrumb\":{\"@id\":\"https:\/\/www.celttv.com.ar\/index.php\/2013\/02\/21\/fabion-gonzalez-cantara-este-viernes-en-las-finales-de-sonando-por-cantar-fabio-nos-regalo-un-segmento-del-tema-que-canta-este-viernes\/#breadcrumb\"},\"inLanguage\":\"es\",\"potentialAction\":[{\"@type\":\"ReadAction\",\"target\":[\"https:\/\/www.celttv.com.ar\/index.php\/2013\/02\/21\/fabion-gonzalez-cantara-este-viernes-en-las-finales-de-sonando-por-cantar-fabio-nos-regalo-un-segmento-del-tema-que-canta-este-viernes\/\"]}]},{\"@type\":\"BreadcrumbList\",\"@id\":\"https:\/\/www.celttv.com.ar\/index.php\/2013\/02\/21\/fabion-gonzalez-cantara-este-viernes-en-las-finales-de-sonando-por-cantar-fabio-nos-regalo-un-segmento-del-tema-que-canta-este-viernes\/#breadcrumb\",\"itemListElement\":[{\"@type\":\"ListItem\",\"position\":1,\"name\":\"Inicio\",\"item\":\"https:\/\/www.celttv.com.ar\/\"},{\"@type\":\"ListItem\",\"position\":2,\"name\":\"FABIO GONZALEZ CANTARA ESTE VIERNES EN LAS FINALES DE SO\u00d1ANDO POR CANTAR (Fabio nos regal\u00f3 un segmento del tema que canta este viernes)\"}]},{\"@type\":\"WebSite\",\"@id\":\"https:\/\/www.celttv.com.ar\/#website\",\"url\":\"https:\/\/www.celttv.com.ar\/\",\"name\":\"CELTTV\",\"description\":\"Cooperativa El\u00e9ctrica de Tornquist\",\"publisher\":{\"@id\":\"https:\/\/www.celttv.com.ar\/#organization\"},\"potentialAction\":[{\"@type\":\"SearchAction\",\"target\":{\"@type\":\"EntryPoint\",\"urlTemplate\":\"https:\/\/www.celttv.com.ar\/?s={search_term_string}\"},\"query-input\":\"required name=search_term_string\"}],\"inLanguage\":\"es\"},{\"@type\":\"Organization\",\"@id\":\"https:\/\/www.celttv.com.ar\/#organization\",\"name\":\"CELTTV\",\"url\":\"https:\/\/www.celttv.com.ar\/\",\"sameAs\":[\"https:\/\/www.youtube.com\/channel\/UCz_oIt8Hig64Ub-EmcNPIhg\",\"https:\/\/www.facebook.com\/celtTV\/\"],\"logo\":{\"@type\":\"ImageObject\",\"inLanguage\":\"es\",\"@id\":\"https:\/\/www.celttv.com.ar\/#\/schema\/logo\/image\/\",\"url\":\"http:\/\/www.celttv.com.ar\/wp-content\/uploads\/2022\/08\/logo-1.png\",\"contentUrl\":\"http:\/\/www.celttv.com.ar\/wp-content\/uploads\/2022\/08\/logo-1.png\",\"width\":461,\"height\":159,\"caption\":\"CELTTV\"},\"image\":{\"@id\":\"https:\/\/www.celttv.com.ar\/#\/schema\/logo\/image\/\"}},{\"@type\":\"Person\",\"@id\":\"https:\/\/www.celttv.com.ar\/#\/schema\/person\/6d99c072dba59953809c81446e9d0ace\",\"name\":\"ulises\",\"image\":{\"@type\":\"ImageObject\",\"inLanguage\":\"es\",\"@id\":\"https:\/\/www.celttv.com.ar\/#\/schema\/person\/image\/\",\"url\":\"https:\/\/secure.gravatar.com\/avatar\/7f2c48bdc33b30088f941fb6082e555f2874c98e20cb159d7b92b50eadfce793?s=96&d=mm&r=g\",\"contentUrl\":\"https:\/\/secure.gravatar.com\/avatar\/7f2c48bdc33b30088f941fb6082e555f2874c98e20cb159d7b92b50eadfce793?s=96&d=mm&r=g\",\"caption\":\"ulises\"},\"sameAs\":[\"http:\/\/www.celttv.com.ar\"]}]}<\/script>\n<!-- \/ Yoast SEO plugin. -->","yoast_head_json":{"title":"FABIO GONZALEZ CANTARA ESTE VIERNES EN LAS FINALES DE SO\u00d1ANDO POR CANTAR (Fabio nos regal\u00f3 un segmento del tema que canta este viernes) - CELTTV","description":"Sitio web de noticias de la localidad de Tornquist, provincia de Buenos Aires, Rep\u00fablica Argentina. Contenido propio originado por periodistas de CELTTV, el canal de TV local de la Cooperativa El\u00e9ctrica de Tornquist. Turismo, Pol\u00edtica, Sociedad, Deporte, Cultura y todo el contenido de inter\u00e9s general que la gente del pueblo y la regi\u00f3n debe conocer.","robots":{"index":"index","follow":"follow","max-snippet":"max-snippet:-1","max-image-preview":"max-image-preview:large","max-video-preview":"max-video-preview:-1"},"canonical":"https:\/\/www.celttv.com.ar\/index.php\/2013\/02\/21\/fabion-gonzalez-cantara-este-viernes-en-las-finales-de-sonando-por-cantar-fabio-nos-regalo-un-segmento-del-tema-que-canta-este-viernes\/","og_locale":"es_ES","og_type":"article","og_title":"FABIO GONZALEZ CANTARA ESTE VIERNES EN LAS FINALES DE SO\u00d1ANDO POR CANTAR (Fabio nos regal\u00f3 un segmento del tema que canta este viernes) - CELTTV","og_description":"Sitio web de noticias de la localidad de Tornquist, provincia de Buenos Aires, Rep\u00fablica Argentina. Contenido propio originado por periodistas de CELTTV, el canal de TV local de la Cooperativa El\u00e9ctrica de Tornquist. Turismo, Pol\u00edtica, Sociedad, Deporte, Cultura y todo el contenido de inter\u00e9s general que la gente del pueblo y la regi\u00f3n debe conocer.","og_url":"https:\/\/www.celttv.com.ar\/index.php\/2013\/02\/21\/fabion-gonzalez-cantara-este-viernes-en-las-finales-de-sonando-por-cantar-fabio-nos-regalo-un-segmento-del-tema-que-canta-este-viernes\/","og_site_name":"CELTTV","article_publisher":"https:\/\/www.facebook.com\/celtTV\/","article_published_time":"2013-02-21T18:42:35+00:00","author":"ulises","twitter_card":"summary_large_image","twitter_misc":{"Escrito por":"ulises","Tiempo de lectura":"1 minuto"},"schema":{"@context":"https:\/\/schema.org","@graph":[{"@type":"NewsArticle","@id":"https:\/\/www.celttv.com.ar\/index.php\/2013\/02\/21\/fabion-gonzalez-cantara-este-viernes-en-las-finales-de-sonando-por-cantar-fabio-nos-regalo-un-segmento-del-tema-que-canta-este-viernes\/#article","isPartOf":{"@id":"https:\/\/www.celttv.com.ar\/index.php\/2013\/02\/21\/fabion-gonzalez-cantara-este-viernes-en-las-finales-de-sonando-por-cantar-fabio-nos-regalo-un-segmento-del-tema-que-canta-este-viernes\/"},"author":{"name":"ulises","@id":"https:\/\/www.celttv.com.ar\/#\/schema\/person\/6d99c072dba59953809c81446e9d0ace"},"headline":"FABIO GONZALEZ CANTARA ESTE VIERNES EN LAS FINALES DE SO\u00d1ANDO POR CANTAR (Fabio nos regal\u00f3 un segmento del tema que canta este viernes)","datePublished":"2013-02-21T18:42:35+00:00","dateModified":"2013-02-21T18:42:35+00:00","mainEntityOfPage":{"@id":"https:\/\/www.celttv.com.ar\/index.php\/2013\/02\/21\/fabion-gonzalez-cantara-este-viernes-en-las-finales-de-sonando-por-cantar-fabio-nos-regalo-un-segmento-del-tema-que-canta-este-viernes\/"},"wordCount":127,"publisher":{"@id":"https:\/\/www.celttv.com.ar\/#organization"},"articleSection":["Comunidad","Espect\u00e1culos","Videos Destacados"],"inLanguage":"es"},{"@type":"WebPage","@id":"https:\/\/www.celttv.com.ar\/index.php\/2013\/02\/21\/fabion-gonzalez-cantara-este-viernes-en-las-finales-de-sonando-por-cantar-fabio-nos-regalo-un-segmento-del-tema-que-canta-este-viernes\/","url":"https:\/\/www.celttv.com.ar\/index.php\/2013\/02\/21\/fabion-gonzalez-cantara-este-viernes-en-las-finales-de-sonando-por-cantar-fabio-nos-regalo-un-segmento-del-tema-que-canta-este-viernes\/","name":"FABIO GONZALEZ CANTARA ESTE VIERNES EN LAS FINALES DE SO\u00d1ANDO POR CANTAR (Fabio nos regal\u00f3 un segmento del tema que canta este viernes) - CELTTV","isPartOf":{"@id":"https:\/\/www.celttv.com.ar\/#website"},"datePublished":"2013-02-21T18:42:35+00:00","dateModified":"2013-02-21T18:42:35+00:00","description":"Sitio web de noticias de la localidad de Tornquist, provincia de Buenos Aires, Rep\u00fablica Argentina. Contenido propio originado por periodistas de CELTTV, el canal de TV local de la Cooperativa El\u00e9ctrica de Tornquist. Turismo, Pol\u00edtica, Sociedad, Deporte, Cultura y todo el contenido de inter\u00e9s general que la gente del pueblo y la regi\u00f3n debe conocer.","breadcrumb":{"@id":"https:\/\/www.celttv.com.ar\/index.php\/2013\/02\/21\/fabion-gonzalez-cantara-este-viernes-en-las-finales-de-sonando-por-cantar-fabio-nos-regalo-un-segmento-del-tema-que-canta-este-viernes\/#breadcrumb"},"inLanguage":"es","potentialAction":[{"@type":"ReadAction","target":["https:\/\/www.celttv.com.ar\/index.php\/2013\/02\/21\/fabion-gonzalez-cantara-este-viernes-en-las-finales-de-sonando-por-cantar-fabio-nos-regalo-un-segmento-del-tema-que-canta-este-viernes\/"]}]},{"@type":"BreadcrumbList","@id":"https:\/\/www.celttv.com.ar\/index.php\/2013\/02\/21\/fabion-gonzalez-cantara-este-viernes-en-las-finales-de-sonando-por-cantar-fabio-nos-regalo-un-segmento-del-tema-que-canta-este-viernes\/#breadcrumb","itemListElement":[{"@type":"ListItem","position":1,"name":"Inicio","item":"https:\/\/www.celttv.com.ar\/"},{"@type":"ListItem","position":2,"name":"FABIO GONZALEZ CANTARA ESTE VIERNES EN LAS FINALES DE SO\u00d1ANDO POR CANTAR (Fabio nos regal\u00f3 un segmento del tema que canta este viernes)"}]},{"@type":"WebSite","@id":"https:\/\/www.celttv.com.ar\/#website","url":"https:\/\/www.celttv.com.ar\/","name":"CELTTV","description":"Cooperativa El\u00e9ctrica de Tornquist","publisher":{"@id":"https:\/\/www.celttv.com.ar\/#organization"},"potentialAction":[{"@type":"SearchAction","target":{"@type":"EntryPoint","urlTemplate":"https:\/\/www.celttv.com.ar\/?s={search_term_string}"},"query-input":"required name=search_term_string"}],"inLanguage":"es"},{"@type":"Organization","@id":"https:\/\/www.celttv.com.ar\/#organization","name":"CELTTV","url":"https:\/\/www.celttv.com.ar\/","sameAs":["https:\/\/www.youtube.com\/channel\/UCz_oIt8Hig64Ub-EmcNPIhg","https:\/\/www.facebook.com\/celtTV\/"],"logo":{"@type":"ImageObject","inLanguage":"es","@id":"https:\/\/www.celttv.com.ar\/#\/schema\/logo\/image\/","url":"http:\/\/www.celttv.com.ar\/wp-content\/uploads\/2022\/08\/logo-1.png","contentUrl":"http:\/\/www.celttv.com.ar\/wp-content\/uploads\/2022\/08\/logo-1.png","width":461,"height":159,"caption":"CELTTV"},"image":{"@id":"https:\/\/www.celttv.com.ar\/#\/schema\/logo\/image\/"}},{"@type":"Person","@id":"https:\/\/www.celttv.com.ar\/#\/schema\/person\/6d99c072dba59953809c81446e9d0ace","name":"ulises","image":{"@type":"ImageObject","inLanguage":"es","@id":"https:\/\/www.celttv.com.ar\/#\/schema\/person\/image\/","url":"https:\/\/secure.gravatar.com\/avatar\/7f2c48bdc33b30088f941fb6082e555f2874c98e20cb159d7b92b50eadfce793?s=96&d=mm&r=g","contentUrl":"https:\/\/secure.gravatar.com\/avatar\/7f2c48bdc33b30088f941fb6082e555f2874c98e20cb159d7b92b50eadfce793?s=96&d=mm&r=g","caption":"ulises"},"sameAs":["http:\/\/www.celttv.com.ar"]}]}},"_links":{"self":[{"href":"https:\/\/www.celttv.com.ar\/index.php\/wp-json\/wp\/v2\/posts\/10358","targetHints":{"allow":["GET"]}}],"collection":[{"href":"https:\/\/www.celttv.com.ar\/index.php\/wp-json\/wp\/v2\/posts"}],"about":[{"href":"https:\/\/www.celttv.com.ar\/index.php\/wp-json\/wp\/v2\/types\/post"}],"author":[{"embeddable":true,"href":"https:\/\/www.celttv.com.ar\/index.php\/wp-json\/wp\/v2\/users\/1"}],"replies":[{"embeddable":true,"href":"https:\/\/www.celttv.com.ar\/index.php\/wp-json\/wp\/v2\/comments?post=10358"}],"version-history":[{"count":0,"href":"https:\/\/www.celttv.com.ar\/index.php\/wp-json\/wp\/v2\/posts\/10358\/revisions"}],"wp:attachment":[{"href":"https:\/\/www.celttv.com.ar\/index.php\/wp-json\/wp\/v2\/media?parent=10358"}],"wp:term":[{"taxonomy":"category","embeddable":true,"href":"https:\/\/www.celttv.com.ar\/index.php\/wp-json\/wp\/v2\/categories?post=10358"},{"taxonomy":"post_tag","embeddable":true,"href":"https:\/\/www.celttv.com.ar\/index.php\/wp-json\/wp\/v2\/tags?post=10358"}],"curies":[{"name":"wp","href":"https:\/\/api.w.org\/{rel}","templated":true}]}}