{"id":10362,"date":"2013-02-21T18:50:59","date_gmt":"2013-02-21T18:50:59","guid":{"rendered":"http:\/\/www.tvcnoticias.com.ar\/?p=10362"},"modified":"2013-02-21T18:50:59","modified_gmt":"2013-02-21T18:50:59","slug":"presentaron-la-creacion-de-la-escuela-de-educacion-tecnica-de-nivel-secundario","status":"publish","type":"post","link":"https:\/\/www.celttv.com.ar\/index.php\/2013\/02\/21\/presentaron-la-creacion-de-la-escuela-de-educacion-tecnica-de-nivel-secundario\/","title":{"rendered":"PRESENTARON LA CREACION DE LA ESCUELA DE EDUCACION TECNICA DE NIVEL SECUNDARIO"},"content":{"rendered":"<p><a href=\"http:\/\/www.youtube.com\/watch?v=JgP1kpKoHsU\">httpv:\/\/www.youtube.com\/watch?v=JgP1kpKoHsU<\/a><br \/>\nCon la presencia de autoridades comunales, provinciales y educativas, se realiz\u00f3 anoche una reuni\u00f3n informativa sobre los alcances de la creaci\u00f3n de la Escuela de Educaci\u00f3n T\u00e9cnica de Nivel Secundario del distrito de Tornquist.<br \/>\n\u00a0\u00a0 El encuentro cont\u00f3 con la presencia del director Provincial de Educaci\u00f3n T\u00e9cnica, profesor Gerardo Marchesini;\u00a0 la Inspectora Jefe Distrital, profesora Ana Skolak; el Inspector de Escuelas T\u00e9cnicas de la regi\u00f3n, profesor Horacio Killing; y el secretario de Gobierno, Guillermo L\u00f6ffler, en representaci\u00f3n del intendente municipal, licenciado Gustavo Trankels, quien por cuestiones inherentes a la gesti\u00f3n se encontraba en la ciudad de La Plata. Tambi\u00e9n participaron integrantes del gabinete local.<br \/>\n\u00a0\u00a0 Durante la charla, desarrollada en la Sala de Situaciones del Palacio Municipal, se abordaron aspectos organizativos, de orientaci\u00f3n, residencia y requisitos de inscripci\u00f3n.<br \/>\n\u00a0\u00a0 La apertura estuvo a cargo de L\u00f6ffler, quien destac\u00f3 la importancia de contar con una entidad educativa de estas caracter\u00edsticas en nuestro distrito.<br \/>\n\u00a0\u00a0 \u201cMe toca hablar en nombre del intendente Trankels. Quer\u00eda agradecerle a Gerardo Marchesini, al inspector Horacio Killing y a Ana Mar\u00eda Skolak, por participar de este encuentro y presentar la creaci\u00f3n de la escuela t\u00e9cnica. De parte del intendente quiero transmitir el agradecimiento al gobernador Daniel Scioli y a la ministra Nora De Luc\u00eda, quienes tomaron la decisi\u00f3n pol\u00edtica de abrir esta instituci\u00f3n en Tornquist\u201d, asegur\u00f3.<br \/>\n\u00a0\u00a0 Ana Skolak se manifest\u00f3 en el mismo sentido, dada la trascendencia que reviste la apertura.<br \/>\n\u00a0\u00a0 \u201cEs un momento muy especial para nuestra ciudad y nuestro distrito, porque en este ciclo lectivo ser\u00e1 la \u00fanica escuela t\u00e9cnica que se crear\u00e1 en todo el \u00e1mbito de la provincia de Buenos Aires\u201d, destac\u00f3.<br \/>\n\u00a0\u00a0 La ronda de reuniones continuaba al d\u00eda siguiente, desde las 20, cuando se realizaba la presentaci\u00f3n en el Jard\u00edn N\u00b0 903 de Sierra de la Ventana, con la participaci\u00f3n de los mismos interlocutores.<br \/>\n\u201cEstamos muy contentos con esta creaci\u00f3n. Uno sabe que la educaci\u00f3n se juega en las escuelas, que el proceso de ense\u00f1anza de los chicos se da en esos lugares. Quiero agradecerle a los presentes y al municipio por el apoyo. El pa\u00eds viene recuperando la educaci\u00f3n t\u00e9cnica profesional desde el a\u00f1o 2003, a partir de una pol\u00edtica nacional. Y eso es muy importante\u201d, consider\u00f3, por su parte, Merchesini.<br \/>\n\u00a0\u00a0 Las inscripciones se reciben en la sede de Jefatura Distrital (25 de Mayo 684 de la ciudad cabecera), de lunes a viernes de 9 a 14 hs. Por consultas, se puede llamar al (0291) 4940629 o 4940631.<\/p>\n","protected":false},"excerpt":{"rendered":"<p>httpv:\/\/www.youtube.com\/watch?v=JgP1kpKoHsU Con la presencia de autoridades comunales, provinciales y educativas, se realiz\u00f3 anoche una reuni\u00f3n informativa sobre los alcances de la creaci\u00f3n de la Escuela de Educaci\u00f3n T\u00e9cnica de Nivel Secundario del distrito de Tornquist. \u00a0\u00a0 El encuentro cont\u00f3 con la presencia del director Provincial de Educaci\u00f3n T\u00e9cnica, profesor Gerardo Marchesini;\u00a0 la Inspectora Jefe Distrital, [&hellip;]<\/p>\n","protected":false},"author":1,"featured_media":0,"comment_status":"closed","ping_status":"open","sticky":false,"template":"","format":"standard","meta":{"footnotes":""},"categories":[51,52,53,64],"tags":[],"class_list":["post-10362","post","type-post","status-publish","format-standard","hentry","category-comunidad","category-destacadas","category-politica","category-videos-destacados"],"yoast_head":"<!-- This site is optimized with the Yoast SEO plugin v19.7.1 - https:\/\/yoast.com\/wordpress\/plugins\/seo\/ -->\n<title>PRESENTARON LA CREACION DE LA ESCUELA DE EDUCACION TECNICA DE NIVEL SECUNDARIO - CELTTV<\/title>\n<meta name=\"description\" content=\"Sitio web de noticias de la localidad de Tornquist, provincia de Buenos Aires, Rep\u00fablica Argentina. Contenido propio originado por periodistas de CELTTV, el canal de TV local de la Cooperativa El\u00e9ctrica de Tornquist. Turismo, Pol\u00edtica, Sociedad, Deporte, Cultura y todo el contenido de inter\u00e9s general que la gente del pueblo y la regi\u00f3n debe conocer.\" \/>\n<meta name=\"robots\" content=\"index, follow, max-snippet:-1, max-image-preview:large, max-video-preview:-1\" \/>\n<link rel=\"canonical\" href=\"https:\/\/www.celttv.com.ar\/index.php\/2013\/02\/21\/presentaron-la-creacion-de-la-escuela-de-educacion-tecnica-de-nivel-secundario\/\" \/>\n<meta property=\"og:locale\" content=\"es_ES\" \/>\n<meta property=\"og:type\" content=\"article\" \/>\n<meta property=\"og:title\" content=\"PRESENTARON LA CREACION DE LA ESCUELA DE EDUCACION TECNICA DE NIVEL SECUNDARIO - CELTTV\" \/>\n<meta property=\"og:description\" content=\"Sitio web de noticias de la localidad de Tornquist, provincia de Buenos Aires, Rep\u00fablica Argentina. Contenido propio originado por periodistas de CELTTV, el canal de TV local de la Cooperativa El\u00e9ctrica de Tornquist. Turismo, Pol\u00edtica, Sociedad, Deporte, Cultura y todo el contenido de inter\u00e9s general que la gente del pueblo y la regi\u00f3n debe conocer.\" \/>\n<meta property=\"og:url\" content=\"https:\/\/www.celttv.com.ar\/index.php\/2013\/02\/21\/presentaron-la-creacion-de-la-escuela-de-educacion-tecnica-de-nivel-secundario\/\" \/>\n<meta property=\"og:site_name\" content=\"CELTTV\" \/>\n<meta property=\"article:publisher\" content=\"https:\/\/www.facebook.com\/celtTV\/\" \/>\n<meta property=\"article:published_time\" content=\"2013-02-21T18:50:59+00:00\" \/>\n<meta name=\"author\" content=\"ulises\" \/>\n<meta name=\"twitter:card\" content=\"summary_large_image\" \/>\n<meta name=\"twitter:label1\" content=\"Escrito por\" \/>\n\t<meta name=\"twitter:data1\" content=\"ulises\" \/>\n\t<meta name=\"twitter:label2\" content=\"Tiempo de lectura\" \/>\n\t<meta name=\"twitter:data2\" content=\"2 minutos\" \/>\n<script type=\"application\/ld+json\" class=\"yoast-schema-graph\">{\"@context\":\"https:\/\/schema.org\",\"@graph\":[{\"@type\":\"NewsArticle\",\"@id\":\"https:\/\/www.celttv.com.ar\/index.php\/2013\/02\/21\/presentaron-la-creacion-de-la-escuela-de-educacion-tecnica-de-nivel-secundario\/#article\",\"isPartOf\":{\"@id\":\"https:\/\/www.celttv.com.ar\/index.php\/2013\/02\/21\/presentaron-la-creacion-de-la-escuela-de-educacion-tecnica-de-nivel-secundario\/\"},\"author\":{\"name\":\"ulises\",\"@id\":\"https:\/\/www.celttv.com.ar\/#\/schema\/person\/6d99c072dba59953809c81446e9d0ace\"},\"headline\":\"PRESENTARON LA CREACION DE LA ESCUELA DE EDUCACION TECNICA DE NIVEL SECUNDARIO\",\"datePublished\":\"2013-02-21T18:50:59+00:00\",\"dateModified\":\"2013-02-21T18:50:59+00:00\",\"mainEntityOfPage\":{\"@id\":\"https:\/\/www.celttv.com.ar\/index.php\/2013\/02\/21\/presentaron-la-creacion-de-la-escuela-de-educacion-tecnica-de-nivel-secundario\/\"},\"wordCount\":450,\"publisher\":{\"@id\":\"https:\/\/www.celttv.com.ar\/#organization\"},\"articleSection\":[\"Comunidad\",\"Destacadas\",\"Pol\u00edtica\",\"Videos Destacados\"],\"inLanguage\":\"es\"},{\"@type\":\"WebPage\",\"@id\":\"https:\/\/www.celttv.com.ar\/index.php\/2013\/02\/21\/presentaron-la-creacion-de-la-escuela-de-educacion-tecnica-de-nivel-secundario\/\",\"url\":\"https:\/\/www.celttv.com.ar\/index.php\/2013\/02\/21\/presentaron-la-creacion-de-la-escuela-de-educacion-tecnica-de-nivel-secundario\/\",\"name\":\"PRESENTARON LA CREACION DE LA ESCUELA DE EDUCACION TECNICA DE NIVEL SECUNDARIO - CELTTV\",\"isPartOf\":{\"@id\":\"https:\/\/www.celttv.com.ar\/#website\"},\"datePublished\":\"2013-02-21T18:50:59+00:00\",\"dateModified\":\"2013-02-21T18:50:59+00:00\",\"description\":\"Sitio web de noticias de la localidad de Tornquist, provincia de Buenos Aires, Rep\u00fablica Argentina. Contenido propio originado por periodistas de CELTTV, el canal de TV local de la Cooperativa El\u00e9ctrica de Tornquist. Turismo, Pol\u00edtica, Sociedad, Deporte, Cultura y todo el contenido de inter\u00e9s general que la gente del pueblo y la regi\u00f3n debe conocer.\",\"breadcrumb\":{\"@id\":\"https:\/\/www.celttv.com.ar\/index.php\/2013\/02\/21\/presentaron-la-creacion-de-la-escuela-de-educacion-tecnica-de-nivel-secundario\/#breadcrumb\"},\"inLanguage\":\"es\",\"potentialAction\":[{\"@type\":\"ReadAction\",\"target\":[\"https:\/\/www.celttv.com.ar\/index.php\/2013\/02\/21\/presentaron-la-creacion-de-la-escuela-de-educacion-tecnica-de-nivel-secundario\/\"]}]},{\"@type\":\"BreadcrumbList\",\"@id\":\"https:\/\/www.celttv.com.ar\/index.php\/2013\/02\/21\/presentaron-la-creacion-de-la-escuela-de-educacion-tecnica-de-nivel-secundario\/#breadcrumb\",\"itemListElement\":[{\"@type\":\"ListItem\",\"position\":1,\"name\":\"Inicio\",\"item\":\"https:\/\/www.celttv.com.ar\/\"},{\"@type\":\"ListItem\",\"position\":2,\"name\":\"PRESENTARON LA CREACION DE LA ESCUELA DE EDUCACION TECNICA DE NIVEL SECUNDARIO\"}]},{\"@type\":\"WebSite\",\"@id\":\"https:\/\/www.celttv.com.ar\/#website\",\"url\":\"https:\/\/www.celttv.com.ar\/\",\"name\":\"CELTTV\",\"description\":\"Cooperativa El\u00e9ctrica de Tornquist\",\"publisher\":{\"@id\":\"https:\/\/www.celttv.com.ar\/#organization\"},\"potentialAction\":[{\"@type\":\"SearchAction\",\"target\":{\"@type\":\"EntryPoint\",\"urlTemplate\":\"https:\/\/www.celttv.com.ar\/?s={search_term_string}\"},\"query-input\":\"required name=search_term_string\"}],\"inLanguage\":\"es\"},{\"@type\":\"Organization\",\"@id\":\"https:\/\/www.celttv.com.ar\/#organization\",\"name\":\"CELTTV\",\"url\":\"https:\/\/www.celttv.com.ar\/\",\"sameAs\":[\"https:\/\/www.youtube.com\/channel\/UCz_oIt8Hig64Ub-EmcNPIhg\",\"https:\/\/www.facebook.com\/celtTV\/\"],\"logo\":{\"@type\":\"ImageObject\",\"inLanguage\":\"es\",\"@id\":\"https:\/\/www.celttv.com.ar\/#\/schema\/logo\/image\/\",\"url\":\"http:\/\/www.celttv.com.ar\/wp-content\/uploads\/2022\/08\/logo-1.png\",\"contentUrl\":\"http:\/\/www.celttv.com.ar\/wp-content\/uploads\/2022\/08\/logo-1.png\",\"width\":461,\"height\":159,\"caption\":\"CELTTV\"},\"image\":{\"@id\":\"https:\/\/www.celttv.com.ar\/#\/schema\/logo\/image\/\"}},{\"@type\":\"Person\",\"@id\":\"https:\/\/www.celttv.com.ar\/#\/schema\/person\/6d99c072dba59953809c81446e9d0ace\",\"name\":\"ulises\",\"image\":{\"@type\":\"ImageObject\",\"inLanguage\":\"es\",\"@id\":\"https:\/\/www.celttv.com.ar\/#\/schema\/person\/image\/\",\"url\":\"https:\/\/secure.gravatar.com\/avatar\/7f2c48bdc33b30088f941fb6082e555f2874c98e20cb159d7b92b50eadfce793?s=96&d=mm&r=g\",\"contentUrl\":\"https:\/\/secure.gravatar.com\/avatar\/7f2c48bdc33b30088f941fb6082e555f2874c98e20cb159d7b92b50eadfce793?s=96&d=mm&r=g\",\"caption\":\"ulises\"},\"sameAs\":[\"http:\/\/www.celttv.com.ar\"]}]}<\/script>\n<!-- \/ Yoast SEO plugin. -->","yoast_head_json":{"title":"PRESENTARON LA CREACION DE LA ESCUELA DE EDUCACION TECNICA DE NIVEL SECUNDARIO - CELTTV","description":"Sitio web de noticias de la localidad de Tornquist, provincia de Buenos Aires, Rep\u00fablica Argentina. Contenido propio originado por periodistas de CELTTV, el canal de TV local de la Cooperativa El\u00e9ctrica de Tornquist. Turismo, Pol\u00edtica, Sociedad, Deporte, Cultura y todo el contenido de inter\u00e9s general que la gente del pueblo y la regi\u00f3n debe conocer.","robots":{"index":"index","follow":"follow","max-snippet":"max-snippet:-1","max-image-preview":"max-image-preview:large","max-video-preview":"max-video-preview:-1"},"canonical":"https:\/\/www.celttv.com.ar\/index.php\/2013\/02\/21\/presentaron-la-creacion-de-la-escuela-de-educacion-tecnica-de-nivel-secundario\/","og_locale":"es_ES","og_type":"article","og_title":"PRESENTARON LA CREACION DE LA ESCUELA DE EDUCACION TECNICA DE NIVEL SECUNDARIO - CELTTV","og_description":"Sitio web de noticias de la localidad de Tornquist, provincia de Buenos Aires, Rep\u00fablica Argentina. Contenido propio originado por periodistas de CELTTV, el canal de TV local de la Cooperativa El\u00e9ctrica de Tornquist. Turismo, Pol\u00edtica, Sociedad, Deporte, Cultura y todo el contenido de inter\u00e9s general que la gente del pueblo y la regi\u00f3n debe conocer.","og_url":"https:\/\/www.celttv.com.ar\/index.php\/2013\/02\/21\/presentaron-la-creacion-de-la-escuela-de-educacion-tecnica-de-nivel-secundario\/","og_site_name":"CELTTV","article_publisher":"https:\/\/www.facebook.com\/celtTV\/","article_published_time":"2013-02-21T18:50:59+00:00","author":"ulises","twitter_card":"summary_large_image","twitter_misc":{"Escrito por":"ulises","Tiempo de lectura":"2 minutos"},"schema":{"@context":"https:\/\/schema.org","@graph":[{"@type":"NewsArticle","@id":"https:\/\/www.celttv.com.ar\/index.php\/2013\/02\/21\/presentaron-la-creacion-de-la-escuela-de-educacion-tecnica-de-nivel-secundario\/#article","isPartOf":{"@id":"https:\/\/www.celttv.com.ar\/index.php\/2013\/02\/21\/presentaron-la-creacion-de-la-escuela-de-educacion-tecnica-de-nivel-secundario\/"},"author":{"name":"ulises","@id":"https:\/\/www.celttv.com.ar\/#\/schema\/person\/6d99c072dba59953809c81446e9d0ace"},"headline":"PRESENTARON LA CREACION DE LA ESCUELA DE EDUCACION TECNICA DE NIVEL SECUNDARIO","datePublished":"2013-02-21T18:50:59+00:00","dateModified":"2013-02-21T18:50:59+00:00","mainEntityOfPage":{"@id":"https:\/\/www.celttv.com.ar\/index.php\/2013\/02\/21\/presentaron-la-creacion-de-la-escuela-de-educacion-tecnica-de-nivel-secundario\/"},"wordCount":450,"publisher":{"@id":"https:\/\/www.celttv.com.ar\/#organization"},"articleSection":["Comunidad","Destacadas","Pol\u00edtica","Videos Destacados"],"inLanguage":"es"},{"@type":"WebPage","@id":"https:\/\/www.celttv.com.ar\/index.php\/2013\/02\/21\/presentaron-la-creacion-de-la-escuela-de-educacion-tecnica-de-nivel-secundario\/","url":"https:\/\/www.celttv.com.ar\/index.php\/2013\/02\/21\/presentaron-la-creacion-de-la-escuela-de-educacion-tecnica-de-nivel-secundario\/","name":"PRESENTARON LA CREACION DE LA ESCUELA DE EDUCACION TECNICA DE NIVEL SECUNDARIO - CELTTV","isPartOf":{"@id":"https:\/\/www.celttv.com.ar\/#website"},"datePublished":"2013-02-21T18:50:59+00:00","dateModified":"2013-02-21T18:50:59+00:00","description":"Sitio web de noticias de la localidad de Tornquist, provincia de Buenos Aires, Rep\u00fablica Argentina. Contenido propio originado por periodistas de CELTTV, el canal de TV local de la Cooperativa El\u00e9ctrica de Tornquist. Turismo, Pol\u00edtica, Sociedad, Deporte, Cultura y todo el contenido de inter\u00e9s general que la gente del pueblo y la regi\u00f3n debe conocer.","breadcrumb":{"@id":"https:\/\/www.celttv.com.ar\/index.php\/2013\/02\/21\/presentaron-la-creacion-de-la-escuela-de-educacion-tecnica-de-nivel-secundario\/#breadcrumb"},"inLanguage":"es","potentialAction":[{"@type":"ReadAction","target":["https:\/\/www.celttv.com.ar\/index.php\/2013\/02\/21\/presentaron-la-creacion-de-la-escuela-de-educacion-tecnica-de-nivel-secundario\/"]}]},{"@type":"BreadcrumbList","@id":"https:\/\/www.celttv.com.ar\/index.php\/2013\/02\/21\/presentaron-la-creacion-de-la-escuela-de-educacion-tecnica-de-nivel-secundario\/#breadcrumb","itemListElement":[{"@type":"ListItem","position":1,"name":"Inicio","item":"https:\/\/www.celttv.com.ar\/"},{"@type":"ListItem","position":2,"name":"PRESENTARON LA CREACION DE LA ESCUELA DE EDUCACION TECNICA DE NIVEL SECUNDARIO"}]},{"@type":"WebSite","@id":"https:\/\/www.celttv.com.ar\/#website","url":"https:\/\/www.celttv.com.ar\/","name":"CELTTV","description":"Cooperativa El\u00e9ctrica de Tornquist","publisher":{"@id":"https:\/\/www.celttv.com.ar\/#organization"},"potentialAction":[{"@type":"SearchAction","target":{"@type":"EntryPoint","urlTemplate":"https:\/\/www.celttv.com.ar\/?s={search_term_string}"},"query-input":"required name=search_term_string"}],"inLanguage":"es"},{"@type":"Organization","@id":"https:\/\/www.celttv.com.ar\/#organization","name":"CELTTV","url":"https:\/\/www.celttv.com.ar\/","sameAs":["https:\/\/www.youtube.com\/channel\/UCz_oIt8Hig64Ub-EmcNPIhg","https:\/\/www.facebook.com\/celtTV\/"],"logo":{"@type":"ImageObject","inLanguage":"es","@id":"https:\/\/www.celttv.com.ar\/#\/schema\/logo\/image\/","url":"http:\/\/www.celttv.com.ar\/wp-content\/uploads\/2022\/08\/logo-1.png","contentUrl":"http:\/\/www.celttv.com.ar\/wp-content\/uploads\/2022\/08\/logo-1.png","width":461,"height":159,"caption":"CELTTV"},"image":{"@id":"https:\/\/www.celttv.com.ar\/#\/schema\/logo\/image\/"}},{"@type":"Person","@id":"https:\/\/www.celttv.com.ar\/#\/schema\/person\/6d99c072dba59953809c81446e9d0ace","name":"ulises","image":{"@type":"ImageObject","inLanguage":"es","@id":"https:\/\/www.celttv.com.ar\/#\/schema\/person\/image\/","url":"https:\/\/secure.gravatar.com\/avatar\/7f2c48bdc33b30088f941fb6082e555f2874c98e20cb159d7b92b50eadfce793?s=96&d=mm&r=g","contentUrl":"https:\/\/secure.gravatar.com\/avatar\/7f2c48bdc33b30088f941fb6082e555f2874c98e20cb159d7b92b50eadfce793?s=96&d=mm&r=g","caption":"ulises"},"sameAs":["http:\/\/www.celttv.com.ar"]}]}},"_links":{"self":[{"href":"https:\/\/www.celttv.com.ar\/index.php\/wp-json\/wp\/v2\/posts\/10362","targetHints":{"allow":["GET"]}}],"collection":[{"href":"https:\/\/www.celttv.com.ar\/index.php\/wp-json\/wp\/v2\/posts"}],"about":[{"href":"https:\/\/www.celttv.com.ar\/index.php\/wp-json\/wp\/v2\/types\/post"}],"author":[{"embeddable":true,"href":"https:\/\/www.celttv.com.ar\/index.php\/wp-json\/wp\/v2\/users\/1"}],"replies":[{"embeddable":true,"href":"https:\/\/www.celttv.com.ar\/index.php\/wp-json\/wp\/v2\/comments?post=10362"}],"version-history":[{"count":0,"href":"https:\/\/www.celttv.com.ar\/index.php\/wp-json\/wp\/v2\/posts\/10362\/revisions"}],"wp:attachment":[{"href":"https:\/\/www.celttv.com.ar\/index.php\/wp-json\/wp\/v2\/media?parent=10362"}],"wp:term":[{"taxonomy":"category","embeddable":true,"href":"https:\/\/www.celttv.com.ar\/index.php\/wp-json\/wp\/v2\/categories?post=10362"},{"taxonomy":"post_tag","embeddable":true,"href":"https:\/\/www.celttv.com.ar\/index.php\/wp-json\/wp\/v2\/tags?post=10362"}],"curies":[{"name":"wp","href":"https:\/\/api.w.org\/{rel}","templated":true}]}}