{"id":10391,"date":"2013-02-26T23:47:37","date_gmt":"2013-02-26T23:47:37","guid":{"rendered":"http:\/\/www.tvcnoticias.com.ar\/?p=10391"},"modified":"2013-02-26T23:47:37","modified_gmt":"2013-02-26T23:47:37","slug":"arba-entrego-en-tornquist-mercaderia-decomisada","status":"publish","type":"post","link":"https:\/\/www.celttv.com.ar\/index.php\/2013\/02\/26\/arba-entrego-en-tornquist-mercaderia-decomisada\/","title":{"rendered":"ARBA ENTREGO EN TORNQUIST MERCADERIA DECOMISADA (videoentrevistas)"},"content":{"rendered":"<p><br \/>\n<a>httpv:\/\/www.youtube.com\/watch?v=v-Tgh6Z-VGA<\/a><br \/>\n<a>httpv:\/\/www.youtube.com\/watch?v=HGdt8hVbxtQ<\/a><br \/>\n\u00a0La Agencia de Recaudaci\u00f3n de Buenos Aires (Arba) entreg\u00f3 hoy un cargamento con materiales para la construcci\u00f3n que fue decomisado en los operativos de control que realiza en las diferentes rutas y autopistas del territorio provincial.<br \/>\n\u00a0\u00a0 La recepci\u00f3n de la mercader\u00eda se efectu\u00f3 ante la presencia del intendente municipal, licenciado Gustavo Trankels, y el subdirector de Fiscalizaci\u00f3n y Servicios al Contribuyente de Arba, Horacio Comas.<br \/>\n\u00a0\u00a0 \u201cEstamos muy contentos no s\u00f3lo por esta acci\u00f3n de gobierno sino tambi\u00e9n por la presencia de Horacio, que es un amigo de la casa, de la gesti\u00f3n y todos los tornquistenses. No es la primera vez que nos visita y siempre con buenas noticias para los vecinos. En este caso, un aporte de Arba que supera los 158 mil pesos en materiales que han sido obtenidos a partir de contribuyentes que no estaban en regla\u201d, explic\u00f3 el jefe comunal.<br \/>\n\u00a0\u00a0 \u201cEsta es la presencia del Estado haciendo cumplir las leyes y redestinando las mercader\u00edas decomisadas para un fin social. Estamos contentos que nos hayan tenido en cuenta una vez m\u00e1s. Con la gente de Trabajandos Juntos por Tornquist, que es una ONG de reciente creaci\u00f3n, pero con muchas ganas de trabajar por el distrito, vamos a poderlo usar como herramienta para llegar a distintas instituciones que nos pidieron materiales de estas caracter\u00edsticas y tambi\u00e9n para continuar con la obra que estamos realizando en el Barrio PVP de la ciudad cabecera, donde ya hemos reconstruido 10 viviendas que ten\u00edan problemas y tenemos como objetivo llegar a 60\u201d, agreg\u00f3.<br \/>\n\u00a0\u00a0 Trankels destac\u00f3 el trabajo conjunto que se efect\u00faa entre los diferentes estamentos del Estado y la propia comunidad.<br \/>\n\u00a0\u00a0 \u201cEs una muestra m\u00e1s de c\u00f3mo trabajando juntos, el Estado provincial, el municipal y las instituciones, se puede llegar con respuestas a los vecinos. Eso tambi\u00e9n nos entusiasma mucho, por eso le agradezco a Horacio, a Mart\u00edn Di Bella, quien conduce ARBA, y a la decisi\u00f3n pol\u00edtica del gobernador Daniel Scioli\u201d, confi\u00f3.<br \/>\n\u00a0\u00a0 Comas, en tanto, resalt\u00f3 la acci\u00f3n que se efect\u00faa desde el organismo que integra.<br \/>\n\u00a0\u00a0 \u201cSiempre digo que de nuestras acciones esta es la que m\u00e1s me reconforta, porque es la manera m\u00e1s directa de que nuestro trabajo se trasforme en beneficio de toda la comunidad. Estoy contento de estar en esta ciudad, con un intendente amigo, y contribuyendo desde nuestro lugar para el progreso de los habitantes\u201d, asegur\u00f3.<br \/>\n\u00a0\u00a0 \u201cEl decomiso es una sanci\u00f3n a quien no cumple con la documentaci\u00f3n respaldatoria durante los controles de mercader\u00eda en tr\u00e1nsito. En este caso es una sanci\u00f3n de decomiso que viene de un proceso anterior, en el cual tom\u00f3 intervenci\u00f3n la justicia correccional\u201d, especific\u00f3.<br \/>\n\u00a0\u00a0 Entre otros elementos, se recibieron ladrillos cer\u00e1micos, chapas, puertas y cer\u00e1micos para pisos.<\/p>\n","protected":false},"excerpt":{"rendered":"<p>httpv:\/\/www.youtube.com\/watch?v=v-Tgh6Z-VGA httpv:\/\/www.youtube.com\/watch?v=HGdt8hVbxtQ \u00a0La Agencia de Recaudaci\u00f3n de Buenos Aires (Arba) entreg\u00f3 hoy un cargamento con materiales para la construcci\u00f3n que fue decomisado en los operativos de control que realiza en las diferentes rutas y autopistas del territorio provincial. \u00a0\u00a0 La recepci\u00f3n de la mercader\u00eda se efectu\u00f3 ante la presencia del intendente municipal, licenciado Gustavo Trankels, [&hellip;]<\/p>\n","protected":false},"author":1,"featured_media":0,"comment_status":"closed","ping_status":"open","sticky":false,"template":"","format":"standard","meta":{"footnotes":""},"categories":[51,52,53],"tags":[],"class_list":["post-10391","post","type-post","status-publish","format-standard","hentry","category-comunidad","category-destacadas","category-politica"],"yoast_head":"<!-- This site is optimized with the Yoast SEO plugin v19.7.1 - https:\/\/yoast.com\/wordpress\/plugins\/seo\/ -->\n<title>ARBA ENTREGO EN TORNQUIST MERCADERIA DECOMISADA (videoentrevistas) - CELTTV<\/title>\n<meta name=\"description\" content=\"Sitio web de noticias de la localidad de Tornquist, provincia de Buenos Aires, Rep\u00fablica Argentina. Contenido propio originado por periodistas de CELTTV, el canal de TV local de la Cooperativa El\u00e9ctrica de Tornquist. Turismo, Pol\u00edtica, Sociedad, Deporte, Cultura y todo el contenido de inter\u00e9s general que la gente del pueblo y la regi\u00f3n debe conocer.\" \/>\n<meta name=\"robots\" content=\"index, follow, max-snippet:-1, max-image-preview:large, max-video-preview:-1\" \/>\n<link rel=\"canonical\" href=\"https:\/\/www.celttv.com.ar\/index.php\/2013\/02\/26\/arba-entrego-en-tornquist-mercaderia-decomisada\/\" \/>\n<meta property=\"og:locale\" content=\"es_ES\" \/>\n<meta property=\"og:type\" content=\"article\" \/>\n<meta property=\"og:title\" content=\"ARBA ENTREGO EN TORNQUIST MERCADERIA DECOMISADA (videoentrevistas) - CELTTV\" \/>\n<meta property=\"og:description\" content=\"Sitio web de noticias de la localidad de Tornquist, provincia de Buenos Aires, Rep\u00fablica Argentina. Contenido propio originado por periodistas de CELTTV, el canal de TV local de la Cooperativa El\u00e9ctrica de Tornquist. Turismo, Pol\u00edtica, Sociedad, Deporte, Cultura y todo el contenido de inter\u00e9s general que la gente del pueblo y la regi\u00f3n debe conocer.\" \/>\n<meta property=\"og:url\" content=\"https:\/\/www.celttv.com.ar\/index.php\/2013\/02\/26\/arba-entrego-en-tornquist-mercaderia-decomisada\/\" \/>\n<meta property=\"og:site_name\" content=\"CELTTV\" \/>\n<meta property=\"article:publisher\" content=\"https:\/\/www.facebook.com\/celtTV\/\" \/>\n<meta property=\"article:published_time\" content=\"2013-02-26T23:47:37+00:00\" \/>\n<meta name=\"author\" content=\"ulises\" \/>\n<meta name=\"twitter:card\" content=\"summary_large_image\" \/>\n<meta name=\"twitter:label1\" content=\"Escrito por\" \/>\n\t<meta name=\"twitter:data1\" content=\"ulises\" \/>\n\t<meta name=\"twitter:label2\" content=\"Tiempo de lectura\" \/>\n\t<meta name=\"twitter:data2\" content=\"2 minutos\" \/>\n<script type=\"application\/ld+json\" class=\"yoast-schema-graph\">{\"@context\":\"https:\/\/schema.org\",\"@graph\":[{\"@type\":\"NewsArticle\",\"@id\":\"https:\/\/www.celttv.com.ar\/index.php\/2013\/02\/26\/arba-entrego-en-tornquist-mercaderia-decomisada\/#article\",\"isPartOf\":{\"@id\":\"https:\/\/www.celttv.com.ar\/index.php\/2013\/02\/26\/arba-entrego-en-tornquist-mercaderia-decomisada\/\"},\"author\":{\"name\":\"ulises\",\"@id\":\"https:\/\/www.celttv.com.ar\/#\/schema\/person\/6d99c072dba59953809c81446e9d0ace\"},\"headline\":\"ARBA ENTREGO EN TORNQUIST MERCADERIA DECOMISADA (videoentrevistas)\",\"datePublished\":\"2013-02-26T23:47:37+00:00\",\"dateModified\":\"2013-02-26T23:47:37+00:00\",\"mainEntityOfPage\":{\"@id\":\"https:\/\/www.celttv.com.ar\/index.php\/2013\/02\/26\/arba-entrego-en-tornquist-mercaderia-decomisada\/\"},\"wordCount\":503,\"publisher\":{\"@id\":\"https:\/\/www.celttv.com.ar\/#organization\"},\"articleSection\":[\"Comunidad\",\"Destacadas\",\"Pol\u00edtica\"],\"inLanguage\":\"es\"},{\"@type\":\"WebPage\",\"@id\":\"https:\/\/www.celttv.com.ar\/index.php\/2013\/02\/26\/arba-entrego-en-tornquist-mercaderia-decomisada\/\",\"url\":\"https:\/\/www.celttv.com.ar\/index.php\/2013\/02\/26\/arba-entrego-en-tornquist-mercaderia-decomisada\/\",\"name\":\"ARBA ENTREGO EN TORNQUIST MERCADERIA DECOMISADA (videoentrevistas) - CELTTV\",\"isPartOf\":{\"@id\":\"https:\/\/www.celttv.com.ar\/#website\"},\"datePublished\":\"2013-02-26T23:47:37+00:00\",\"dateModified\":\"2013-02-26T23:47:37+00:00\",\"description\":\"Sitio web de noticias de la localidad de Tornquist, provincia de Buenos Aires, Rep\u00fablica Argentina. Contenido propio originado por periodistas de CELTTV, el canal de TV local de la Cooperativa El\u00e9ctrica de Tornquist. Turismo, Pol\u00edtica, Sociedad, Deporte, Cultura y todo el contenido de inter\u00e9s general que la gente del pueblo y la regi\u00f3n debe conocer.\",\"breadcrumb\":{\"@id\":\"https:\/\/www.celttv.com.ar\/index.php\/2013\/02\/26\/arba-entrego-en-tornquist-mercaderia-decomisada\/#breadcrumb\"},\"inLanguage\":\"es\",\"potentialAction\":[{\"@type\":\"ReadAction\",\"target\":[\"https:\/\/www.celttv.com.ar\/index.php\/2013\/02\/26\/arba-entrego-en-tornquist-mercaderia-decomisada\/\"]}]},{\"@type\":\"BreadcrumbList\",\"@id\":\"https:\/\/www.celttv.com.ar\/index.php\/2013\/02\/26\/arba-entrego-en-tornquist-mercaderia-decomisada\/#breadcrumb\",\"itemListElement\":[{\"@type\":\"ListItem\",\"position\":1,\"name\":\"Inicio\",\"item\":\"https:\/\/www.celttv.com.ar\/\"},{\"@type\":\"ListItem\",\"position\":2,\"name\":\"ARBA ENTREGO EN TORNQUIST MERCADERIA DECOMISADA (videoentrevistas)\"}]},{\"@type\":\"WebSite\",\"@id\":\"https:\/\/www.celttv.com.ar\/#website\",\"url\":\"https:\/\/www.celttv.com.ar\/\",\"name\":\"CELTTV\",\"description\":\"Cooperativa El\u00e9ctrica de Tornquist\",\"publisher\":{\"@id\":\"https:\/\/www.celttv.com.ar\/#organization\"},\"potentialAction\":[{\"@type\":\"SearchAction\",\"target\":{\"@type\":\"EntryPoint\",\"urlTemplate\":\"https:\/\/www.celttv.com.ar\/?s={search_term_string}\"},\"query-input\":\"required name=search_term_string\"}],\"inLanguage\":\"es\"},{\"@type\":\"Organization\",\"@id\":\"https:\/\/www.celttv.com.ar\/#organization\",\"name\":\"CELTTV\",\"url\":\"https:\/\/www.celttv.com.ar\/\",\"sameAs\":[\"https:\/\/www.youtube.com\/channel\/UCz_oIt8Hig64Ub-EmcNPIhg\",\"https:\/\/www.facebook.com\/celtTV\/\"],\"logo\":{\"@type\":\"ImageObject\",\"inLanguage\":\"es\",\"@id\":\"https:\/\/www.celttv.com.ar\/#\/schema\/logo\/image\/\",\"url\":\"http:\/\/www.celttv.com.ar\/wp-content\/uploads\/2022\/08\/logo-1.png\",\"contentUrl\":\"http:\/\/www.celttv.com.ar\/wp-content\/uploads\/2022\/08\/logo-1.png\",\"width\":461,\"height\":159,\"caption\":\"CELTTV\"},\"image\":{\"@id\":\"https:\/\/www.celttv.com.ar\/#\/schema\/logo\/image\/\"}},{\"@type\":\"Person\",\"@id\":\"https:\/\/www.celttv.com.ar\/#\/schema\/person\/6d99c072dba59953809c81446e9d0ace\",\"name\":\"ulises\",\"image\":{\"@type\":\"ImageObject\",\"inLanguage\":\"es\",\"@id\":\"https:\/\/www.celttv.com.ar\/#\/schema\/person\/image\/\",\"url\":\"https:\/\/secure.gravatar.com\/avatar\/7f2c48bdc33b30088f941fb6082e555f2874c98e20cb159d7b92b50eadfce793?s=96&d=mm&r=g\",\"contentUrl\":\"https:\/\/secure.gravatar.com\/avatar\/7f2c48bdc33b30088f941fb6082e555f2874c98e20cb159d7b92b50eadfce793?s=96&d=mm&r=g\",\"caption\":\"ulises\"},\"sameAs\":[\"http:\/\/www.celttv.com.ar\"]}]}<\/script>\n<!-- \/ Yoast SEO plugin. -->","yoast_head_json":{"title":"ARBA ENTREGO EN TORNQUIST MERCADERIA DECOMISADA (videoentrevistas) - CELTTV","description":"Sitio web de noticias de la localidad de Tornquist, provincia de Buenos Aires, Rep\u00fablica Argentina. Contenido propio originado por periodistas de CELTTV, el canal de TV local de la Cooperativa El\u00e9ctrica de Tornquist. Turismo, Pol\u00edtica, Sociedad, Deporte, Cultura y todo el contenido de inter\u00e9s general que la gente del pueblo y la regi\u00f3n debe conocer.","robots":{"index":"index","follow":"follow","max-snippet":"max-snippet:-1","max-image-preview":"max-image-preview:large","max-video-preview":"max-video-preview:-1"},"canonical":"https:\/\/www.celttv.com.ar\/index.php\/2013\/02\/26\/arba-entrego-en-tornquist-mercaderia-decomisada\/","og_locale":"es_ES","og_type":"article","og_title":"ARBA ENTREGO EN TORNQUIST MERCADERIA DECOMISADA (videoentrevistas) - CELTTV","og_description":"Sitio web de noticias de la localidad de Tornquist, provincia de Buenos Aires, Rep\u00fablica Argentina. Contenido propio originado por periodistas de CELTTV, el canal de TV local de la Cooperativa El\u00e9ctrica de Tornquist. Turismo, Pol\u00edtica, Sociedad, Deporte, Cultura y todo el contenido de inter\u00e9s general que la gente del pueblo y la regi\u00f3n debe conocer.","og_url":"https:\/\/www.celttv.com.ar\/index.php\/2013\/02\/26\/arba-entrego-en-tornquist-mercaderia-decomisada\/","og_site_name":"CELTTV","article_publisher":"https:\/\/www.facebook.com\/celtTV\/","article_published_time":"2013-02-26T23:47:37+00:00","author":"ulises","twitter_card":"summary_large_image","twitter_misc":{"Escrito por":"ulises","Tiempo de lectura":"2 minutos"},"schema":{"@context":"https:\/\/schema.org","@graph":[{"@type":"NewsArticle","@id":"https:\/\/www.celttv.com.ar\/index.php\/2013\/02\/26\/arba-entrego-en-tornquist-mercaderia-decomisada\/#article","isPartOf":{"@id":"https:\/\/www.celttv.com.ar\/index.php\/2013\/02\/26\/arba-entrego-en-tornquist-mercaderia-decomisada\/"},"author":{"name":"ulises","@id":"https:\/\/www.celttv.com.ar\/#\/schema\/person\/6d99c072dba59953809c81446e9d0ace"},"headline":"ARBA ENTREGO EN TORNQUIST MERCADERIA DECOMISADA (videoentrevistas)","datePublished":"2013-02-26T23:47:37+00:00","dateModified":"2013-02-26T23:47:37+00:00","mainEntityOfPage":{"@id":"https:\/\/www.celttv.com.ar\/index.php\/2013\/02\/26\/arba-entrego-en-tornquist-mercaderia-decomisada\/"},"wordCount":503,"publisher":{"@id":"https:\/\/www.celttv.com.ar\/#organization"},"articleSection":["Comunidad","Destacadas","Pol\u00edtica"],"inLanguage":"es"},{"@type":"WebPage","@id":"https:\/\/www.celttv.com.ar\/index.php\/2013\/02\/26\/arba-entrego-en-tornquist-mercaderia-decomisada\/","url":"https:\/\/www.celttv.com.ar\/index.php\/2013\/02\/26\/arba-entrego-en-tornquist-mercaderia-decomisada\/","name":"ARBA ENTREGO EN TORNQUIST MERCADERIA DECOMISADA (videoentrevistas) - CELTTV","isPartOf":{"@id":"https:\/\/www.celttv.com.ar\/#website"},"datePublished":"2013-02-26T23:47:37+00:00","dateModified":"2013-02-26T23:47:37+00:00","description":"Sitio web de noticias de la localidad de Tornquist, provincia de Buenos Aires, Rep\u00fablica Argentina. Contenido propio originado por periodistas de CELTTV, el canal de TV local de la Cooperativa El\u00e9ctrica de Tornquist. Turismo, Pol\u00edtica, Sociedad, Deporte, Cultura y todo el contenido de inter\u00e9s general que la gente del pueblo y la regi\u00f3n debe conocer.","breadcrumb":{"@id":"https:\/\/www.celttv.com.ar\/index.php\/2013\/02\/26\/arba-entrego-en-tornquist-mercaderia-decomisada\/#breadcrumb"},"inLanguage":"es","potentialAction":[{"@type":"ReadAction","target":["https:\/\/www.celttv.com.ar\/index.php\/2013\/02\/26\/arba-entrego-en-tornquist-mercaderia-decomisada\/"]}]},{"@type":"BreadcrumbList","@id":"https:\/\/www.celttv.com.ar\/index.php\/2013\/02\/26\/arba-entrego-en-tornquist-mercaderia-decomisada\/#breadcrumb","itemListElement":[{"@type":"ListItem","position":1,"name":"Inicio","item":"https:\/\/www.celttv.com.ar\/"},{"@type":"ListItem","position":2,"name":"ARBA ENTREGO EN TORNQUIST MERCADERIA DECOMISADA (videoentrevistas)"}]},{"@type":"WebSite","@id":"https:\/\/www.celttv.com.ar\/#website","url":"https:\/\/www.celttv.com.ar\/","name":"CELTTV","description":"Cooperativa El\u00e9ctrica de Tornquist","publisher":{"@id":"https:\/\/www.celttv.com.ar\/#organization"},"potentialAction":[{"@type":"SearchAction","target":{"@type":"EntryPoint","urlTemplate":"https:\/\/www.celttv.com.ar\/?s={search_term_string}"},"query-input":"required name=search_term_string"}],"inLanguage":"es"},{"@type":"Organization","@id":"https:\/\/www.celttv.com.ar\/#organization","name":"CELTTV","url":"https:\/\/www.celttv.com.ar\/","sameAs":["https:\/\/www.youtube.com\/channel\/UCz_oIt8Hig64Ub-EmcNPIhg","https:\/\/www.facebook.com\/celtTV\/"],"logo":{"@type":"ImageObject","inLanguage":"es","@id":"https:\/\/www.celttv.com.ar\/#\/schema\/logo\/image\/","url":"http:\/\/www.celttv.com.ar\/wp-content\/uploads\/2022\/08\/logo-1.png","contentUrl":"http:\/\/www.celttv.com.ar\/wp-content\/uploads\/2022\/08\/logo-1.png","width":461,"height":159,"caption":"CELTTV"},"image":{"@id":"https:\/\/www.celttv.com.ar\/#\/schema\/logo\/image\/"}},{"@type":"Person","@id":"https:\/\/www.celttv.com.ar\/#\/schema\/person\/6d99c072dba59953809c81446e9d0ace","name":"ulises","image":{"@type":"ImageObject","inLanguage":"es","@id":"https:\/\/www.celttv.com.ar\/#\/schema\/person\/image\/","url":"https:\/\/secure.gravatar.com\/avatar\/7f2c48bdc33b30088f941fb6082e555f2874c98e20cb159d7b92b50eadfce793?s=96&d=mm&r=g","contentUrl":"https:\/\/secure.gravatar.com\/avatar\/7f2c48bdc33b30088f941fb6082e555f2874c98e20cb159d7b92b50eadfce793?s=96&d=mm&r=g","caption":"ulises"},"sameAs":["http:\/\/www.celttv.com.ar"]}]}},"_links":{"self":[{"href":"https:\/\/www.celttv.com.ar\/index.php\/wp-json\/wp\/v2\/posts\/10391","targetHints":{"allow":["GET"]}}],"collection":[{"href":"https:\/\/www.celttv.com.ar\/index.php\/wp-json\/wp\/v2\/posts"}],"about":[{"href":"https:\/\/www.celttv.com.ar\/index.php\/wp-json\/wp\/v2\/types\/post"}],"author":[{"embeddable":true,"href":"https:\/\/www.celttv.com.ar\/index.php\/wp-json\/wp\/v2\/users\/1"}],"replies":[{"embeddable":true,"href":"https:\/\/www.celttv.com.ar\/index.php\/wp-json\/wp\/v2\/comments?post=10391"}],"version-history":[{"count":0,"href":"https:\/\/www.celttv.com.ar\/index.php\/wp-json\/wp\/v2\/posts\/10391\/revisions"}],"wp:attachment":[{"href":"https:\/\/www.celttv.com.ar\/index.php\/wp-json\/wp\/v2\/media?parent=10391"}],"wp:term":[{"taxonomy":"category","embeddable":true,"href":"https:\/\/www.celttv.com.ar\/index.php\/wp-json\/wp\/v2\/categories?post=10391"},{"taxonomy":"post_tag","embeddable":true,"href":"https:\/\/www.celttv.com.ar\/index.php\/wp-json\/wp\/v2\/tags?post=10391"}],"curies":[{"name":"wp","href":"https:\/\/api.w.org\/{rel}","templated":true}]}}