{"id":10404,"date":"2013-02-27T19:35:38","date_gmt":"2013-02-27T19:35:38","guid":{"rendered":"http:\/\/www.tvcnoticias.com.ar\/?p=10404"},"modified":"2013-02-27T19:35:38","modified_gmt":"2013-02-27T19:35:38","slug":"tornquist-el-municipio-dispuso-un-puesto-para-el-deposito-de-residuos-electricos-y-electronicos","status":"publish","type":"post","link":"https:\/\/www.celttv.com.ar\/index.php\/2013\/02\/27\/tornquist-el-municipio-dispuso-un-puesto-para-el-deposito-de-residuos-electricos-y-electronicos\/","title":{"rendered":"TORNQUIST: EL MUNICIPIO DISPUSO UN PUESTO PARA EL DEPOSITO DE RESIDUOS ELECTRICOS Y ELECTRONICOS"},"content":{"rendered":"<p><br \/>\nLos vecinos de Tornquist ya cuentan con un sector espec\u00edfico para depositar sus aparatos el\u00e9ctricos y electr\u00f3nicos (RAEEs) en desuso.<br \/>\nLa restauraci\u00f3n de una casilla que se recuper\u00f3 en la herrar\u00eda municipal, permiti\u00f3 al municipio instalar un puesto de recolecci\u00f3n en la playa de estacionamiento municipal (Sarmiento y E. Tornquist).<br \/>\nDe esta forma los interesados pueden acercarse previamente a la Secretar\u00eda de Producci\u00f3n y Medio Ambiente, para luego depositar los residuos en el mencionado lugar.<br \/>\nEsta acci\u00f3n se enmarca en el programa de recolecci\u00f3n de aparatos el\u00e9ctricos y electr\u00f3nicos llevado a cabo por la Secretar\u00eda de Producci\u00f3n y Medio Ambiente y la Asociaci\u00f3n Civil 20 de Agosto. Mediante el mencionado plan, implementado aproximadamente desde hace un a\u00f1o, estos desechos pueden ser depositados en las delegaciones de las diferentes localidades.<br \/>\n&#8220;Desde que implementamos la medida los vecinos nunca dejaron de traer sus RAEEs lo que nos impulsa a seguir trabajando&#8221;, expres\u00f3 V\u00edctor Ant\u00f3n, Director de Producci\u00f3n y Medio Ambiente. Estas medidas forman parte de un conjunto de iniciativas implementadas por la gesti\u00f3n del intendente Trankels, tendientes a proteger el medio ambiente.<br \/>\nEs importante destacar que pr\u00f3ximamente se desarrollar\u00e1 una nueva campa\u00f1a de recolecci\u00f3n de RAEEs que tendr\u00e1 como objetivos consolidar el programa y colaborar con los vecinos del distrito para que cuenten con un sitio en donde descartar este tipo de material, el que si no cuenta con una correcta disposici\u00f3n final se transforma en un residuo peligroso.<\/p>\n","protected":false},"excerpt":{"rendered":"<p>Los vecinos de Tornquist ya cuentan con un sector espec\u00edfico para depositar sus aparatos el\u00e9ctricos y electr\u00f3nicos (RAEEs) en desuso. La restauraci\u00f3n de una casilla que se recuper\u00f3 en la herrar\u00eda municipal, permiti\u00f3 al municipio instalar un puesto de recolecci\u00f3n en la playa de estacionamiento municipal (Sarmiento y E. Tornquist). De esta forma los interesados [&hellip;]<\/p>\n","protected":false},"author":1,"featured_media":0,"comment_status":"closed","ping_status":"open","sticky":false,"template":"","format":"standard","meta":{"footnotes":""},"categories":[51,52,53],"tags":[],"class_list":["post-10404","post","type-post","status-publish","format-standard","hentry","category-comunidad","category-destacadas","category-politica"],"yoast_head":"<!-- This site is optimized with the Yoast SEO plugin v19.7.1 - https:\/\/yoast.com\/wordpress\/plugins\/seo\/ -->\n<title>TORNQUIST: EL MUNICIPIO DISPUSO UN PUESTO PARA EL DEPOSITO DE RESIDUOS ELECTRICOS Y ELECTRONICOS - CELTTV<\/title>\n<meta name=\"description\" content=\"Sitio web de noticias de la localidad de Tornquist, provincia de Buenos Aires, Rep\u00fablica Argentina. Contenido propio originado por periodistas de CELTTV, el canal de TV local de la Cooperativa El\u00e9ctrica de Tornquist. Turismo, Pol\u00edtica, Sociedad, Deporte, Cultura y todo el contenido de inter\u00e9s general que la gente del pueblo y la regi\u00f3n debe conocer.\" \/>\n<meta name=\"robots\" content=\"index, follow, max-snippet:-1, max-image-preview:large, max-video-preview:-1\" \/>\n<link rel=\"canonical\" href=\"https:\/\/www.celttv.com.ar\/index.php\/2013\/02\/27\/tornquist-el-municipio-dispuso-un-puesto-para-el-deposito-de-residuos-electricos-y-electronicos\/\" \/>\n<meta property=\"og:locale\" content=\"es_ES\" \/>\n<meta property=\"og:type\" content=\"article\" \/>\n<meta property=\"og:title\" content=\"TORNQUIST: EL MUNICIPIO DISPUSO UN PUESTO PARA EL DEPOSITO DE RESIDUOS ELECTRICOS Y ELECTRONICOS - CELTTV\" \/>\n<meta property=\"og:description\" content=\"Sitio web de noticias de la localidad de Tornquist, provincia de Buenos Aires, Rep\u00fablica Argentina. Contenido propio originado por periodistas de CELTTV, el canal de TV local de la Cooperativa El\u00e9ctrica de Tornquist. Turismo, Pol\u00edtica, Sociedad, Deporte, Cultura y todo el contenido de inter\u00e9s general que la gente del pueblo y la regi\u00f3n debe conocer.\" \/>\n<meta property=\"og:url\" content=\"https:\/\/www.celttv.com.ar\/index.php\/2013\/02\/27\/tornquist-el-municipio-dispuso-un-puesto-para-el-deposito-de-residuos-electricos-y-electronicos\/\" \/>\n<meta property=\"og:site_name\" content=\"CELTTV\" \/>\n<meta property=\"article:publisher\" content=\"https:\/\/www.facebook.com\/celtTV\/\" \/>\n<meta property=\"article:published_time\" content=\"2013-02-27T19:35:38+00:00\" \/>\n<meta name=\"author\" content=\"ulises\" \/>\n<meta name=\"twitter:card\" content=\"summary_large_image\" \/>\n<meta name=\"twitter:label1\" content=\"Escrito por\" \/>\n\t<meta name=\"twitter:data1\" content=\"ulises\" \/>\n\t<meta name=\"twitter:label2\" content=\"Tiempo de lectura\" \/>\n\t<meta name=\"twitter:data2\" content=\"1 minuto\" \/>\n<script type=\"application\/ld+json\" class=\"yoast-schema-graph\">{\"@context\":\"https:\/\/schema.org\",\"@graph\":[{\"@type\":\"NewsArticle\",\"@id\":\"https:\/\/www.celttv.com.ar\/index.php\/2013\/02\/27\/tornquist-el-municipio-dispuso-un-puesto-para-el-deposito-de-residuos-electricos-y-electronicos\/#article\",\"isPartOf\":{\"@id\":\"https:\/\/www.celttv.com.ar\/index.php\/2013\/02\/27\/tornquist-el-municipio-dispuso-un-puesto-para-el-deposito-de-residuos-electricos-y-electronicos\/\"},\"author\":{\"name\":\"ulises\",\"@id\":\"https:\/\/www.celttv.com.ar\/#\/schema\/person\/6d99c072dba59953809c81446e9d0ace\"},\"headline\":\"TORNQUIST: EL MUNICIPIO DISPUSO UN PUESTO PARA EL DEPOSITO DE RESIDUOS ELECTRICOS Y ELECTRONICOS\",\"datePublished\":\"2013-02-27T19:35:38+00:00\",\"dateModified\":\"2013-02-27T19:35:38+00:00\",\"mainEntityOfPage\":{\"@id\":\"https:\/\/www.celttv.com.ar\/index.php\/2013\/02\/27\/tornquist-el-municipio-dispuso-un-puesto-para-el-deposito-de-residuos-electricos-y-electronicos\/\"},\"wordCount\":278,\"publisher\":{\"@id\":\"https:\/\/www.celttv.com.ar\/#organization\"},\"articleSection\":[\"Comunidad\",\"Destacadas\",\"Pol\u00edtica\"],\"inLanguage\":\"es\"},{\"@type\":\"WebPage\",\"@id\":\"https:\/\/www.celttv.com.ar\/index.php\/2013\/02\/27\/tornquist-el-municipio-dispuso-un-puesto-para-el-deposito-de-residuos-electricos-y-electronicos\/\",\"url\":\"https:\/\/www.celttv.com.ar\/index.php\/2013\/02\/27\/tornquist-el-municipio-dispuso-un-puesto-para-el-deposito-de-residuos-electricos-y-electronicos\/\",\"name\":\"TORNQUIST: EL MUNICIPIO DISPUSO UN PUESTO PARA EL DEPOSITO DE RESIDUOS ELECTRICOS Y ELECTRONICOS - CELTTV\",\"isPartOf\":{\"@id\":\"https:\/\/www.celttv.com.ar\/#website\"},\"datePublished\":\"2013-02-27T19:35:38+00:00\",\"dateModified\":\"2013-02-27T19:35:38+00:00\",\"description\":\"Sitio web de noticias de la localidad de Tornquist, provincia de Buenos Aires, Rep\u00fablica Argentina. Contenido propio originado por periodistas de CELTTV, el canal de TV local de la Cooperativa El\u00e9ctrica de Tornquist. Turismo, Pol\u00edtica, Sociedad, Deporte, Cultura y todo el contenido de inter\u00e9s general que la gente del pueblo y la regi\u00f3n debe conocer.\",\"breadcrumb\":{\"@id\":\"https:\/\/www.celttv.com.ar\/index.php\/2013\/02\/27\/tornquist-el-municipio-dispuso-un-puesto-para-el-deposito-de-residuos-electricos-y-electronicos\/#breadcrumb\"},\"inLanguage\":\"es\",\"potentialAction\":[{\"@type\":\"ReadAction\",\"target\":[\"https:\/\/www.celttv.com.ar\/index.php\/2013\/02\/27\/tornquist-el-municipio-dispuso-un-puesto-para-el-deposito-de-residuos-electricos-y-electronicos\/\"]}]},{\"@type\":\"BreadcrumbList\",\"@id\":\"https:\/\/www.celttv.com.ar\/index.php\/2013\/02\/27\/tornquist-el-municipio-dispuso-un-puesto-para-el-deposito-de-residuos-electricos-y-electronicos\/#breadcrumb\",\"itemListElement\":[{\"@type\":\"ListItem\",\"position\":1,\"name\":\"Inicio\",\"item\":\"https:\/\/www.celttv.com.ar\/\"},{\"@type\":\"ListItem\",\"position\":2,\"name\":\"TORNQUIST: EL MUNICIPIO DISPUSO UN PUESTO PARA EL DEPOSITO DE RESIDUOS ELECTRICOS Y ELECTRONICOS\"}]},{\"@type\":\"WebSite\",\"@id\":\"https:\/\/www.celttv.com.ar\/#website\",\"url\":\"https:\/\/www.celttv.com.ar\/\",\"name\":\"CELTTV\",\"description\":\"Cooperativa El\u00e9ctrica de Tornquist\",\"publisher\":{\"@id\":\"https:\/\/www.celttv.com.ar\/#organization\"},\"potentialAction\":[{\"@type\":\"SearchAction\",\"target\":{\"@type\":\"EntryPoint\",\"urlTemplate\":\"https:\/\/www.celttv.com.ar\/?s={search_term_string}\"},\"query-input\":\"required name=search_term_string\"}],\"inLanguage\":\"es\"},{\"@type\":\"Organization\",\"@id\":\"https:\/\/www.celttv.com.ar\/#organization\",\"name\":\"CELTTV\",\"url\":\"https:\/\/www.celttv.com.ar\/\",\"sameAs\":[\"https:\/\/www.youtube.com\/channel\/UCz_oIt8Hig64Ub-EmcNPIhg\",\"https:\/\/www.facebook.com\/celtTV\/\"],\"logo\":{\"@type\":\"ImageObject\",\"inLanguage\":\"es\",\"@id\":\"https:\/\/www.celttv.com.ar\/#\/schema\/logo\/image\/\",\"url\":\"http:\/\/www.celttv.com.ar\/wp-content\/uploads\/2022\/08\/logo-1.png\",\"contentUrl\":\"http:\/\/www.celttv.com.ar\/wp-content\/uploads\/2022\/08\/logo-1.png\",\"width\":461,\"height\":159,\"caption\":\"CELTTV\"},\"image\":{\"@id\":\"https:\/\/www.celttv.com.ar\/#\/schema\/logo\/image\/\"}},{\"@type\":\"Person\",\"@id\":\"https:\/\/www.celttv.com.ar\/#\/schema\/person\/6d99c072dba59953809c81446e9d0ace\",\"name\":\"ulises\",\"image\":{\"@type\":\"ImageObject\",\"inLanguage\":\"es\",\"@id\":\"https:\/\/www.celttv.com.ar\/#\/schema\/person\/image\/\",\"url\":\"https:\/\/secure.gravatar.com\/avatar\/7f2c48bdc33b30088f941fb6082e555f2874c98e20cb159d7b92b50eadfce793?s=96&d=mm&r=g\",\"contentUrl\":\"https:\/\/secure.gravatar.com\/avatar\/7f2c48bdc33b30088f941fb6082e555f2874c98e20cb159d7b92b50eadfce793?s=96&d=mm&r=g\",\"caption\":\"ulises\"},\"sameAs\":[\"http:\/\/www.celttv.com.ar\"]}]}<\/script>\n<!-- \/ Yoast SEO plugin. -->","yoast_head_json":{"title":"TORNQUIST: EL MUNICIPIO DISPUSO UN PUESTO PARA EL DEPOSITO DE RESIDUOS ELECTRICOS Y ELECTRONICOS - CELTTV","description":"Sitio web de noticias de la localidad de Tornquist, provincia de Buenos Aires, Rep\u00fablica Argentina. Contenido propio originado por periodistas de CELTTV, el canal de TV local de la Cooperativa El\u00e9ctrica de Tornquist. Turismo, Pol\u00edtica, Sociedad, Deporte, Cultura y todo el contenido de inter\u00e9s general que la gente del pueblo y la regi\u00f3n debe conocer.","robots":{"index":"index","follow":"follow","max-snippet":"max-snippet:-1","max-image-preview":"max-image-preview:large","max-video-preview":"max-video-preview:-1"},"canonical":"https:\/\/www.celttv.com.ar\/index.php\/2013\/02\/27\/tornquist-el-municipio-dispuso-un-puesto-para-el-deposito-de-residuos-electricos-y-electronicos\/","og_locale":"es_ES","og_type":"article","og_title":"TORNQUIST: EL MUNICIPIO DISPUSO UN PUESTO PARA EL DEPOSITO DE RESIDUOS ELECTRICOS Y ELECTRONICOS - CELTTV","og_description":"Sitio web de noticias de la localidad de Tornquist, provincia de Buenos Aires, Rep\u00fablica Argentina. Contenido propio originado por periodistas de CELTTV, el canal de TV local de la Cooperativa El\u00e9ctrica de Tornquist. Turismo, Pol\u00edtica, Sociedad, Deporte, Cultura y todo el contenido de inter\u00e9s general que la gente del pueblo y la regi\u00f3n debe conocer.","og_url":"https:\/\/www.celttv.com.ar\/index.php\/2013\/02\/27\/tornquist-el-municipio-dispuso-un-puesto-para-el-deposito-de-residuos-electricos-y-electronicos\/","og_site_name":"CELTTV","article_publisher":"https:\/\/www.facebook.com\/celtTV\/","article_published_time":"2013-02-27T19:35:38+00:00","author":"ulises","twitter_card":"summary_large_image","twitter_misc":{"Escrito por":"ulises","Tiempo de lectura":"1 minuto"},"schema":{"@context":"https:\/\/schema.org","@graph":[{"@type":"NewsArticle","@id":"https:\/\/www.celttv.com.ar\/index.php\/2013\/02\/27\/tornquist-el-municipio-dispuso-un-puesto-para-el-deposito-de-residuos-electricos-y-electronicos\/#article","isPartOf":{"@id":"https:\/\/www.celttv.com.ar\/index.php\/2013\/02\/27\/tornquist-el-municipio-dispuso-un-puesto-para-el-deposito-de-residuos-electricos-y-electronicos\/"},"author":{"name":"ulises","@id":"https:\/\/www.celttv.com.ar\/#\/schema\/person\/6d99c072dba59953809c81446e9d0ace"},"headline":"TORNQUIST: EL MUNICIPIO DISPUSO UN PUESTO PARA EL DEPOSITO DE RESIDUOS ELECTRICOS Y ELECTRONICOS","datePublished":"2013-02-27T19:35:38+00:00","dateModified":"2013-02-27T19:35:38+00:00","mainEntityOfPage":{"@id":"https:\/\/www.celttv.com.ar\/index.php\/2013\/02\/27\/tornquist-el-municipio-dispuso-un-puesto-para-el-deposito-de-residuos-electricos-y-electronicos\/"},"wordCount":278,"publisher":{"@id":"https:\/\/www.celttv.com.ar\/#organization"},"articleSection":["Comunidad","Destacadas","Pol\u00edtica"],"inLanguage":"es"},{"@type":"WebPage","@id":"https:\/\/www.celttv.com.ar\/index.php\/2013\/02\/27\/tornquist-el-municipio-dispuso-un-puesto-para-el-deposito-de-residuos-electricos-y-electronicos\/","url":"https:\/\/www.celttv.com.ar\/index.php\/2013\/02\/27\/tornquist-el-municipio-dispuso-un-puesto-para-el-deposito-de-residuos-electricos-y-electronicos\/","name":"TORNQUIST: EL MUNICIPIO DISPUSO UN PUESTO PARA EL DEPOSITO DE RESIDUOS ELECTRICOS Y ELECTRONICOS - CELTTV","isPartOf":{"@id":"https:\/\/www.celttv.com.ar\/#website"},"datePublished":"2013-02-27T19:35:38+00:00","dateModified":"2013-02-27T19:35:38+00:00","description":"Sitio web de noticias de la localidad de Tornquist, provincia de Buenos Aires, Rep\u00fablica Argentina. Contenido propio originado por periodistas de CELTTV, el canal de TV local de la Cooperativa El\u00e9ctrica de Tornquist. Turismo, Pol\u00edtica, Sociedad, Deporte, Cultura y todo el contenido de inter\u00e9s general que la gente del pueblo y la regi\u00f3n debe conocer.","breadcrumb":{"@id":"https:\/\/www.celttv.com.ar\/index.php\/2013\/02\/27\/tornquist-el-municipio-dispuso-un-puesto-para-el-deposito-de-residuos-electricos-y-electronicos\/#breadcrumb"},"inLanguage":"es","potentialAction":[{"@type":"ReadAction","target":["https:\/\/www.celttv.com.ar\/index.php\/2013\/02\/27\/tornquist-el-municipio-dispuso-un-puesto-para-el-deposito-de-residuos-electricos-y-electronicos\/"]}]},{"@type":"BreadcrumbList","@id":"https:\/\/www.celttv.com.ar\/index.php\/2013\/02\/27\/tornquist-el-municipio-dispuso-un-puesto-para-el-deposito-de-residuos-electricos-y-electronicos\/#breadcrumb","itemListElement":[{"@type":"ListItem","position":1,"name":"Inicio","item":"https:\/\/www.celttv.com.ar\/"},{"@type":"ListItem","position":2,"name":"TORNQUIST: EL MUNICIPIO DISPUSO UN PUESTO PARA EL DEPOSITO DE RESIDUOS ELECTRICOS Y ELECTRONICOS"}]},{"@type":"WebSite","@id":"https:\/\/www.celttv.com.ar\/#website","url":"https:\/\/www.celttv.com.ar\/","name":"CELTTV","description":"Cooperativa El\u00e9ctrica de Tornquist","publisher":{"@id":"https:\/\/www.celttv.com.ar\/#organization"},"potentialAction":[{"@type":"SearchAction","target":{"@type":"EntryPoint","urlTemplate":"https:\/\/www.celttv.com.ar\/?s={search_term_string}"},"query-input":"required name=search_term_string"}],"inLanguage":"es"},{"@type":"Organization","@id":"https:\/\/www.celttv.com.ar\/#organization","name":"CELTTV","url":"https:\/\/www.celttv.com.ar\/","sameAs":["https:\/\/www.youtube.com\/channel\/UCz_oIt8Hig64Ub-EmcNPIhg","https:\/\/www.facebook.com\/celtTV\/"],"logo":{"@type":"ImageObject","inLanguage":"es","@id":"https:\/\/www.celttv.com.ar\/#\/schema\/logo\/image\/","url":"http:\/\/www.celttv.com.ar\/wp-content\/uploads\/2022\/08\/logo-1.png","contentUrl":"http:\/\/www.celttv.com.ar\/wp-content\/uploads\/2022\/08\/logo-1.png","width":461,"height":159,"caption":"CELTTV"},"image":{"@id":"https:\/\/www.celttv.com.ar\/#\/schema\/logo\/image\/"}},{"@type":"Person","@id":"https:\/\/www.celttv.com.ar\/#\/schema\/person\/6d99c072dba59953809c81446e9d0ace","name":"ulises","image":{"@type":"ImageObject","inLanguage":"es","@id":"https:\/\/www.celttv.com.ar\/#\/schema\/person\/image\/","url":"https:\/\/secure.gravatar.com\/avatar\/7f2c48bdc33b30088f941fb6082e555f2874c98e20cb159d7b92b50eadfce793?s=96&d=mm&r=g","contentUrl":"https:\/\/secure.gravatar.com\/avatar\/7f2c48bdc33b30088f941fb6082e555f2874c98e20cb159d7b92b50eadfce793?s=96&d=mm&r=g","caption":"ulises"},"sameAs":["http:\/\/www.celttv.com.ar"]}]}},"_links":{"self":[{"href":"https:\/\/www.celttv.com.ar\/index.php\/wp-json\/wp\/v2\/posts\/10404","targetHints":{"allow":["GET"]}}],"collection":[{"href":"https:\/\/www.celttv.com.ar\/index.php\/wp-json\/wp\/v2\/posts"}],"about":[{"href":"https:\/\/www.celttv.com.ar\/index.php\/wp-json\/wp\/v2\/types\/post"}],"author":[{"embeddable":true,"href":"https:\/\/www.celttv.com.ar\/index.php\/wp-json\/wp\/v2\/users\/1"}],"replies":[{"embeddable":true,"href":"https:\/\/www.celttv.com.ar\/index.php\/wp-json\/wp\/v2\/comments?post=10404"}],"version-history":[{"count":0,"href":"https:\/\/www.celttv.com.ar\/index.php\/wp-json\/wp\/v2\/posts\/10404\/revisions"}],"wp:attachment":[{"href":"https:\/\/www.celttv.com.ar\/index.php\/wp-json\/wp\/v2\/media?parent=10404"}],"wp:term":[{"taxonomy":"category","embeddable":true,"href":"https:\/\/www.celttv.com.ar\/index.php\/wp-json\/wp\/v2\/categories?post=10404"},{"taxonomy":"post_tag","embeddable":true,"href":"https:\/\/www.celttv.com.ar\/index.php\/wp-json\/wp\/v2\/tags?post=10404"}],"curies":[{"name":"wp","href":"https:\/\/api.w.org\/{rel}","templated":true}]}}