{"id":10410,"date":"2013-02-27T21:03:10","date_gmt":"2013-02-27T21:03:10","guid":{"rendered":"http:\/\/www.tvcnoticias.com.ar\/?p=10410"},"modified":"2013-02-27T21:03:10","modified_gmt":"2013-02-27T21:03:10","slug":"futbol-argentino-junior-confirmo-que-no-participara-y-hay-que-votar-un-nuevo-formato","status":"publish","type":"post","link":"https:\/\/www.celttv.com.ar\/index.php\/2013\/02\/27\/futbol-argentino-junior-confirmo-que-no-participara-y-hay-que-votar-un-nuevo-formato\/","title":{"rendered":"FUTBOL: ARGENTINO JUNIOR CONFIRMO QUE NO PARTICIPARA Y HAY QUE VOTAR UN NUEVO FORMATO"},"content":{"rendered":"<p><a rel=\"attachment wp-att-10411\" href=\"http:\/\/www.tvcnoticias.com.ar\/?attachment_id=10411\"><img loading=\"lazy\" decoding=\"async\" class=\"aligncenter size-full wp-image-10411\" title=\"lrf (1) (Small)\" src=\"http:\/\/www.tvcnoticias.com.ar\/wp-content\/uploads\/2013\/02\/lrf-1-Small1.jpg\" alt=\"\" width=\"640\" height=\"427\" \/><\/a><br \/>\nPor dicho motivo se convoc\u00f3 a los clubes para el pr\u00f3ximo viernes, en Pig\u00fc\u00e9, para reformular el sistema.\u00a0<br \/>\nEn la reuni\u00f3n que este lunes llev\u00f3 a cabo el consejo directivo de la Liga Regional de F\u00fatbol de Coronel Su\u00e1rez, los delegados de Argentino Junior de Darregueira confirmaron que no participar\u00e1n en el campeonato de Primera y Reserva de la presente temporada.<br \/>\nEn virtud de ello, no se puede llevar adelante el formato que se vot\u00f3 en la reuni\u00f3n anterior, raz\u00f3n por la cual se convoc\u00f3 a los clubes afiliados para definir uno nuevo a una sesi\u00f3n que se realizar\u00e1 el viernes pr\u00f3ximo en la sede de Deportivo Argentino de Pig\u00fc\u00e9, a partir de las 20:00.<br \/>\nDesde la mesa ejecutiva que preside Ernesto Palenzona se le pidi\u00f3 al club de Darregueira que remita una nota ratificando lo expuesto, tras lo cual el consejo directivo resolver\u00e1 en consecuencia.<br \/>\nLa intenci\u00f3n de Argentino es tomar parte en divisiones inferiores con tres categor\u00edas, aunque tambi\u00e9n depende del sistema de disputa. Antes habr\u00e1 que ver si las dem\u00e1s instituciones lo facultan para eximirlo de intervenir en las dos divisiones superiores.<br \/>\nEl argumento de la decisi\u00f3n de no jugar que expusieron los dirigentes Ezequiel Lavi\u00e9 y Diego Mart\u00ednez tiene que ver con que en estos momentos no tienen la cancha de Bordenave en condiciones y, adem\u00e1s, s\u00f3lo 6 jugadores entrenando sin director t\u00e9cnico de Primera ni de Reserva.<br \/>\nOnce-Deportivo, el domingo a las 17:00<br \/>\nLa Liga Tresarroyense de F\u00fatbol comunic\u00f3 a su par suarense que el partido entre Once Corazones y Deportivo Sarmiento, v\u00e1lido por la sexta y \u00faltima fecha de la zona 85 del torneo del Interior, se jugar\u00e1 el domingo que viene a partir de las 17:00.<br \/>\nEn cuanto a la posibilidad de un empate en puntos entre ambos equipos, el reglamento establece que el club verdirrojo ser\u00e1 primero a\u00fan perdiendo 1 a 0. Si es derrotado por m\u00e1s de un gol, clasificar\u00e1 segundo en el grupo.<\/p>\n","protected":false},"excerpt":{"rendered":"<p>Por dicho motivo se convoc\u00f3 a los clubes para el pr\u00f3ximo viernes, en Pig\u00fc\u00e9, para reformular el sistema.\u00a0 En la reuni\u00f3n que este lunes llev\u00f3 a cabo el consejo directivo de la Liga Regional de F\u00fatbol de Coronel Su\u00e1rez, los delegados de Argentino Junior de Darregueira confirmaron que no participar\u00e1n en el campeonato de Primera [&hellip;]<\/p>\n","protected":false},"author":1,"featured_media":0,"comment_status":"closed","ping_status":"open","sticky":false,"template":"","format":"standard","meta":{"footnotes":""},"categories":[60,52],"tags":[],"class_list":["post-10410","post","type-post","status-publish","format-standard","hentry","category-deporte","category-destacadas"],"yoast_head":"<!-- This site is optimized with the Yoast SEO plugin v19.7.1 - https:\/\/yoast.com\/wordpress\/plugins\/seo\/ -->\n<title>FUTBOL: ARGENTINO JUNIOR CONFIRMO QUE NO PARTICIPARA Y HAY QUE VOTAR UN NUEVO FORMATO - CELTTV<\/title>\n<meta name=\"description\" content=\"Sitio web de noticias de la localidad de Tornquist, provincia de Buenos Aires, Rep\u00fablica Argentina. Contenido propio originado por periodistas de CELTTV, el canal de TV local de la Cooperativa El\u00e9ctrica de Tornquist. Turismo, Pol\u00edtica, Sociedad, Deporte, Cultura y todo el contenido de inter\u00e9s general que la gente del pueblo y la regi\u00f3n debe conocer.\" \/>\n<meta name=\"robots\" content=\"index, follow, max-snippet:-1, max-image-preview:large, max-video-preview:-1\" \/>\n<link rel=\"canonical\" href=\"https:\/\/www.celttv.com.ar\/index.php\/2013\/02\/27\/futbol-argentino-junior-confirmo-que-no-participara-y-hay-que-votar-un-nuevo-formato\/\" \/>\n<meta property=\"og:locale\" content=\"es_ES\" \/>\n<meta property=\"og:type\" content=\"article\" \/>\n<meta property=\"og:title\" content=\"FUTBOL: ARGENTINO JUNIOR CONFIRMO QUE NO PARTICIPARA Y HAY QUE VOTAR UN NUEVO FORMATO - CELTTV\" \/>\n<meta property=\"og:description\" content=\"Sitio web de noticias de la localidad de Tornquist, provincia de Buenos Aires, Rep\u00fablica Argentina. Contenido propio originado por periodistas de CELTTV, el canal de TV local de la Cooperativa El\u00e9ctrica de Tornquist. Turismo, Pol\u00edtica, Sociedad, Deporte, Cultura y todo el contenido de inter\u00e9s general que la gente del pueblo y la regi\u00f3n debe conocer.\" \/>\n<meta property=\"og:url\" content=\"https:\/\/www.celttv.com.ar\/index.php\/2013\/02\/27\/futbol-argentino-junior-confirmo-que-no-participara-y-hay-que-votar-un-nuevo-formato\/\" \/>\n<meta property=\"og:site_name\" content=\"CELTTV\" \/>\n<meta property=\"article:publisher\" content=\"https:\/\/www.facebook.com\/celtTV\/\" \/>\n<meta property=\"article:published_time\" content=\"2013-02-27T21:03:10+00:00\" \/>\n<meta property=\"og:image\" content=\"http:\/\/www.tvcnoticias.com.ar\/wp-content\/uploads\/2013\/02\/lrf-1-Small1.jpg\" \/>\n<meta name=\"author\" content=\"ulises\" \/>\n<meta name=\"twitter:card\" content=\"summary_large_image\" \/>\n<meta name=\"twitter:label1\" content=\"Escrito por\" \/>\n\t<meta name=\"twitter:data1\" content=\"ulises\" \/>\n\t<meta name=\"twitter:label2\" content=\"Tiempo de lectura\" \/>\n\t<meta name=\"twitter:data2\" content=\"2 minutos\" \/>\n<script type=\"application\/ld+json\" class=\"yoast-schema-graph\">{\"@context\":\"https:\/\/schema.org\",\"@graph\":[{\"@type\":\"NewsArticle\",\"@id\":\"https:\/\/www.celttv.com.ar\/index.php\/2013\/02\/27\/futbol-argentino-junior-confirmo-que-no-participara-y-hay-que-votar-un-nuevo-formato\/#article\",\"isPartOf\":{\"@id\":\"https:\/\/www.celttv.com.ar\/index.php\/2013\/02\/27\/futbol-argentino-junior-confirmo-que-no-participara-y-hay-que-votar-un-nuevo-formato\/\"},\"author\":{\"name\":\"ulises\",\"@id\":\"https:\/\/www.celttv.com.ar\/#\/schema\/person\/6d99c072dba59953809c81446e9d0ace\"},\"headline\":\"FUTBOL: ARGENTINO JUNIOR CONFIRMO QUE NO PARTICIPARA Y HAY QUE VOTAR UN NUEVO FORMATO\",\"datePublished\":\"2013-02-27T21:03:10+00:00\",\"dateModified\":\"2013-02-27T21:03:10+00:00\",\"mainEntityOfPage\":{\"@id\":\"https:\/\/www.celttv.com.ar\/index.php\/2013\/02\/27\/futbol-argentino-junior-confirmo-que-no-participara-y-hay-que-votar-un-nuevo-formato\/\"},\"wordCount\":352,\"publisher\":{\"@id\":\"https:\/\/www.celttv.com.ar\/#organization\"},\"articleSection\":[\"Deporte\",\"Destacadas\"],\"inLanguage\":\"es\"},{\"@type\":\"WebPage\",\"@id\":\"https:\/\/www.celttv.com.ar\/index.php\/2013\/02\/27\/futbol-argentino-junior-confirmo-que-no-participara-y-hay-que-votar-un-nuevo-formato\/\",\"url\":\"https:\/\/www.celttv.com.ar\/index.php\/2013\/02\/27\/futbol-argentino-junior-confirmo-que-no-participara-y-hay-que-votar-un-nuevo-formato\/\",\"name\":\"FUTBOL: ARGENTINO JUNIOR CONFIRMO QUE NO PARTICIPARA Y HAY QUE VOTAR UN NUEVO FORMATO - CELTTV\",\"isPartOf\":{\"@id\":\"https:\/\/www.celttv.com.ar\/#website\"},\"datePublished\":\"2013-02-27T21:03:10+00:00\",\"dateModified\":\"2013-02-27T21:03:10+00:00\",\"description\":\"Sitio web de noticias de la localidad de Tornquist, provincia de Buenos Aires, Rep\u00fablica Argentina. Contenido propio originado por periodistas de CELTTV, el canal de TV local de la Cooperativa El\u00e9ctrica de Tornquist. Turismo, Pol\u00edtica, Sociedad, Deporte, Cultura y todo el contenido de inter\u00e9s general que la gente del pueblo y la regi\u00f3n debe conocer.\",\"breadcrumb\":{\"@id\":\"https:\/\/www.celttv.com.ar\/index.php\/2013\/02\/27\/futbol-argentino-junior-confirmo-que-no-participara-y-hay-que-votar-un-nuevo-formato\/#breadcrumb\"},\"inLanguage\":\"es\",\"potentialAction\":[{\"@type\":\"ReadAction\",\"target\":[\"https:\/\/www.celttv.com.ar\/index.php\/2013\/02\/27\/futbol-argentino-junior-confirmo-que-no-participara-y-hay-que-votar-un-nuevo-formato\/\"]}]},{\"@type\":\"BreadcrumbList\",\"@id\":\"https:\/\/www.celttv.com.ar\/index.php\/2013\/02\/27\/futbol-argentino-junior-confirmo-que-no-participara-y-hay-que-votar-un-nuevo-formato\/#breadcrumb\",\"itemListElement\":[{\"@type\":\"ListItem\",\"position\":1,\"name\":\"Inicio\",\"item\":\"https:\/\/www.celttv.com.ar\/\"},{\"@type\":\"ListItem\",\"position\":2,\"name\":\"FUTBOL: ARGENTINO JUNIOR CONFIRMO QUE NO PARTICIPARA Y HAY QUE VOTAR UN NUEVO FORMATO\"}]},{\"@type\":\"WebSite\",\"@id\":\"https:\/\/www.celttv.com.ar\/#website\",\"url\":\"https:\/\/www.celttv.com.ar\/\",\"name\":\"CELTTV\",\"description\":\"Cooperativa El\u00e9ctrica de Tornquist\",\"publisher\":{\"@id\":\"https:\/\/www.celttv.com.ar\/#organization\"},\"potentialAction\":[{\"@type\":\"SearchAction\",\"target\":{\"@type\":\"EntryPoint\",\"urlTemplate\":\"https:\/\/www.celttv.com.ar\/?s={search_term_string}\"},\"query-input\":\"required name=search_term_string\"}],\"inLanguage\":\"es\"},{\"@type\":\"Organization\",\"@id\":\"https:\/\/www.celttv.com.ar\/#organization\",\"name\":\"CELTTV\",\"url\":\"https:\/\/www.celttv.com.ar\/\",\"sameAs\":[\"https:\/\/www.youtube.com\/channel\/UCz_oIt8Hig64Ub-EmcNPIhg\",\"https:\/\/www.facebook.com\/celtTV\/\"],\"logo\":{\"@type\":\"ImageObject\",\"inLanguage\":\"es\",\"@id\":\"https:\/\/www.celttv.com.ar\/#\/schema\/logo\/image\/\",\"url\":\"http:\/\/www.celttv.com.ar\/wp-content\/uploads\/2022\/08\/logo-1.png\",\"contentUrl\":\"http:\/\/www.celttv.com.ar\/wp-content\/uploads\/2022\/08\/logo-1.png\",\"width\":461,\"height\":159,\"caption\":\"CELTTV\"},\"image\":{\"@id\":\"https:\/\/www.celttv.com.ar\/#\/schema\/logo\/image\/\"}},{\"@type\":\"Person\",\"@id\":\"https:\/\/www.celttv.com.ar\/#\/schema\/person\/6d99c072dba59953809c81446e9d0ace\",\"name\":\"ulises\",\"image\":{\"@type\":\"ImageObject\",\"inLanguage\":\"es\",\"@id\":\"https:\/\/www.celttv.com.ar\/#\/schema\/person\/image\/\",\"url\":\"https:\/\/secure.gravatar.com\/avatar\/7f2c48bdc33b30088f941fb6082e555f2874c98e20cb159d7b92b50eadfce793?s=96&d=mm&r=g\",\"contentUrl\":\"https:\/\/secure.gravatar.com\/avatar\/7f2c48bdc33b30088f941fb6082e555f2874c98e20cb159d7b92b50eadfce793?s=96&d=mm&r=g\",\"caption\":\"ulises\"},\"sameAs\":[\"http:\/\/www.celttv.com.ar\"]}]}<\/script>\n<!-- \/ Yoast SEO plugin. -->","yoast_head_json":{"title":"FUTBOL: ARGENTINO JUNIOR CONFIRMO QUE NO PARTICIPARA Y HAY QUE VOTAR UN NUEVO FORMATO - CELTTV","description":"Sitio web de noticias de la localidad de Tornquist, provincia de Buenos Aires, Rep\u00fablica Argentina. Contenido propio originado por periodistas de CELTTV, el canal de TV local de la Cooperativa El\u00e9ctrica de Tornquist. Turismo, Pol\u00edtica, Sociedad, Deporte, Cultura y todo el contenido de inter\u00e9s general que la gente del pueblo y la regi\u00f3n debe conocer.","robots":{"index":"index","follow":"follow","max-snippet":"max-snippet:-1","max-image-preview":"max-image-preview:large","max-video-preview":"max-video-preview:-1"},"canonical":"https:\/\/www.celttv.com.ar\/index.php\/2013\/02\/27\/futbol-argentino-junior-confirmo-que-no-participara-y-hay-que-votar-un-nuevo-formato\/","og_locale":"es_ES","og_type":"article","og_title":"FUTBOL: ARGENTINO JUNIOR CONFIRMO QUE NO PARTICIPARA Y HAY QUE VOTAR UN NUEVO FORMATO - CELTTV","og_description":"Sitio web de noticias de la localidad de Tornquist, provincia de Buenos Aires, Rep\u00fablica Argentina. Contenido propio originado por periodistas de CELTTV, el canal de TV local de la Cooperativa El\u00e9ctrica de Tornquist. Turismo, Pol\u00edtica, Sociedad, Deporte, Cultura y todo el contenido de inter\u00e9s general que la gente del pueblo y la regi\u00f3n debe conocer.","og_url":"https:\/\/www.celttv.com.ar\/index.php\/2013\/02\/27\/futbol-argentino-junior-confirmo-que-no-participara-y-hay-que-votar-un-nuevo-formato\/","og_site_name":"CELTTV","article_publisher":"https:\/\/www.facebook.com\/celtTV\/","article_published_time":"2013-02-27T21:03:10+00:00","og_image":[{"url":"http:\/\/www.tvcnoticias.com.ar\/wp-content\/uploads\/2013\/02\/lrf-1-Small1.jpg"}],"author":"ulises","twitter_card":"summary_large_image","twitter_misc":{"Escrito por":"ulises","Tiempo de lectura":"2 minutos"},"schema":{"@context":"https:\/\/schema.org","@graph":[{"@type":"NewsArticle","@id":"https:\/\/www.celttv.com.ar\/index.php\/2013\/02\/27\/futbol-argentino-junior-confirmo-que-no-participara-y-hay-que-votar-un-nuevo-formato\/#article","isPartOf":{"@id":"https:\/\/www.celttv.com.ar\/index.php\/2013\/02\/27\/futbol-argentino-junior-confirmo-que-no-participara-y-hay-que-votar-un-nuevo-formato\/"},"author":{"name":"ulises","@id":"https:\/\/www.celttv.com.ar\/#\/schema\/person\/6d99c072dba59953809c81446e9d0ace"},"headline":"FUTBOL: ARGENTINO JUNIOR CONFIRMO QUE NO PARTICIPARA Y HAY QUE VOTAR UN NUEVO FORMATO","datePublished":"2013-02-27T21:03:10+00:00","dateModified":"2013-02-27T21:03:10+00:00","mainEntityOfPage":{"@id":"https:\/\/www.celttv.com.ar\/index.php\/2013\/02\/27\/futbol-argentino-junior-confirmo-que-no-participara-y-hay-que-votar-un-nuevo-formato\/"},"wordCount":352,"publisher":{"@id":"https:\/\/www.celttv.com.ar\/#organization"},"articleSection":["Deporte","Destacadas"],"inLanguage":"es"},{"@type":"WebPage","@id":"https:\/\/www.celttv.com.ar\/index.php\/2013\/02\/27\/futbol-argentino-junior-confirmo-que-no-participara-y-hay-que-votar-un-nuevo-formato\/","url":"https:\/\/www.celttv.com.ar\/index.php\/2013\/02\/27\/futbol-argentino-junior-confirmo-que-no-participara-y-hay-que-votar-un-nuevo-formato\/","name":"FUTBOL: ARGENTINO JUNIOR CONFIRMO QUE NO PARTICIPARA Y HAY QUE VOTAR UN NUEVO FORMATO - CELTTV","isPartOf":{"@id":"https:\/\/www.celttv.com.ar\/#website"},"datePublished":"2013-02-27T21:03:10+00:00","dateModified":"2013-02-27T21:03:10+00:00","description":"Sitio web de noticias de la localidad de Tornquist, provincia de Buenos Aires, Rep\u00fablica Argentina. Contenido propio originado por periodistas de CELTTV, el canal de TV local de la Cooperativa El\u00e9ctrica de Tornquist. Turismo, Pol\u00edtica, Sociedad, Deporte, Cultura y todo el contenido de inter\u00e9s general que la gente del pueblo y la regi\u00f3n debe conocer.","breadcrumb":{"@id":"https:\/\/www.celttv.com.ar\/index.php\/2013\/02\/27\/futbol-argentino-junior-confirmo-que-no-participara-y-hay-que-votar-un-nuevo-formato\/#breadcrumb"},"inLanguage":"es","potentialAction":[{"@type":"ReadAction","target":["https:\/\/www.celttv.com.ar\/index.php\/2013\/02\/27\/futbol-argentino-junior-confirmo-que-no-participara-y-hay-que-votar-un-nuevo-formato\/"]}]},{"@type":"BreadcrumbList","@id":"https:\/\/www.celttv.com.ar\/index.php\/2013\/02\/27\/futbol-argentino-junior-confirmo-que-no-participara-y-hay-que-votar-un-nuevo-formato\/#breadcrumb","itemListElement":[{"@type":"ListItem","position":1,"name":"Inicio","item":"https:\/\/www.celttv.com.ar\/"},{"@type":"ListItem","position":2,"name":"FUTBOL: ARGENTINO JUNIOR CONFIRMO QUE NO PARTICIPARA Y HAY QUE VOTAR UN NUEVO FORMATO"}]},{"@type":"WebSite","@id":"https:\/\/www.celttv.com.ar\/#website","url":"https:\/\/www.celttv.com.ar\/","name":"CELTTV","description":"Cooperativa El\u00e9ctrica de Tornquist","publisher":{"@id":"https:\/\/www.celttv.com.ar\/#organization"},"potentialAction":[{"@type":"SearchAction","target":{"@type":"EntryPoint","urlTemplate":"https:\/\/www.celttv.com.ar\/?s={search_term_string}"},"query-input":"required name=search_term_string"}],"inLanguage":"es"},{"@type":"Organization","@id":"https:\/\/www.celttv.com.ar\/#organization","name":"CELTTV","url":"https:\/\/www.celttv.com.ar\/","sameAs":["https:\/\/www.youtube.com\/channel\/UCz_oIt8Hig64Ub-EmcNPIhg","https:\/\/www.facebook.com\/celtTV\/"],"logo":{"@type":"ImageObject","inLanguage":"es","@id":"https:\/\/www.celttv.com.ar\/#\/schema\/logo\/image\/","url":"http:\/\/www.celttv.com.ar\/wp-content\/uploads\/2022\/08\/logo-1.png","contentUrl":"http:\/\/www.celttv.com.ar\/wp-content\/uploads\/2022\/08\/logo-1.png","width":461,"height":159,"caption":"CELTTV"},"image":{"@id":"https:\/\/www.celttv.com.ar\/#\/schema\/logo\/image\/"}},{"@type":"Person","@id":"https:\/\/www.celttv.com.ar\/#\/schema\/person\/6d99c072dba59953809c81446e9d0ace","name":"ulises","image":{"@type":"ImageObject","inLanguage":"es","@id":"https:\/\/www.celttv.com.ar\/#\/schema\/person\/image\/","url":"https:\/\/secure.gravatar.com\/avatar\/7f2c48bdc33b30088f941fb6082e555f2874c98e20cb159d7b92b50eadfce793?s=96&d=mm&r=g","contentUrl":"https:\/\/secure.gravatar.com\/avatar\/7f2c48bdc33b30088f941fb6082e555f2874c98e20cb159d7b92b50eadfce793?s=96&d=mm&r=g","caption":"ulises"},"sameAs":["http:\/\/www.celttv.com.ar"]}]}},"_links":{"self":[{"href":"https:\/\/www.celttv.com.ar\/index.php\/wp-json\/wp\/v2\/posts\/10410","targetHints":{"allow":["GET"]}}],"collection":[{"href":"https:\/\/www.celttv.com.ar\/index.php\/wp-json\/wp\/v2\/posts"}],"about":[{"href":"https:\/\/www.celttv.com.ar\/index.php\/wp-json\/wp\/v2\/types\/post"}],"author":[{"embeddable":true,"href":"https:\/\/www.celttv.com.ar\/index.php\/wp-json\/wp\/v2\/users\/1"}],"replies":[{"embeddable":true,"href":"https:\/\/www.celttv.com.ar\/index.php\/wp-json\/wp\/v2\/comments?post=10410"}],"version-history":[{"count":0,"href":"https:\/\/www.celttv.com.ar\/index.php\/wp-json\/wp\/v2\/posts\/10410\/revisions"}],"wp:attachment":[{"href":"https:\/\/www.celttv.com.ar\/index.php\/wp-json\/wp\/v2\/media?parent=10410"}],"wp:term":[{"taxonomy":"category","embeddable":true,"href":"https:\/\/www.celttv.com.ar\/index.php\/wp-json\/wp\/v2\/categories?post=10410"},{"taxonomy":"post_tag","embeddable":true,"href":"https:\/\/www.celttv.com.ar\/index.php\/wp-json\/wp\/v2\/tags?post=10410"}],"curies":[{"name":"wp","href":"https:\/\/api.w.org\/{rel}","templated":true}]}}