{"id":1042,"date":"2011-08-24T15:23:37","date_gmt":"2011-08-24T15:23:37","guid":{"rendered":"http:\/\/www.tvcnoticias.com.ar\/?p=1042"},"modified":"2011-08-24T15:23:37","modified_gmt":"2011-08-24T15:23:37","slug":"sera-cuestion-de-percepcion-o-a-ud-le-pasa-lo-mismo-que-a-mi-con-la-escuela-secundaria-n2","status":"publish","type":"post","link":"https:\/\/www.celttv.com.ar\/index.php\/2011\/08\/24\/sera-cuestion-de-percepcion-o-a-ud-le-pasa-lo-mismo-que-a-mi-con-la-escuela-secundaria-n2\/","title":{"rendered":"SERA CUESTION DE PERCEPCION O A UD. LE PASA LO MISMO QUE A MI CON LA ESCUELA SECUNDARIA N\u00b02?"},"content":{"rendered":"<p><span style=\"font-size: small; font-family: Verdana;\">SERA CUESTION DE PERCEPCION O A UD. LE PASA LO MISMO QUE A MI CON LA ESCUELA SECUNDARIA N\u00b02?<br \/>\nQuisiera que el sistema educativo y la comunidad educativa en gral. no obrara corporativamente.<br \/>\nS\u00ed, pienso que si todos hici\u00e9ramos como s\u00ed\u2026las cosas no solo no\u00a0 se conocer\u00edan\u00a0\u00a0 sino que adem\u00e1s seria imposible modificar las injusticias.<br \/>\nHoy quiz\u00e1s un poco tarde pero necesario, tengo la urgencia de contarle a la comunidad que le digo a S. Etulain basta Etulain con los chicos no.<br \/>\nPor supuesto que hablo desde mi coraz\u00f3n de padre, no desde mis t\u00edtulos y formaci\u00f3n profesional.<br \/>\nLamentablemente sent\u00ed y como la habr\u00e1n sentido seguramente muchos la impotencia una vez mas de su mal obrar, por eso sepan, que yo hoy le digo ya no mas, NUNCA MAS y aunque el termino no\u00a0 sea del agrado de la Sra. Es el que mejor se ajusta para caracterizar a alguien totalmente antidemocr\u00e1tica como ella.<br \/>\nUsualmente cuando las personas son sometidas a distinto tipo de vejaciones, a groser\u00edas y obscenidades, a degradaciones aberrantes, a discriminaciones,\u00a0 a abusos de autoridad a la vulneraci\u00f3n de los derechos personales, \u00e9stas recurren o deber\u00edan\u00a0 hacerlo ante la justicia, pero que pasa cuando el responsable no comprende la criminalidad de sus actos? Lo que sucede es que adem\u00e1s de ser dif\u00edcil probarlo \u00e9ste es inimputable.<br \/>\nPor todo esto experimento la sensaci\u00f3n de impotencia y desprotecci\u00f3n dado que la habilidad para tergiversar las palabras y los\u00a0 hechos abundan en la se\u00f1ora dejando un tendal de victimas a su paso, m\u00e1xime cuando nuestros hijos transitan por el territorio de una insana mental.\u00a0\u00a0\u00a0\u00a0<br \/>\n\u201c la loba encima loca al cuidado de las ovejas\u201d pareciera apropiada la met\u00e1fora no? Es que estoy seguro hoy no podr\u00eda superar ning\u00fan examen de aptitud psicof\u00edsica.<br \/>\nIncre\u00edble pero real! Lamentablemente pareciera que nadie le quiere poner el cascabel al gato. Yo ya no estoy dispuesto a callar una verdad evidente para cualquier observador, la Sra. No est\u00e1 en condiciones psicof\u00edsicas de conducirse as\u00ed misma, mucho menos de conducir una instituci\u00f3n educativa.<br \/>\nEs probable que tampoco est\u00e9 en condiciones de darse cuenta, para poder pedir ayuda y adem\u00e1s hacer un paso al costado para acogerse a un tratamiento y\/o a los beneficios jubilatorios. Por eso seria importante que la comunidad educativa intervenga para ayudarla como persona en primer lugar, pero fundamentalmente para ayudar a los menores que no sean mas victimas de sus especiales tratos.<br \/>\nCabe decir tambi\u00e9n que dentro de la comunidad educativa\u00a0 existen distintos grados de responsabilidades, que es una l\u00e1stima\u00a0 que quienes tuvieron distintas oportunidades de ponerle coto a esta situaci\u00f3n no lo pudieron evidentemente hacer, sin embargo pienso que hay que proporcionarles tambi\u00e9n ayuda al superior jerarquico porque es posible que no conozca en su totalidad la realidad que le toca intervenir justamente por no poder remitirse adecuadamente a las fuentes intencionalmente ocultas por las habilidades precedentemente descriptas.<br \/>\nJustamente por esta raz\u00f3n creo necesario expresarme porque sino no lo hago, estar\u00eda convalidando una situaci\u00f3n altamente desfavorable para los alumnos en general y para mis hijos en particular.<br \/>\nCreo que la superioridad jer\u00e1rquica debe saber tambi\u00e9n que debe actuar inmediatamente, que ante la menor sospecha de la vulneraci\u00f3n de derechos de los alumnos en cualquiera de las formas posibles no\u00a0 puede permanecer de espectador pasivo, que debe actuar porque tambi\u00e9n se es responsable por acci\u00f3n o por omisi\u00f3n y que el trabajar a conciencia para develar lo que realmente sucede al interior de\u00a0 una instituci\u00f3n educativa es una decisi\u00f3n de compromiso real con la tarea, o se trabaja en pos de mejorar la calidad educativa, tratando a las personas como verdaderos sujetos de derecho o se trabaja como si\u2026<br \/>\nPor ello observo que la autoridad pedag\u00f3gica no deviene del lugar jerarquico que se ocupa en una\u00a0 organizaci\u00f3n, sino de\u00a0\u00a0 la construcci\u00f3n de saberes que permitan realizar intervenciones acordes con las circunstancias y las causales que originan las diversas situaciones problematicas.<br \/>\nPor todo ello me dirijo a\u00a0 la comunidad educativa en su conjunto:<br \/>\n\u00a0\u00a0\u00a0\u00a0\u00a0\u00a0\u00a0\u00a0\u00a0\u00a0\u00a0\u00a0\u00a0\u00a0\u00a0\u00a0\u00a0\u00a0\u00a0\u00a0\u00a0\u00a0\u00a0\u00a0\u00a0\u00a0\u00a0\u00a0\u00a0\u00a0\u00a0\u00a0\u00a0\u00a0\u00a0\u00a0\u00a0\u00a0\u00a0\u00a0\u00a0\u00a0\u00a0\u00a0\u00a0\u00a0\u00a0\u00a0\u00a0\u00a0\u00a0\u00a0\u00a0\u00a0\u00a0\u00a0\u00a0 Autoridades presentes de esta jurisdicci\u00f3n, docentes, alumnos, ex alumnos y se\u00f1ores padres. Hasta cuando vamos a permitir ver que la\u00a0 escuela publica sufra este vaciamiento? Porque es una forma de vaciarla tambi\u00e9n, no les parece que es suficiente ya? que personajes de este tipo atentan contra la verdadera misi\u00f3n que tiene la escuela, que es ense\u00f1ar. Que es triste ver el \u00e9xodo de buenos docentes, de dignos profesionales que dia a dia dan lo mejor de si, para dotar a\u00a0 nuestros hijos de las herramientas necesarias para la vida, el ejercicio pleno de la ciudadan\u00eda, la prosecuci\u00f3n de estudios de nivel superior y la posterior incorporaci\u00f3n al mundo productivo del trabajo.<br \/>\nEs lamentable ver tambi\u00e9n que nuestros hijos tengan que tener tantas horas libres, porque algunos profesores no soportan el asedio\u00a0\u00a0 al que se los somete y los problemas que esto conlleva durante todo el a\u00f1o por la p\u00e9rdida de contenidos. Es decir que nuestros hijos aprenden menos que en otras escuelas. Por eso digo, \u00bfles parece justo que tengan menores posibilidades\u00a0 que otros alumnos por no tomar las decisiones que correspondan?<br \/>\n\u00a0\u00a0\u00a0\u00a0\u00a0\u00a0\u00a0 Realmente ustedes estar\u00e1n de acuerdo, que nuestros hijos merecen nuestra atenci\u00f3n y nuestra ayuda y que para corregir esta situaci\u00f3n, lo primero seria llevarla a la luz. Que es necesario hablar porque adem\u00e1s de doler menos esto posibilita\u00a0 el cambio. Asi que la decisi\u00f3n es de todos, porque el que calla otorga y yo ya tome la decisi\u00f3n ser\u00e1 una cuesti\u00f3n de parecer o a Ud. le pasa lo mismo que a mi con la escuela secundaria n\u00b02?<br \/>\n\u00a0\u00a0\u00a0\u00a0\u00a0\u00a0\u00a0\u00a0\u00a0\u00a0\u00a0\u00a0\u00a0\u00a0\u00a0\u00a0\u00a0\u00a0\u00a0\u00a0\u00a0\u00a0\u00a0\u00a0\u00a0\u00a0\u00a0\u00a0\u00a0\u00a0\u00a0\u00a0\u00a0\u00a0\u00a0\u00a0\u00a0\u00a0\u00a0\u00a0\u00a0\u00a0\u00a0\u00a0\u00a0\u00a0\u00a0\u00a0\u00a0\u00a0\u00a0\u00a0\u00a0\u00a0\u00a0\u00a0\u00a0\u00a0\u00a0\u00a0\u00a0\u00a0\u00a0\u00a0\u00a0\u00a0\u00a0\u00a0\u00a0\u00a0\u00a0\u00a0\u00a0\u00a0\u00a0\u00a0\u00a0\u00a0\u00a0\u00a0\u00a0\u00a0\u00a0\u00a0\u00a0\u00a0\u00a0\u00a0\u00a0\u00a0\u00a0\u00a0\u00a0\u00a0\u00a0\u00a0 ALEJANDRO OSCAR FRANEF<br \/>\n\u00a0\u00a0\u00a0\u00a0\u00a0\u00a0\u00a0\u00a0\u00a0\u00a0\u00a0\u00a0\u00a0\u00a0\u00a0\u00a0\u00a0\u00a0\u00a0\u00a0\u00a0\u00a0\u00a0\u00a0\u00a0\u00a0\u00a0\u00a0\u00a0\u00a0\u00a0\u00a0\u00a0\u00a0\u00a0\u00a0\u00a0\u00a0\u00a0\u00a0\u00a0\u00a0\u00a0\u00a0\u00a0\u00a0\u00a0\u00a0\u00a0\u00a0\u00a0\u00a0\u00a0\u00a0\u00a0\u00a0\u00a0\u00a0\u00a0\u00a0\u00a0\u00a0\u00a0\u00a0\u00a0\u00a0\u00a0\u00a0\u00a0\u00a0\u00a0\u00a0\u00a0\u00a0\u00a0\u00a0\u00a0\u00a0\u00a0\u00a0\u00a0\u00a0\u00a0\u00a0\u00a0\u00a0\u00a0\u00a0\u00a0\u00a0\u00a0\u00a0\u00a0\u00a0\u00a0\u00a0\u00a0\u00a0\u00a0\u00a0\u00a0\u00a0\u00a0\u00a0\u00a0\u00a0\u00a0 DNI 20.020.598\u00a0<br \/>\n<\/span><\/p>\n","protected":false},"excerpt":{"rendered":"<p>SERA CUESTION DE PERCEPCION O A UD. LE PASA LO MISMO QUE A MI CON LA ESCUELA SECUNDARIA N\u00b02? Quisiera que el sistema educativo y la comunidad educativa en gral. no obrara corporativamente. S\u00ed, pienso que si todos hici\u00e9ramos como s\u00ed\u2026las cosas no solo no\u00a0 se conocer\u00edan\u00a0\u00a0 sino que adem\u00e1s seria imposible modificar las injusticias. [&hellip;]<\/p>\n","protected":false},"author":1,"featured_media":0,"comment_status":"closed","ping_status":"open","sticky":false,"template":"","format":"standard","meta":{"footnotes":""},"categories":[95],"tags":[],"class_list":["post-1042","post","type-post","status-publish","format-standard","hentry","category-opiniones"],"yoast_head":"<!-- This site is optimized with the Yoast SEO plugin v19.7.1 - https:\/\/yoast.com\/wordpress\/plugins\/seo\/ -->\n<title>SERA CUESTION DE PERCEPCION O A UD. LE PASA LO MISMO QUE A MI CON LA ESCUELA SECUNDARIA N\u00b02? - CELTTV<\/title>\n<meta name=\"description\" content=\"Sitio web de noticias de la localidad de Tornquist, provincia de Buenos Aires, Rep\u00fablica Argentina. Contenido propio originado por periodistas de CELTTV, el canal de TV local de la Cooperativa El\u00e9ctrica de Tornquist. Turismo, Pol\u00edtica, Sociedad, Deporte, Cultura y todo el contenido de inter\u00e9s general que la gente del pueblo y la regi\u00f3n debe conocer.\" \/>\n<meta name=\"robots\" content=\"index, follow, max-snippet:-1, max-image-preview:large, max-video-preview:-1\" \/>\n<link rel=\"canonical\" href=\"https:\/\/www.celttv.com.ar\/index.php\/2011\/08\/24\/sera-cuestion-de-percepcion-o-a-ud-le-pasa-lo-mismo-que-a-mi-con-la-escuela-secundaria-n2\/\" \/>\n<meta property=\"og:locale\" content=\"es_ES\" \/>\n<meta property=\"og:type\" content=\"article\" \/>\n<meta property=\"og:title\" content=\"SERA CUESTION DE PERCEPCION O A UD. LE PASA LO MISMO QUE A MI CON LA ESCUELA SECUNDARIA N\u00b02? - CELTTV\" \/>\n<meta property=\"og:description\" content=\"Sitio web de noticias de la localidad de Tornquist, provincia de Buenos Aires, Rep\u00fablica Argentina. Contenido propio originado por periodistas de CELTTV, el canal de TV local de la Cooperativa El\u00e9ctrica de Tornquist. Turismo, Pol\u00edtica, Sociedad, Deporte, Cultura y todo el contenido de inter\u00e9s general que la gente del pueblo y la regi\u00f3n debe conocer.\" \/>\n<meta property=\"og:url\" content=\"https:\/\/www.celttv.com.ar\/index.php\/2011\/08\/24\/sera-cuestion-de-percepcion-o-a-ud-le-pasa-lo-mismo-que-a-mi-con-la-escuela-secundaria-n2\/\" \/>\n<meta property=\"og:site_name\" content=\"CELTTV\" \/>\n<meta property=\"article:publisher\" content=\"https:\/\/www.facebook.com\/celtTV\/\" \/>\n<meta property=\"article:published_time\" content=\"2011-08-24T15:23:37+00:00\" \/>\n<meta name=\"author\" content=\"ulises\" \/>\n<meta name=\"twitter:card\" content=\"summary_large_image\" \/>\n<meta name=\"twitter:label1\" content=\"Escrito por\" \/>\n\t<meta name=\"twitter:data1\" content=\"ulises\" \/>\n\t<meta name=\"twitter:label2\" content=\"Tiempo de lectura\" \/>\n\t<meta name=\"twitter:data2\" content=\"5 minutos\" \/>\n<script type=\"application\/ld+json\" class=\"yoast-schema-graph\">{\"@context\":\"https:\/\/schema.org\",\"@graph\":[{\"@type\":\"NewsArticle\",\"@id\":\"https:\/\/www.celttv.com.ar\/index.php\/2011\/08\/24\/sera-cuestion-de-percepcion-o-a-ud-le-pasa-lo-mismo-que-a-mi-con-la-escuela-secundaria-n2\/#article\",\"isPartOf\":{\"@id\":\"https:\/\/www.celttv.com.ar\/index.php\/2011\/08\/24\/sera-cuestion-de-percepcion-o-a-ud-le-pasa-lo-mismo-que-a-mi-con-la-escuela-secundaria-n2\/\"},\"author\":{\"name\":\"ulises\",\"@id\":\"https:\/\/www.celttv.com.ar\/#\/schema\/person\/6d99c072dba59953809c81446e9d0ace\"},\"headline\":\"SERA CUESTION DE PERCEPCION O A UD. LE PASA LO MISMO QUE A MI CON LA ESCUELA SECUNDARIA N\u00b02?\",\"datePublished\":\"2011-08-24T15:23:37+00:00\",\"dateModified\":\"2011-08-24T15:23:37+00:00\",\"mainEntityOfPage\":{\"@id\":\"https:\/\/www.celttv.com.ar\/index.php\/2011\/08\/24\/sera-cuestion-de-percepcion-o-a-ud-le-pasa-lo-mismo-que-a-mi-con-la-escuela-secundaria-n2\/\"},\"wordCount\":1006,\"publisher\":{\"@id\":\"https:\/\/www.celttv.com.ar\/#organization\"},\"articleSection\":[\"Opiniones\"],\"inLanguage\":\"es\"},{\"@type\":\"WebPage\",\"@id\":\"https:\/\/www.celttv.com.ar\/index.php\/2011\/08\/24\/sera-cuestion-de-percepcion-o-a-ud-le-pasa-lo-mismo-que-a-mi-con-la-escuela-secundaria-n2\/\",\"url\":\"https:\/\/www.celttv.com.ar\/index.php\/2011\/08\/24\/sera-cuestion-de-percepcion-o-a-ud-le-pasa-lo-mismo-que-a-mi-con-la-escuela-secundaria-n2\/\",\"name\":\"SERA CUESTION DE PERCEPCION O A UD. LE PASA LO MISMO QUE A MI CON LA ESCUELA SECUNDARIA N\u00b02? - CELTTV\",\"isPartOf\":{\"@id\":\"https:\/\/www.celttv.com.ar\/#website\"},\"datePublished\":\"2011-08-24T15:23:37+00:00\",\"dateModified\":\"2011-08-24T15:23:37+00:00\",\"description\":\"Sitio web de noticias de la localidad de Tornquist, provincia de Buenos Aires, Rep\u00fablica Argentina. Contenido propio originado por periodistas de CELTTV, el canal de TV local de la Cooperativa El\u00e9ctrica de Tornquist. Turismo, Pol\u00edtica, Sociedad, Deporte, Cultura y todo el contenido de inter\u00e9s general que la gente del pueblo y la regi\u00f3n debe conocer.\",\"breadcrumb\":{\"@id\":\"https:\/\/www.celttv.com.ar\/index.php\/2011\/08\/24\/sera-cuestion-de-percepcion-o-a-ud-le-pasa-lo-mismo-que-a-mi-con-la-escuela-secundaria-n2\/#breadcrumb\"},\"inLanguage\":\"es\",\"potentialAction\":[{\"@type\":\"ReadAction\",\"target\":[\"https:\/\/www.celttv.com.ar\/index.php\/2011\/08\/24\/sera-cuestion-de-percepcion-o-a-ud-le-pasa-lo-mismo-que-a-mi-con-la-escuela-secundaria-n2\/\"]}]},{\"@type\":\"BreadcrumbList\",\"@id\":\"https:\/\/www.celttv.com.ar\/index.php\/2011\/08\/24\/sera-cuestion-de-percepcion-o-a-ud-le-pasa-lo-mismo-que-a-mi-con-la-escuela-secundaria-n2\/#breadcrumb\",\"itemListElement\":[{\"@type\":\"ListItem\",\"position\":1,\"name\":\"Inicio\",\"item\":\"https:\/\/www.celttv.com.ar\/\"},{\"@type\":\"ListItem\",\"position\":2,\"name\":\"SERA CUESTION DE PERCEPCION O A UD. LE PASA LO MISMO QUE A MI CON LA ESCUELA SECUNDARIA N\u00b02?\"}]},{\"@type\":\"WebSite\",\"@id\":\"https:\/\/www.celttv.com.ar\/#website\",\"url\":\"https:\/\/www.celttv.com.ar\/\",\"name\":\"CELTTV\",\"description\":\"Cooperativa El\u00e9ctrica de Tornquist\",\"publisher\":{\"@id\":\"https:\/\/www.celttv.com.ar\/#organization\"},\"potentialAction\":[{\"@type\":\"SearchAction\",\"target\":{\"@type\":\"EntryPoint\",\"urlTemplate\":\"https:\/\/www.celttv.com.ar\/?s={search_term_string}\"},\"query-input\":\"required name=search_term_string\"}],\"inLanguage\":\"es\"},{\"@type\":\"Organization\",\"@id\":\"https:\/\/www.celttv.com.ar\/#organization\",\"name\":\"CELTTV\",\"url\":\"https:\/\/www.celttv.com.ar\/\",\"sameAs\":[\"https:\/\/www.youtube.com\/channel\/UCz_oIt8Hig64Ub-EmcNPIhg\",\"https:\/\/www.facebook.com\/celtTV\/\"],\"logo\":{\"@type\":\"ImageObject\",\"inLanguage\":\"es\",\"@id\":\"https:\/\/www.celttv.com.ar\/#\/schema\/logo\/image\/\",\"url\":\"http:\/\/www.celttv.com.ar\/wp-content\/uploads\/2022\/08\/logo-1.png\",\"contentUrl\":\"http:\/\/www.celttv.com.ar\/wp-content\/uploads\/2022\/08\/logo-1.png\",\"width\":461,\"height\":159,\"caption\":\"CELTTV\"},\"image\":{\"@id\":\"https:\/\/www.celttv.com.ar\/#\/schema\/logo\/image\/\"}},{\"@type\":\"Person\",\"@id\":\"https:\/\/www.celttv.com.ar\/#\/schema\/person\/6d99c072dba59953809c81446e9d0ace\",\"name\":\"ulises\",\"image\":{\"@type\":\"ImageObject\",\"inLanguage\":\"es\",\"@id\":\"https:\/\/www.celttv.com.ar\/#\/schema\/person\/image\/\",\"url\":\"https:\/\/secure.gravatar.com\/avatar\/7f2c48bdc33b30088f941fb6082e555f2874c98e20cb159d7b92b50eadfce793?s=96&d=mm&r=g\",\"contentUrl\":\"https:\/\/secure.gravatar.com\/avatar\/7f2c48bdc33b30088f941fb6082e555f2874c98e20cb159d7b92b50eadfce793?s=96&d=mm&r=g\",\"caption\":\"ulises\"},\"sameAs\":[\"http:\/\/www.celttv.com.ar\"]}]}<\/script>\n<!-- \/ Yoast SEO plugin. -->","yoast_head_json":{"title":"SERA CUESTION DE PERCEPCION O A UD. LE PASA LO MISMO QUE A MI CON LA ESCUELA SECUNDARIA N\u00b02? - CELTTV","description":"Sitio web de noticias de la localidad de Tornquist, provincia de Buenos Aires, Rep\u00fablica Argentina. Contenido propio originado por periodistas de CELTTV, el canal de TV local de la Cooperativa El\u00e9ctrica de Tornquist. Turismo, Pol\u00edtica, Sociedad, Deporte, Cultura y todo el contenido de inter\u00e9s general que la gente del pueblo y la regi\u00f3n debe conocer.","robots":{"index":"index","follow":"follow","max-snippet":"max-snippet:-1","max-image-preview":"max-image-preview:large","max-video-preview":"max-video-preview:-1"},"canonical":"https:\/\/www.celttv.com.ar\/index.php\/2011\/08\/24\/sera-cuestion-de-percepcion-o-a-ud-le-pasa-lo-mismo-que-a-mi-con-la-escuela-secundaria-n2\/","og_locale":"es_ES","og_type":"article","og_title":"SERA CUESTION DE PERCEPCION O A UD. LE PASA LO MISMO QUE A MI CON LA ESCUELA SECUNDARIA N\u00b02? - CELTTV","og_description":"Sitio web de noticias de la localidad de Tornquist, provincia de Buenos Aires, Rep\u00fablica Argentina. Contenido propio originado por periodistas de CELTTV, el canal de TV local de la Cooperativa El\u00e9ctrica de Tornquist. Turismo, Pol\u00edtica, Sociedad, Deporte, Cultura y todo el contenido de inter\u00e9s general que la gente del pueblo y la regi\u00f3n debe conocer.","og_url":"https:\/\/www.celttv.com.ar\/index.php\/2011\/08\/24\/sera-cuestion-de-percepcion-o-a-ud-le-pasa-lo-mismo-que-a-mi-con-la-escuela-secundaria-n2\/","og_site_name":"CELTTV","article_publisher":"https:\/\/www.facebook.com\/celtTV\/","article_published_time":"2011-08-24T15:23:37+00:00","author":"ulises","twitter_card":"summary_large_image","twitter_misc":{"Escrito por":"ulises","Tiempo de lectura":"5 minutos"},"schema":{"@context":"https:\/\/schema.org","@graph":[{"@type":"NewsArticle","@id":"https:\/\/www.celttv.com.ar\/index.php\/2011\/08\/24\/sera-cuestion-de-percepcion-o-a-ud-le-pasa-lo-mismo-que-a-mi-con-la-escuela-secundaria-n2\/#article","isPartOf":{"@id":"https:\/\/www.celttv.com.ar\/index.php\/2011\/08\/24\/sera-cuestion-de-percepcion-o-a-ud-le-pasa-lo-mismo-que-a-mi-con-la-escuela-secundaria-n2\/"},"author":{"name":"ulises","@id":"https:\/\/www.celttv.com.ar\/#\/schema\/person\/6d99c072dba59953809c81446e9d0ace"},"headline":"SERA CUESTION DE PERCEPCION O A UD. LE PASA LO MISMO QUE A MI CON LA ESCUELA SECUNDARIA N\u00b02?","datePublished":"2011-08-24T15:23:37+00:00","dateModified":"2011-08-24T15:23:37+00:00","mainEntityOfPage":{"@id":"https:\/\/www.celttv.com.ar\/index.php\/2011\/08\/24\/sera-cuestion-de-percepcion-o-a-ud-le-pasa-lo-mismo-que-a-mi-con-la-escuela-secundaria-n2\/"},"wordCount":1006,"publisher":{"@id":"https:\/\/www.celttv.com.ar\/#organization"},"articleSection":["Opiniones"],"inLanguage":"es"},{"@type":"WebPage","@id":"https:\/\/www.celttv.com.ar\/index.php\/2011\/08\/24\/sera-cuestion-de-percepcion-o-a-ud-le-pasa-lo-mismo-que-a-mi-con-la-escuela-secundaria-n2\/","url":"https:\/\/www.celttv.com.ar\/index.php\/2011\/08\/24\/sera-cuestion-de-percepcion-o-a-ud-le-pasa-lo-mismo-que-a-mi-con-la-escuela-secundaria-n2\/","name":"SERA CUESTION DE PERCEPCION O A UD. LE PASA LO MISMO QUE A MI CON LA ESCUELA SECUNDARIA N\u00b02? - CELTTV","isPartOf":{"@id":"https:\/\/www.celttv.com.ar\/#website"},"datePublished":"2011-08-24T15:23:37+00:00","dateModified":"2011-08-24T15:23:37+00:00","description":"Sitio web de noticias de la localidad de Tornquist, provincia de Buenos Aires, Rep\u00fablica Argentina. Contenido propio originado por periodistas de CELTTV, el canal de TV local de la Cooperativa El\u00e9ctrica de Tornquist. Turismo, Pol\u00edtica, Sociedad, Deporte, Cultura y todo el contenido de inter\u00e9s general que la gente del pueblo y la regi\u00f3n debe conocer.","breadcrumb":{"@id":"https:\/\/www.celttv.com.ar\/index.php\/2011\/08\/24\/sera-cuestion-de-percepcion-o-a-ud-le-pasa-lo-mismo-que-a-mi-con-la-escuela-secundaria-n2\/#breadcrumb"},"inLanguage":"es","potentialAction":[{"@type":"ReadAction","target":["https:\/\/www.celttv.com.ar\/index.php\/2011\/08\/24\/sera-cuestion-de-percepcion-o-a-ud-le-pasa-lo-mismo-que-a-mi-con-la-escuela-secundaria-n2\/"]}]},{"@type":"BreadcrumbList","@id":"https:\/\/www.celttv.com.ar\/index.php\/2011\/08\/24\/sera-cuestion-de-percepcion-o-a-ud-le-pasa-lo-mismo-que-a-mi-con-la-escuela-secundaria-n2\/#breadcrumb","itemListElement":[{"@type":"ListItem","position":1,"name":"Inicio","item":"https:\/\/www.celttv.com.ar\/"},{"@type":"ListItem","position":2,"name":"SERA CUESTION DE PERCEPCION O A UD. LE PASA LO MISMO QUE A MI CON LA ESCUELA SECUNDARIA N\u00b02?"}]},{"@type":"WebSite","@id":"https:\/\/www.celttv.com.ar\/#website","url":"https:\/\/www.celttv.com.ar\/","name":"CELTTV","description":"Cooperativa El\u00e9ctrica de Tornquist","publisher":{"@id":"https:\/\/www.celttv.com.ar\/#organization"},"potentialAction":[{"@type":"SearchAction","target":{"@type":"EntryPoint","urlTemplate":"https:\/\/www.celttv.com.ar\/?s={search_term_string}"},"query-input":"required name=search_term_string"}],"inLanguage":"es"},{"@type":"Organization","@id":"https:\/\/www.celttv.com.ar\/#organization","name":"CELTTV","url":"https:\/\/www.celttv.com.ar\/","sameAs":["https:\/\/www.youtube.com\/channel\/UCz_oIt8Hig64Ub-EmcNPIhg","https:\/\/www.facebook.com\/celtTV\/"],"logo":{"@type":"ImageObject","inLanguage":"es","@id":"https:\/\/www.celttv.com.ar\/#\/schema\/logo\/image\/","url":"http:\/\/www.celttv.com.ar\/wp-content\/uploads\/2022\/08\/logo-1.png","contentUrl":"http:\/\/www.celttv.com.ar\/wp-content\/uploads\/2022\/08\/logo-1.png","width":461,"height":159,"caption":"CELTTV"},"image":{"@id":"https:\/\/www.celttv.com.ar\/#\/schema\/logo\/image\/"}},{"@type":"Person","@id":"https:\/\/www.celttv.com.ar\/#\/schema\/person\/6d99c072dba59953809c81446e9d0ace","name":"ulises","image":{"@type":"ImageObject","inLanguage":"es","@id":"https:\/\/www.celttv.com.ar\/#\/schema\/person\/image\/","url":"https:\/\/secure.gravatar.com\/avatar\/7f2c48bdc33b30088f941fb6082e555f2874c98e20cb159d7b92b50eadfce793?s=96&d=mm&r=g","contentUrl":"https:\/\/secure.gravatar.com\/avatar\/7f2c48bdc33b30088f941fb6082e555f2874c98e20cb159d7b92b50eadfce793?s=96&d=mm&r=g","caption":"ulises"},"sameAs":["http:\/\/www.celttv.com.ar"]}]}},"_links":{"self":[{"href":"https:\/\/www.celttv.com.ar\/index.php\/wp-json\/wp\/v2\/posts\/1042","targetHints":{"allow":["GET"]}}],"collection":[{"href":"https:\/\/www.celttv.com.ar\/index.php\/wp-json\/wp\/v2\/posts"}],"about":[{"href":"https:\/\/www.celttv.com.ar\/index.php\/wp-json\/wp\/v2\/types\/post"}],"author":[{"embeddable":true,"href":"https:\/\/www.celttv.com.ar\/index.php\/wp-json\/wp\/v2\/users\/1"}],"replies":[{"embeddable":true,"href":"https:\/\/www.celttv.com.ar\/index.php\/wp-json\/wp\/v2\/comments?post=1042"}],"version-history":[{"count":0,"href":"https:\/\/www.celttv.com.ar\/index.php\/wp-json\/wp\/v2\/posts\/1042\/revisions"}],"wp:attachment":[{"href":"https:\/\/www.celttv.com.ar\/index.php\/wp-json\/wp\/v2\/media?parent=1042"}],"wp:term":[{"taxonomy":"category","embeddable":true,"href":"https:\/\/www.celttv.com.ar\/index.php\/wp-json\/wp\/v2\/categories?post=1042"},{"taxonomy":"post_tag","embeddable":true,"href":"https:\/\/www.celttv.com.ar\/index.php\/wp-json\/wp\/v2\/tags?post=1042"}],"curies":[{"name":"wp","href":"https:\/\/api.w.org\/{rel}","templated":true}]}}