{"id":10425,"date":"2013-02-28T13:11:39","date_gmt":"2013-02-28T13:11:39","guid":{"rendered":"http:\/\/www.tvcnoticias.com.ar\/?p=10425"},"modified":"2013-02-28T13:11:39","modified_gmt":"2013-02-28T13:11:39","slug":"importante-paso-para-el-desarrollo-sostenible-que-todos-sonamos","status":"publish","type":"post","link":"https:\/\/www.celttv.com.ar\/index.php\/2013\/02\/28\/importante-paso-para-el-desarrollo-sostenible-que-todos-sonamos\/","title":{"rendered":"IMPORTANTE PASO PARA EL DESARROLLO SOSTENIBLE QUE TODOS SO\u00d1AMOS"},"content":{"rendered":"<p><br \/>\nUn subsidio para desarrollar el proyecto denominado \u201cMedio ambiente y desarrollo, factores claves en el partido de Tornquist\u201d, que llevar\u00e1 adelante la Universidad Provincial de Sudoeste, entreg\u00f3 esta ma\u00f1ana el ministro de la Producci\u00f3n, Ciencia y Tecnolog\u00eda de la Provincia de Buenos Aires, doctor Cristian Breitenstein, durante un acto que cont\u00f3 con la presencia del intendente municipal, licenciado Gustavo Trankels.<br \/>\n\u00a0\u00a0 El evento se concret\u00f3 en la sede de la Comisi\u00f3n de Investigaciones Cient\u00edficas, en la ciudad de La Plata, donde se reconoci\u00f3 a este proyecto de innovaci\u00f3n tecnol\u00f3gica del sudoeste provincial.<br \/>\n\u00a0\u00a0 La doctora Andrea Savoretti, perteneciente a la entidad educativa de nuestra regi\u00f3n, se encarg\u00f3 de explicar los objetivos de la iniciativa.<br \/>\n\u00a0\u00a0 \u201cEl proyecto se propone analizar la problem\u00e1tica medioambiental del partido de Tornquist, que tiene una realidad muy interesante, ya que su perfil econ\u00f3mico productivo es complejo, porque la actividad principal es la agropecuaria, pero cuenta con localidades que viven de la actividad tur\u00edstica y peque\u00f1as y medianas empresas\u201d, coment\u00f3.<br \/>\n\u00a0\u00a0 \u201cEsperamos poder responder la confianza que nos deposit\u00f3 el intendente con un trabajo cient\u00edfico que le d\u00e9 herramientas t\u00e9cnicas y los insumos para poder mejorar, dise\u00f1ar pol\u00edticas y planificar a futuro. Debo agradecerle a Gustavo por su atenci\u00f3n y apoyo\u201d, recalc\u00f3.<br \/>\n\u00a0\u00a0 En el mismo sentido se manifest\u00f3 Trankels, quien ponder\u00f3 la posibilidad de trabajar conjuntamente con la UPSO.<br \/>\n\u00a0\u00a0 \u201cSomos un municipio peque\u00f1o, sin demasiados recursos humanos y calificados como para encarar determinados temas. Por eso es importante trabajar con una casa de altos estudios. La Universidad del Sudoeste es una herramienta fundamental para toda la regi\u00f3n. Contar con una entidad que nos otorgue basamentos cient\u00edficos para determinadas pol\u00edticas de Estado es algo que no tiene valor\u201d, asever\u00f3 el jefe comunal, quien agradeci\u00f3 especialmente al ministro Breitenstein, al subsecretario de Ciencia y Tecnolog\u00eda, Hern\u00e1n Vigier, y a la UPSO y todo el equipo de trabajo.<br \/>\n\u00a0\u00a0 \u201cEste es el punta pie inicial para el desarrollo que todos so\u00f1amos\u201d, afirm\u00f3.<br \/>\n\u00a0\u00a0 Finalmente, Breitenstein destac\u00f3 el compromiso del gobernador Daniel Scioli de incentivar el desarrollo de sistemas de innovaci\u00f3n en el interior provincial.<br \/>\n\u00a0\u00a0 \u201cEs muy importante la vinculaci\u00f3n entre los municipios, los organismos estatales y el sector privado, con la ciencia, la tecnolog\u00eda y el desarrollo de la innovaci\u00f3n, en una provincia que tiene el 50 por ciento de la capacidad cient\u00edfica y tecnol\u00f3gica de Argentina\u201d, coment\u00f3.<br \/>\n\u00a0\u00a0 Adem\u00e1s, destac\u00f3 que los proyectos presentados se relacionen con la realidad de cada distrito vinculados a la vida cotidiana, como los recursos h\u00eddricos o la producci\u00f3n del campo, y resalt\u00f3 la colaboraci\u00f3n de la Comisi\u00f3n de Investigaciones Cient\u00edficas en cada trabajo seleccionado.<br \/>\n\u00a0\u00a0 Breitenstein hizo menci\u00f3n a la tarea que lleva adelante el jefe comunal de Tornquist.<br \/>\n\u00a0 \u201cPongo a Gustavo como un ejemplo. Hay una necesidad de tener un compromiso para salir de la l\u00f3gica que prima en algunas generaciones de la improvisaci\u00f3n en la pol\u00edtica. La actividad p\u00fablica debe tener un basamento cient\u00edfico, debe estar acompa\u00f1ada y nutrirse de cosas que aporta la gente que piensa. En eso, me parece que un intendente del interior est\u00e1 definiendo la agenda, donde el medio ambiente es un \u00e1rea a contemplar, parad\u00f3jicamente cuando es su principal recurso; porque el turismo y la producci\u00f3n son el principal recurso junto a la industria vitivin\u00edcola y el parque industrial, que brindar\u00e1 un perfil industrial al lugar\u201d, mencion\u00f3.<br \/>\n\u00a0\u00a0 \u201cLos gobiernos locales modernos est\u00e1n representados en lo que hace Gustavo: no quedarse en lo que siempre se hizo, diversificar, ampliar y buscar perfiles novedosos, incorporando el cuidado del medio ambiente\u201d, a\u00f1adi\u00f3.<br \/>\n\u00a0\u00a0 Acompa\u00f1aron al titular de la cartera productiva bonaerense, el subsecretario de Ciencia y Tecnolog\u00eda, Hern\u00e1n Vigier; el presidente de la Comisi\u00f3n de Investigaciones Cient\u00edficas, Jos\u00e9 Mar\u00eda Rodr\u00edguez Silveira; el rector de UPSO, Jos\u00e9 Porras, e integrantes del directorio de la CIC<\/p>\n","protected":false},"excerpt":{"rendered":"<p>Un subsidio para desarrollar el proyecto denominado \u201cMedio ambiente y desarrollo, factores claves en el partido de Tornquist\u201d, que llevar\u00e1 adelante la Universidad Provincial de Sudoeste, entreg\u00f3 esta ma\u00f1ana el ministro de la Producci\u00f3n, Ciencia y Tecnolog\u00eda de la Provincia de Buenos Aires, doctor Cristian Breitenstein, durante un acto que cont\u00f3 con la presencia del [&hellip;]<\/p>\n","protected":false},"author":1,"featured_media":0,"comment_status":"closed","ping_status":"open","sticky":false,"template":"","format":"standard","meta":{"footnotes":""},"categories":[52,53,64],"tags":[],"class_list":["post-10425","post","type-post","status-publish","format-standard","hentry","category-destacadas","category-politica","category-videos-destacados"],"yoast_head":"<!-- This site is optimized with the Yoast SEO plugin v19.7.1 - https:\/\/yoast.com\/wordpress\/plugins\/seo\/ -->\n<title>IMPORTANTE PASO PARA EL DESARROLLO SOSTENIBLE QUE TODOS SO\u00d1AMOS - CELTTV<\/title>\n<meta name=\"description\" content=\"Sitio web de noticias de la localidad de Tornquist, provincia de Buenos Aires, Rep\u00fablica Argentina. Contenido propio originado por periodistas de CELTTV, el canal de TV local de la Cooperativa El\u00e9ctrica de Tornquist. Turismo, Pol\u00edtica, Sociedad, Deporte, Cultura y todo el contenido de inter\u00e9s general que la gente del pueblo y la regi\u00f3n debe conocer.\" \/>\n<meta name=\"robots\" content=\"index, follow, max-snippet:-1, max-image-preview:large, max-video-preview:-1\" \/>\n<link rel=\"canonical\" href=\"https:\/\/www.celttv.com.ar\/index.php\/2013\/02\/28\/importante-paso-para-el-desarrollo-sostenible-que-todos-sonamos\/\" \/>\n<meta property=\"og:locale\" content=\"es_ES\" \/>\n<meta property=\"og:type\" content=\"article\" \/>\n<meta property=\"og:title\" content=\"IMPORTANTE PASO PARA EL DESARROLLO SOSTENIBLE QUE TODOS SO\u00d1AMOS - CELTTV\" \/>\n<meta property=\"og:description\" content=\"Sitio web de noticias de la localidad de Tornquist, provincia de Buenos Aires, Rep\u00fablica Argentina. Contenido propio originado por periodistas de CELTTV, el canal de TV local de la Cooperativa El\u00e9ctrica de Tornquist. Turismo, Pol\u00edtica, Sociedad, Deporte, Cultura y todo el contenido de inter\u00e9s general que la gente del pueblo y la regi\u00f3n debe conocer.\" \/>\n<meta property=\"og:url\" content=\"https:\/\/www.celttv.com.ar\/index.php\/2013\/02\/28\/importante-paso-para-el-desarrollo-sostenible-que-todos-sonamos\/\" \/>\n<meta property=\"og:site_name\" content=\"CELTTV\" \/>\n<meta property=\"article:publisher\" content=\"https:\/\/www.facebook.com\/celtTV\/\" \/>\n<meta property=\"article:published_time\" content=\"2013-02-28T13:11:39+00:00\" \/>\n<meta name=\"author\" content=\"ulises\" \/>\n<meta name=\"twitter:card\" content=\"summary_large_image\" \/>\n<meta name=\"twitter:label1\" content=\"Escrito por\" \/>\n\t<meta name=\"twitter:data1\" content=\"ulises\" \/>\n\t<meta name=\"twitter:label2\" content=\"Tiempo de lectura\" \/>\n\t<meta name=\"twitter:data2\" content=\"3 minutos\" \/>\n<script type=\"application\/ld+json\" class=\"yoast-schema-graph\">{\"@context\":\"https:\/\/schema.org\",\"@graph\":[{\"@type\":\"NewsArticle\",\"@id\":\"https:\/\/www.celttv.com.ar\/index.php\/2013\/02\/28\/importante-paso-para-el-desarrollo-sostenible-que-todos-sonamos\/#article\",\"isPartOf\":{\"@id\":\"https:\/\/www.celttv.com.ar\/index.php\/2013\/02\/28\/importante-paso-para-el-desarrollo-sostenible-que-todos-sonamos\/\"},\"author\":{\"name\":\"ulises\",\"@id\":\"https:\/\/www.celttv.com.ar\/#\/schema\/person\/6d99c072dba59953809c81446e9d0ace\"},\"headline\":\"IMPORTANTE PASO PARA EL DESARROLLO SOSTENIBLE QUE TODOS SO\u00d1AMOS\",\"datePublished\":\"2013-02-28T13:11:39+00:00\",\"dateModified\":\"2013-02-28T13:11:39+00:00\",\"mainEntityOfPage\":{\"@id\":\"https:\/\/www.celttv.com.ar\/index.php\/2013\/02\/28\/importante-paso-para-el-desarrollo-sostenible-que-todos-sonamos\/\"},\"wordCount\":685,\"publisher\":{\"@id\":\"https:\/\/www.celttv.com.ar\/#organization\"},\"articleSection\":[\"Destacadas\",\"Pol\u00edtica\",\"Videos Destacados\"],\"inLanguage\":\"es\"},{\"@type\":\"WebPage\",\"@id\":\"https:\/\/www.celttv.com.ar\/index.php\/2013\/02\/28\/importante-paso-para-el-desarrollo-sostenible-que-todos-sonamos\/\",\"url\":\"https:\/\/www.celttv.com.ar\/index.php\/2013\/02\/28\/importante-paso-para-el-desarrollo-sostenible-que-todos-sonamos\/\",\"name\":\"IMPORTANTE PASO PARA EL DESARROLLO SOSTENIBLE QUE TODOS SO\u00d1AMOS - CELTTV\",\"isPartOf\":{\"@id\":\"https:\/\/www.celttv.com.ar\/#website\"},\"datePublished\":\"2013-02-28T13:11:39+00:00\",\"dateModified\":\"2013-02-28T13:11:39+00:00\",\"description\":\"Sitio web de noticias de la localidad de Tornquist, provincia de Buenos Aires, Rep\u00fablica Argentina. Contenido propio originado por periodistas de CELTTV, el canal de TV local de la Cooperativa El\u00e9ctrica de Tornquist. Turismo, Pol\u00edtica, Sociedad, Deporte, Cultura y todo el contenido de inter\u00e9s general que la gente del pueblo y la regi\u00f3n debe conocer.\",\"breadcrumb\":{\"@id\":\"https:\/\/www.celttv.com.ar\/index.php\/2013\/02\/28\/importante-paso-para-el-desarrollo-sostenible-que-todos-sonamos\/#breadcrumb\"},\"inLanguage\":\"es\",\"potentialAction\":[{\"@type\":\"ReadAction\",\"target\":[\"https:\/\/www.celttv.com.ar\/index.php\/2013\/02\/28\/importante-paso-para-el-desarrollo-sostenible-que-todos-sonamos\/\"]}]},{\"@type\":\"BreadcrumbList\",\"@id\":\"https:\/\/www.celttv.com.ar\/index.php\/2013\/02\/28\/importante-paso-para-el-desarrollo-sostenible-que-todos-sonamos\/#breadcrumb\",\"itemListElement\":[{\"@type\":\"ListItem\",\"position\":1,\"name\":\"Inicio\",\"item\":\"https:\/\/www.celttv.com.ar\/\"},{\"@type\":\"ListItem\",\"position\":2,\"name\":\"IMPORTANTE PASO PARA EL DESARROLLO SOSTENIBLE QUE TODOS SO\u00d1AMOS\"}]},{\"@type\":\"WebSite\",\"@id\":\"https:\/\/www.celttv.com.ar\/#website\",\"url\":\"https:\/\/www.celttv.com.ar\/\",\"name\":\"CELTTV\",\"description\":\"Cooperativa El\u00e9ctrica de Tornquist\",\"publisher\":{\"@id\":\"https:\/\/www.celttv.com.ar\/#organization\"},\"potentialAction\":[{\"@type\":\"SearchAction\",\"target\":{\"@type\":\"EntryPoint\",\"urlTemplate\":\"https:\/\/www.celttv.com.ar\/?s={search_term_string}\"},\"query-input\":\"required name=search_term_string\"}],\"inLanguage\":\"es\"},{\"@type\":\"Organization\",\"@id\":\"https:\/\/www.celttv.com.ar\/#organization\",\"name\":\"CELTTV\",\"url\":\"https:\/\/www.celttv.com.ar\/\",\"sameAs\":[\"https:\/\/www.youtube.com\/channel\/UCz_oIt8Hig64Ub-EmcNPIhg\",\"https:\/\/www.facebook.com\/celtTV\/\"],\"logo\":{\"@type\":\"ImageObject\",\"inLanguage\":\"es\",\"@id\":\"https:\/\/www.celttv.com.ar\/#\/schema\/logo\/image\/\",\"url\":\"http:\/\/www.celttv.com.ar\/wp-content\/uploads\/2022\/08\/logo-1.png\",\"contentUrl\":\"http:\/\/www.celttv.com.ar\/wp-content\/uploads\/2022\/08\/logo-1.png\",\"width\":461,\"height\":159,\"caption\":\"CELTTV\"},\"image\":{\"@id\":\"https:\/\/www.celttv.com.ar\/#\/schema\/logo\/image\/\"}},{\"@type\":\"Person\",\"@id\":\"https:\/\/www.celttv.com.ar\/#\/schema\/person\/6d99c072dba59953809c81446e9d0ace\",\"name\":\"ulises\",\"image\":{\"@type\":\"ImageObject\",\"inLanguage\":\"es\",\"@id\":\"https:\/\/www.celttv.com.ar\/#\/schema\/person\/image\/\",\"url\":\"https:\/\/secure.gravatar.com\/avatar\/7f2c48bdc33b30088f941fb6082e555f2874c98e20cb159d7b92b50eadfce793?s=96&d=mm&r=g\",\"contentUrl\":\"https:\/\/secure.gravatar.com\/avatar\/7f2c48bdc33b30088f941fb6082e555f2874c98e20cb159d7b92b50eadfce793?s=96&d=mm&r=g\",\"caption\":\"ulises\"},\"sameAs\":[\"http:\/\/www.celttv.com.ar\"]}]}<\/script>\n<!-- \/ Yoast SEO plugin. -->","yoast_head_json":{"title":"IMPORTANTE PASO PARA EL DESARROLLO SOSTENIBLE QUE TODOS SO\u00d1AMOS - CELTTV","description":"Sitio web de noticias de la localidad de Tornquist, provincia de Buenos Aires, Rep\u00fablica Argentina. Contenido propio originado por periodistas de CELTTV, el canal de TV local de la Cooperativa El\u00e9ctrica de Tornquist. Turismo, Pol\u00edtica, Sociedad, Deporte, Cultura y todo el contenido de inter\u00e9s general que la gente del pueblo y la regi\u00f3n debe conocer.","robots":{"index":"index","follow":"follow","max-snippet":"max-snippet:-1","max-image-preview":"max-image-preview:large","max-video-preview":"max-video-preview:-1"},"canonical":"https:\/\/www.celttv.com.ar\/index.php\/2013\/02\/28\/importante-paso-para-el-desarrollo-sostenible-que-todos-sonamos\/","og_locale":"es_ES","og_type":"article","og_title":"IMPORTANTE PASO PARA EL DESARROLLO SOSTENIBLE QUE TODOS SO\u00d1AMOS - CELTTV","og_description":"Sitio web de noticias de la localidad de Tornquist, provincia de Buenos Aires, Rep\u00fablica Argentina. Contenido propio originado por periodistas de CELTTV, el canal de TV local de la Cooperativa El\u00e9ctrica de Tornquist. Turismo, Pol\u00edtica, Sociedad, Deporte, Cultura y todo el contenido de inter\u00e9s general que la gente del pueblo y la regi\u00f3n debe conocer.","og_url":"https:\/\/www.celttv.com.ar\/index.php\/2013\/02\/28\/importante-paso-para-el-desarrollo-sostenible-que-todos-sonamos\/","og_site_name":"CELTTV","article_publisher":"https:\/\/www.facebook.com\/celtTV\/","article_published_time":"2013-02-28T13:11:39+00:00","author":"ulises","twitter_card":"summary_large_image","twitter_misc":{"Escrito por":"ulises","Tiempo de lectura":"3 minutos"},"schema":{"@context":"https:\/\/schema.org","@graph":[{"@type":"NewsArticle","@id":"https:\/\/www.celttv.com.ar\/index.php\/2013\/02\/28\/importante-paso-para-el-desarrollo-sostenible-que-todos-sonamos\/#article","isPartOf":{"@id":"https:\/\/www.celttv.com.ar\/index.php\/2013\/02\/28\/importante-paso-para-el-desarrollo-sostenible-que-todos-sonamos\/"},"author":{"name":"ulises","@id":"https:\/\/www.celttv.com.ar\/#\/schema\/person\/6d99c072dba59953809c81446e9d0ace"},"headline":"IMPORTANTE PASO PARA EL DESARROLLO SOSTENIBLE QUE TODOS SO\u00d1AMOS","datePublished":"2013-02-28T13:11:39+00:00","dateModified":"2013-02-28T13:11:39+00:00","mainEntityOfPage":{"@id":"https:\/\/www.celttv.com.ar\/index.php\/2013\/02\/28\/importante-paso-para-el-desarrollo-sostenible-que-todos-sonamos\/"},"wordCount":685,"publisher":{"@id":"https:\/\/www.celttv.com.ar\/#organization"},"articleSection":["Destacadas","Pol\u00edtica","Videos Destacados"],"inLanguage":"es"},{"@type":"WebPage","@id":"https:\/\/www.celttv.com.ar\/index.php\/2013\/02\/28\/importante-paso-para-el-desarrollo-sostenible-que-todos-sonamos\/","url":"https:\/\/www.celttv.com.ar\/index.php\/2013\/02\/28\/importante-paso-para-el-desarrollo-sostenible-que-todos-sonamos\/","name":"IMPORTANTE PASO PARA EL DESARROLLO SOSTENIBLE QUE TODOS SO\u00d1AMOS - CELTTV","isPartOf":{"@id":"https:\/\/www.celttv.com.ar\/#website"},"datePublished":"2013-02-28T13:11:39+00:00","dateModified":"2013-02-28T13:11:39+00:00","description":"Sitio web de noticias de la localidad de Tornquist, provincia de Buenos Aires, Rep\u00fablica Argentina. Contenido propio originado por periodistas de CELTTV, el canal de TV local de la Cooperativa El\u00e9ctrica de Tornquist. Turismo, Pol\u00edtica, Sociedad, Deporte, Cultura y todo el contenido de inter\u00e9s general que la gente del pueblo y la regi\u00f3n debe conocer.","breadcrumb":{"@id":"https:\/\/www.celttv.com.ar\/index.php\/2013\/02\/28\/importante-paso-para-el-desarrollo-sostenible-que-todos-sonamos\/#breadcrumb"},"inLanguage":"es","potentialAction":[{"@type":"ReadAction","target":["https:\/\/www.celttv.com.ar\/index.php\/2013\/02\/28\/importante-paso-para-el-desarrollo-sostenible-que-todos-sonamos\/"]}]},{"@type":"BreadcrumbList","@id":"https:\/\/www.celttv.com.ar\/index.php\/2013\/02\/28\/importante-paso-para-el-desarrollo-sostenible-que-todos-sonamos\/#breadcrumb","itemListElement":[{"@type":"ListItem","position":1,"name":"Inicio","item":"https:\/\/www.celttv.com.ar\/"},{"@type":"ListItem","position":2,"name":"IMPORTANTE PASO PARA EL DESARROLLO SOSTENIBLE QUE TODOS SO\u00d1AMOS"}]},{"@type":"WebSite","@id":"https:\/\/www.celttv.com.ar\/#website","url":"https:\/\/www.celttv.com.ar\/","name":"CELTTV","description":"Cooperativa El\u00e9ctrica de Tornquist","publisher":{"@id":"https:\/\/www.celttv.com.ar\/#organization"},"potentialAction":[{"@type":"SearchAction","target":{"@type":"EntryPoint","urlTemplate":"https:\/\/www.celttv.com.ar\/?s={search_term_string}"},"query-input":"required name=search_term_string"}],"inLanguage":"es"},{"@type":"Organization","@id":"https:\/\/www.celttv.com.ar\/#organization","name":"CELTTV","url":"https:\/\/www.celttv.com.ar\/","sameAs":["https:\/\/www.youtube.com\/channel\/UCz_oIt8Hig64Ub-EmcNPIhg","https:\/\/www.facebook.com\/celtTV\/"],"logo":{"@type":"ImageObject","inLanguage":"es","@id":"https:\/\/www.celttv.com.ar\/#\/schema\/logo\/image\/","url":"http:\/\/www.celttv.com.ar\/wp-content\/uploads\/2022\/08\/logo-1.png","contentUrl":"http:\/\/www.celttv.com.ar\/wp-content\/uploads\/2022\/08\/logo-1.png","width":461,"height":159,"caption":"CELTTV"},"image":{"@id":"https:\/\/www.celttv.com.ar\/#\/schema\/logo\/image\/"}},{"@type":"Person","@id":"https:\/\/www.celttv.com.ar\/#\/schema\/person\/6d99c072dba59953809c81446e9d0ace","name":"ulises","image":{"@type":"ImageObject","inLanguage":"es","@id":"https:\/\/www.celttv.com.ar\/#\/schema\/person\/image\/","url":"https:\/\/secure.gravatar.com\/avatar\/7f2c48bdc33b30088f941fb6082e555f2874c98e20cb159d7b92b50eadfce793?s=96&d=mm&r=g","contentUrl":"https:\/\/secure.gravatar.com\/avatar\/7f2c48bdc33b30088f941fb6082e555f2874c98e20cb159d7b92b50eadfce793?s=96&d=mm&r=g","caption":"ulises"},"sameAs":["http:\/\/www.celttv.com.ar"]}]}},"_links":{"self":[{"href":"https:\/\/www.celttv.com.ar\/index.php\/wp-json\/wp\/v2\/posts\/10425","targetHints":{"allow":["GET"]}}],"collection":[{"href":"https:\/\/www.celttv.com.ar\/index.php\/wp-json\/wp\/v2\/posts"}],"about":[{"href":"https:\/\/www.celttv.com.ar\/index.php\/wp-json\/wp\/v2\/types\/post"}],"author":[{"embeddable":true,"href":"https:\/\/www.celttv.com.ar\/index.php\/wp-json\/wp\/v2\/users\/1"}],"replies":[{"embeddable":true,"href":"https:\/\/www.celttv.com.ar\/index.php\/wp-json\/wp\/v2\/comments?post=10425"}],"version-history":[{"count":0,"href":"https:\/\/www.celttv.com.ar\/index.php\/wp-json\/wp\/v2\/posts\/10425\/revisions"}],"wp:attachment":[{"href":"https:\/\/www.celttv.com.ar\/index.php\/wp-json\/wp\/v2\/media?parent=10425"}],"wp:term":[{"taxonomy":"category","embeddable":true,"href":"https:\/\/www.celttv.com.ar\/index.php\/wp-json\/wp\/v2\/categories?post=10425"},{"taxonomy":"post_tag","embeddable":true,"href":"https:\/\/www.celttv.com.ar\/index.php\/wp-json\/wp\/v2\/tags?post=10425"}],"curies":[{"name":"wp","href":"https:\/\/api.w.org\/{rel}","templated":true}]}}