{"id":10435,"date":"2013-02-28T19:05:00","date_gmt":"2013-02-28T19:05:00","guid":{"rendered":"http:\/\/www.tvcnoticias.com.ar\/?p=10435"},"modified":"2013-02-28T19:05:00","modified_gmt":"2013-02-28T19:05:00","slug":"paro-docente-concurrida-asamblea-de-la-feb-en-tornquist-fotos-audio-y-video","status":"publish","type":"post","link":"https:\/\/www.celttv.com.ar\/index.php\/2013\/02\/28\/paro-docente-concurrida-asamblea-de-la-feb-en-tornquist-fotos-audio-y-video\/","title":{"rendered":"PARO DOCENTE: CONCURRIDA ASAMBLEA DE LA FEB. EN TORNQUIST (Fotos, audio y video)"},"content":{"rendered":"<p>\u00a0<br \/>\n<br \/>\n<a>httpv:\/\/www.youtube.com\/watch?v=KVix99YZLAU<\/a><br \/>\nEn el SUM del Barrio Sur m\u00e1s de 60 docentes de distintos puntos del distrito de Tornquist participaron de una concurrida asamblea convocada el pasado mi\u00e9rcoles por la FEB.<br \/>\nConcluido el amplio debate los asistentes a la asamblea decidieron elaborar un documento donde explican cuales son los motivos por los cuales adhieren al paro docente.<br \/>\nLos docentes enumeran en dicho documento los derechos por los cuales reclaman:<br \/>\nInfraestructura,<br \/>\nCobertura de los cargos docentes para completar la Planta Org\u00e1nica Funcional de las instituciones educativas,<br \/>\nInsumos para comedores escolares,<br \/>\nMantenimiento de patios y frentes,<br \/>\nEl corte del servicio de IOMA.,<br \/>\nTransporte Escolar,<br \/>\nUniversalizaci\u00f3n de asignaciones familiares,<br \/>\nEliminaci\u00f3n de la 4\u00ba categor\u00eda de AFIP.,<br \/>\nNo al aumento escalonado del 22%,<br \/>\nQue el aumento se aplique al b\u00e1sico<br \/>\nProvisi\u00f3n de documentaci\u00f3n para actos administrativos: libros de tema, registro de asistencia, boletines de calificaciones, materiales de trabajo (tizas, hojas&#8230;)<br \/>\nRecategorizaci\u00f3n por desfavorabilidad de escuelas rurales<br \/>\nReconocimiento del rol docente en su car\u00e1cter de educador y del tiempo extraescolar dedicado a la planificaci\u00f3n, elaboraci\u00f3n de informes, correcci\u00f3n, evaluaciones, reuniones de padres, etc.<br \/>\n&#8220;Porque nos interesa una educaci\u00f3n de calidad para sus hijos y los nuestros&#8221; concluye el comunicado emanado de la concurrida asamblea de la FEB.<\/p>\n","protected":false},"excerpt":{"rendered":"<p>\u00a0 httpv:\/\/www.youtube.com\/watch?v=KVix99YZLAU En el SUM del Barrio Sur m\u00e1s de 60 docentes de distintos puntos del distrito de Tornquist participaron de una concurrida asamblea convocada el pasado mi\u00e9rcoles por la FEB. Concluido el amplio debate los asistentes a la asamblea decidieron elaborar un documento donde explican cuales son los motivos por los cuales adhieren al [&hellip;]<\/p>\n","protected":false},"author":1,"featured_media":0,"comment_status":"closed","ping_status":"open","sticky":false,"template":"","format":"standard","meta":{"footnotes":""},"categories":[51,52],"tags":[],"class_list":["post-10435","post","type-post","status-publish","format-standard","hentry","category-comunidad","category-destacadas"],"yoast_head":"<!-- This site is optimized with the Yoast SEO plugin v19.7.1 - https:\/\/yoast.com\/wordpress\/plugins\/seo\/ -->\n<title>PARO DOCENTE: CONCURRIDA ASAMBLEA DE LA FEB. EN TORNQUIST (Fotos, audio y video) - CELTTV<\/title>\n<meta name=\"description\" content=\"Sitio web de noticias de la localidad de Tornquist, provincia de Buenos Aires, Rep\u00fablica Argentina. Contenido propio originado por periodistas de CELTTV, el canal de TV local de la Cooperativa El\u00e9ctrica de Tornquist. Turismo, Pol\u00edtica, Sociedad, Deporte, Cultura y todo el contenido de inter\u00e9s general que la gente del pueblo y la regi\u00f3n debe conocer.\" \/>\n<meta name=\"robots\" content=\"index, follow, max-snippet:-1, max-image-preview:large, max-video-preview:-1\" \/>\n<link rel=\"canonical\" href=\"https:\/\/www.celttv.com.ar\/index.php\/2013\/02\/28\/paro-docente-concurrida-asamblea-de-la-feb-en-tornquist-fotos-audio-y-video\/\" \/>\n<meta property=\"og:locale\" content=\"es_ES\" \/>\n<meta property=\"og:type\" content=\"article\" \/>\n<meta property=\"og:title\" content=\"PARO DOCENTE: CONCURRIDA ASAMBLEA DE LA FEB. EN TORNQUIST (Fotos, audio y video) - CELTTV\" \/>\n<meta property=\"og:description\" content=\"Sitio web de noticias de la localidad de Tornquist, provincia de Buenos Aires, Rep\u00fablica Argentina. Contenido propio originado por periodistas de CELTTV, el canal de TV local de la Cooperativa El\u00e9ctrica de Tornquist. Turismo, Pol\u00edtica, Sociedad, Deporte, Cultura y todo el contenido de inter\u00e9s general que la gente del pueblo y la regi\u00f3n debe conocer.\" \/>\n<meta property=\"og:url\" content=\"https:\/\/www.celttv.com.ar\/index.php\/2013\/02\/28\/paro-docente-concurrida-asamblea-de-la-feb-en-tornquist-fotos-audio-y-video\/\" \/>\n<meta property=\"og:site_name\" content=\"CELTTV\" \/>\n<meta property=\"article:publisher\" content=\"https:\/\/www.facebook.com\/celtTV\/\" \/>\n<meta property=\"article:published_time\" content=\"2013-02-28T19:05:00+00:00\" \/>\n<meta name=\"author\" content=\"ulises\" \/>\n<meta name=\"twitter:card\" content=\"summary_large_image\" \/>\n<meta name=\"twitter:label1\" content=\"Escrito por\" \/>\n\t<meta name=\"twitter:data1\" content=\"ulises\" \/>\n\t<meta name=\"twitter:label2\" content=\"Tiempo de lectura\" \/>\n\t<meta name=\"twitter:data2\" content=\"1 minuto\" \/>\n<script type=\"application\/ld+json\" class=\"yoast-schema-graph\">{\"@context\":\"https:\/\/schema.org\",\"@graph\":[{\"@type\":\"NewsArticle\",\"@id\":\"https:\/\/www.celttv.com.ar\/index.php\/2013\/02\/28\/paro-docente-concurrida-asamblea-de-la-feb-en-tornquist-fotos-audio-y-video\/#article\",\"isPartOf\":{\"@id\":\"https:\/\/www.celttv.com.ar\/index.php\/2013\/02\/28\/paro-docente-concurrida-asamblea-de-la-feb-en-tornquist-fotos-audio-y-video\/\"},\"author\":{\"name\":\"ulises\",\"@id\":\"https:\/\/www.celttv.com.ar\/#\/schema\/person\/6d99c072dba59953809c81446e9d0ace\"},\"headline\":\"PARO DOCENTE: CONCURRIDA ASAMBLEA DE LA FEB. EN TORNQUIST (Fotos, audio y video)\",\"datePublished\":\"2013-02-28T19:05:00+00:00\",\"dateModified\":\"2013-02-28T19:05:00+00:00\",\"mainEntityOfPage\":{\"@id\":\"https:\/\/www.celttv.com.ar\/index.php\/2013\/02\/28\/paro-docente-concurrida-asamblea-de-la-feb-en-tornquist-fotos-audio-y-video\/\"},\"wordCount\":237,\"publisher\":{\"@id\":\"https:\/\/www.celttv.com.ar\/#organization\"},\"articleSection\":[\"Comunidad\",\"Destacadas\"],\"inLanguage\":\"es\"},{\"@type\":\"WebPage\",\"@id\":\"https:\/\/www.celttv.com.ar\/index.php\/2013\/02\/28\/paro-docente-concurrida-asamblea-de-la-feb-en-tornquist-fotos-audio-y-video\/\",\"url\":\"https:\/\/www.celttv.com.ar\/index.php\/2013\/02\/28\/paro-docente-concurrida-asamblea-de-la-feb-en-tornquist-fotos-audio-y-video\/\",\"name\":\"PARO DOCENTE: CONCURRIDA ASAMBLEA DE LA FEB. EN TORNQUIST (Fotos, audio y video) - CELTTV\",\"isPartOf\":{\"@id\":\"https:\/\/www.celttv.com.ar\/#website\"},\"datePublished\":\"2013-02-28T19:05:00+00:00\",\"dateModified\":\"2013-02-28T19:05:00+00:00\",\"description\":\"Sitio web de noticias de la localidad de Tornquist, provincia de Buenos Aires, Rep\u00fablica Argentina. Contenido propio originado por periodistas de CELTTV, el canal de TV local de la Cooperativa El\u00e9ctrica de Tornquist. Turismo, Pol\u00edtica, Sociedad, Deporte, Cultura y todo el contenido de inter\u00e9s general que la gente del pueblo y la regi\u00f3n debe conocer.\",\"breadcrumb\":{\"@id\":\"https:\/\/www.celttv.com.ar\/index.php\/2013\/02\/28\/paro-docente-concurrida-asamblea-de-la-feb-en-tornquist-fotos-audio-y-video\/#breadcrumb\"},\"inLanguage\":\"es\",\"potentialAction\":[{\"@type\":\"ReadAction\",\"target\":[\"https:\/\/www.celttv.com.ar\/index.php\/2013\/02\/28\/paro-docente-concurrida-asamblea-de-la-feb-en-tornquist-fotos-audio-y-video\/\"]}]},{\"@type\":\"BreadcrumbList\",\"@id\":\"https:\/\/www.celttv.com.ar\/index.php\/2013\/02\/28\/paro-docente-concurrida-asamblea-de-la-feb-en-tornquist-fotos-audio-y-video\/#breadcrumb\",\"itemListElement\":[{\"@type\":\"ListItem\",\"position\":1,\"name\":\"Inicio\",\"item\":\"https:\/\/www.celttv.com.ar\/\"},{\"@type\":\"ListItem\",\"position\":2,\"name\":\"PARO DOCENTE: CONCURRIDA ASAMBLEA DE LA FEB. EN TORNQUIST (Fotos, audio y video)\"}]},{\"@type\":\"WebSite\",\"@id\":\"https:\/\/www.celttv.com.ar\/#website\",\"url\":\"https:\/\/www.celttv.com.ar\/\",\"name\":\"CELTTV\",\"description\":\"Cooperativa El\u00e9ctrica de Tornquist\",\"publisher\":{\"@id\":\"https:\/\/www.celttv.com.ar\/#organization\"},\"potentialAction\":[{\"@type\":\"SearchAction\",\"target\":{\"@type\":\"EntryPoint\",\"urlTemplate\":\"https:\/\/www.celttv.com.ar\/?s={search_term_string}\"},\"query-input\":\"required name=search_term_string\"}],\"inLanguage\":\"es\"},{\"@type\":\"Organization\",\"@id\":\"https:\/\/www.celttv.com.ar\/#organization\",\"name\":\"CELTTV\",\"url\":\"https:\/\/www.celttv.com.ar\/\",\"sameAs\":[\"https:\/\/www.youtube.com\/channel\/UCz_oIt8Hig64Ub-EmcNPIhg\",\"https:\/\/www.facebook.com\/celtTV\/\"],\"logo\":{\"@type\":\"ImageObject\",\"inLanguage\":\"es\",\"@id\":\"https:\/\/www.celttv.com.ar\/#\/schema\/logo\/image\/\",\"url\":\"http:\/\/www.celttv.com.ar\/wp-content\/uploads\/2022\/08\/logo-1.png\",\"contentUrl\":\"http:\/\/www.celttv.com.ar\/wp-content\/uploads\/2022\/08\/logo-1.png\",\"width\":461,\"height\":159,\"caption\":\"CELTTV\"},\"image\":{\"@id\":\"https:\/\/www.celttv.com.ar\/#\/schema\/logo\/image\/\"}},{\"@type\":\"Person\",\"@id\":\"https:\/\/www.celttv.com.ar\/#\/schema\/person\/6d99c072dba59953809c81446e9d0ace\",\"name\":\"ulises\",\"image\":{\"@type\":\"ImageObject\",\"inLanguage\":\"es\",\"@id\":\"https:\/\/www.celttv.com.ar\/#\/schema\/person\/image\/\",\"url\":\"https:\/\/secure.gravatar.com\/avatar\/7f2c48bdc33b30088f941fb6082e555f2874c98e20cb159d7b92b50eadfce793?s=96&d=mm&r=g\",\"contentUrl\":\"https:\/\/secure.gravatar.com\/avatar\/7f2c48bdc33b30088f941fb6082e555f2874c98e20cb159d7b92b50eadfce793?s=96&d=mm&r=g\",\"caption\":\"ulises\"},\"sameAs\":[\"http:\/\/www.celttv.com.ar\"]}]}<\/script>\n<!-- \/ Yoast SEO plugin. -->","yoast_head_json":{"title":"PARO DOCENTE: CONCURRIDA ASAMBLEA DE LA FEB. EN TORNQUIST (Fotos, audio y video) - CELTTV","description":"Sitio web de noticias de la localidad de Tornquist, provincia de Buenos Aires, Rep\u00fablica Argentina. Contenido propio originado por periodistas de CELTTV, el canal de TV local de la Cooperativa El\u00e9ctrica de Tornquist. Turismo, Pol\u00edtica, Sociedad, Deporte, Cultura y todo el contenido de inter\u00e9s general que la gente del pueblo y la regi\u00f3n debe conocer.","robots":{"index":"index","follow":"follow","max-snippet":"max-snippet:-1","max-image-preview":"max-image-preview:large","max-video-preview":"max-video-preview:-1"},"canonical":"https:\/\/www.celttv.com.ar\/index.php\/2013\/02\/28\/paro-docente-concurrida-asamblea-de-la-feb-en-tornquist-fotos-audio-y-video\/","og_locale":"es_ES","og_type":"article","og_title":"PARO DOCENTE: CONCURRIDA ASAMBLEA DE LA FEB. EN TORNQUIST (Fotos, audio y video) - CELTTV","og_description":"Sitio web de noticias de la localidad de Tornquist, provincia de Buenos Aires, Rep\u00fablica Argentina. Contenido propio originado por periodistas de CELTTV, el canal de TV local de la Cooperativa El\u00e9ctrica de Tornquist. Turismo, Pol\u00edtica, Sociedad, Deporte, Cultura y todo el contenido de inter\u00e9s general que la gente del pueblo y la regi\u00f3n debe conocer.","og_url":"https:\/\/www.celttv.com.ar\/index.php\/2013\/02\/28\/paro-docente-concurrida-asamblea-de-la-feb-en-tornquist-fotos-audio-y-video\/","og_site_name":"CELTTV","article_publisher":"https:\/\/www.facebook.com\/celtTV\/","article_published_time":"2013-02-28T19:05:00+00:00","author":"ulises","twitter_card":"summary_large_image","twitter_misc":{"Escrito por":"ulises","Tiempo de lectura":"1 minuto"},"schema":{"@context":"https:\/\/schema.org","@graph":[{"@type":"NewsArticle","@id":"https:\/\/www.celttv.com.ar\/index.php\/2013\/02\/28\/paro-docente-concurrida-asamblea-de-la-feb-en-tornquist-fotos-audio-y-video\/#article","isPartOf":{"@id":"https:\/\/www.celttv.com.ar\/index.php\/2013\/02\/28\/paro-docente-concurrida-asamblea-de-la-feb-en-tornquist-fotos-audio-y-video\/"},"author":{"name":"ulises","@id":"https:\/\/www.celttv.com.ar\/#\/schema\/person\/6d99c072dba59953809c81446e9d0ace"},"headline":"PARO DOCENTE: CONCURRIDA ASAMBLEA DE LA FEB. EN TORNQUIST (Fotos, audio y video)","datePublished":"2013-02-28T19:05:00+00:00","dateModified":"2013-02-28T19:05:00+00:00","mainEntityOfPage":{"@id":"https:\/\/www.celttv.com.ar\/index.php\/2013\/02\/28\/paro-docente-concurrida-asamblea-de-la-feb-en-tornquist-fotos-audio-y-video\/"},"wordCount":237,"publisher":{"@id":"https:\/\/www.celttv.com.ar\/#organization"},"articleSection":["Comunidad","Destacadas"],"inLanguage":"es"},{"@type":"WebPage","@id":"https:\/\/www.celttv.com.ar\/index.php\/2013\/02\/28\/paro-docente-concurrida-asamblea-de-la-feb-en-tornquist-fotos-audio-y-video\/","url":"https:\/\/www.celttv.com.ar\/index.php\/2013\/02\/28\/paro-docente-concurrida-asamblea-de-la-feb-en-tornquist-fotos-audio-y-video\/","name":"PARO DOCENTE: CONCURRIDA ASAMBLEA DE LA FEB. EN TORNQUIST (Fotos, audio y video) - CELTTV","isPartOf":{"@id":"https:\/\/www.celttv.com.ar\/#website"},"datePublished":"2013-02-28T19:05:00+00:00","dateModified":"2013-02-28T19:05:00+00:00","description":"Sitio web de noticias de la localidad de Tornquist, provincia de Buenos Aires, Rep\u00fablica Argentina. Contenido propio originado por periodistas de CELTTV, el canal de TV local de la Cooperativa El\u00e9ctrica de Tornquist. Turismo, Pol\u00edtica, Sociedad, Deporte, Cultura y todo el contenido de inter\u00e9s general que la gente del pueblo y la regi\u00f3n debe conocer.","breadcrumb":{"@id":"https:\/\/www.celttv.com.ar\/index.php\/2013\/02\/28\/paro-docente-concurrida-asamblea-de-la-feb-en-tornquist-fotos-audio-y-video\/#breadcrumb"},"inLanguage":"es","potentialAction":[{"@type":"ReadAction","target":["https:\/\/www.celttv.com.ar\/index.php\/2013\/02\/28\/paro-docente-concurrida-asamblea-de-la-feb-en-tornquist-fotos-audio-y-video\/"]}]},{"@type":"BreadcrumbList","@id":"https:\/\/www.celttv.com.ar\/index.php\/2013\/02\/28\/paro-docente-concurrida-asamblea-de-la-feb-en-tornquist-fotos-audio-y-video\/#breadcrumb","itemListElement":[{"@type":"ListItem","position":1,"name":"Inicio","item":"https:\/\/www.celttv.com.ar\/"},{"@type":"ListItem","position":2,"name":"PARO DOCENTE: CONCURRIDA ASAMBLEA DE LA FEB. EN TORNQUIST (Fotos, audio y video)"}]},{"@type":"WebSite","@id":"https:\/\/www.celttv.com.ar\/#website","url":"https:\/\/www.celttv.com.ar\/","name":"CELTTV","description":"Cooperativa El\u00e9ctrica de Tornquist","publisher":{"@id":"https:\/\/www.celttv.com.ar\/#organization"},"potentialAction":[{"@type":"SearchAction","target":{"@type":"EntryPoint","urlTemplate":"https:\/\/www.celttv.com.ar\/?s={search_term_string}"},"query-input":"required name=search_term_string"}],"inLanguage":"es"},{"@type":"Organization","@id":"https:\/\/www.celttv.com.ar\/#organization","name":"CELTTV","url":"https:\/\/www.celttv.com.ar\/","sameAs":["https:\/\/www.youtube.com\/channel\/UCz_oIt8Hig64Ub-EmcNPIhg","https:\/\/www.facebook.com\/celtTV\/"],"logo":{"@type":"ImageObject","inLanguage":"es","@id":"https:\/\/www.celttv.com.ar\/#\/schema\/logo\/image\/","url":"http:\/\/www.celttv.com.ar\/wp-content\/uploads\/2022\/08\/logo-1.png","contentUrl":"http:\/\/www.celttv.com.ar\/wp-content\/uploads\/2022\/08\/logo-1.png","width":461,"height":159,"caption":"CELTTV"},"image":{"@id":"https:\/\/www.celttv.com.ar\/#\/schema\/logo\/image\/"}},{"@type":"Person","@id":"https:\/\/www.celttv.com.ar\/#\/schema\/person\/6d99c072dba59953809c81446e9d0ace","name":"ulises","image":{"@type":"ImageObject","inLanguage":"es","@id":"https:\/\/www.celttv.com.ar\/#\/schema\/person\/image\/","url":"https:\/\/secure.gravatar.com\/avatar\/7f2c48bdc33b30088f941fb6082e555f2874c98e20cb159d7b92b50eadfce793?s=96&d=mm&r=g","contentUrl":"https:\/\/secure.gravatar.com\/avatar\/7f2c48bdc33b30088f941fb6082e555f2874c98e20cb159d7b92b50eadfce793?s=96&d=mm&r=g","caption":"ulises"},"sameAs":["http:\/\/www.celttv.com.ar"]}]}},"_links":{"self":[{"href":"https:\/\/www.celttv.com.ar\/index.php\/wp-json\/wp\/v2\/posts\/10435","targetHints":{"allow":["GET"]}}],"collection":[{"href":"https:\/\/www.celttv.com.ar\/index.php\/wp-json\/wp\/v2\/posts"}],"about":[{"href":"https:\/\/www.celttv.com.ar\/index.php\/wp-json\/wp\/v2\/types\/post"}],"author":[{"embeddable":true,"href":"https:\/\/www.celttv.com.ar\/index.php\/wp-json\/wp\/v2\/users\/1"}],"replies":[{"embeddable":true,"href":"https:\/\/www.celttv.com.ar\/index.php\/wp-json\/wp\/v2\/comments?post=10435"}],"version-history":[{"count":0,"href":"https:\/\/www.celttv.com.ar\/index.php\/wp-json\/wp\/v2\/posts\/10435\/revisions"}],"wp:attachment":[{"href":"https:\/\/www.celttv.com.ar\/index.php\/wp-json\/wp\/v2\/media?parent=10435"}],"wp:term":[{"taxonomy":"category","embeddable":true,"href":"https:\/\/www.celttv.com.ar\/index.php\/wp-json\/wp\/v2\/categories?post=10435"},{"taxonomy":"post_tag","embeddable":true,"href":"https:\/\/www.celttv.com.ar\/index.php\/wp-json\/wp\/v2\/tags?post=10435"}],"curies":[{"name":"wp","href":"https:\/\/api.w.org\/{rel}","templated":true}]}}