{"id":10468,"date":"2013-03-01T18:51:43","date_gmt":"2013-03-01T18:51:43","guid":{"rendered":"http:\/\/www.tvcnoticias.com.ar\/?p=10468"},"modified":"2013-03-01T18:51:43","modified_gmt":"2013-03-01T18:51:43","slug":"autoridades-municipales-y-entidades-evaluan-la-situacion-del-sector-agropecuario-en-la-localidad-de-cabildo","status":"publish","type":"post","link":"https:\/\/www.celttv.com.ar\/index.php\/2013\/03\/01\/autoridades-municipales-y-entidades-evaluan-la-situacion-del-sector-agropecuario-en-la-localidad-de-cabildo\/","title":{"rendered":"Autoridades municipales y entidades eval\u00faan la situaci\u00f3n del sector agropecuario en la localidad de Cabildo"},"content":{"rendered":"<p><br \/>\nEl Secretario de Producci\u00f3n y Medio Ambiente, Ricardo Valentini junto a personal de la mencionada secretar\u00eda, participaron el mi\u00e9rcoles 27 de una reuni\u00f3n convocada por integrantes de la Cooperativa Sombra de Toro\u00a0<strong>que tienen explotaciones<\/strong><strong> <\/strong><strong>\u00a0en el distrito de Tornquist.<\/strong><br \/>\nEl motivo principal del encuentro fue abordar la cr\u00edtica situaci\u00f3n en la que nuevamente est\u00e1 inmerso<strong>\u00a0<\/strong><strong>la mayor\u00eda \u00a0partido<\/strong> producto de las condiciones clim\u00e1ticas <strong>reinantes<\/strong><strong>.<\/strong><strong><\/strong><br \/>\nTambi\u00e9n\u00a0<strong>participaron del encuentro<\/strong> el Ing. Agr. Federico S. Labarthe (INTA &#8211; <strong>Tornquist<\/strong><strong> <\/strong>), Ing. Agr. C\u00e1rdenas Ponciano (MAA) y Gustavo Crucciani (Coop. Rural de Tornquist).<br \/>\nDurante el encuentro se determinaron los pasos a seguir, ya que las adversas condiciones clim\u00e1ticas\u00a0de estos 2 meses del a\u00f1o 2013 han diezmado\u00a0 <strong>la mayor\u00eda<\/strong> de los cultivos de verano, y consecuentemente con\u00a0 esta <strong>situaci\u00f3n<\/strong> se han realizado muy pocos barbechos para la siembra de verdeos o cereales invernales.<br \/>\nAnte este panorama los productores,<strong> <\/strong><strong>de continuar la sequia<\/strong>, \u00a0 plantearon la necesidad de una\u00a0 nueva pr\u00f3rroga del estado de emergencia, con posibilidad de desastre agropecuario, \u00a0para el Distrito de Tornquist.<br \/>\nEs importante destacar que la Asociaci\u00f3n Rural de Tornquist formul\u00f3 conceptos similares a los tratados en la reuni\u00f3n.<br \/>\nPor lo expuesto, \u00a0la Secretaria de Producci\u00f3n y MA, en conjunto con el INTA\u00a0 prev\u00e9n desarrollar un fondo\u00a0 rotatorio para la implantaci\u00f3n de verdeos de invierno,\u00a0 y \u00a0una asistencia para aquellos productores que desean terminar animales y\u00a0 requieran de suplementos. \u00a0Adem\u00e1s se evalu\u00f3 la posibilidad de refinanciaci\u00f3n, \u00a0a valor carne, para los aquellos productores que accedieron a fondos rotatorios ganaderos realizados con capitales\u00a0 provistos por el Ministerio de Agricultura y Ganader\u00eda de la Naci\u00f3n, \u00a0\u00a0y\u00a0 que no adeudan compromisos anteriores al 2011-.<br \/>\nEl Secretario de Producci\u00f3n y Medio Ambiente, Ricardo Valentini lament\u00f3 el deterioro que sufri\u00f3 uno de los recientes\u00a0 programas implementado desde por la cartera a su cargo destinado a la siembra de sorgo\u00a0 gran\u00edfero y forrajero. \u201cLos cultivos hasta mediados del mes de enero se\u00a0 presentaban con una evoluci\u00f3n muy aceptable, a partir de ese momento y con un febrero con altas temperaturas, vientos y una media de solo 2 mm de lluvia <strong>para el distrito<\/strong>,\u00a0 a puesto a estos sembrados, o otros como girasoles\u00a0en una situaci\u00f3n cr\u00edtica\u201d, expres\u00f3 Valentini.<br \/>\nDurante el encuentro tambi\u00e9n se abord\u00f3 el reval\u00fao inmobiliario rural provincial y su \u00a0impacto sobre la actividad para esta regi\u00f3n de la Provincia de Buenos Aires.<\/p>\n","protected":false},"excerpt":{"rendered":"<p>El Secretario de Producci\u00f3n y Medio Ambiente, Ricardo Valentini junto a personal de la mencionada secretar\u00eda, participaron el mi\u00e9rcoles 27 de una reuni\u00f3n convocada por integrantes de la Cooperativa Sombra de Toro\u00a0que tienen explotaciones \u00a0en el distrito de Tornquist. El motivo principal del encuentro fue abordar la cr\u00edtica situaci\u00f3n en la que nuevamente est\u00e1 inmerso\u00a0la [&hellip;]<\/p>\n","protected":false},"author":1,"featured_media":0,"comment_status":"closed","ping_status":"open","sticky":false,"template":"","format":"standard","meta":{"footnotes":""},"categories":[51,52,53],"tags":[],"class_list":["post-10468","post","type-post","status-publish","format-standard","hentry","category-comunidad","category-destacadas","category-politica"],"yoast_head":"<!-- This site is optimized with the Yoast SEO plugin v19.7.1 - https:\/\/yoast.com\/wordpress\/plugins\/seo\/ -->\n<title>Autoridades municipales y entidades eval\u00faan la situaci\u00f3n del sector agropecuario en la localidad de Cabildo - CELTTV<\/title>\n<meta name=\"description\" content=\"Sitio web de noticias de la localidad de Tornquist, provincia de Buenos Aires, Rep\u00fablica Argentina. Contenido propio originado por periodistas de CELTTV, el canal de TV local de la Cooperativa El\u00e9ctrica de Tornquist. Turismo, Pol\u00edtica, Sociedad, Deporte, Cultura y todo el contenido de inter\u00e9s general que la gente del pueblo y la regi\u00f3n debe conocer.\" \/>\n<meta name=\"robots\" content=\"index, follow, max-snippet:-1, max-image-preview:large, max-video-preview:-1\" \/>\n<link rel=\"canonical\" href=\"https:\/\/www.celttv.com.ar\/index.php\/2013\/03\/01\/autoridades-municipales-y-entidades-evaluan-la-situacion-del-sector-agropecuario-en-la-localidad-de-cabildo\/\" \/>\n<meta property=\"og:locale\" content=\"es_ES\" \/>\n<meta property=\"og:type\" content=\"article\" \/>\n<meta property=\"og:title\" content=\"Autoridades municipales y entidades eval\u00faan la situaci\u00f3n del sector agropecuario en la localidad de Cabildo - CELTTV\" \/>\n<meta property=\"og:description\" content=\"Sitio web de noticias de la localidad de Tornquist, provincia de Buenos Aires, Rep\u00fablica Argentina. Contenido propio originado por periodistas de CELTTV, el canal de TV local de la Cooperativa El\u00e9ctrica de Tornquist. Turismo, Pol\u00edtica, Sociedad, Deporte, Cultura y todo el contenido de inter\u00e9s general que la gente del pueblo y la regi\u00f3n debe conocer.\" \/>\n<meta property=\"og:url\" content=\"https:\/\/www.celttv.com.ar\/index.php\/2013\/03\/01\/autoridades-municipales-y-entidades-evaluan-la-situacion-del-sector-agropecuario-en-la-localidad-de-cabildo\/\" \/>\n<meta property=\"og:site_name\" content=\"CELTTV\" \/>\n<meta property=\"article:publisher\" content=\"https:\/\/www.facebook.com\/celtTV\/\" \/>\n<meta property=\"article:published_time\" content=\"2013-03-01T18:51:43+00:00\" \/>\n<meta name=\"author\" content=\"ulises\" \/>\n<meta name=\"twitter:card\" content=\"summary_large_image\" \/>\n<meta name=\"twitter:label1\" content=\"Escrito por\" \/>\n\t<meta name=\"twitter:data1\" content=\"ulises\" \/>\n\t<meta name=\"twitter:label2\" content=\"Tiempo de lectura\" \/>\n\t<meta name=\"twitter:data2\" content=\"2 minutos\" \/>\n<script type=\"application\/ld+json\" class=\"yoast-schema-graph\">{\"@context\":\"https:\/\/schema.org\",\"@graph\":[{\"@type\":\"NewsArticle\",\"@id\":\"https:\/\/www.celttv.com.ar\/index.php\/2013\/03\/01\/autoridades-municipales-y-entidades-evaluan-la-situacion-del-sector-agropecuario-en-la-localidad-de-cabildo\/#article\",\"isPartOf\":{\"@id\":\"https:\/\/www.celttv.com.ar\/index.php\/2013\/03\/01\/autoridades-municipales-y-entidades-evaluan-la-situacion-del-sector-agropecuario-en-la-localidad-de-cabildo\/\"},\"author\":{\"name\":\"ulises\",\"@id\":\"https:\/\/www.celttv.com.ar\/#\/schema\/person\/6d99c072dba59953809c81446e9d0ace\"},\"headline\":\"Autoridades municipales y entidades eval\u00faan la situaci\u00f3n del sector agropecuario en la localidad de Cabildo\",\"datePublished\":\"2013-03-01T18:51:43+00:00\",\"dateModified\":\"2013-03-01T18:51:43+00:00\",\"mainEntityOfPage\":{\"@id\":\"https:\/\/www.celttv.com.ar\/index.php\/2013\/03\/01\/autoridades-municipales-y-entidades-evaluan-la-situacion-del-sector-agropecuario-en-la-localidad-de-cabildo\/\"},\"wordCount\":436,\"publisher\":{\"@id\":\"https:\/\/www.celttv.com.ar\/#organization\"},\"articleSection\":[\"Comunidad\",\"Destacadas\",\"Pol\u00edtica\"],\"inLanguage\":\"es\"},{\"@type\":\"WebPage\",\"@id\":\"https:\/\/www.celttv.com.ar\/index.php\/2013\/03\/01\/autoridades-municipales-y-entidades-evaluan-la-situacion-del-sector-agropecuario-en-la-localidad-de-cabildo\/\",\"url\":\"https:\/\/www.celttv.com.ar\/index.php\/2013\/03\/01\/autoridades-municipales-y-entidades-evaluan-la-situacion-del-sector-agropecuario-en-la-localidad-de-cabildo\/\",\"name\":\"Autoridades municipales y entidades eval\u00faan la situaci\u00f3n del sector agropecuario en la localidad de Cabildo - CELTTV\",\"isPartOf\":{\"@id\":\"https:\/\/www.celttv.com.ar\/#website\"},\"datePublished\":\"2013-03-01T18:51:43+00:00\",\"dateModified\":\"2013-03-01T18:51:43+00:00\",\"description\":\"Sitio web de noticias de la localidad de Tornquist, provincia de Buenos Aires, Rep\u00fablica Argentina. Contenido propio originado por periodistas de CELTTV, el canal de TV local de la Cooperativa El\u00e9ctrica de Tornquist. Turismo, Pol\u00edtica, Sociedad, Deporte, Cultura y todo el contenido de inter\u00e9s general que la gente del pueblo y la regi\u00f3n debe conocer.\",\"breadcrumb\":{\"@id\":\"https:\/\/www.celttv.com.ar\/index.php\/2013\/03\/01\/autoridades-municipales-y-entidades-evaluan-la-situacion-del-sector-agropecuario-en-la-localidad-de-cabildo\/#breadcrumb\"},\"inLanguage\":\"es\",\"potentialAction\":[{\"@type\":\"ReadAction\",\"target\":[\"https:\/\/www.celttv.com.ar\/index.php\/2013\/03\/01\/autoridades-municipales-y-entidades-evaluan-la-situacion-del-sector-agropecuario-en-la-localidad-de-cabildo\/\"]}]},{\"@type\":\"BreadcrumbList\",\"@id\":\"https:\/\/www.celttv.com.ar\/index.php\/2013\/03\/01\/autoridades-municipales-y-entidades-evaluan-la-situacion-del-sector-agropecuario-en-la-localidad-de-cabildo\/#breadcrumb\",\"itemListElement\":[{\"@type\":\"ListItem\",\"position\":1,\"name\":\"Inicio\",\"item\":\"https:\/\/www.celttv.com.ar\/\"},{\"@type\":\"ListItem\",\"position\":2,\"name\":\"Autoridades municipales y entidades eval\u00faan la situaci\u00f3n del sector agropecuario en la localidad de Cabildo\"}]},{\"@type\":\"WebSite\",\"@id\":\"https:\/\/www.celttv.com.ar\/#website\",\"url\":\"https:\/\/www.celttv.com.ar\/\",\"name\":\"CELTTV\",\"description\":\"Cooperativa El\u00e9ctrica de Tornquist\",\"publisher\":{\"@id\":\"https:\/\/www.celttv.com.ar\/#organization\"},\"potentialAction\":[{\"@type\":\"SearchAction\",\"target\":{\"@type\":\"EntryPoint\",\"urlTemplate\":\"https:\/\/www.celttv.com.ar\/?s={search_term_string}\"},\"query-input\":\"required name=search_term_string\"}],\"inLanguage\":\"es\"},{\"@type\":\"Organization\",\"@id\":\"https:\/\/www.celttv.com.ar\/#organization\",\"name\":\"CELTTV\",\"url\":\"https:\/\/www.celttv.com.ar\/\",\"sameAs\":[\"https:\/\/www.youtube.com\/channel\/UCz_oIt8Hig64Ub-EmcNPIhg\",\"https:\/\/www.facebook.com\/celtTV\/\"],\"logo\":{\"@type\":\"ImageObject\",\"inLanguage\":\"es\",\"@id\":\"https:\/\/www.celttv.com.ar\/#\/schema\/logo\/image\/\",\"url\":\"http:\/\/www.celttv.com.ar\/wp-content\/uploads\/2022\/08\/logo-1.png\",\"contentUrl\":\"http:\/\/www.celttv.com.ar\/wp-content\/uploads\/2022\/08\/logo-1.png\",\"width\":461,\"height\":159,\"caption\":\"CELTTV\"},\"image\":{\"@id\":\"https:\/\/www.celttv.com.ar\/#\/schema\/logo\/image\/\"}},{\"@type\":\"Person\",\"@id\":\"https:\/\/www.celttv.com.ar\/#\/schema\/person\/6d99c072dba59953809c81446e9d0ace\",\"name\":\"ulises\",\"image\":{\"@type\":\"ImageObject\",\"inLanguage\":\"es\",\"@id\":\"https:\/\/www.celttv.com.ar\/#\/schema\/person\/image\/\",\"url\":\"https:\/\/secure.gravatar.com\/avatar\/7f2c48bdc33b30088f941fb6082e555f2874c98e20cb159d7b92b50eadfce793?s=96&d=mm&r=g\",\"contentUrl\":\"https:\/\/secure.gravatar.com\/avatar\/7f2c48bdc33b30088f941fb6082e555f2874c98e20cb159d7b92b50eadfce793?s=96&d=mm&r=g\",\"caption\":\"ulises\"},\"sameAs\":[\"http:\/\/www.celttv.com.ar\"]}]}<\/script>\n<!-- \/ Yoast SEO plugin. -->","yoast_head_json":{"title":"Autoridades municipales y entidades eval\u00faan la situaci\u00f3n del sector agropecuario en la localidad de Cabildo - CELTTV","description":"Sitio web de noticias de la localidad de Tornquist, provincia de Buenos Aires, Rep\u00fablica Argentina. Contenido propio originado por periodistas de CELTTV, el canal de TV local de la Cooperativa El\u00e9ctrica de Tornquist. Turismo, Pol\u00edtica, Sociedad, Deporte, Cultura y todo el contenido de inter\u00e9s general que la gente del pueblo y la regi\u00f3n debe conocer.","robots":{"index":"index","follow":"follow","max-snippet":"max-snippet:-1","max-image-preview":"max-image-preview:large","max-video-preview":"max-video-preview:-1"},"canonical":"https:\/\/www.celttv.com.ar\/index.php\/2013\/03\/01\/autoridades-municipales-y-entidades-evaluan-la-situacion-del-sector-agropecuario-en-la-localidad-de-cabildo\/","og_locale":"es_ES","og_type":"article","og_title":"Autoridades municipales y entidades eval\u00faan la situaci\u00f3n del sector agropecuario en la localidad de Cabildo - CELTTV","og_description":"Sitio web de noticias de la localidad de Tornquist, provincia de Buenos Aires, Rep\u00fablica Argentina. Contenido propio originado por periodistas de CELTTV, el canal de TV local de la Cooperativa El\u00e9ctrica de Tornquist. Turismo, Pol\u00edtica, Sociedad, Deporte, Cultura y todo el contenido de inter\u00e9s general que la gente del pueblo y la regi\u00f3n debe conocer.","og_url":"https:\/\/www.celttv.com.ar\/index.php\/2013\/03\/01\/autoridades-municipales-y-entidades-evaluan-la-situacion-del-sector-agropecuario-en-la-localidad-de-cabildo\/","og_site_name":"CELTTV","article_publisher":"https:\/\/www.facebook.com\/celtTV\/","article_published_time":"2013-03-01T18:51:43+00:00","author":"ulises","twitter_card":"summary_large_image","twitter_misc":{"Escrito por":"ulises","Tiempo de lectura":"2 minutos"},"schema":{"@context":"https:\/\/schema.org","@graph":[{"@type":"NewsArticle","@id":"https:\/\/www.celttv.com.ar\/index.php\/2013\/03\/01\/autoridades-municipales-y-entidades-evaluan-la-situacion-del-sector-agropecuario-en-la-localidad-de-cabildo\/#article","isPartOf":{"@id":"https:\/\/www.celttv.com.ar\/index.php\/2013\/03\/01\/autoridades-municipales-y-entidades-evaluan-la-situacion-del-sector-agropecuario-en-la-localidad-de-cabildo\/"},"author":{"name":"ulises","@id":"https:\/\/www.celttv.com.ar\/#\/schema\/person\/6d99c072dba59953809c81446e9d0ace"},"headline":"Autoridades municipales y entidades eval\u00faan la situaci\u00f3n del sector agropecuario en la localidad de Cabildo","datePublished":"2013-03-01T18:51:43+00:00","dateModified":"2013-03-01T18:51:43+00:00","mainEntityOfPage":{"@id":"https:\/\/www.celttv.com.ar\/index.php\/2013\/03\/01\/autoridades-municipales-y-entidades-evaluan-la-situacion-del-sector-agropecuario-en-la-localidad-de-cabildo\/"},"wordCount":436,"publisher":{"@id":"https:\/\/www.celttv.com.ar\/#organization"},"articleSection":["Comunidad","Destacadas","Pol\u00edtica"],"inLanguage":"es"},{"@type":"WebPage","@id":"https:\/\/www.celttv.com.ar\/index.php\/2013\/03\/01\/autoridades-municipales-y-entidades-evaluan-la-situacion-del-sector-agropecuario-en-la-localidad-de-cabildo\/","url":"https:\/\/www.celttv.com.ar\/index.php\/2013\/03\/01\/autoridades-municipales-y-entidades-evaluan-la-situacion-del-sector-agropecuario-en-la-localidad-de-cabildo\/","name":"Autoridades municipales y entidades eval\u00faan la situaci\u00f3n del sector agropecuario en la localidad de Cabildo - CELTTV","isPartOf":{"@id":"https:\/\/www.celttv.com.ar\/#website"},"datePublished":"2013-03-01T18:51:43+00:00","dateModified":"2013-03-01T18:51:43+00:00","description":"Sitio web de noticias de la localidad de Tornquist, provincia de Buenos Aires, Rep\u00fablica Argentina. Contenido propio originado por periodistas de CELTTV, el canal de TV local de la Cooperativa El\u00e9ctrica de Tornquist. Turismo, Pol\u00edtica, Sociedad, Deporte, Cultura y todo el contenido de inter\u00e9s general que la gente del pueblo y la regi\u00f3n debe conocer.","breadcrumb":{"@id":"https:\/\/www.celttv.com.ar\/index.php\/2013\/03\/01\/autoridades-municipales-y-entidades-evaluan-la-situacion-del-sector-agropecuario-en-la-localidad-de-cabildo\/#breadcrumb"},"inLanguage":"es","potentialAction":[{"@type":"ReadAction","target":["https:\/\/www.celttv.com.ar\/index.php\/2013\/03\/01\/autoridades-municipales-y-entidades-evaluan-la-situacion-del-sector-agropecuario-en-la-localidad-de-cabildo\/"]}]},{"@type":"BreadcrumbList","@id":"https:\/\/www.celttv.com.ar\/index.php\/2013\/03\/01\/autoridades-municipales-y-entidades-evaluan-la-situacion-del-sector-agropecuario-en-la-localidad-de-cabildo\/#breadcrumb","itemListElement":[{"@type":"ListItem","position":1,"name":"Inicio","item":"https:\/\/www.celttv.com.ar\/"},{"@type":"ListItem","position":2,"name":"Autoridades municipales y entidades eval\u00faan la situaci\u00f3n del sector agropecuario en la localidad de Cabildo"}]},{"@type":"WebSite","@id":"https:\/\/www.celttv.com.ar\/#website","url":"https:\/\/www.celttv.com.ar\/","name":"CELTTV","description":"Cooperativa El\u00e9ctrica de Tornquist","publisher":{"@id":"https:\/\/www.celttv.com.ar\/#organization"},"potentialAction":[{"@type":"SearchAction","target":{"@type":"EntryPoint","urlTemplate":"https:\/\/www.celttv.com.ar\/?s={search_term_string}"},"query-input":"required name=search_term_string"}],"inLanguage":"es"},{"@type":"Organization","@id":"https:\/\/www.celttv.com.ar\/#organization","name":"CELTTV","url":"https:\/\/www.celttv.com.ar\/","sameAs":["https:\/\/www.youtube.com\/channel\/UCz_oIt8Hig64Ub-EmcNPIhg","https:\/\/www.facebook.com\/celtTV\/"],"logo":{"@type":"ImageObject","inLanguage":"es","@id":"https:\/\/www.celttv.com.ar\/#\/schema\/logo\/image\/","url":"http:\/\/www.celttv.com.ar\/wp-content\/uploads\/2022\/08\/logo-1.png","contentUrl":"http:\/\/www.celttv.com.ar\/wp-content\/uploads\/2022\/08\/logo-1.png","width":461,"height":159,"caption":"CELTTV"},"image":{"@id":"https:\/\/www.celttv.com.ar\/#\/schema\/logo\/image\/"}},{"@type":"Person","@id":"https:\/\/www.celttv.com.ar\/#\/schema\/person\/6d99c072dba59953809c81446e9d0ace","name":"ulises","image":{"@type":"ImageObject","inLanguage":"es","@id":"https:\/\/www.celttv.com.ar\/#\/schema\/person\/image\/","url":"https:\/\/secure.gravatar.com\/avatar\/7f2c48bdc33b30088f941fb6082e555f2874c98e20cb159d7b92b50eadfce793?s=96&d=mm&r=g","contentUrl":"https:\/\/secure.gravatar.com\/avatar\/7f2c48bdc33b30088f941fb6082e555f2874c98e20cb159d7b92b50eadfce793?s=96&d=mm&r=g","caption":"ulises"},"sameAs":["http:\/\/www.celttv.com.ar"]}]}},"_links":{"self":[{"href":"https:\/\/www.celttv.com.ar\/index.php\/wp-json\/wp\/v2\/posts\/10468","targetHints":{"allow":["GET"]}}],"collection":[{"href":"https:\/\/www.celttv.com.ar\/index.php\/wp-json\/wp\/v2\/posts"}],"about":[{"href":"https:\/\/www.celttv.com.ar\/index.php\/wp-json\/wp\/v2\/types\/post"}],"author":[{"embeddable":true,"href":"https:\/\/www.celttv.com.ar\/index.php\/wp-json\/wp\/v2\/users\/1"}],"replies":[{"embeddable":true,"href":"https:\/\/www.celttv.com.ar\/index.php\/wp-json\/wp\/v2\/comments?post=10468"}],"version-history":[{"count":0,"href":"https:\/\/www.celttv.com.ar\/index.php\/wp-json\/wp\/v2\/posts\/10468\/revisions"}],"wp:attachment":[{"href":"https:\/\/www.celttv.com.ar\/index.php\/wp-json\/wp\/v2\/media?parent=10468"}],"wp:term":[{"taxonomy":"category","embeddable":true,"href":"https:\/\/www.celttv.com.ar\/index.php\/wp-json\/wp\/v2\/categories?post=10468"},{"taxonomy":"post_tag","embeddable":true,"href":"https:\/\/www.celttv.com.ar\/index.php\/wp-json\/wp\/v2\/tags?post=10468"}],"curies":[{"name":"wp","href":"https:\/\/api.w.org\/{rel}","templated":true}]}}