{"id":10522,"date":"2013-03-05T19:18:07","date_gmt":"2013-03-05T19:18:07","guid":{"rendered":"http:\/\/www.tvcnoticias.com.ar\/?p=10522"},"modified":"2013-03-05T19:18:07","modified_gmt":"2013-03-05T19:18:07","slug":"sesion-extraordinaria-del-hcd-la-polemica-por-los-dichos-de-la-dra-gomez-opinan-skolak-bordoni-buitrago-y-martinez","status":"publish","type":"post","link":"https:\/\/www.celttv.com.ar\/index.php\/2013\/03\/05\/sesion-extraordinaria-del-hcd-la-polemica-por-los-dichos-de-la-dra-gomez-opinan-skolak-bordoni-buitrago-y-martinez\/","title":{"rendered":"SESION EXTRAORDINARIA DEL HCD.: LA POLEMICA POR LOS DICHOS DE LA Dra. GOMEZ (opinan Skolak, Bordoni, Buitrago y Martinez)"},"content":{"rendered":"<p>httpv:\/\/www.youtube.com\/watch?v=RFrvWV9Y0Kw<br \/>\n<a>httpv:\/\/www.youtube.com\/watch?v=rKOsBWYIdcY<\/a><br \/>\nINFORME SESI\u00d3N EXTRAORDINARIA DE FECHA 27 DE FEBRERO DE 2013<br \/>\nAproximadamente a las 20 hs. del d\u00eda mi\u00e9rcoles 27 de febrero, \u00a0dio comienzo la Sesi\u00f3n Extraordinaria convocada seg\u00fan Decreto N\u00ba 06\/13.<br \/>\nPrevio a esta Sesi\u00f3n, los Sres. Concejales se reunieron con el Asesor Legal a cargo de la Secretar\u00eda de Seguridad Dr. Carlos Carriquiry, para interiorizarse sobre los hechos sucedidos en la noche del lunes en inmediaciones del acceso a Sierra de la Ventana por la Ruta 76. Tambi\u00e9n se aprovech\u00f3 la oportunidad para reclamar la falta de m\u00f3viles para el distrito, a lo que el Dr. Carriquiry contest\u00f3 que los tres m\u00f3viles que se adquirieron est\u00e1n a la espera que la empresa que se encarga del ploteo y blindaje d\u00e9 un turno para realizarlo en las unidades, y falta que entreguen otros dos m\u00f3viles. Tambi\u00e9n se convers\u00f3 sobre los veh\u00edculos que circulan\u00a0 dentro del Parque Lineal, el peligro que esto implica, y la forma de evitarlo.<br \/>\nFinalizada la reuni\u00f3n, se inici\u00f3 la Sesi\u00f3n Extraordinaria en la que trataron los siguientes temas:<br \/>\n<strong><span style=\"text-decoration: underline;\">Expte N\u00ba 037\/13:<\/span><\/strong> \u201cD.E.- Convalida la firma del Convenio entre la Municipalidad de Tornquist y el Sr. Horacio Mendoza\u201d.<br \/>\nSe aprob\u00f3 por unanimidad la Ordenanza N\u00ba 2565\/13 por la que se Convalida la firma del Convenio suscripto entre el Municipio de Tornquist representado por el Intendente Municipal Lic. Gustavo Trankels y el Sr. Horacio Mendoza. A trav\u00e9s de este convenio el prestador tur\u00edstico Mendoza realizar\u00e1 excursiones guiadas al Ex Club Hotel Villa Ventana, y pagar\u00e1 las entradas al Municipio de acuerdo a lo que est\u00e1 estipulado por Ordenanza Fiscal.<br \/>\n<strong><span style=\"text-decoration: underline;\">Expte N\u00ba 038\/13:<\/span><\/strong> \u201cSecretar\u00eda de Salud solicita incremento del importe de las guardias pasivas\u201d.<br \/>\nSe aprob\u00f3 por unanimidad la Ordenanza N\u00ba 2566\/13 por la que se deroga en todos sus t\u00e9rminos la Ordenanza N\u00ba 2173\/10, y se establece a partir del 1\u00ba de febrero de 2013 nuevos valores para:<\/p>\n<ul>\n<li>Atenciones en Unidades Sanitarias.<\/li>\n<li>Guardias M\u00e9dicas Pasivas.<\/li>\n<li>Guardias M\u00e9dicas Activas.<\/li>\n<li>Guardias M\u00e9dicas Especialidades: Incluye ginec\u00f3logos, obstetras, pediatras, bioqu\u00edmicos, odont\u00f3logos, farmac\u00e9uticos y dem\u00e1s especialidades m\u00e9dicas.<\/li>\n<li>Domingos y feriados.<\/li>\n<\/ul>\n<p>\u00a0<br \/>\n<strong><span style=\"text-decoration: underline;\">Expte N\u00ba 041\/13:<\/span><\/strong> \u201cEximici\u00f3n de Tasas Municipales a Jubilados y Pensionados\u201d.<br \/>\nSe aprob\u00f3 por unanimidad la Ordenanza bajo el N\u00ba 2567\/13 por la que se \u00a0exime del setenta por ciento (70%) de la tasa por Alumbrado, Limpieza y Conservaci\u00f3n de la V\u00eda P\u00fablica, y del cien por cien (100%) de la Tasa por Servicio Sanitario, hasta un consumo m\u00e1ximo de 20 metros c\u00fabicos mensuales, a Jubilados y Pensionados, y para aquellas personas que sin ser Jubilados o Pensionados sean mayores de 60 a\u00f1os y no posean ingresos. Deber\u00e1n cumplimentar una serie de requisitos, entre los que se destacan:<br \/>\nSer propietarios de una \u00fanica vivienda familiar y de uso permanente, no contar ni en peticionante\u00a0 ni el grupo familiar conviviente con ingresos superiores al Salario M\u00ednimo Vital y M\u00f3vil, etc.<br \/>\n<strong><span style=\"text-decoration: underline;\">\u00a0<\/span><\/strong><br \/>\n<strong><span style=\"text-decoration: underline;\">Expte. N\u00ba 042\/13:<\/span><\/strong> \u201cD.E.- Eximici\u00f3n de Tasas Municipales a discapacitados\u201d.<br \/>\nSe aprob\u00f3 por unanimidad la Ordenanza bajo el N\u00ba 2568\/13, por la que se exime en un 70% del pago de\u00a0 la Tasa por Alumbrado, Limpieza y Conservaci\u00f3n de la V\u00eda P\u00fablica a\u00f1o 2011, y el 100% de la Tasa por Servicio Sanitario, que no supere el consumo m\u00e1ximo establecido (20 metros), para toda persona que es sost\u00e9n de familia\u00a0 sola y presente Certificado de Discapacidad otorgado por Regi\u00f3n Sanitaria I, ser propietario de una \u00fanica vivienda de uso permanente y dem\u00e1s requisitos establecidos en la presente norma. El \u00e1rea de Desarrollo Social determinar\u00e1 mediante estudio socio-econ\u00f3mico, la necesidad del contribuyente que presente un caso especial.<br \/>\n<strong><span style=\"text-decoration: underline;\">H.C.D. Proyecto de Resoluci\u00f3n:<\/span><\/strong> \u201cDisposiciones establecidas en el Art. 16 (bis) del Reglamento Interno del H.C.D\u201d.<br \/>\nSe solicit\u00f3 tratamiento sobre Tablas. Se form\u00f3 el Expediente N\u00ba 6500\/13 y se aprob\u00f3 por unanimidad la Resoluci\u00f3n N\u00ba 01\/13. La misma dispone, seg\u00fan el Art\u00edculo 16 (bis) del Reglamento Interno de Honorable Concejo Deliberante,\u00a0 que el monto surgido por la ausencia de un Concejal Titular que no tuvo reemplazo a una Sesi\u00f3n Extraordinaria, debe ser destinado a una entidad de Bien P\u00fablico del Distrito. En\u00a0 este caso se resolvi\u00f3 que sea destinado al Colegio Nuestra Se\u00f1ora de Luj\u00e1n.\u00a0 <strong>\u00a0<\/strong><br \/>\n<strong><span style=\"text-decoration: underline;\">\u00a0<\/span><\/strong><br \/>\n<strong><span style=\"text-decoration: underline;\">H.C.D Proyecto de Resoluci\u00f3n: \u201c<\/span><\/strong>Repudio por las declaraciones realizadas por la Dra. G\u00f3mez en el programa radial \u201cUn mate y un caf\u00e9\u201d\u201d.<strong><\/strong><br \/>\nSe solicit\u00f3 tratamiento sobre Tablas. Se form\u00f3 el Expediente N\u00ba 6501\/13\u00a0 y se aprob\u00f3 por unanimidad la Resoluci\u00f3n N\u00ba 02\/13 por la que se repudia las declaraciones realizadas el d\u00eda 19 de febrero del corriente a\u00f1o por la doctora Graciela Cristina G\u00f3mez en el programa radial \u201cUn mate y un caf\u00e9\u201d, conducido por el se\u00f1or Jorge Arnaldo Botto por FM Reflejos 103.7 de Sierra de la Ventana, y el d\u00eda 2 de Noviembre de 2012, durante una reuni\u00f3n desarrollada en la mencionada localidad.<br \/>\nLos Concejales manifestaron:<br \/>\nConcejal Mar\u00eda Ofelia Skolak:<br \/>\n\u201cQuer\u00eda referirme a los dichos en el medio radial de la doctora. Esper\u00e1bamos la intervenci\u00f3n del Sr. Hugo Kloster, y como no lo hizo suponemos que concuerda con lo expresado por la doctora. Nada m\u00e1s Sr. Presidente\u201d.<br \/>\nConcejal Fabio Mart\u00ednez:<br \/>\n\u201cQuer\u00eda referirme a esta resoluci\u00f3n que se acaba de aprobar. Estos dichos han sido originados luego de que la ordenanza que fue aprobada aqu\u00ed sobre agroqu\u00edmicos fue vetada por el Sr. Intendente, si eso no hubiese ocurrido hoy no estar\u00edamos hablando de esto. En el veto, se devuelve, \u00bfno?, ac\u00e1 al Concejo Deliberante estamos trabajando en eso, creo que lo \u00fanico que nos est\u00e1 deteniendo un poco es como proceder en cuanto a las plantas de acopio y silos que est\u00e1n pegadas al ejido urbano. Con respecto a lo otro seguimos trabajando y creo que pronto va a estar solucionado. Pero tambi\u00e9n me gustar\u00eda que de una vez por todas, el municipio proceda a clausurar definitivamente las instalaciones de la empresa que tiene el dep\u00f3sito a pocos metros del hospital. Creo que si estamos hablando de cuidar la vida, en un distrito ecol\u00f3gico y somos pro vida, tendr\u00edamos que proceder a clausurar eso definitivamente lo antes posible. Los dem\u00e1s empresarios que se dedican a este rubro ya hace a\u00f1os que se han alejado de aqu\u00ed y est\u00e1n en el acceso a la ciudad, por lo tanto creo que esta empresa tuvo suficiente tiempo para trasladarse pero no lo ha hecho, as\u00ed que espero que el municipio act\u00fae con celeridad y clausure definitivamente ese lugar. Nada m\u00e1s Sr. Presidente\u201d.<br \/>\nConcejal Mar\u00eda Ofelia Skolak:<br \/>\n\u201cEn la ordenanza que en un primer momento se hab\u00eda hecho, en uno de los art\u00edculos figuraba que se\u00a0 le daba un tiempo prudencial a estas empresas que est\u00e1n dentro del ejido urbano para que puedan retirarse, justamente en la ordenanza que fue vetada no hab\u00eda ning\u00fan art\u00edculo que mencionaba esto que est\u00e1 expresando el Concejal Mart\u00ednez. Nada m\u00e1s Sr. Presidente\u201d.<br \/>\nConcejal Daniel Etchever:<br \/>\n\u201cMe quiero referir a un hecho que tuvimos en Saldungaray, un acto que tuvimos con la compra del edificio de Mar\u00eda Auxiliadora, para que no pase desapercibido, decir que para nosotros fue un acto emotivo, y que se haya concretado la compra del municipio para que quede aqu\u00ed y no por un\u00a0 particular, eso a nosotros nos llev\u00f3 una inmensa alegr\u00eda, por eso quiero agradecer la gesti\u00f3n y el compromiso del Sr. Intendente, porque el Intendente en su momento dijo que el municipio no lo pod\u00eda comprar, pero se comprometi\u00f3 a hacer las gestiones correspondientes y lo logr\u00f3. Tambi\u00e9n quiero agradecer a la gente de Tornquist que no conoce la historia nuestra, es decir, que no la vivi\u00f3 como nosotros, que siempre estuvo predispuesto, en ning\u00fan momento puso palos en la rueda para darle el permiso al municipio para comprar dicho edificio. Nosotros los saldungarenses les agradecemos a todos. Muchas gracias\u201d.<br \/>\nConcejal Dar\u00edo Cardoso:<br \/>\n\u201cAl igual que el Concejal Etchever en algo a veces estamos de acuerdo, realmente agradecer al Sr. Intendente que se haya hecho con tanta prontitud y rapidez, \u00bfno es cierto?, la adquisici\u00f3n de un edificio hist\u00f3rico para nuestro pueblo, y muy representativo, igual espero que este sea el puntapi\u00e9 inicial para hacer acciones mucho m\u00e1s r\u00e1pidas en Saldungaray. Hay muchas obras inconclusas que se podr\u00edan, si se hubiera actuado de la misma forma que con el Mar\u00eda Auxiliadora ya estar\u00edan finalizadas. Creo que eso tambi\u00e9n es importante recalcarlo, que realmente se tiene que tener la intenci\u00f3n, o por lo menos gestionar con mayor rapidez, porque se puede considerar de esta forma que realmente cuando se quiere hacer las cosas se hacen, se demostr\u00f3 con la compra del Mar\u00eda Auxiliadora, tard\u00f3 muy poco tiempo, espero que para las dem\u00e1s cosas que tenemos en Saldungaray, que hacen mas de un a\u00f1o, un a\u00f1o y medio o dos que todav\u00eda no se han finalizado se pueda gestionar de la misma forma este a\u00f1o y terminar realmente, porque es lo que est\u00e1 realmente pidiendo el pueblo, que las cosas se empiecen aunque sea de a una y que se pueda terminar, realmente tener tres\u00a0 o cuatro proyectos parados en Saldungaray no le hacen nada bien a nuestra localidad. Con respecto a las declaraciones de la Dra. G\u00f3mez, para mi tambi\u00e9n es un acto totalmente repudiable y es lamentable, porque yo me acuerdo que estuve presente en la reuni\u00f3n en Sierra de la Ventana, y la Dra. G\u00f3mez como quien dir\u00eda a todos los que est\u00e1bamos presentes nos tir\u00f3 encima todos los t\u00edtulos que ten\u00eda, y tambi\u00e9n es cierto y se demuestra que tantos t\u00edtulos no significan educaci\u00f3n, porque creo que hay una diferencia y que\u00a0 hay formas de expresarse aunque\u00a0 uno no est\u00e9 de acuerdo, y que no es la forma en que lo hizo esta doctora. Nada m\u00e1s Sr. Presidente\u201d.<br \/>\nConcejal Horacio Buitrago:<br \/>\n\u201cLo que hoy aprobamos del proyecto de Resoluci\u00f3n creo que queda a las claras estamos viendo las formas y tal vez no el pensamiento, \u00bfno?, porque sinceramente volvemos a traer el tema de agroqu\u00edmicos a este Concejo, y creo que en buena hora para que lo sigamos trabajando en corto plazo, y realmente tengamos una legislaci\u00f3n que contemple los problemas que trae consigo todo el sistema productivo a trav\u00e9s de los agroqu\u00edmicos. Todo el uso, el tr\u00e1nsito de los mismos, los dep\u00f3sitos, creo que es un tema serio, que a nadie escapa la seriedad, y que nosotros hab\u00edamos iniciado un trabajo, y lamentablemente fue cercenado, por, yo lo veo como m\u00ednimos temas que podr\u00edamos haberlos solucionado. Pido y mociono que podamos reunirnos con el ejecutivo en corto plazo, porque de ninguna manera podemos dejar este tema con un vac\u00edo legal como el que tenemos hoy. Tambi\u00e9n quisiera solicitar y mocionar sobre un tema tambi\u00e9n muy sensible tambi\u00e9n para el Concejo porque venimos trabajando, estuvimos trabajando todo el a\u00f1o, y creo que es un tema sumamente importante para el distrito y que es iniciar el trabajo de digamos, un trabajo de laboratorio si se podr\u00eda decir de el c\u00f3digo, de la modificaci\u00f3n del C\u00f3digo de Planeamiento. Debemos ganar tiempo, y el tiempo se gana trabajando en momentos en que, tal vez estamos en receso pero creo que vale la pena que iniciado el a\u00f1o comencemos prontamente a desarrollar lo que hab\u00edamos hablado en su momento con el ejecutivo por un lado y con los profesionales que el ejecutivo hab\u00eda contratado. Yo recuerdo que de las reuniones que tuvimos con estos profesionales hab\u00edan surgido ideas realmente renovadoras y nos hab\u00edan alentado a mirar otras cosas que tal vez nosotros no ten\u00edamos toda la capacidad. Luego no sabemos porqu\u00e9 pero estas reuniones no se siguieron haciendo y realmente creo que a todos, y particularmente a mi tambi\u00e9n nos preocupa que no estemos trabajando. Hay muchas instituciones y mucha gente que nos pide que definamos el tema de las modificaciones al c\u00f3digo, ya que lo vemos a diario, hoy el potencial que tiene el distrito es muy importante a nivel de inversiones tur\u00edsticas, y nosotros con un c\u00f3digo que no est\u00e9 actualizado,\u00a0 que no tenga un miramiento de desarrollo y progreso en ciertas zonas, la verdad es que estamos da\u00f1ando mucho a nuestro distrito, econ\u00f3micamente, socialmente, con fuentes de trabajo, para que nuestros chicos, nuestros j\u00f3venes no se vayan del distrito y tengan una oportunidad de tener un trabajo tambi\u00e9n en el distrito, yo creo que hay mucho que ver, y sinceramente me tiene, aparte de preocupado todav\u00eda no entiendo porqu\u00e9 tenemos estas demoras del poder ejecutivo para tratar, y sus departamentos, para tratar este tema lo antes posible. Tambi\u00e9n quiero hacer referencia a temas de actualidad como es la situaci\u00f3n de muchas de las actividades que lleva el estado provincial y tambi\u00e9n quiero dejar mi parecer y mi preocupaci\u00f3n ya que no es nuevo, y lo hemos dicho desde esta banca, que la puja pol\u00edtica del gobierno nacional con el gobierno de la provincia lleva a que los bonaerenses estemos sufriendo muchas vicisitudes que de ninguna manera deber\u00edamos pasar en un pa\u00eds que se digne a llamarse democr\u00e1tico, federal, y eso realmente queda a las claras en la situaci\u00f3n que vive la provincia de Buenos Aires hoy, una situaci\u00f3n dif\u00edcil, siendo reh\u00e9n de los caprichos de un gobierno nacional, solamente reflejado en una puja de cargos p\u00fablicos para, ni siquiera para el 2013, este a\u00f1o, sino para el 2015. La verdad es que no es serio, es irresponsable, me da mucha tristeza vivir en un pa\u00eds gobernado por estos funcionarios. Nada m\u00e1s, muchas gracias\u201d.<br \/>\nConcejal Patricia V\u00e1zquez:<br \/>\n\u201cEn primer lugar quer\u00eda decir que no estoy de acuerdo con las palabras del Concejal Fabio Mart\u00ednez, porque a lo que \u00e9l se refiere, \u00bfno?, que si hubi\u00e9ramos aprobado la ordenanza no hubiera sucedido lo que sucedi\u00f3 con la doctora, o los dichos de la doctora, y a mi me parece que en ning\u00fan momento nadie dijo ni nadie dud\u00f3 de los conocimientos de la doctora G\u00f3mez, sino no nos pareci\u00f3 correcto la manera de dirigirse a las autoridades, ni a los vecinos de este distrito en primer lugar, en segundo lugar quer\u00eda hablar sobre las obras que todav\u00eda no se han realizado, a las palabras del Concejal Cardoso, porque en realidad este es un gobierno que ha empezado a trabajar no solamente para una localidad sino para todas las localidades del distrito, entonces tenemos que saber esperar, y tenemos que pensar tambi\u00e9n que no son solo los vecinos de Saldungaray, ojala que se pudiera hacer, se pudiera trabajar para todos, pero hay muchas localidades, y que este gobierno siempre se est\u00e1 ocupando y tratando de mejorar la situaci\u00f3n. Tampoco estoy de acuerdo con las palabras del Concejal Buitrago, donde dice que esta puja pol\u00edtica entre la provincia y la naci\u00f3n\u00a0 hace ver las necesidades de los vecinos, yo creo que a\u00fan as\u00ed siempre est\u00e1n presentes para dar una soluci\u00f3n. Nada m\u00e1s Sr. Presidente\u201d.<br \/>\nConcejal Dar\u00edo Cardoso:<br \/>\n\u201cYo no se, creo haberme expresado bastante bien, yo no dije que solamente quer\u00eda que se trabajara para Saldungaray, se tiene que trabajar y gestionar para todo el distrito, lo \u00fanico que pido es que de una vez por todas, en vez de empezar tres o cuatro obras, empecemos una y la terminemos, es lo \u00fanico que estoy pidiendo, y no solamente yo sino los vecinos de Saldungaray, sino lo que se tendr\u00eda que hacer es salir, y recorrer las calles de Saldungaray\u00a0 a ver que piensa la gente de todas las obras que est\u00e1n \u00a0empezadas y no terminadas. Lo \u00fanico que se pide es que de una vez por todas se empiece de a una obra y se termine. Nada m\u00e1s Sr. Presidente\u201d.<br \/>\nConcejal Patricia V\u00e1zquez:<br \/>\n\u201cSencillamente es la manera\u00a0 en que este gobierno local trabaja para todo el distrito. Nada m\u00e1s que eso Sr. Presidente\u201d.<br \/>\nConcejal Mar\u00eda Ofelia Skolak:<br \/>\n\u201cPara sumarme a lo que dice mi compa\u00f1era la se\u00f1orita Concejal Patricia V\u00e1zquez, quiero dejar en claro que todo llega, algunas antes y otras obras despu\u00e9s, pero sumemos todas las que se han realizado, no olvidemos, sino recordemos. Nada m\u00e1s Sr. Presidente\u201d.<br \/>\nConcejal Gustavo Moroncini:<br \/>\n\u201cYo quer\u00eda volver a ratificar las mociones que hizo Buitrago con respecto al pedido de reuniones con el Ejecutivo por el tema de agroqu\u00edmicos, y tambi\u00e9n con los arquitectos para seguir trabajando con el tema del C\u00f3digo de Planeamiento Urbano. Yo creo que es de suma importancia volver a tocar esos temas y ya el receso se termina, y me llama la atenci\u00f3n la demora con los arquitectos principalmente en un tema tan importante como es el C\u00f3digo de Planeamiento. Con respecto a los prestadores de servicio de fumigaci\u00f3n que hablaba el Concejal Mart\u00ednez, eso pertenece al actual C\u00f3digo de Planeamiento Urbano, en realidad no tendr\u00edan que estar y no ten\u00eda nada que ver con la ordenanza que est\u00e1bamos haciendo. Nada m\u00e1s Sr. Presidente\u201d.<br \/>\nConcejal Fabio Mart\u00ednez:<br \/>\n\u201cQuer\u00eda referirme a otro tema. Hoy tambi\u00e9n hemos tratado el incremento del importe de las guardias pasivas. Creo que tendr\u00edamos que organizar alguna reuni\u00f3n con el \u00e1rea de salud porque realmente faltan m\u00e9dicos en el distrito, en las distintas salas m\u00e9dicas, y en Saldungaray a veces hay que trasladar al enfermo a Sierra de la Ventana para que sea atendido. Creo que debemos tratar de solucionar eso lo antes posible. As\u00ed mismo en Villa Ventana desde diciembre ni siquiera hay guardias pasivas. Creo que son temas\u00a0 que a lo mejor hablando con la Secretaria de Salud podemos interiorizarnos un poco m\u00e1s y ver si se puede encontrar alguna soluci\u00f3n. Nada m\u00e1s Sr. Presidente\u201d.<br \/>\nConcejal Adriana Nielsen:<br \/>\n\u201cEn lo que hace referencia el Sr. Concejal acerca de los m\u00e9dicos que faltan\u00a0 hemos tenido conversaciones fuera de este \u00e1mbito y lo que s\u00ed sabemos es que no hay m\u00e9dicos disponibles. En realidad no hay una intenci\u00f3n de que no se cubran, sino simplemente que no hay recurso humano para cubrir esta necesidades. Y con respecto a los dichos de la Dra. G\u00f3mez, en principio no pensaba hacer referencia porque es como darle demasiada identidad a esta persona, pero ya que nos convoca este tema, yo quer\u00eda dejar aclarado que muchas veces nos encargamos nosotros mismos de darle identidad a la gente. Gente que est\u00e1 de paso por nuestro distrito nos dice como tenemos que\u00a0 vivir, como tenemos que votar, como tenemos que conducirnos, y a veces los medios toman a esta persona y lo ponen en un titular como si fuera tan representativa como para pedir que el Sr. Intendente deje su cargo. Entonces yo quisiera que hagamos un reflexi\u00f3n todos nosotros desde nuestro \u00e1mbito de trabajo, los medios desde el lugar que tienen para tomar las noticias y ponerlas en un encabezado, y seamos serios, tenemos que empezar a cuidar nuestras instituciones y tambi\u00e9n pedir que se nos respete como ciudadanos, ac\u00e1 se le ha faltado el respeto no solo a las autoridades municipales y a nosotros como Cuerpo sino a toda la sociedad que ha decidido y ha elegido en su momento el representante que tiene que es nuestro Sr. Intendente. Nada m\u00e1s Sr. Presidente\u201d.<br \/>\nConcejal Horacio Buitrago:<br \/>\n\u201cLa verdad es que no estoy de acuerdo con lo que dice la Concejal que habl\u00f3 antes de mi reci\u00e9n, Adriana Nielsen, porque creo que de ninguna manera podemos decirle a los medios lo que debe decir, qu\u00e9 se debe decir, me parece que es ya muy penoso en la Argentina lo que estamos viviendo a otros niveles donde realmente el periodismo tiene que hacer muchas gambetas para poder hablar sinceramente de la realidad argentina, sabiendo que hay medios que se han tenido que ir a la hermana patria uruguaya a tener programas de radio para hablar de lo que nos pasa. La verdad es que no estoy para nada de acuerdo. Creo en la libertad de prensa, creo que cada uno puede hablar y despu\u00e9s hacerse cargo de lo que dice, porque creo que es esa la manera de la convivencia de un pa\u00eds que se llame pa\u00eds, y que sea libre. Lamento decir esto pero no concuerdo, creo que si algo debemos defender, y algo debemos defender de esta banca es la pluralidad de ideas, podamos estar de acuerdo o no, lo que si no quiere decir que no estemos en contra de los agravios, me parece que eso es otro tema, pero s\u00ed el micr\u00f3fono, el lugar tiene que estar para todos, para todos los argentinos, luego vendr\u00e1n la parte legal, si es que realmente le toca a alguien que est\u00e9 agrediendo o que est\u00e9 difamando, yo creo que para eso est\u00e1n las leyes, pero de ninguna manera nosotros podemos cercenar el pensamiento del ciudadano. Nada m\u00e1s\u201d.<br \/>\nConcejal Adriana Nielsen:<br \/>\n\u201cNo quiero que se mal interprete lo que expres\u00e9. En realidad obviamente que estoy a favor de la libertad de prensa, creo que en este pa\u00eds hay libertad de prensa, cualquiera puede decir lo que se le place, y es m\u00e1s, me parece\u00a0 oportuno que cada uno exprese lo que quiera expresar. No estoy haciendo referencia en ese sentido, lo que s\u00ed hago referencia por ah\u00ed es cuando no hay una repregunta, no hay una intenci\u00f3n de ver, de tomar posici\u00f3n, y despu\u00e9s se rescata como vi, que no fue solamente en los medios que tomaron la noticia dentro del distrito, sino se rescata una postura y ponen un titular \u201cpiden la renuncia del Intendente Trankels\u201d sin saber que quiz\u00e1s el periodismo con una intenci\u00f3n pol\u00edtica muy definida estamos mezclando por ah\u00ed los tantos pero en realidad esto tiene una connotaci\u00f3n pol\u00edtica de tras fondo, toman y ponen un titular as\u00ed que muchas veces la poblaci\u00f3n se queda con el titular y no se pone ahondar en de d\u00f3nde viene. Hac\u00eda referencia a eso porque no solo lo debatieron los medios ac\u00e1 dentro del distrito, sino que tambi\u00e9n esto surgi\u00f3 y se lo tom\u00f3 en otros medios. Hac\u00eda referencia a ese tipo de intervenci\u00f3n que a veces hacen los medios, y cuando uno dice los medios por ah\u00ed es como que abre el abanico a todo el mundo, y en realidad no quiero dar por sentado que todos los medios act\u00faan de esta manera, sino que puntualmente en este momento no me acuerdo el diario en que lo le\u00ed, por eso no quiero mencionarlo, pero no estoy en contra de la libertad de prensa, al contrario, me encanta que cada uno pueda opinar y decir lo que piensa y es factible que tomemos nosotros una posici\u00f3n, y ustedes otra, y debatamos y podamos decir cada uno lo que piensa me parece fant\u00e1stico. Lo que no me parece a mi prudente, si la palabra cabe, es que cualquier persona pueda degradar las instituciones, y salir, como que a nadie, que las mismas personas que est\u00e1n interrogando, perd\u00f3n, no es el t\u00e9rmino, est\u00e1n haciendo la nota no se pongan a pensar desde qu\u00e9 lugar lo est\u00e1 diciendo y con qu\u00e9 t\u00e9rminos lo est\u00e1 diciendo, y lo dejen pasar, eso era lo que a mi, porque en realidad lo que estamos hablando ac\u00e1 son de t\u00e9rminos democr\u00e1ticos y de cuestiones que una persona est\u00e1 cuestionando a la sociedad toda, a la sociedad que llam\u00f3 alienada,\u00a0\u00a0 a la sociedad que vot\u00f3 a un intendente y por eso debe respetarse, porque estamos hablando de t\u00e9rminos democr\u00e1ticos. Desde ese lugar es que estoy diciendo lo que digo. Nada m\u00e1s Sr. Presidente\u201d.<br \/>\nConcejal Horacio Buitrago:<br \/>\n\u201cClaramente creo que deber\u00edamos hacer un an\u00e1lisis m\u00e1s profundo de esta tem\u00e1tica, porque si hay alguien que ha dado ejemplo claro de usar los medios para, a veces para debilitar, golpear o dejar muy mal parado a la sociedad, y a\u00a0 algunos ciudadanos y algunos sectores ha sido la Presidenta de la Naci\u00f3n. Ustedes saben muy bien que en la cadena nacional de casi todos los d\u00edas ha hablado de los jubilados, ha hablado de los sectores productivos, ha hablado de casi todos, porque ha hablado de los docentes, siempre mal, les aclaro, y sinceramente en este pa\u00eds si alguien deber\u00eda dar el ejemplo de c\u00f3mo manejar el micr\u00f3fono y de c\u00f3mo manejar a la ciudadan\u00eda, y c\u00f3mo se maneja la prensa es la presidenta, y no lo ha hecho. As\u00ed que la verdad es que lo que usted est\u00e1 diciendo me parece que no tiene fundamento para el gobierno que usted defiende\u201d.<br \/>\nConcejal Adriana Nielsen:<br \/>\n\u201cNo quiero entrar en un debate personal con el Concejal Buitrago, pero en realidad creo que este es un gobierno m\u00e1s que democr\u00e1tico, nuestra Sra. Presidenta se ha puesto al frente de una ley de medios que no me parece poca cosa, y no comparto para nada los dichos, creo que en este pa\u00eds hace mucho tiempo que no suced\u00eda, todo el mundo tiene libertad de expresi\u00f3n. No se puede decir que ac\u00e1 no hay libertad de expresi\u00f3n. Nada m\u00e1s Sr. Presidente\u201d.<br \/>\nConcejal Sergio Bordoni:<br \/>\n\u201cComo primer tema que quisiera tocar Sr. presidente, es el tema de las declaraciones de la Dra. G\u00f3mez, que sinceramente, ya lo hemos sufrido en carne propia cuando fuimos a la reuni\u00f3n de agroqu\u00edmicos que realiz\u00f3 en Sierra de la Ventana, y sabemos su forma de expresarse, yo creo que se le dio mucha trascendencia y la soluci\u00f3n m\u00e1s r\u00e1pida para hacer callar a este tipo de personas es ponerse a trabajar y aprobar de una vez por todas este proyecto de ordenanza que tanto hace falta para todo el distrito, as\u00ed que no hay mucho m\u00e1s para decir de esto, sinceramente, no estoy de acuerdo en como se manifiesta hacia las personas, pero no es la \u00fanica persona que en realidad se manifiesta mal hacia los funcionarios p\u00fablicos. Estando de vacaciones tuve en carne propia y sufr\u00ed una agresi\u00f3n por parte del Sr. Delegado de Villa Ventana. Sinceramente no me molesta ni voy a hacer un proyecto de resoluci\u00f3n ni nada por el estilo porque se quien soy, y se el lugar que ocupo, y se que para eso estoy, para decir las cosas que para mi est\u00e1n mal. Yo hab\u00eda tenido el d\u00eda domingo un llamado telef\u00f3nico de la localidad de Villa Ventana que no hab\u00eda agua en la localidad, manifest\u00e9 en los medios antes de irme de vacaciones lo que estaba pasando, porque a mi vecinos me dec\u00edan que desde las dos de la tarde hasta las siete de la tarde hab\u00edan estado sin recurso h\u00eddrico. Y sigo sosteniendo, no es que me voy a retrotraer de lo que dije, que si no llueve la obra que se hizo del Pinar a Villa Ventana no funciona, y a los hechos me remito, en el dos mil once, diciembre del dos mil once tuvimos que declarar una emergencia h\u00eddrica, porque Villa Ventana no ten\u00eda el recurso h\u00eddrico para poder paliar la situaci\u00f3n veraniega, la tuvimos que hacer, diciembre del dos mil once, la obra concluida, estaba concluida, este a\u00f1o nos acompa\u00f1\u00f3 la lluvia, cuando empezaron a faltar las lluvias empezaron los problemas, aunque despu\u00e9s, leyendo, me dicen que hay un ca\u00f1o roto, posiblemente, pero vuelvo a repetir, si las lluvias no nos acompa\u00f1an, seguramente el recurso h\u00eddrico de Villa Ventana con esa obra no va a funcionar, y si yo me equivoco el tiempo ser\u00e1 el que me va a no dar la raz\u00f3n. Pero ya lo sufrimos en el dos mil once, tuvimos que declarar la emergencia h\u00eddrica, para que Villa Ventana pudiera tener agua, con cortes, totalmente, casi te dir\u00eda de24 horas del d\u00eda solamente ocho horas le d\u00e1bamos el recurso h\u00eddrico a la gente de Villa Ventana. As\u00ed que referirme a los dichos del Sr. Delegado Municipal, que en realidad no tendr\u00eda que dar ninguna explicaci\u00f3n porque es simplemente el delegado municipal, sino que hay funcionarios provinciales y municipales que tendr\u00edan que dar la cara ante esta situaci\u00f3n de una obra que no funciona, y se gastaron millonadas de pesos. Pero para no ser m\u00e1s extensivo en ese tema, quisiera dejarlo de lado y si, en mi ausencia se estuvo hablando de una ordenanza que no se aprob\u00f3, por mayor\u00eda no se aprob\u00f3, la ordenanza del agua, de preservar el recurso h\u00eddrico. En medios period\u00edsticos, en La Br\u00fajula, sale diciendo: Ins\u00f3lito, concejales opositores\u00a0 no aprobaron cuidar el recurso h\u00eddrico. La verdad, si uno se remite a esos dichos va a decir: estos Concejales opositores son, la verdad es que son de terror, sinceramente, porque no querer preservar el recurso h\u00eddrico me parece que es una cosa totalmente loca. Lo que s\u00ed quiero decir es que nosotros no queremos que se apruebe una ordenanza a las apuradas como quer\u00eda hacerse aprobar, a mediados de febrero, donde se contemplaba s\u00ed, el cuidado del recurso h\u00eddrico, pero tenemos la diferencia que en nuestra localidad, Tornquist, est\u00e1bamos castigando a gente que tiene medidores, y gente que no tiene medidores. Y digo esto porque pasa, hay un barrio entero sin medidores, entonces, tengo la ordenanza ac\u00e1, dijeron que no era prohibitiva, la verdad es que, si quieren la leo, pero creo que no hace falta, la mayor\u00eda de la gente sabe como es\u00a0 la ordenanza. Siempre pagan justo por pecadores, estamos regando, y vuelvo a decir, aunque digan lo contrario, estamos las calles del pueblo con agua potable y no tiene nada que ver con el cloro, no tiene nada que ver porque pase por un clorificador, simplemente quiero dejar en claro eso porque pareciera que nosotros estamos en contra de preservar el recurso h\u00eddrico, no, nada que ver Sr. Presidente, al contrario, estamos de acuerdo con que si Ventana no tenia la suficiente agua se declarara la emergencia h\u00eddrica para Ventana y Villa Ventana, cosa que no se accedi\u00f3, tras cart\u00f3n, despu\u00e9s de entrar en Noticias Tornquist, porque a medida que iban pasando los d\u00edas me quise interiorizar, me encuentro con la noticia que nuestro Intendente anunciaba que se hab\u00eda conseguido desde la Naci\u00f3n, m\u00e1s precisamente creo que del Sr. De Vido , creo que, ac\u00e1 lo tengo, en mi poder, que se iba a concretar una obra de un pozo y una extensi\u00f3n de red, y me parece espectacular, es lo que estamos necesitando, y me parece que es una buena gesti\u00f3n, pero lo que me llama poderosamente la atenci\u00f3n que dice, palabras textuales del Intendente Municipal: \u201cLa obra que se concretar\u00e1 en la ciudad de Tornquist demandar\u00e1 una inversi\u00f3n del orden de los 900 mil pesos y se llevar\u00e1 a cabo en dos etapas.\u00a0El inicio de la construcci\u00f3n se prev\u00e9 para las pr\u00f3ximas semanas\u201d. Espectacular, la verdad, me parece b\u00e1rbaro que as\u00ed sea, pero se contradice con otra obra, que dir\u00eda de igual magnitud, anunciada en La Nueva Provincia el tres de enero del 2012, \u201cLicitan obra por casi dos millones y medio de pesos. Un nuevo pozo de abastecimiento, as\u00ed como unos cinco mil metros de red de distribuci\u00f3n. Dos millones quinientos mil pesos, en realidad eran dos millones cuatrocientos noventa y seis mil pesos, que es casi similar a lo que \u00edbamos a hacer un a\u00f1o y un mes despu\u00e9s. Esta obra, se vendieron los pliegos de licitaci\u00f3n, se abrieron el d\u00eda 19 de enero del 2012, las firmas que se presentaron fueron Karpa S. A. y Geoide S. A. Esa obra no se asign\u00f3 a ninguna de las dos, creo que qued\u00f3 desierta la licitaci\u00f3n porque no se hab\u00edan conseguido los fondos. Lo preocupantes es que si sal\u00eda dos millones y medio de pesos, un a\u00f1o y un mes despu\u00e9s como es que ahora se va a hacer con novecientos mil pesos, entonces yo creo, m\u00e1s all\u00e1 de que necesitemos reuniones para el C\u00f3digo de Planeamiento Urbano, que es cierto que lo necesitamos, ac\u00e1 necesitamos una reuni\u00f3n con gente de Obras P\u00fablicas, que se nos explique cual es la situaci\u00f3n y porqu\u00e9 la diferencia de plata, si bien ac\u00e1 no dice la cantidad de metros que vamos a extender la red de agua potable en la localidad cabecera, pero hay una diferencia abismal en plata, y m\u00e1ximo el grado de inflaci\u00f3n que tenemos en este pa\u00eds, que debe rondar en el treinta por ciento, si a los dos millones y medios le aplic\u00e1ramos un treinta por ciento estar\u00edamos en tres millones doscientos mil, y no solo que no tuvimos esa inflaci\u00f3n sino que bajamos a novecientos mil. Son las cosas que por ah\u00ed nos confunden, confunden a la gente, sinceramente, despu\u00e9s salen a decir que uno trata de confundir a la gente, yo me remito a los hechos, es m\u00e1s, ac\u00e1, antes de ese anuncio, en diciembre, tenemos una reuni\u00f3n con gente de Obras P\u00fablicas, estuvo la arquitecta Anabella Madue\u00f1a, tambi\u00e9n estuvo el encargado del agua que es el Sr. Salazar, y se reconoci\u00f3 que ten\u00edamos falencias en la red de agua potable de la localidad de Tornquist, se le pidi\u00f3 que se empezaran a colocar medidores\u00a0 y pedimos por lo menos ciento cincuenta medidores mensuales, creo que llegamos a trescientos en el a\u00f1o, creo, hay una gran diferencia en un a\u00f1o de ciento cincuenta mensuales a trescientos es una gran diferencia,\u00a0 pero bueno, m\u00e1s all\u00e1 de eso, siempre se dice que uno trata de confundir, sinceramente muchas veces me han tildado de mentiroso, no me molesta, se lo que digo, se de lo que estoy hablando, es un tema que necesitamos hablarlo con Obras P\u00fablicas, necesitamos que nos aclaren, necesitamos aclararle al vecino, que es el que por ah\u00ed contribuye con los impuestos, tanto a nivel\u00a0 provincial,\u00a0 a nivel nacional,\u00a0 y a nivel Municipal, y que si tuvi\u00e9ramos medi<br \/>\ndores ser\u00eda otra cosa, porque mucha gente, yo en el caso m\u00edo, en mi casa pueden ver el parque que tengo, la verdad es que es todo casi cemento, pusimos algunas plantas que riego a veces, y mi medidor no gasta el m\u00ednimo, y ac\u00e1 la mayor\u00eda de la gente paga el m\u00ednimo, porque no tiene medidores, no funcionan, entonces, qu\u00e9 pasa, al no poder recaudar se dice que nunca hay dinero para poder invertir en agua corriente, sino con solo mirar el veh\u00edculo en el que anda la gente de agua corriente, y con los materiales que trabajan, sinceramente deja mucho que desear, por eso vuelvo a recalcar, para hacer una ordenanza de preservar el recurso h\u00eddrico, que estoy totalmente de acuerdo, sent\u00e9monos a trabajar en serio, y tengamos, no te digo el cien por ciento, pero por lo menos un noventa por ciento de medidores funcionando, as\u00ed por lo menos no van a pagar justos por pecadores. Otro tema que quiero tocar, y que, la verdad que es muy sensible a lo que est\u00e1 pasando, hay una familia en Tornquist que no tiene techo donde vivir. Ha pasado algunas noches en hoteles, ha pasado algunas noches en la plaza seg\u00fan sus propios dichos, y sinceramente no tiene techo donde vivir, y lo m\u00e1s preocupante es que tienen una criatura de un a\u00f1o y medio. Este gobierno, yo quiero hacer memoria, hace un tiempo atr\u00e1s tuvimos una violaci\u00f3n de una persona, el cual estaba alojado al lado del Instituto Saavedra Lamas, porque no ten\u00eda donde vivir. A esa persona s\u00ed se la aloj\u00f3 en ese momento en un galp\u00f3n, cosa que no digo que hay que alojar a esta familia en un galp\u00f3n, obviamente, no malinterpreten, pero no obstante eso, a esta persona s\u00ed se la reubic\u00f3, y se la reubic\u00f3 en una casa en el Ceferino Namuncur\u00e1 del cual el Secretario del \u00e1rea correspondiente de Acci\u00f3n Social al ubicarlo en el predio del Ceferino Namuncur\u00e1, en la vivienda, el Director del Centro\u00a0 Profesional que tenemos funcionando ah\u00ed, se encontr\u00f3 con la noticia de que hab\u00eda una persona presuntamente violadora viviendo ah\u00ed, y se dirigi\u00f3 hacia la Secretar\u00eda de Acci\u00f3n Social. No tuvo la mejor idea el Secretario de Acci\u00f3n Social de expresarle a esta persona, \u201cvaya a verlo a Bordoni, que Bordoni fue el que lo puso ah\u00ed\u201d. Gracias a Dios tengo memoria, y gracias a Dios tom\u00e9 la precauci\u00f3n en esa reuni\u00f3n que tuvimos para ver donde \u00edbamos a alojar al Sr. Vera, dije yo, yo propuse la c\u00e1rcel porque es un violador o un neuropsiqui\u00e1trico porque no est\u00e1 en sus cabales, y por suerte estaba grabado. No fue Bordoni el que dijo de ubicarlo en el Hogar, en el Ceferino Namuncur\u00e1. Pero bueno, m\u00e1s all\u00e1 de eso, yo digo que ah\u00ed se actu\u00f3 r\u00e1pido, porque se deb\u00eda actuar r\u00e1pido, pero se le consigui\u00f3 una vivienda a esta gente, yo creo que acci\u00f3n social est\u00e1 para ayudar a la gente y est\u00e1 para ayudarla siempre, no solamente en \u00e9pocas de elecciones, as\u00ed que este es un mensaje que quiero dejar al ejecutivo, esa persona todav\u00eda no tiene resuelta el tema de vivienda, m\u00e1s all\u00e1 de que pueda ser alojada en la casa de alg\u00fan familiar. En cuanto a viviendas quiero hablar tambi\u00e9n porque tenemos viviendas entregadas de hace un tiempo atr\u00e1s y cerradas, no ocupadas, por personas que no las quieren ocupar y la tienen cerrada, con la falta de vivienda que hay ac\u00e1 en Tornquist. Yo me acuerdo que ni bien se empezaron a entregar las viviendas, hubo una persona que hab\u00eda salido en el listado que ten\u00eda vivienda ya, entonces se decidi\u00f3 inmediatamente sacarle la vivienda a esta persona, despu\u00e9s pas\u00f3 lo que pas\u00f3 de la supuesta usurpaci\u00f3n de esa vivienda y la vivienda qued\u00f3 ocupada. Hoy por hoy tenemos una vivienda cerrada, deterior\u00e1ndose, y este ejecutivo no acciona absolutamente nada cuando esa persona que no quiere ocupar esa vivienda. Hay que reubicar urgente esa vivienda, hay mucha gente que no tiene techo, y entonces por favor, les pido Concejales oficialistas hagamos algo para que eso se resuelva, porque no puede ser que una persona que no quiere ocupar una vivienda, que tenga donde vivir, se de el lujo de tenerla cerrada, con unos pastizales a la altura de este pupitre. Nada m\u00e1s Sr. Presidente\u201d.<br \/>\nConcejal Mar\u00eda Ofelia Skolak:<br \/>\n\u201cMe voy a referir con respecto a los dichos por el Concejal Sergio Bordoni, a lo sucedido en Villa Ventana por la falta de agua. Como \u00e9l bien dice que tiene buena memoria, es verdad que hace unos a\u00f1os atr\u00e1s, en el 2010, 2011 suced\u00eda que cada ocho horas hac\u00edan cortes de ocho horas de este recurso. Que este a\u00f1o no sucedi\u00f3 lo mismo, y sabemos que tuvimos un enero totalmente seco, y febrero con una sequ\u00eda total, simplemente con ver los arroyos c\u00f3mo vienen ya estamos d\u00e1ndonos cuenta de c\u00f3mo se ha venido abajo este recurso tan importante y necesario para vivir. Por lo tanto yo quiero expresar que evidentemente las obras est\u00e1n bien hechas, me parece que hablar de los funcionarios provinciales responsables de estas obras, los cuales nos han dado muchas otras, y seguramente nos dar\u00e1n m\u00e1s, no es lo que corresponde. Sabemos que enero fue totalmente preocupante, no solamente lo vemos nosotros, miremos los bulevares como est\u00e1n ac\u00e1 en Tornquist,\u00a0 nos muestra la gran sequ\u00eda que tenemos. Entonces si en una Villa Ventana, en un d\u00eda domingo, hay excesiva cantidad de turistas, derroche del recurso, dicho por los mismos vecinos de la localidad de Villa Ventana, podemos esperar que suceda esto. Yo recuerdo tener a los vecinos de Villa Ventana y con toda raz\u00f3n venir al Honorable Concejo Deliberante en enero desesperados por la falta de recurso, este a\u00f1o no sucedi\u00f3, y \u00bfpor qu\u00e9 fue?, \u2026\u00bfporque est\u00e1n mal hechas las obras?. A veces no se, yo no quiero tratar de expresar de que el Concejal Bordoni confunde a la gente, lo que pasa es que a veces el Concejal Bordoni tambi\u00e9n se refiere de mala manera hacia nuestro ejecutivo, y hacia nosotros mismos en persona. Por ejemplo, \u00bfnosotros tenemos que soportar que el Concejal Bordoni diga que el ejecutivo est\u00e1 haciendo una chicana pol\u00edtica cuando le presentamos el proyecto de ordenanza del uso racional del recurso?, y a los pocos d\u00edas escuchar que lo estamos usando para tratar la falta del recurso en la localidad de Villa Ventana?. Entonces, \u00bfc\u00f3mo es el tema?, \u00bfel Concejal Bordoni puede referirse de esa manera hacia nosotros y nosotros no podemos decir que el Concejal confunde a la poblaci\u00f3n?, eso es lo que no puedo entender. Somos todos concejales, y todos tenemos el derecho de expresarnos, yo respeto, y lo dije en los medios, respeto los dichos por el Concejal Bordoni, pero no los comparto, porque en definitiva, si primero digo que es una chicana pol\u00edtica y despu\u00e9s digo que lo uso para tapar el problema de que las obras est\u00e1n mal hechas, evidentemente estoy confundiendo a la poblaci\u00f3n. Nada m\u00e1s Sr. Presidente\u201d.<br \/>\nConcejal Sergio Bordoni:<br \/>\n\u201cLe voy a responder los dichos de la Concejal Skolak, pero no para polemizar, sino simplemente para decir que la memoria no me falla, y no me estoy refiriendo al 2010 y 2011, me estoy refiriendo a diciembre del 2011, verano del 2012, 2012, ya las obras estaban hechas, he, y no fui yo quien dijo por los medios cuando se inaugur\u00f3 la obra que Villa Ventana iba a tener agua para treinta mil personas y para veinte a\u00f1os, sinceramente, yo no lo dije, lo dijo Vi\u00f1ales, y despu\u00e9s lo ratific\u00f3 el Intendente Trankels, as\u00ed que, es como el dicho, el pez muere por la boca, esta gente se larg\u00f3 a decir cosas que no sab\u00eda lo que iba a pasar, porque sinceramente la obra no funciona, aunque quieran decir lo contrario, no funciona, y si no llueve, si el de arriba no nos manda lluvia esto no funciona, estamos como antes. Villa Ventana, cuando llov\u00eda hab\u00eda agua, cuando no llov\u00eda pasaba lo que pasaba y es\u00a0 a lo que se refiere la Concejal Skolak, si, en el 2010 yo me acuerdo que ven\u00eda la gente a protestar porque no ten\u00edan agua., no estaba la obra culminada, ahora si est\u00e1 culminada, y, vuelvo a repetir, no lo dije yo en los medios, lo dijo el Sr. Vi\u00f1ales y lo ratific\u00f3 el Intendente Trankels, agua para treinta mil personas durante veinte a\u00f1os. No creo que en Villa Ventana este domingo de febrero haya habido treinta mil personas, ojala, porque para el turismo le har\u00eda falta. Nada m\u00e1s Sr. Presidente\u201d.<br \/>\nConcejal Mar\u00eda Ofelia Skolak:<br \/>\n\u201cYo me refiero a este verano que estamos finalizando que no tuvimos la problem\u00e1tica. Evidentemente ese domingo sabemos bien que hubo problemas de energ\u00eda, y no le echemos la culpa solamente a los problemas de energ\u00eda,\u00a0 porque hasta llegu\u00e9 a escuchar que le ech\u00e9 la culpa a la Cooperativa El\u00e9ctrica por el problema sucedido, en ning\u00fan momento, puede suceder que haya un corte de energ\u00eda, que lleva tiempo reincorporar, poner en funcionamiento nuevamente las bombas, y todo eso tiene un proceso que lleva tiempo, y si tenemos una localidad que est\u00e1 completa de turistas, y como digo, dicho por vecinos de la localidad de Villa Ventana, ese d\u00eda domingo se estaba haciendo mal uso del recurso, derroche del recurso, sucedi\u00f3 ese rato, esa tarde de domingo, entonces yo no creo que las obras est\u00e9n mal, es decir, no, no creo no, digo que no est\u00e1n mal hechas las obras, y sigo agradeciendo al Sr. Vi\u00f1ales y a todos sus colaboradores que integran el Spar, por todas las gestiones, y por todo el apoyo que le han dado al Intendente, en colaborar con nuestro distrito, porque ni siquiera piensan en las localidades grandes, piensan en todas las localidades, por eso mismo est\u00e1n trabajando en Nueva Roma y en Pelicur\u00e1. Yo la verdad es que no se, esto es contradictorio, estamos entrando en un debate que la verdad, no nos hace bien, simplemente quiero dejar en claro que las cosas son como las veo, y tengo que decir lo que veo y lo que siento y lo que me informo. Yo tambi\u00e9n habl\u00e9 con gente de Villa Ventana el d\u00eda domingo, no solamente el Concejal Bordoni, y tambi\u00e9n me preocup\u00e9 y fui a la oficina de obra p\u00fablica a interiorizarme de c\u00f3mo estaban las cosas. As\u00ed que, Sr. Presidente, lamento mucho este cruce con el Concejal Bordoni, porque de ninguna manera desde nuestro bloque tenemos intenci\u00f3n de debatir esta problem\u00e1tica, porque sabemos que es una problem\u00e1tica que est\u00e1 solucionada, pero tambi\u00e9n sabemos que cada vez el recurso es m\u00e1s escaso y tambi\u00e9n sabemos que puede llegar a suceder, que en alguna localidad pueda llegar a haber alg\u00fan problema si no llueve, ojala y pidamos a Dios que llueva y que podamos recuperar los arroyos y que podamos recuperar el agua que ten\u00edamos antes de las vacaciones, antes del mes de diciembre. Nada m\u00e1s Sr. Presidentes\u201d.<br \/>\nConcejal Patricia V\u00e1zquez:<br \/>\n\u201cSimplemente quer\u00eda referirme al hecho que usted hizo menci\u00f3n con respecto a la situaci\u00f3n que ha vivido una pareja de Tornquist. Que inmediatamente desde el primer momento el servicio local ha tomado intervenci\u00f3n y le ha buscado soluci\u00f3n en cuanto a que los ni\u00f1os no pueden estar viviendo en situaci\u00f3n de calle, y otras cosas m\u00e1s que hay surgido pero que yo no las puedo mencionar, obviamente, porque eso es trabajo del servicio local, y que con respecto a la vivienda que usted hace menci\u00f3n, que en una oportunidad lo estuvimos hablando, quiero decirle que este ejecutivo se est\u00e1 ocupando y est\u00e1n pasando por todas las \u00e1reas correspondientes para darle\u00a0 soluci\u00f3n a esa problem\u00e1tica. Nada m\u00e1s Sr. Presidente\u201d.<br \/>\nConcejal Horacio Buitrago:<br \/>\n\u201cClaramente esta situaci\u00f3n no creo que debamos puntualizarla en esta familia, sino creo que debemos preocuparnos porque seguramente no es el \u00fanico caso, y conocemos que no es el \u00fanico caso, y sabemos muy bien el hacinamiento de muchas familias que hoy viven apenas en habitaciones de alguna casa prestada con alg\u00fan padre, abuelo, t\u00edo o pariente. Y cuando hablamos de la insensibilidad, hablamos de esto, hablamos de que muchos de nuestros ciudadanos tornquistenses no viven bien, viven con muchas problem\u00e1ticas no atendidas, y viven soportando a funcionarios que degradan la dignidad de las personas. Y eso es muy serio, muy serio, y lo vivimos y lo escuchamos a diario,\u00a0 nadie escapa esta situaci\u00f3n donde aparte de vivir muchas vicisitudes, estas familias a veces o muchas veces son maltratadas. La verdad es que uno no encuentra palabras para este tipo de situaciones tan graves para atender a la problem\u00e1tica social de algunos tornquistenses que viven en Tornquist pero tambi\u00e9n viven en Saldungaray o cualquier otro pueblo. Yo creo que hay que hacer una revisi\u00f3n de todo lo actuado, me parece que m\u00e1s all\u00e1 de, a veces de la impunidad, y del manto de impunidad que se pone arriba de algunas personas, creo que debemos ser muy firmes en esto porque si no defendemos esto, que es lo que hay que defender, digo, porque un a veces puede opinar, y hablar, y salir en defensa de derechos, pero digo, hoy en la situaci\u00f3n planteada con tantas vicisitudes de tanta gente que no tiene el apoyo, el respaldo de este municipio, por falta de recursos en muchos casos, uno lo puede entender, lo que jam\u00e1s podemos entender es la falta de apoyo y recurso humano para esta gente. Esto jam\u00e1s lo vamos a admitir, es un tema serio, alguna vez mocion\u00e9 desde esta Banca la reuni\u00f3n de todos los estamentos que tienen que ver con la vida en sociedad, pero que abarca todas las problem\u00e1ticas de los flagelos, hasta las condiciones m\u00e1s dif\u00edciles que es la falta de alimentaci\u00f3n, de salud, de techo. Vuelvo a mocionarlo porque me parece que es fundamental que nosotros como Concejo Deliberante tomemos carta en este asunto. Es fundamental a la hora de que hemos ca\u00eddo progresivamente en un estancamiento y le dir\u00eda que\u00a0 en un deterioro hasta institucional para tratar estos casos. Los estamentos estancos de c\u00f3mo est\u00e1n trabajando en Tornquist preocupan y mucho. Lo hemos escuchado en reuniones que hemos estado tambi\u00e9n con el Presidentes, la verdad que debemos trabajar urgentemente en estos temas porque son temas no puntuales, no puntuales, ojala fueran puntuales. As\u00ed que mociono Sr. Presidente, vuelvo a mocionar, ya que lo he hecho en otras sesiones, de que convoquemos a todos los estamentos de este municipio, que tengan que ver con las problem\u00e1ticas sociales de nuestros ciudadanos. Vuelvo a repetir, podemos hablar de la seguridad, podemos hablar de la salud, podemos hablar de la educaci\u00f3n, todos tienen que ver con todos. Nada m\u00e1s Sr. Presidente\u201d.<br \/>\nAnte la consulta del Presidente del Concejo para mocionar la convocatoria a reuni\u00f3n, en relaci\u00f3n a las \u00e1reas a invitar,\u00a0 el Concejal Buitrago expresa:<br \/>\n\u201cTodos los estamentos desde la Secretar\u00eda de Acci\u00f3n Social, desde la parte, hoy de la Comisar\u00eda de la mujer, de todo lo que hace a la Secretar\u00eda de Seguridad que maneja, que lleva a su cargo el Dr. Carriquiry, me parece, porque cuando uno ve el problema, ve la problem\u00e1tica uno entiende que debe abordarse desde todos los lugares, y este municipio\u00a0 no tiene tantas \u00e1reas, pero todas ellas, en todas ellas debemos trabajar en conjunto, por eso pido que si estamos de acuerdo en esto, que nos sentemos, y que individualicemos a estas \u00e1reas para poder convocarlas de forma urgente\u201d.<br \/>\nSe aprueba por unanimidad la moci\u00f3n del Concejal Buitrago.<br \/>\nConcejal Patricia V\u00e1zquez:<br \/>\n\u201cYo creo que adem\u00e1s del gobierno todos somos parte de estar al servicio de los vecinos, adem\u00e1s del gobierno, los concejales, los legisladores, y bien, como lo dijo el Concejal Buitrago, por eso tenemos que estar todos trabajando, \u00bfno?, para esa situaci\u00f3n, pero adem\u00e1s yo celebro el trabajo que vienen realizando los profesionales que est\u00e1n a cargo del \u00e1rea de Acci\u00f3n Social, que lo hacen muy bien, y adem\u00e1s no me parece justo, no me gusta la manera de c\u00f3mo se dirige el Concejal Buitrago, ya casi el cuarto a\u00f1o de Concejal, me da la sensaci\u00f3n como que se usa a los vecinos, a mi me gustar\u00eda m\u00e1s, menos palabras y m\u00e1s hechos, nada m\u00e1s Sr. Presidente\u201d.<br \/>\nConcejal Horacio Buitrago:<br \/>\n\u201cSi, a mi tambi\u00e9n sinceramente creo que una Secretar\u00eda de Acci\u00f3n Social me gustar\u00eda verla mucho m\u00e1s en la calle, recorriendo los problemas y no esper\u00e1ndolos sentado. Yo creo que la verdad, es que, vuelvo a repetir, me molesta que se levante la bandera de la sensibilidad cuando no la tenemos, la verdad es que me molesta mucho, porque uno ve a diario la problem\u00e1tica del ciudadano, muchos ciudadanos de Tornquist, de muchos que est\u00e1n cayendo en la problem\u00e1tica porque lo vemos a diario, como se derrumban muchas cosas, y sobre todo el bienestar de la poblaci\u00f3n, me molesta mucho que se hable mucho, y que se haga poco. Nada m\u00e1s Sr. Presidente\u201d.<br \/>\nConcejal Patricia V\u00e1zquez:<br \/>\n\u201cPor eso mismo, no vamos a entrar en un debate, simplemente desde el lugar que le corresponde al Concejal Buitrago, menos palabras y m\u00e1s hechos, que es eso lo que necesitamos. Nada m\u00e1s Sr. Presidente\u201d.<br \/>\nConcejal Fabio Mart\u00ednez:<br \/>\n\u201cCreo que una de las formas en las que podr\u00edamos evitar que gente tenga casas cerradas hoy en d\u00eda, ser\u00eda que cuando se anuncia un barrio, lo podemos armar entre todos, creo que ser\u00eda bueno que lo haga el Concejo Deliberante en su conjunto, es que se publique el listado de ante mano de las personas que van a ser beneficiadas con dichas obras porque a su vez pueden ser buenos inspectores de las futuras casas que van a recibir. Nada m\u00e1s Sr. Presidente\u201d.<br \/>\nConcejal Gustavo Moroncini:<br \/>\n\u201cYo me quer\u00eda referir a las mociones que hab\u00eda hecho anteriormente el Concejal Buitrago, con respecto a la reuni\u00f3n por agroqu\u00edmicos \u00a0y con los arquitectos para el C\u00f3digo de Planeamiento y me gustar\u00eda tambi\u00e9n que sea aprobada por el Concejo\u201d.<br \/>\nSe aprueba por unanimidad la moci\u00f3n del Concejal Moroncini.<br \/>\nH.C.D.<\/p>\n","protected":false},"excerpt":{"rendered":"<p>httpv:\/\/www.youtube.com\/watch?v=RFrvWV9Y0Kw httpv:\/\/www.youtube.com\/watch?v=rKOsBWYIdcY INFORME SESI\u00d3N EXTRAORDINARIA DE FECHA 27 DE FEBRERO DE 2013 Aproximadamente a las 20 hs. del d\u00eda mi\u00e9rcoles 27 de febrero, \u00a0dio comienzo la Sesi\u00f3n Extraordinaria convocada seg\u00fan Decreto N\u00ba 06\/13. Previo a esta Sesi\u00f3n, los Sres. Concejales se reunieron con el Asesor Legal a cargo de la Secretar\u00eda de Seguridad Dr. Carlos [&hellip;]<\/p>\n","protected":false},"author":1,"featured_media":0,"comment_status":"closed","ping_status":"open","sticky":false,"template":"","format":"standard","meta":{"footnotes":""},"categories":[51,52,53,64],"tags":[],"class_list":["post-10522","post","type-post","status-publish","format-standard","hentry","category-comunidad","category-destacadas","category-politica","category-videos-destacados"],"yoast_head":"<!-- This site is optimized with the Yoast SEO plugin v19.7.1 - https:\/\/yoast.com\/wordpress\/plugins\/seo\/ -->\n<title>SESION EXTRAORDINARIA DEL HCD.: LA POLEMICA POR LOS DICHOS DE LA Dra. GOMEZ (opinan Skolak, Bordoni, Buitrago y Martinez) - CELTTV<\/title>\n<meta name=\"description\" content=\"Sitio web de noticias de la localidad de Tornquist, provincia de Buenos Aires, Rep\u00fablica Argentina. Contenido propio originado por periodistas de CELTTV, el canal de TV local de la Cooperativa El\u00e9ctrica de Tornquist. Turismo, Pol\u00edtica, Sociedad, Deporte, Cultura y todo el contenido de inter\u00e9s general que la gente del pueblo y la regi\u00f3n debe conocer.\" \/>\n<meta name=\"robots\" content=\"index, follow, max-snippet:-1, max-image-preview:large, max-video-preview:-1\" \/>\n<link rel=\"canonical\" href=\"https:\/\/www.celttv.com.ar\/index.php\/2013\/03\/05\/sesion-extraordinaria-del-hcd-la-polemica-por-los-dichos-de-la-dra-gomez-opinan-skolak-bordoni-buitrago-y-martinez\/\" \/>\n<meta property=\"og:locale\" content=\"es_ES\" \/>\n<meta property=\"og:type\" content=\"article\" \/>\n<meta property=\"og:title\" content=\"SESION EXTRAORDINARIA DEL HCD.: LA POLEMICA POR LOS DICHOS DE LA Dra. GOMEZ (opinan Skolak, Bordoni, Buitrago y Martinez) - CELTTV\" \/>\n<meta property=\"og:description\" content=\"Sitio web de noticias de la localidad de Tornquist, provincia de Buenos Aires, Rep\u00fablica Argentina. Contenido propio originado por periodistas de CELTTV, el canal de TV local de la Cooperativa El\u00e9ctrica de Tornquist. Turismo, Pol\u00edtica, Sociedad, Deporte, Cultura y todo el contenido de inter\u00e9s general que la gente del pueblo y la regi\u00f3n debe conocer.\" \/>\n<meta property=\"og:url\" content=\"https:\/\/www.celttv.com.ar\/index.php\/2013\/03\/05\/sesion-extraordinaria-del-hcd-la-polemica-por-los-dichos-de-la-dra-gomez-opinan-skolak-bordoni-buitrago-y-martinez\/\" \/>\n<meta property=\"og:site_name\" content=\"CELTTV\" \/>\n<meta property=\"article:publisher\" content=\"https:\/\/www.facebook.com\/celtTV\/\" \/>\n<meta property=\"article:published_time\" content=\"2013-03-05T19:18:07+00:00\" \/>\n<meta name=\"author\" content=\"ulises\" \/>\n<meta name=\"twitter:card\" content=\"summary_large_image\" \/>\n<meta name=\"twitter:label1\" content=\"Escrito por\" \/>\n\t<meta name=\"twitter:data1\" content=\"ulises\" \/>\n\t<meta name=\"twitter:label2\" content=\"Tiempo de lectura\" \/>\n\t<meta name=\"twitter:data2\" content=\"45 minutos\" \/>\n<script type=\"application\/ld+json\" class=\"yoast-schema-graph\">{\"@context\":\"https:\/\/schema.org\",\"@graph\":[{\"@type\":\"NewsArticle\",\"@id\":\"https:\/\/www.celttv.com.ar\/index.php\/2013\/03\/05\/sesion-extraordinaria-del-hcd-la-polemica-por-los-dichos-de-la-dra-gomez-opinan-skolak-bordoni-buitrago-y-martinez\/#article\",\"isPartOf\":{\"@id\":\"https:\/\/www.celttv.com.ar\/index.php\/2013\/03\/05\/sesion-extraordinaria-del-hcd-la-polemica-por-los-dichos-de-la-dra-gomez-opinan-skolak-bordoni-buitrago-y-martinez\/\"},\"author\":{\"name\":\"ulises\",\"@id\":\"https:\/\/www.celttv.com.ar\/#\/schema\/person\/6d99c072dba59953809c81446e9d0ace\"},\"headline\":\"SESION EXTRAORDINARIA DEL HCD.: LA POLEMICA POR LOS DICHOS DE LA Dra. GOMEZ (opinan Skolak, Bordoni, Buitrago y Martinez)\",\"datePublished\":\"2013-03-05T19:18:07+00:00\",\"dateModified\":\"2013-03-05T19:18:07+00:00\",\"mainEntityOfPage\":{\"@id\":\"https:\/\/www.celttv.com.ar\/index.php\/2013\/03\/05\/sesion-extraordinaria-del-hcd-la-polemica-por-los-dichos-de-la-dra-gomez-opinan-skolak-bordoni-buitrago-y-martinez\/\"},\"wordCount\":9082,\"publisher\":{\"@id\":\"https:\/\/www.celttv.com.ar\/#organization\"},\"articleSection\":[\"Comunidad\",\"Destacadas\",\"Pol\u00edtica\",\"Videos Destacados\"],\"inLanguage\":\"es\"},{\"@type\":\"WebPage\",\"@id\":\"https:\/\/www.celttv.com.ar\/index.php\/2013\/03\/05\/sesion-extraordinaria-del-hcd-la-polemica-por-los-dichos-de-la-dra-gomez-opinan-skolak-bordoni-buitrago-y-martinez\/\",\"url\":\"https:\/\/www.celttv.com.ar\/index.php\/2013\/03\/05\/sesion-extraordinaria-del-hcd-la-polemica-por-los-dichos-de-la-dra-gomez-opinan-skolak-bordoni-buitrago-y-martinez\/\",\"name\":\"SESION EXTRAORDINARIA DEL HCD.: LA POLEMICA POR LOS DICHOS DE LA Dra. GOMEZ (opinan Skolak, Bordoni, Buitrago y Martinez) - CELTTV\",\"isPartOf\":{\"@id\":\"https:\/\/www.celttv.com.ar\/#website\"},\"datePublished\":\"2013-03-05T19:18:07+00:00\",\"dateModified\":\"2013-03-05T19:18:07+00:00\",\"description\":\"Sitio web de noticias de la localidad de Tornquist, provincia de Buenos Aires, Rep\u00fablica Argentina. Contenido propio originado por periodistas de CELTTV, el canal de TV local de la Cooperativa El\u00e9ctrica de Tornquist. Turismo, Pol\u00edtica, Sociedad, Deporte, Cultura y todo el contenido de inter\u00e9s general que la gente del pueblo y la regi\u00f3n debe conocer.\",\"breadcrumb\":{\"@id\":\"https:\/\/www.celttv.com.ar\/index.php\/2013\/03\/05\/sesion-extraordinaria-del-hcd-la-polemica-por-los-dichos-de-la-dra-gomez-opinan-skolak-bordoni-buitrago-y-martinez\/#breadcrumb\"},\"inLanguage\":\"es\",\"potentialAction\":[{\"@type\":\"ReadAction\",\"target\":[\"https:\/\/www.celttv.com.ar\/index.php\/2013\/03\/05\/sesion-extraordinaria-del-hcd-la-polemica-por-los-dichos-de-la-dra-gomez-opinan-skolak-bordoni-buitrago-y-martinez\/\"]}]},{\"@type\":\"BreadcrumbList\",\"@id\":\"https:\/\/www.celttv.com.ar\/index.php\/2013\/03\/05\/sesion-extraordinaria-del-hcd-la-polemica-por-los-dichos-de-la-dra-gomez-opinan-skolak-bordoni-buitrago-y-martinez\/#breadcrumb\",\"itemListElement\":[{\"@type\":\"ListItem\",\"position\":1,\"name\":\"Inicio\",\"item\":\"https:\/\/www.celttv.com.ar\/\"},{\"@type\":\"ListItem\",\"position\":2,\"name\":\"SESION EXTRAORDINARIA DEL HCD.: LA POLEMICA POR LOS DICHOS DE LA Dra. GOMEZ (opinan Skolak, Bordoni, Buitrago y Martinez)\"}]},{\"@type\":\"WebSite\",\"@id\":\"https:\/\/www.celttv.com.ar\/#website\",\"url\":\"https:\/\/www.celttv.com.ar\/\",\"name\":\"CELTTV\",\"description\":\"Cooperativa El\u00e9ctrica de Tornquist\",\"publisher\":{\"@id\":\"https:\/\/www.celttv.com.ar\/#organization\"},\"potentialAction\":[{\"@type\":\"SearchAction\",\"target\":{\"@type\":\"EntryPoint\",\"urlTemplate\":\"https:\/\/www.celttv.com.ar\/?s={search_term_string}\"},\"query-input\":\"required name=search_term_string\"}],\"inLanguage\":\"es\"},{\"@type\":\"Organization\",\"@id\":\"https:\/\/www.celttv.com.ar\/#organization\",\"name\":\"CELTTV\",\"url\":\"https:\/\/www.celttv.com.ar\/\",\"sameAs\":[\"https:\/\/www.youtube.com\/channel\/UCz_oIt8Hig64Ub-EmcNPIhg\",\"https:\/\/www.facebook.com\/celtTV\/\"],\"logo\":{\"@type\":\"ImageObject\",\"inLanguage\":\"es\",\"@id\":\"https:\/\/www.celttv.com.ar\/#\/schema\/logo\/image\/\",\"url\":\"http:\/\/www.celttv.com.ar\/wp-content\/uploads\/2022\/08\/logo-1.png\",\"contentUrl\":\"http:\/\/www.celttv.com.ar\/wp-content\/uploads\/2022\/08\/logo-1.png\",\"width\":461,\"height\":159,\"caption\":\"CELTTV\"},\"image\":{\"@id\":\"https:\/\/www.celttv.com.ar\/#\/schema\/logo\/image\/\"}},{\"@type\":\"Person\",\"@id\":\"https:\/\/www.celttv.com.ar\/#\/schema\/person\/6d99c072dba59953809c81446e9d0ace\",\"name\":\"ulises\",\"image\":{\"@type\":\"ImageObject\",\"inLanguage\":\"es\",\"@id\":\"https:\/\/www.celttv.com.ar\/#\/schema\/person\/image\/\",\"url\":\"https:\/\/secure.gravatar.com\/avatar\/7f2c48bdc33b30088f941fb6082e555f2874c98e20cb159d7b92b50eadfce793?s=96&d=mm&r=g\",\"contentUrl\":\"https:\/\/secure.gravatar.com\/avatar\/7f2c48bdc33b30088f941fb6082e555f2874c98e20cb159d7b92b50eadfce793?s=96&d=mm&r=g\",\"caption\":\"ulises\"},\"sameAs\":[\"http:\/\/www.celttv.com.ar\"]}]}<\/script>\n<!-- \/ Yoast SEO plugin. -->","yoast_head_json":{"title":"SESION EXTRAORDINARIA DEL HCD.: LA POLEMICA POR LOS DICHOS DE LA Dra. GOMEZ (opinan Skolak, Bordoni, Buitrago y Martinez) - CELTTV","description":"Sitio web de noticias de la localidad de Tornquist, provincia de Buenos Aires, Rep\u00fablica Argentina. Contenido propio originado por periodistas de CELTTV, el canal de TV local de la Cooperativa El\u00e9ctrica de Tornquist. Turismo, Pol\u00edtica, Sociedad, Deporte, Cultura y todo el contenido de inter\u00e9s general que la gente del pueblo y la regi\u00f3n debe conocer.","robots":{"index":"index","follow":"follow","max-snippet":"max-snippet:-1","max-image-preview":"max-image-preview:large","max-video-preview":"max-video-preview:-1"},"canonical":"https:\/\/www.celttv.com.ar\/index.php\/2013\/03\/05\/sesion-extraordinaria-del-hcd-la-polemica-por-los-dichos-de-la-dra-gomez-opinan-skolak-bordoni-buitrago-y-martinez\/","og_locale":"es_ES","og_type":"article","og_title":"SESION EXTRAORDINARIA DEL HCD.: LA POLEMICA POR LOS DICHOS DE LA Dra. GOMEZ (opinan Skolak, Bordoni, Buitrago y Martinez) - CELTTV","og_description":"Sitio web de noticias de la localidad de Tornquist, provincia de Buenos Aires, Rep\u00fablica Argentina. Contenido propio originado por periodistas de CELTTV, el canal de TV local de la Cooperativa El\u00e9ctrica de Tornquist. Turismo, Pol\u00edtica, Sociedad, Deporte, Cultura y todo el contenido de inter\u00e9s general que la gente del pueblo y la regi\u00f3n debe conocer.","og_url":"https:\/\/www.celttv.com.ar\/index.php\/2013\/03\/05\/sesion-extraordinaria-del-hcd-la-polemica-por-los-dichos-de-la-dra-gomez-opinan-skolak-bordoni-buitrago-y-martinez\/","og_site_name":"CELTTV","article_publisher":"https:\/\/www.facebook.com\/celtTV\/","article_published_time":"2013-03-05T19:18:07+00:00","author":"ulises","twitter_card":"summary_large_image","twitter_misc":{"Escrito por":"ulises","Tiempo de lectura":"45 minutos"},"schema":{"@context":"https:\/\/schema.org","@graph":[{"@type":"NewsArticle","@id":"https:\/\/www.celttv.com.ar\/index.php\/2013\/03\/05\/sesion-extraordinaria-del-hcd-la-polemica-por-los-dichos-de-la-dra-gomez-opinan-skolak-bordoni-buitrago-y-martinez\/#article","isPartOf":{"@id":"https:\/\/www.celttv.com.ar\/index.php\/2013\/03\/05\/sesion-extraordinaria-del-hcd-la-polemica-por-los-dichos-de-la-dra-gomez-opinan-skolak-bordoni-buitrago-y-martinez\/"},"author":{"name":"ulises","@id":"https:\/\/www.celttv.com.ar\/#\/schema\/person\/6d99c072dba59953809c81446e9d0ace"},"headline":"SESION EXTRAORDINARIA DEL HCD.: LA POLEMICA POR LOS DICHOS DE LA Dra. GOMEZ (opinan Skolak, Bordoni, Buitrago y Martinez)","datePublished":"2013-03-05T19:18:07+00:00","dateModified":"2013-03-05T19:18:07+00:00","mainEntityOfPage":{"@id":"https:\/\/www.celttv.com.ar\/index.php\/2013\/03\/05\/sesion-extraordinaria-del-hcd-la-polemica-por-los-dichos-de-la-dra-gomez-opinan-skolak-bordoni-buitrago-y-martinez\/"},"wordCount":9082,"publisher":{"@id":"https:\/\/www.celttv.com.ar\/#organization"},"articleSection":["Comunidad","Destacadas","Pol\u00edtica","Videos Destacados"],"inLanguage":"es"},{"@type":"WebPage","@id":"https:\/\/www.celttv.com.ar\/index.php\/2013\/03\/05\/sesion-extraordinaria-del-hcd-la-polemica-por-los-dichos-de-la-dra-gomez-opinan-skolak-bordoni-buitrago-y-martinez\/","url":"https:\/\/www.celttv.com.ar\/index.php\/2013\/03\/05\/sesion-extraordinaria-del-hcd-la-polemica-por-los-dichos-de-la-dra-gomez-opinan-skolak-bordoni-buitrago-y-martinez\/","name":"SESION EXTRAORDINARIA DEL HCD.: LA POLEMICA POR LOS DICHOS DE LA Dra. GOMEZ (opinan Skolak, Bordoni, Buitrago y Martinez) - CELTTV","isPartOf":{"@id":"https:\/\/www.celttv.com.ar\/#website"},"datePublished":"2013-03-05T19:18:07+00:00","dateModified":"2013-03-05T19:18:07+00:00","description":"Sitio web de noticias de la localidad de Tornquist, provincia de Buenos Aires, Rep\u00fablica Argentina. Contenido propio originado por periodistas de CELTTV, el canal de TV local de la Cooperativa El\u00e9ctrica de Tornquist. Turismo, Pol\u00edtica, Sociedad, Deporte, Cultura y todo el contenido de inter\u00e9s general que la gente del pueblo y la regi\u00f3n debe conocer.","breadcrumb":{"@id":"https:\/\/www.celttv.com.ar\/index.php\/2013\/03\/05\/sesion-extraordinaria-del-hcd-la-polemica-por-los-dichos-de-la-dra-gomez-opinan-skolak-bordoni-buitrago-y-martinez\/#breadcrumb"},"inLanguage":"es","potentialAction":[{"@type":"ReadAction","target":["https:\/\/www.celttv.com.ar\/index.php\/2013\/03\/05\/sesion-extraordinaria-del-hcd-la-polemica-por-los-dichos-de-la-dra-gomez-opinan-skolak-bordoni-buitrago-y-martinez\/"]}]},{"@type":"BreadcrumbList","@id":"https:\/\/www.celttv.com.ar\/index.php\/2013\/03\/05\/sesion-extraordinaria-del-hcd-la-polemica-por-los-dichos-de-la-dra-gomez-opinan-skolak-bordoni-buitrago-y-martinez\/#breadcrumb","itemListElement":[{"@type":"ListItem","position":1,"name":"Inicio","item":"https:\/\/www.celttv.com.ar\/"},{"@type":"ListItem","position":2,"name":"SESION EXTRAORDINARIA DEL HCD.: LA POLEMICA POR LOS DICHOS DE LA Dra. GOMEZ (opinan Skolak, Bordoni, Buitrago y Martinez)"}]},{"@type":"WebSite","@id":"https:\/\/www.celttv.com.ar\/#website","url":"https:\/\/www.celttv.com.ar\/","name":"CELTTV","description":"Cooperativa El\u00e9ctrica de Tornquist","publisher":{"@id":"https:\/\/www.celttv.com.ar\/#organization"},"potentialAction":[{"@type":"SearchAction","target":{"@type":"EntryPoint","urlTemplate":"https:\/\/www.celttv.com.ar\/?s={search_term_string}"},"query-input":"required name=search_term_string"}],"inLanguage":"es"},{"@type":"Organization","@id":"https:\/\/www.celttv.com.ar\/#organization","name":"CELTTV","url":"https:\/\/www.celttv.com.ar\/","sameAs":["https:\/\/www.youtube.com\/channel\/UCz_oIt8Hig64Ub-EmcNPIhg","https:\/\/www.facebook.com\/celtTV\/"],"logo":{"@type":"ImageObject","inLanguage":"es","@id":"https:\/\/www.celttv.com.ar\/#\/schema\/logo\/image\/","url":"http:\/\/www.celttv.com.ar\/wp-content\/uploads\/2022\/08\/logo-1.png","contentUrl":"http:\/\/www.celttv.com.ar\/wp-content\/uploads\/2022\/08\/logo-1.png","width":461,"height":159,"caption":"CELTTV"},"image":{"@id":"https:\/\/www.celttv.com.ar\/#\/schema\/logo\/image\/"}},{"@type":"Person","@id":"https:\/\/www.celttv.com.ar\/#\/schema\/person\/6d99c072dba59953809c81446e9d0ace","name":"ulises","image":{"@type":"ImageObject","inLanguage":"es","@id":"https:\/\/www.celttv.com.ar\/#\/schema\/person\/image\/","url":"https:\/\/secure.gravatar.com\/avatar\/7f2c48bdc33b30088f941fb6082e555f2874c98e20cb159d7b92b50eadfce793?s=96&d=mm&r=g","contentUrl":"https:\/\/secure.gravatar.com\/avatar\/7f2c48bdc33b30088f941fb6082e555f2874c98e20cb159d7b92b50eadfce793?s=96&d=mm&r=g","caption":"ulises"},"sameAs":["http:\/\/www.celttv.com.ar"]}]}},"_links":{"self":[{"href":"https:\/\/www.celttv.com.ar\/index.php\/wp-json\/wp\/v2\/posts\/10522","targetHints":{"allow":["GET"]}}],"collection":[{"href":"https:\/\/www.celttv.com.ar\/index.php\/wp-json\/wp\/v2\/posts"}],"about":[{"href":"https:\/\/www.celttv.com.ar\/index.php\/wp-json\/wp\/v2\/types\/post"}],"author":[{"embeddable":true,"href":"https:\/\/www.celttv.com.ar\/index.php\/wp-json\/wp\/v2\/users\/1"}],"replies":[{"embeddable":true,"href":"https:\/\/www.celttv.com.ar\/index.php\/wp-json\/wp\/v2\/comments?post=10522"}],"version-history":[{"count":0,"href":"https:\/\/www.celttv.com.ar\/index.php\/wp-json\/wp\/v2\/posts\/10522\/revisions"}],"wp:attachment":[{"href":"https:\/\/www.celttv.com.ar\/index.php\/wp-json\/wp\/v2\/media?parent=10522"}],"wp:term":[{"taxonomy":"category","embeddable":true,"href":"https:\/\/www.celttv.com.ar\/index.php\/wp-json\/wp\/v2\/categories?post=10522"},{"taxonomy":"post_tag","embeddable":true,"href":"https:\/\/www.celttv.com.ar\/index.php\/wp-json\/wp\/v2\/tags?post=10522"}],"curies":[{"name":"wp","href":"https:\/\/api.w.org\/{rel}","templated":true}]}}