{"id":10529,"date":"2013-03-05T20:50:13","date_gmt":"2013-03-05T20:50:13","guid":{"rendered":"http:\/\/www.tvcnoticias.com.ar\/?p=10529"},"modified":"2013-03-05T20:50:13","modified_gmt":"2013-03-05T20:50:13","slug":"la-mancha-de-rolando-una-de-las-atracciones-de-la-fiesta-provincial-de-la-vendimia","status":"publish","type":"post","link":"https:\/\/www.celttv.com.ar\/index.php\/2013\/03\/05\/la-mancha-de-rolando-una-de-las-atracciones-de-la-fiesta-provincial-de-la-vendimia\/","title":{"rendered":"&#8220;LA MANCHA DE ROLANDO&#8221;, UNA DE LAS ATRACCIONES DE LA FIESTA PROVINCIAL DE LA VENDIMIA"},"content":{"rendered":"<p><br \/>\nPoco a poco se va completando la grilla de artistas que animar\u00e1n la 2\u00aa Fiesta Provincial de la Vendimia, que se realizar\u00e1 el s\u00e1bado 23 y el domingo 24 del corriente en el predio del Club Hotel de la Ventana, en la localidad de Villa Ventana, bajo la organizaci\u00f3n de la Secretar\u00eda de Turismo, Cultura y Deportes de la Municipalidad de Tornquist.<br \/>\n\u00a0\u00a0 En las \u00faltimas horas, se confirm\u00f3 la presencia de una de las bandas de rock m\u00e1s escuchadas de la actualidad: La Mancha de Rolando. El grupo surgido en Avellaneda ser\u00e1 el espect\u00e1culo central de la jornada inaugural, con un repertorio en el cual repasar\u00e1 sus temas cl\u00e1sicos y algunas canciones de su nuevo trabajo, llamado \u201cLos Libres\u201d.<br \/>\n\u00a0\u00a0 La banda liderada por Manuel Quieto le pondr\u00e1 un toque de distinci\u00f3n a la tarde-noche sabatina, que al igual que en la primera edici\u00f3n albergar\u00e1 numerosos atractivos culturales, art\u00edsticos, recreativos y gastron\u00f3micos.<br \/>\n\u00a0\u00a0 Para acompa\u00f1ar a La Mancha de Rolando, al escenario que se erigir\u00e1 en el espectacular predio se subir\u00e1, adem\u00e1s, el grupo de rock local La Morocha, uno de los preferidos de los habitantes de distrito. A ellos se les sumar\u00e1 Plan B, de Bah\u00eda Blanca, con covers de temas de los \u00b480.<br \/>\n\u00a0\u00a0 La Fiesta de la Vendimia no s\u00f3lo rondar\u00e1 alrededor de los espect\u00e1culos musicales. A las propuestas art\u00edsticas se le sumar\u00e1 la exposici\u00f3n de las bodegas y productores de vinos del distrito y la regi\u00f3n, que propondr\u00e1n catas y visitas guiadas.<br \/>\n\u00a0\u00a0 La propuesta contendr\u00e1 tambi\u00e9n un patio de comidas, que tendr\u00e1 una variada oferta gastron\u00f3mica, un paseo de artesanos, excursiones a las ruinas del Club Hotel y catas y maridaje.<br \/>\n\u00a0\u00a0 Una de las fiestas m\u00e1s esperadas de la regi\u00f3n va tomando forma. En las pr\u00f3ximas horas se confirmar\u00e1n m\u00e1s propuestas y atracciones.<\/p>\n","protected":false},"excerpt":{"rendered":"<p>Poco a poco se va completando la grilla de artistas que animar\u00e1n la 2\u00aa Fiesta Provincial de la Vendimia, que se realizar\u00e1 el s\u00e1bado 23 y el domingo 24 del corriente en el predio del Club Hotel de la Ventana, en la localidad de Villa Ventana, bajo la organizaci\u00f3n de la Secretar\u00eda de Turismo, Cultura [&hellip;]<\/p>\n","protected":false},"author":1,"featured_media":0,"comment_status":"closed","ping_status":"open","sticky":false,"template":"","format":"standard","meta":{"footnotes":""},"categories":[51,52,56,53],"tags":[],"class_list":["post-10529","post","type-post","status-publish","format-standard","hentry","category-comunidad","category-destacadas","category-espectaculos","category-politica"],"yoast_head":"<!-- This site is optimized with the Yoast SEO plugin v19.7.1 - https:\/\/yoast.com\/wordpress\/plugins\/seo\/ -->\n<title>&quot;LA MANCHA DE ROLANDO&quot;, UNA DE LAS ATRACCIONES DE LA FIESTA PROVINCIAL DE LA VENDIMIA - CELTTV<\/title>\n<meta name=\"description\" content=\"Sitio web de noticias de la localidad de Tornquist, provincia de Buenos Aires, Rep\u00fablica Argentina. Contenido propio originado por periodistas de CELTTV, el canal de TV local de la Cooperativa El\u00e9ctrica de Tornquist. Turismo, Pol\u00edtica, Sociedad, Deporte, Cultura y todo el contenido de inter\u00e9s general que la gente del pueblo y la regi\u00f3n debe conocer.\" \/>\n<meta name=\"robots\" content=\"index, follow, max-snippet:-1, max-image-preview:large, max-video-preview:-1\" \/>\n<link rel=\"canonical\" href=\"https:\/\/www.celttv.com.ar\/index.php\/2013\/03\/05\/la-mancha-de-rolando-una-de-las-atracciones-de-la-fiesta-provincial-de-la-vendimia\/\" \/>\n<meta property=\"og:locale\" content=\"es_ES\" \/>\n<meta property=\"og:type\" content=\"article\" \/>\n<meta property=\"og:title\" content=\"&quot;LA MANCHA DE ROLANDO&quot;, UNA DE LAS ATRACCIONES DE LA FIESTA PROVINCIAL DE LA VENDIMIA - CELTTV\" \/>\n<meta property=\"og:description\" content=\"Sitio web de noticias de la localidad de Tornquist, provincia de Buenos Aires, Rep\u00fablica Argentina. Contenido propio originado por periodistas de CELTTV, el canal de TV local de la Cooperativa El\u00e9ctrica de Tornquist. Turismo, Pol\u00edtica, Sociedad, Deporte, Cultura y todo el contenido de inter\u00e9s general que la gente del pueblo y la regi\u00f3n debe conocer.\" \/>\n<meta property=\"og:url\" content=\"https:\/\/www.celttv.com.ar\/index.php\/2013\/03\/05\/la-mancha-de-rolando-una-de-las-atracciones-de-la-fiesta-provincial-de-la-vendimia\/\" \/>\n<meta property=\"og:site_name\" content=\"CELTTV\" \/>\n<meta property=\"article:publisher\" content=\"https:\/\/www.facebook.com\/celtTV\/\" \/>\n<meta property=\"article:published_time\" content=\"2013-03-05T20:50:13+00:00\" \/>\n<meta name=\"author\" content=\"ulises\" \/>\n<meta name=\"twitter:card\" content=\"summary_large_image\" \/>\n<meta name=\"twitter:label1\" content=\"Escrito por\" \/>\n\t<meta name=\"twitter:data1\" content=\"ulises\" \/>\n\t<meta name=\"twitter:label2\" content=\"Tiempo de lectura\" \/>\n\t<meta name=\"twitter:data2\" content=\"2 minutos\" \/>\n<script type=\"application\/ld+json\" class=\"yoast-schema-graph\">{\"@context\":\"https:\/\/schema.org\",\"@graph\":[{\"@type\":\"NewsArticle\",\"@id\":\"https:\/\/www.celttv.com.ar\/index.php\/2013\/03\/05\/la-mancha-de-rolando-una-de-las-atracciones-de-la-fiesta-provincial-de-la-vendimia\/#article\",\"isPartOf\":{\"@id\":\"https:\/\/www.celttv.com.ar\/index.php\/2013\/03\/05\/la-mancha-de-rolando-una-de-las-atracciones-de-la-fiesta-provincial-de-la-vendimia\/\"},\"author\":{\"name\":\"ulises\",\"@id\":\"https:\/\/www.celttv.com.ar\/#\/schema\/person\/6d99c072dba59953809c81446e9d0ace\"},\"headline\":\"&#8220;LA MANCHA DE ROLANDO&#8221;, UNA DE LAS ATRACCIONES DE LA FIESTA PROVINCIAL DE LA VENDIMIA\",\"datePublished\":\"2013-03-05T20:50:13+00:00\",\"dateModified\":\"2013-03-05T20:50:13+00:00\",\"mainEntityOfPage\":{\"@id\":\"https:\/\/www.celttv.com.ar\/index.php\/2013\/03\/05\/la-mancha-de-rolando-una-de-las-atracciones-de-la-fiesta-provincial-de-la-vendimia\/\"},\"wordCount\":336,\"publisher\":{\"@id\":\"https:\/\/www.celttv.com.ar\/#organization\"},\"articleSection\":[\"Comunidad\",\"Destacadas\",\"Espect\u00e1culos\",\"Pol\u00edtica\"],\"inLanguage\":\"es\"},{\"@type\":\"WebPage\",\"@id\":\"https:\/\/www.celttv.com.ar\/index.php\/2013\/03\/05\/la-mancha-de-rolando-una-de-las-atracciones-de-la-fiesta-provincial-de-la-vendimia\/\",\"url\":\"https:\/\/www.celttv.com.ar\/index.php\/2013\/03\/05\/la-mancha-de-rolando-una-de-las-atracciones-de-la-fiesta-provincial-de-la-vendimia\/\",\"name\":\"\\\"LA MANCHA DE ROLANDO\\\", UNA DE LAS ATRACCIONES DE LA FIESTA PROVINCIAL DE LA VENDIMIA - CELTTV\",\"isPartOf\":{\"@id\":\"https:\/\/www.celttv.com.ar\/#website\"},\"datePublished\":\"2013-03-05T20:50:13+00:00\",\"dateModified\":\"2013-03-05T20:50:13+00:00\",\"description\":\"Sitio web de noticias de la localidad de Tornquist, provincia de Buenos Aires, Rep\u00fablica Argentina. Contenido propio originado por periodistas de CELTTV, el canal de TV local de la Cooperativa El\u00e9ctrica de Tornquist. Turismo, Pol\u00edtica, Sociedad, Deporte, Cultura y todo el contenido de inter\u00e9s general que la gente del pueblo y la regi\u00f3n debe conocer.\",\"breadcrumb\":{\"@id\":\"https:\/\/www.celttv.com.ar\/index.php\/2013\/03\/05\/la-mancha-de-rolando-una-de-las-atracciones-de-la-fiesta-provincial-de-la-vendimia\/#breadcrumb\"},\"inLanguage\":\"es\",\"potentialAction\":[{\"@type\":\"ReadAction\",\"target\":[\"https:\/\/www.celttv.com.ar\/index.php\/2013\/03\/05\/la-mancha-de-rolando-una-de-las-atracciones-de-la-fiesta-provincial-de-la-vendimia\/\"]}]},{\"@type\":\"BreadcrumbList\",\"@id\":\"https:\/\/www.celttv.com.ar\/index.php\/2013\/03\/05\/la-mancha-de-rolando-una-de-las-atracciones-de-la-fiesta-provincial-de-la-vendimia\/#breadcrumb\",\"itemListElement\":[{\"@type\":\"ListItem\",\"position\":1,\"name\":\"Inicio\",\"item\":\"https:\/\/www.celttv.com.ar\/\"},{\"@type\":\"ListItem\",\"position\":2,\"name\":\"&#8220;LA MANCHA DE ROLANDO&#8221;, UNA DE LAS ATRACCIONES DE LA FIESTA PROVINCIAL DE LA VENDIMIA\"}]},{\"@type\":\"WebSite\",\"@id\":\"https:\/\/www.celttv.com.ar\/#website\",\"url\":\"https:\/\/www.celttv.com.ar\/\",\"name\":\"CELTTV\",\"description\":\"Cooperativa El\u00e9ctrica de Tornquist\",\"publisher\":{\"@id\":\"https:\/\/www.celttv.com.ar\/#organization\"},\"potentialAction\":[{\"@type\":\"SearchAction\",\"target\":{\"@type\":\"EntryPoint\",\"urlTemplate\":\"https:\/\/www.celttv.com.ar\/?s={search_term_string}\"},\"query-input\":\"required name=search_term_string\"}],\"inLanguage\":\"es\"},{\"@type\":\"Organization\",\"@id\":\"https:\/\/www.celttv.com.ar\/#organization\",\"name\":\"CELTTV\",\"url\":\"https:\/\/www.celttv.com.ar\/\",\"sameAs\":[\"https:\/\/www.youtube.com\/channel\/UCz_oIt8Hig64Ub-EmcNPIhg\",\"https:\/\/www.facebook.com\/celtTV\/\"],\"logo\":{\"@type\":\"ImageObject\",\"inLanguage\":\"es\",\"@id\":\"https:\/\/www.celttv.com.ar\/#\/schema\/logo\/image\/\",\"url\":\"http:\/\/www.celttv.com.ar\/wp-content\/uploads\/2022\/08\/logo-1.png\",\"contentUrl\":\"http:\/\/www.celttv.com.ar\/wp-content\/uploads\/2022\/08\/logo-1.png\",\"width\":461,\"height\":159,\"caption\":\"CELTTV\"},\"image\":{\"@id\":\"https:\/\/www.celttv.com.ar\/#\/schema\/logo\/image\/\"}},{\"@type\":\"Person\",\"@id\":\"https:\/\/www.celttv.com.ar\/#\/schema\/person\/6d99c072dba59953809c81446e9d0ace\",\"name\":\"ulises\",\"image\":{\"@type\":\"ImageObject\",\"inLanguage\":\"es\",\"@id\":\"https:\/\/www.celttv.com.ar\/#\/schema\/person\/image\/\",\"url\":\"https:\/\/secure.gravatar.com\/avatar\/7f2c48bdc33b30088f941fb6082e555f2874c98e20cb159d7b92b50eadfce793?s=96&d=mm&r=g\",\"contentUrl\":\"https:\/\/secure.gravatar.com\/avatar\/7f2c48bdc33b30088f941fb6082e555f2874c98e20cb159d7b92b50eadfce793?s=96&d=mm&r=g\",\"caption\":\"ulises\"},\"sameAs\":[\"http:\/\/www.celttv.com.ar\"]}]}<\/script>\n<!-- \/ Yoast SEO plugin. -->","yoast_head_json":{"title":"\"LA MANCHA DE ROLANDO\", UNA DE LAS ATRACCIONES DE LA FIESTA PROVINCIAL DE LA VENDIMIA - CELTTV","description":"Sitio web de noticias de la localidad de Tornquist, provincia de Buenos Aires, Rep\u00fablica Argentina. Contenido propio originado por periodistas de CELTTV, el canal de TV local de la Cooperativa El\u00e9ctrica de Tornquist. Turismo, Pol\u00edtica, Sociedad, Deporte, Cultura y todo el contenido de inter\u00e9s general que la gente del pueblo y la regi\u00f3n debe conocer.","robots":{"index":"index","follow":"follow","max-snippet":"max-snippet:-1","max-image-preview":"max-image-preview:large","max-video-preview":"max-video-preview:-1"},"canonical":"https:\/\/www.celttv.com.ar\/index.php\/2013\/03\/05\/la-mancha-de-rolando-una-de-las-atracciones-de-la-fiesta-provincial-de-la-vendimia\/","og_locale":"es_ES","og_type":"article","og_title":"\"LA MANCHA DE ROLANDO\", UNA DE LAS ATRACCIONES DE LA FIESTA PROVINCIAL DE LA VENDIMIA - CELTTV","og_description":"Sitio web de noticias de la localidad de Tornquist, provincia de Buenos Aires, Rep\u00fablica Argentina. Contenido propio originado por periodistas de CELTTV, el canal de TV local de la Cooperativa El\u00e9ctrica de Tornquist. Turismo, Pol\u00edtica, Sociedad, Deporte, Cultura y todo el contenido de inter\u00e9s general que la gente del pueblo y la regi\u00f3n debe conocer.","og_url":"https:\/\/www.celttv.com.ar\/index.php\/2013\/03\/05\/la-mancha-de-rolando-una-de-las-atracciones-de-la-fiesta-provincial-de-la-vendimia\/","og_site_name":"CELTTV","article_publisher":"https:\/\/www.facebook.com\/celtTV\/","article_published_time":"2013-03-05T20:50:13+00:00","author":"ulises","twitter_card":"summary_large_image","twitter_misc":{"Escrito por":"ulises","Tiempo de lectura":"2 minutos"},"schema":{"@context":"https:\/\/schema.org","@graph":[{"@type":"NewsArticle","@id":"https:\/\/www.celttv.com.ar\/index.php\/2013\/03\/05\/la-mancha-de-rolando-una-de-las-atracciones-de-la-fiesta-provincial-de-la-vendimia\/#article","isPartOf":{"@id":"https:\/\/www.celttv.com.ar\/index.php\/2013\/03\/05\/la-mancha-de-rolando-una-de-las-atracciones-de-la-fiesta-provincial-de-la-vendimia\/"},"author":{"name":"ulises","@id":"https:\/\/www.celttv.com.ar\/#\/schema\/person\/6d99c072dba59953809c81446e9d0ace"},"headline":"&#8220;LA MANCHA DE ROLANDO&#8221;, UNA DE LAS ATRACCIONES DE LA FIESTA PROVINCIAL DE LA VENDIMIA","datePublished":"2013-03-05T20:50:13+00:00","dateModified":"2013-03-05T20:50:13+00:00","mainEntityOfPage":{"@id":"https:\/\/www.celttv.com.ar\/index.php\/2013\/03\/05\/la-mancha-de-rolando-una-de-las-atracciones-de-la-fiesta-provincial-de-la-vendimia\/"},"wordCount":336,"publisher":{"@id":"https:\/\/www.celttv.com.ar\/#organization"},"articleSection":["Comunidad","Destacadas","Espect\u00e1culos","Pol\u00edtica"],"inLanguage":"es"},{"@type":"WebPage","@id":"https:\/\/www.celttv.com.ar\/index.php\/2013\/03\/05\/la-mancha-de-rolando-una-de-las-atracciones-de-la-fiesta-provincial-de-la-vendimia\/","url":"https:\/\/www.celttv.com.ar\/index.php\/2013\/03\/05\/la-mancha-de-rolando-una-de-las-atracciones-de-la-fiesta-provincial-de-la-vendimia\/","name":"\"LA MANCHA DE ROLANDO\", UNA DE LAS ATRACCIONES DE LA FIESTA PROVINCIAL DE LA VENDIMIA - CELTTV","isPartOf":{"@id":"https:\/\/www.celttv.com.ar\/#website"},"datePublished":"2013-03-05T20:50:13+00:00","dateModified":"2013-03-05T20:50:13+00:00","description":"Sitio web de noticias de la localidad de Tornquist, provincia de Buenos Aires, Rep\u00fablica Argentina. Contenido propio originado por periodistas de CELTTV, el canal de TV local de la Cooperativa El\u00e9ctrica de Tornquist. Turismo, Pol\u00edtica, Sociedad, Deporte, Cultura y todo el contenido de inter\u00e9s general que la gente del pueblo y la regi\u00f3n debe conocer.","breadcrumb":{"@id":"https:\/\/www.celttv.com.ar\/index.php\/2013\/03\/05\/la-mancha-de-rolando-una-de-las-atracciones-de-la-fiesta-provincial-de-la-vendimia\/#breadcrumb"},"inLanguage":"es","potentialAction":[{"@type":"ReadAction","target":["https:\/\/www.celttv.com.ar\/index.php\/2013\/03\/05\/la-mancha-de-rolando-una-de-las-atracciones-de-la-fiesta-provincial-de-la-vendimia\/"]}]},{"@type":"BreadcrumbList","@id":"https:\/\/www.celttv.com.ar\/index.php\/2013\/03\/05\/la-mancha-de-rolando-una-de-las-atracciones-de-la-fiesta-provincial-de-la-vendimia\/#breadcrumb","itemListElement":[{"@type":"ListItem","position":1,"name":"Inicio","item":"https:\/\/www.celttv.com.ar\/"},{"@type":"ListItem","position":2,"name":"&#8220;LA MANCHA DE ROLANDO&#8221;, UNA DE LAS ATRACCIONES DE LA FIESTA PROVINCIAL DE LA VENDIMIA"}]},{"@type":"WebSite","@id":"https:\/\/www.celttv.com.ar\/#website","url":"https:\/\/www.celttv.com.ar\/","name":"CELTTV","description":"Cooperativa El\u00e9ctrica de Tornquist","publisher":{"@id":"https:\/\/www.celttv.com.ar\/#organization"},"potentialAction":[{"@type":"SearchAction","target":{"@type":"EntryPoint","urlTemplate":"https:\/\/www.celttv.com.ar\/?s={search_term_string}"},"query-input":"required name=search_term_string"}],"inLanguage":"es"},{"@type":"Organization","@id":"https:\/\/www.celttv.com.ar\/#organization","name":"CELTTV","url":"https:\/\/www.celttv.com.ar\/","sameAs":["https:\/\/www.youtube.com\/channel\/UCz_oIt8Hig64Ub-EmcNPIhg","https:\/\/www.facebook.com\/celtTV\/"],"logo":{"@type":"ImageObject","inLanguage":"es","@id":"https:\/\/www.celttv.com.ar\/#\/schema\/logo\/image\/","url":"http:\/\/www.celttv.com.ar\/wp-content\/uploads\/2022\/08\/logo-1.png","contentUrl":"http:\/\/www.celttv.com.ar\/wp-content\/uploads\/2022\/08\/logo-1.png","width":461,"height":159,"caption":"CELTTV"},"image":{"@id":"https:\/\/www.celttv.com.ar\/#\/schema\/logo\/image\/"}},{"@type":"Person","@id":"https:\/\/www.celttv.com.ar\/#\/schema\/person\/6d99c072dba59953809c81446e9d0ace","name":"ulises","image":{"@type":"ImageObject","inLanguage":"es","@id":"https:\/\/www.celttv.com.ar\/#\/schema\/person\/image\/","url":"https:\/\/secure.gravatar.com\/avatar\/7f2c48bdc33b30088f941fb6082e555f2874c98e20cb159d7b92b50eadfce793?s=96&d=mm&r=g","contentUrl":"https:\/\/secure.gravatar.com\/avatar\/7f2c48bdc33b30088f941fb6082e555f2874c98e20cb159d7b92b50eadfce793?s=96&d=mm&r=g","caption":"ulises"},"sameAs":["http:\/\/www.celttv.com.ar"]}]}},"_links":{"self":[{"href":"https:\/\/www.celttv.com.ar\/index.php\/wp-json\/wp\/v2\/posts\/10529","targetHints":{"allow":["GET"]}}],"collection":[{"href":"https:\/\/www.celttv.com.ar\/index.php\/wp-json\/wp\/v2\/posts"}],"about":[{"href":"https:\/\/www.celttv.com.ar\/index.php\/wp-json\/wp\/v2\/types\/post"}],"author":[{"embeddable":true,"href":"https:\/\/www.celttv.com.ar\/index.php\/wp-json\/wp\/v2\/users\/1"}],"replies":[{"embeddable":true,"href":"https:\/\/www.celttv.com.ar\/index.php\/wp-json\/wp\/v2\/comments?post=10529"}],"version-history":[{"count":0,"href":"https:\/\/www.celttv.com.ar\/index.php\/wp-json\/wp\/v2\/posts\/10529\/revisions"}],"wp:attachment":[{"href":"https:\/\/www.celttv.com.ar\/index.php\/wp-json\/wp\/v2\/media?parent=10529"}],"wp:term":[{"taxonomy":"category","embeddable":true,"href":"https:\/\/www.celttv.com.ar\/index.php\/wp-json\/wp\/v2\/categories?post=10529"},{"taxonomy":"post_tag","embeddable":true,"href":"https:\/\/www.celttv.com.ar\/index.php\/wp-json\/wp\/v2\/tags?post=10529"}],"curies":[{"name":"wp","href":"https:\/\/api.w.org\/{rel}","templated":true}]}}