{"id":10541,"date":"2013-03-06T18:08:41","date_gmt":"2013-03-06T18:08:41","guid":{"rendered":"http:\/\/www.tvcnoticias.com.ar\/?p=10541"},"modified":"2013-03-06T18:08:41","modified_gmt":"2013-03-06T18:08:41","slug":"futbol-el-lunes-resuelven-sobre-las-inferiores","status":"publish","type":"post","link":"https:\/\/www.celttv.com.ar\/index.php\/2013\/03\/06\/futbol-el-lunes-resuelven-sobre-las-inferiores\/","title":{"rendered":"FUTBOL: EL LUNES RESUELVEN SOBRE LAS INFERIORES"},"content":{"rendered":"<p><img loading=\"lazy\" decoding=\"async\" class=\"aligncenter size-full wp-image-10542\" title=\"1403 - LIGA CONCURRENTES (Small)\" src=\"http:\/\/www.tvcnoticias.com.ar\/wp-content\/uploads\/2013\/03\/1403-LIGA-CONCURRENTES-Small.jpg\" alt=\"\" width=\"640\" height=\"480\" \/><br \/>\nDiez clubes anotaron todas las categor\u00edas y otros siete inscribieron tres, lo que no deja de ser un dato positivo. Falta que formalicen cuatro entidades.\u00a0\u00a0\u00a0<br \/>\nEl sistema de disputa del campeonato 2013 de divisiones inferiores de la Liga Regional de F\u00fatbol de Coronel Su\u00e1rez quedar\u00e1 definido el lunes que viene. Es por ese motivo que han sido especialmente convocados para la ocasi\u00f3n los delegados de los clubes afiliados.<br \/>\nTodo parece indicar que se jugar\u00e1 de manera similar a los \u00faltimos a\u00f1os, con las instituciones divididas en dos zonas geogr\u00e1ficas, en cuyo caso habr\u00e1 que ver si Deportivo Argentino repite su incursi\u00f3n del a\u00f1o pasado en el grupo \u201cA\u201d para equilibrar la balanza en la cantidad de fechas o pretende retornar a la zona \u201cB\u201d.<br \/>\nTambi\u00e9n se resolver\u00e1 si se incluye y de qu\u00e9 manera a los equipos adicionales que Deportivo Sarmiento y Club Sarmiento pretenden incluir en 6\u00aa y 8\u00aa, respectivamente. Si hay un hueco para que vayan de la mano con otra entidad o se toman como un club m\u00e1s a la hora de hacer el fixture.<br \/>\nOtro punto que deber\u00e1n abordar los delegados, si es que se juega en dos zonas, es si aceptan la sugerencia de Independiente de no realizar cruces al cabo de la primera rueda para evitar que varios chicos est\u00e9n inactivos por mucho tiempo y los clubes los pierdan. El club de San Jos\u00e9 propone realizarlos reci\u00e9n al final de las dos rondas.<br \/>\nUn dato interesante es que la mayor\u00eda ha inscripto al menos tres divisiones. S\u00f3lo Pe\u00f1arol de Guamin\u00ed se anot\u00f3 con una y resta todav\u00eda la confirmaci\u00f3n oficial de Deportivo Argentino, Uni\u00f3n Pig\u00fc\u00e9, Puan F. Club y Tiro Federal de Coronel Su\u00e1rez.<br \/>\nLos que confirmaron que intervendr\u00e1n con todas (5\u00aa, 6\u00aa, 7\u00aa y 8\u00aa) son Blanco y Negro, Boca Juniors, Atl\u00e9tico Huanguel\u00e9n, Pe\u00f1arol de Pig\u00fc\u00e9, El Progreso, Racing, San Mart\u00edn de Carhu\u00e9, Automoto, Deportivo Sarmiento y Club Sarmiento.<br \/>\nEn tanto, Independiente, Tiro Federal de Puan, Empleados de Comercio y Uni\u00f3n de Tornquist se anotaron en 5\u00aa, 6\u00aa y 8\u00aa; San Mart\u00edn de Santa Trinidad en 6\u00aa, 7\u00aa y 8\u00aa, San Mart\u00edn de Saavedra en 5\u00aa, 6\u00aa y 7\u00aa, Argentino Junior de Darregueira en 5\u00aa, 7\u00aa y 8\u00aa y Pe\u00f1arol de Guamin\u00ed en 8\u00aa.<br \/>\nEn principio se fij\u00f3 el comienzo de la competencia para el s\u00e1bado 23 del corriente, aunque algunas instituciones ya habr\u00edan manifestado la intenci\u00f3n de postergalo dado que reci\u00e9n esta semana, en coincidencia con el inicio del ciclo lectivo secundario, varios jugadores comenzaron a entrenar.<br \/>\nPropuesta de Puan F. Club<br \/>\nMotivo de an\u00e1lisis tambi\u00e9n ser\u00e1 la propuesta de Puan F. Club de ampliar la 7\u00aa a dos a\u00f1os (2000 y 2001), debido a que esta divisi\u00f3n ha sido la m\u00e1s afectada con respecto a la cantidad de equipos que se anotan y por lo cual afecta el normal desarrollo de la competencia.<br \/>\nComo estad\u00edstica, la entidad puanense se\u00f1ala que durante el a\u00f1o 2011, de 22 clubes en la Liga 15 presentaron 7\u00aa y que en el 2012 la situaci\u00f3n se volvi\u00f3 a repetir, donde en la zona B en el segundo torneo de 11 instituciones s\u00f3lo 6 concursaron con esa divisi\u00f3n.<br \/>\nPuan F. Club entiende que si se ampl\u00eda a dos a\u00f1os esta categor\u00eda es mucho m\u00e1s factible una participaci\u00f3n mayor de equipos y, por ende, un certamen m\u00e1s l\u00f3gico y atractivo.<br \/>\nPara que este tema sea abordado, los tienen que solicitar las 2\/3 partes de los clubes (15) y para que sea aprobado tienen que votar a favor las \u00be parte (18), posibilidad esta \u00faltima complicada dado que d\u00edas pasados expresaron su negativa El Progreso, Club Sarmiento, Racing, Pe\u00f1arol de Pig\u00fc\u00e9 y Deportivo Sarmiento.<br \/>\nOtros temas<br \/>\nEn las deliberaciones del lunes pr\u00f3ximo, adem\u00e1s, se debe definir el horario de comienzo de los partidos de la primera fecha del campeonato superior, si se mantiene la posibilidad de realizar un pase interligas a la finalizaci\u00f3n del torneo Apertura como se hab\u00eda votado d\u00edas pasados, los aranceles de los \u00e1rbitros (las agrupaciones locales pidieron entre un 20 y un 30 por ciento de incremento), el precio de la entrada general y qu\u00e9 agrupaci\u00f3n de \u00e1rbitros resignar\u00e1 una cancha teniendo en cuenta que habr\u00e1 un partido menos por fecha respecto del a\u00f1o anterior.<br \/>\nTambi\u00e9n deber\u00e1 resolverse el d\u00eda y la hora en que Deportivo Sarmiento jugar\u00e1 con Atl\u00e9tico Huanguel\u00e9n, teniendo en cuenta que el club verdirrojo jugar\u00e1 el partido de ida del primer playoff del torneo del Interior.<\/p>\n","protected":false},"excerpt":{"rendered":"<p>Diez clubes anotaron todas las categor\u00edas y otros siete inscribieron tres, lo que no deja de ser un dato positivo. Falta que formalicen cuatro entidades.\u00a0\u00a0\u00a0 El sistema de disputa del campeonato 2013 de divisiones inferiores de la Liga Regional de F\u00fatbol de Coronel Su\u00e1rez quedar\u00e1 definido el lunes que viene. Es por ese motivo que [&hellip;]<\/p>\n","protected":false},"author":1,"featured_media":0,"comment_status":"closed","ping_status":"open","sticky":false,"template":"","format":"standard","meta":{"footnotes":""},"categories":[60,52],"tags":[],"class_list":["post-10541","post","type-post","status-publish","format-standard","hentry","category-deporte","category-destacadas"],"yoast_head":"<!-- This site is optimized with the Yoast SEO plugin v19.7.1 - https:\/\/yoast.com\/wordpress\/plugins\/seo\/ -->\n<title>FUTBOL: EL LUNES RESUELVEN SOBRE LAS INFERIORES - CELTTV<\/title>\n<meta name=\"description\" content=\"Sitio web de noticias de la localidad de Tornquist, provincia de Buenos Aires, Rep\u00fablica Argentina. Contenido propio originado por periodistas de CELTTV, el canal de TV local de la Cooperativa El\u00e9ctrica de Tornquist. Turismo, Pol\u00edtica, Sociedad, Deporte, Cultura y todo el contenido de inter\u00e9s general que la gente del pueblo y la regi\u00f3n debe conocer.\" \/>\n<meta name=\"robots\" content=\"index, follow, max-snippet:-1, max-image-preview:large, max-video-preview:-1\" \/>\n<link rel=\"canonical\" href=\"https:\/\/www.celttv.com.ar\/index.php\/2013\/03\/06\/futbol-el-lunes-resuelven-sobre-las-inferiores\/\" \/>\n<meta property=\"og:locale\" content=\"es_ES\" \/>\n<meta property=\"og:type\" content=\"article\" \/>\n<meta property=\"og:title\" content=\"FUTBOL: EL LUNES RESUELVEN SOBRE LAS INFERIORES - CELTTV\" \/>\n<meta property=\"og:description\" content=\"Sitio web de noticias de la localidad de Tornquist, provincia de Buenos Aires, Rep\u00fablica Argentina. Contenido propio originado por periodistas de CELTTV, el canal de TV local de la Cooperativa El\u00e9ctrica de Tornquist. Turismo, Pol\u00edtica, Sociedad, Deporte, Cultura y todo el contenido de inter\u00e9s general que la gente del pueblo y la regi\u00f3n debe conocer.\" \/>\n<meta property=\"og:url\" content=\"https:\/\/www.celttv.com.ar\/index.php\/2013\/03\/06\/futbol-el-lunes-resuelven-sobre-las-inferiores\/\" \/>\n<meta property=\"og:site_name\" content=\"CELTTV\" \/>\n<meta property=\"article:publisher\" content=\"https:\/\/www.facebook.com\/celtTV\/\" \/>\n<meta property=\"article:published_time\" content=\"2013-03-06T18:08:41+00:00\" \/>\n<meta property=\"og:image\" content=\"http:\/\/www.tvcnoticias.com.ar\/wp-content\/uploads\/2013\/03\/1403-LIGA-CONCURRENTES-Small.jpg\" \/>\n<meta name=\"author\" content=\"ulises\" \/>\n<meta name=\"twitter:card\" content=\"summary_large_image\" \/>\n<meta name=\"twitter:label1\" content=\"Escrito por\" \/>\n\t<meta name=\"twitter:data1\" content=\"ulises\" \/>\n\t<meta name=\"twitter:label2\" content=\"Tiempo de lectura\" \/>\n\t<meta name=\"twitter:data2\" content=\"4 minutos\" \/>\n<script type=\"application\/ld+json\" class=\"yoast-schema-graph\">{\"@context\":\"https:\/\/schema.org\",\"@graph\":[{\"@type\":\"NewsArticle\",\"@id\":\"https:\/\/www.celttv.com.ar\/index.php\/2013\/03\/06\/futbol-el-lunes-resuelven-sobre-las-inferiores\/#article\",\"isPartOf\":{\"@id\":\"https:\/\/www.celttv.com.ar\/index.php\/2013\/03\/06\/futbol-el-lunes-resuelven-sobre-las-inferiores\/\"},\"author\":{\"name\":\"ulises\",\"@id\":\"https:\/\/www.celttv.com.ar\/#\/schema\/person\/6d99c072dba59953809c81446e9d0ace\"},\"headline\":\"FUTBOL: EL LUNES RESUELVEN SOBRE LAS INFERIORES\",\"datePublished\":\"2013-03-06T18:08:41+00:00\",\"dateModified\":\"2013-03-06T18:08:41+00:00\",\"mainEntityOfPage\":{\"@id\":\"https:\/\/www.celttv.com.ar\/index.php\/2013\/03\/06\/futbol-el-lunes-resuelven-sobre-las-inferiores\/\"},\"wordCount\":769,\"publisher\":{\"@id\":\"https:\/\/www.celttv.com.ar\/#organization\"},\"articleSection\":[\"Deporte\",\"Destacadas\"],\"inLanguage\":\"es\"},{\"@type\":\"WebPage\",\"@id\":\"https:\/\/www.celttv.com.ar\/index.php\/2013\/03\/06\/futbol-el-lunes-resuelven-sobre-las-inferiores\/\",\"url\":\"https:\/\/www.celttv.com.ar\/index.php\/2013\/03\/06\/futbol-el-lunes-resuelven-sobre-las-inferiores\/\",\"name\":\"FUTBOL: EL LUNES RESUELVEN SOBRE LAS INFERIORES - CELTTV\",\"isPartOf\":{\"@id\":\"https:\/\/www.celttv.com.ar\/#website\"},\"datePublished\":\"2013-03-06T18:08:41+00:00\",\"dateModified\":\"2013-03-06T18:08:41+00:00\",\"description\":\"Sitio web de noticias de la localidad de Tornquist, provincia de Buenos Aires, Rep\u00fablica Argentina. Contenido propio originado por periodistas de CELTTV, el canal de TV local de la Cooperativa El\u00e9ctrica de Tornquist. Turismo, Pol\u00edtica, Sociedad, Deporte, Cultura y todo el contenido de inter\u00e9s general que la gente del pueblo y la regi\u00f3n debe conocer.\",\"breadcrumb\":{\"@id\":\"https:\/\/www.celttv.com.ar\/index.php\/2013\/03\/06\/futbol-el-lunes-resuelven-sobre-las-inferiores\/#breadcrumb\"},\"inLanguage\":\"es\",\"potentialAction\":[{\"@type\":\"ReadAction\",\"target\":[\"https:\/\/www.celttv.com.ar\/index.php\/2013\/03\/06\/futbol-el-lunes-resuelven-sobre-las-inferiores\/\"]}]},{\"@type\":\"BreadcrumbList\",\"@id\":\"https:\/\/www.celttv.com.ar\/index.php\/2013\/03\/06\/futbol-el-lunes-resuelven-sobre-las-inferiores\/#breadcrumb\",\"itemListElement\":[{\"@type\":\"ListItem\",\"position\":1,\"name\":\"Inicio\",\"item\":\"https:\/\/www.celttv.com.ar\/\"},{\"@type\":\"ListItem\",\"position\":2,\"name\":\"FUTBOL: EL LUNES RESUELVEN SOBRE LAS INFERIORES\"}]},{\"@type\":\"WebSite\",\"@id\":\"https:\/\/www.celttv.com.ar\/#website\",\"url\":\"https:\/\/www.celttv.com.ar\/\",\"name\":\"CELTTV\",\"description\":\"Cooperativa El\u00e9ctrica de Tornquist\",\"publisher\":{\"@id\":\"https:\/\/www.celttv.com.ar\/#organization\"},\"potentialAction\":[{\"@type\":\"SearchAction\",\"target\":{\"@type\":\"EntryPoint\",\"urlTemplate\":\"https:\/\/www.celttv.com.ar\/?s={search_term_string}\"},\"query-input\":\"required name=search_term_string\"}],\"inLanguage\":\"es\"},{\"@type\":\"Organization\",\"@id\":\"https:\/\/www.celttv.com.ar\/#organization\",\"name\":\"CELTTV\",\"url\":\"https:\/\/www.celttv.com.ar\/\",\"sameAs\":[\"https:\/\/www.youtube.com\/channel\/UCz_oIt8Hig64Ub-EmcNPIhg\",\"https:\/\/www.facebook.com\/celtTV\/\"],\"logo\":{\"@type\":\"ImageObject\",\"inLanguage\":\"es\",\"@id\":\"https:\/\/www.celttv.com.ar\/#\/schema\/logo\/image\/\",\"url\":\"http:\/\/www.celttv.com.ar\/wp-content\/uploads\/2022\/08\/logo-1.png\",\"contentUrl\":\"http:\/\/www.celttv.com.ar\/wp-content\/uploads\/2022\/08\/logo-1.png\",\"width\":461,\"height\":159,\"caption\":\"CELTTV\"},\"image\":{\"@id\":\"https:\/\/www.celttv.com.ar\/#\/schema\/logo\/image\/\"}},{\"@type\":\"Person\",\"@id\":\"https:\/\/www.celttv.com.ar\/#\/schema\/person\/6d99c072dba59953809c81446e9d0ace\",\"name\":\"ulises\",\"image\":{\"@type\":\"ImageObject\",\"inLanguage\":\"es\",\"@id\":\"https:\/\/www.celttv.com.ar\/#\/schema\/person\/image\/\",\"url\":\"https:\/\/secure.gravatar.com\/avatar\/7f2c48bdc33b30088f941fb6082e555f2874c98e20cb159d7b92b50eadfce793?s=96&d=mm&r=g\",\"contentUrl\":\"https:\/\/secure.gravatar.com\/avatar\/7f2c48bdc33b30088f941fb6082e555f2874c98e20cb159d7b92b50eadfce793?s=96&d=mm&r=g\",\"caption\":\"ulises\"},\"sameAs\":[\"http:\/\/www.celttv.com.ar\"]}]}<\/script>\n<!-- \/ Yoast SEO plugin. -->","yoast_head_json":{"title":"FUTBOL: EL LUNES RESUELVEN SOBRE LAS INFERIORES - CELTTV","description":"Sitio web de noticias de la localidad de Tornquist, provincia de Buenos Aires, Rep\u00fablica Argentina. Contenido propio originado por periodistas de CELTTV, el canal de TV local de la Cooperativa El\u00e9ctrica de Tornquist. Turismo, Pol\u00edtica, Sociedad, Deporte, Cultura y todo el contenido de inter\u00e9s general que la gente del pueblo y la regi\u00f3n debe conocer.","robots":{"index":"index","follow":"follow","max-snippet":"max-snippet:-1","max-image-preview":"max-image-preview:large","max-video-preview":"max-video-preview:-1"},"canonical":"https:\/\/www.celttv.com.ar\/index.php\/2013\/03\/06\/futbol-el-lunes-resuelven-sobre-las-inferiores\/","og_locale":"es_ES","og_type":"article","og_title":"FUTBOL: EL LUNES RESUELVEN SOBRE LAS INFERIORES - CELTTV","og_description":"Sitio web de noticias de la localidad de Tornquist, provincia de Buenos Aires, Rep\u00fablica Argentina. Contenido propio originado por periodistas de CELTTV, el canal de TV local de la Cooperativa El\u00e9ctrica de Tornquist. Turismo, Pol\u00edtica, Sociedad, Deporte, Cultura y todo el contenido de inter\u00e9s general que la gente del pueblo y la regi\u00f3n debe conocer.","og_url":"https:\/\/www.celttv.com.ar\/index.php\/2013\/03\/06\/futbol-el-lunes-resuelven-sobre-las-inferiores\/","og_site_name":"CELTTV","article_publisher":"https:\/\/www.facebook.com\/celtTV\/","article_published_time":"2013-03-06T18:08:41+00:00","og_image":[{"url":"http:\/\/www.tvcnoticias.com.ar\/wp-content\/uploads\/2013\/03\/1403-LIGA-CONCURRENTES-Small.jpg"}],"author":"ulises","twitter_card":"summary_large_image","twitter_misc":{"Escrito por":"ulises","Tiempo de lectura":"4 minutos"},"schema":{"@context":"https:\/\/schema.org","@graph":[{"@type":"NewsArticle","@id":"https:\/\/www.celttv.com.ar\/index.php\/2013\/03\/06\/futbol-el-lunes-resuelven-sobre-las-inferiores\/#article","isPartOf":{"@id":"https:\/\/www.celttv.com.ar\/index.php\/2013\/03\/06\/futbol-el-lunes-resuelven-sobre-las-inferiores\/"},"author":{"name":"ulises","@id":"https:\/\/www.celttv.com.ar\/#\/schema\/person\/6d99c072dba59953809c81446e9d0ace"},"headline":"FUTBOL: EL LUNES RESUELVEN SOBRE LAS INFERIORES","datePublished":"2013-03-06T18:08:41+00:00","dateModified":"2013-03-06T18:08:41+00:00","mainEntityOfPage":{"@id":"https:\/\/www.celttv.com.ar\/index.php\/2013\/03\/06\/futbol-el-lunes-resuelven-sobre-las-inferiores\/"},"wordCount":769,"publisher":{"@id":"https:\/\/www.celttv.com.ar\/#organization"},"articleSection":["Deporte","Destacadas"],"inLanguage":"es"},{"@type":"WebPage","@id":"https:\/\/www.celttv.com.ar\/index.php\/2013\/03\/06\/futbol-el-lunes-resuelven-sobre-las-inferiores\/","url":"https:\/\/www.celttv.com.ar\/index.php\/2013\/03\/06\/futbol-el-lunes-resuelven-sobre-las-inferiores\/","name":"FUTBOL: EL LUNES RESUELVEN SOBRE LAS INFERIORES - CELTTV","isPartOf":{"@id":"https:\/\/www.celttv.com.ar\/#website"},"datePublished":"2013-03-06T18:08:41+00:00","dateModified":"2013-03-06T18:08:41+00:00","description":"Sitio web de noticias de la localidad de Tornquist, provincia de Buenos Aires, Rep\u00fablica Argentina. Contenido propio originado por periodistas de CELTTV, el canal de TV local de la Cooperativa El\u00e9ctrica de Tornquist. Turismo, Pol\u00edtica, Sociedad, Deporte, Cultura y todo el contenido de inter\u00e9s general que la gente del pueblo y la regi\u00f3n debe conocer.","breadcrumb":{"@id":"https:\/\/www.celttv.com.ar\/index.php\/2013\/03\/06\/futbol-el-lunes-resuelven-sobre-las-inferiores\/#breadcrumb"},"inLanguage":"es","potentialAction":[{"@type":"ReadAction","target":["https:\/\/www.celttv.com.ar\/index.php\/2013\/03\/06\/futbol-el-lunes-resuelven-sobre-las-inferiores\/"]}]},{"@type":"BreadcrumbList","@id":"https:\/\/www.celttv.com.ar\/index.php\/2013\/03\/06\/futbol-el-lunes-resuelven-sobre-las-inferiores\/#breadcrumb","itemListElement":[{"@type":"ListItem","position":1,"name":"Inicio","item":"https:\/\/www.celttv.com.ar\/"},{"@type":"ListItem","position":2,"name":"FUTBOL: EL LUNES RESUELVEN SOBRE LAS INFERIORES"}]},{"@type":"WebSite","@id":"https:\/\/www.celttv.com.ar\/#website","url":"https:\/\/www.celttv.com.ar\/","name":"CELTTV","description":"Cooperativa El\u00e9ctrica de Tornquist","publisher":{"@id":"https:\/\/www.celttv.com.ar\/#organization"},"potentialAction":[{"@type":"SearchAction","target":{"@type":"EntryPoint","urlTemplate":"https:\/\/www.celttv.com.ar\/?s={search_term_string}"},"query-input":"required name=search_term_string"}],"inLanguage":"es"},{"@type":"Organization","@id":"https:\/\/www.celttv.com.ar\/#organization","name":"CELTTV","url":"https:\/\/www.celttv.com.ar\/","sameAs":["https:\/\/www.youtube.com\/channel\/UCz_oIt8Hig64Ub-EmcNPIhg","https:\/\/www.facebook.com\/celtTV\/"],"logo":{"@type":"ImageObject","inLanguage":"es","@id":"https:\/\/www.celttv.com.ar\/#\/schema\/logo\/image\/","url":"http:\/\/www.celttv.com.ar\/wp-content\/uploads\/2022\/08\/logo-1.png","contentUrl":"http:\/\/www.celttv.com.ar\/wp-content\/uploads\/2022\/08\/logo-1.png","width":461,"height":159,"caption":"CELTTV"},"image":{"@id":"https:\/\/www.celttv.com.ar\/#\/schema\/logo\/image\/"}},{"@type":"Person","@id":"https:\/\/www.celttv.com.ar\/#\/schema\/person\/6d99c072dba59953809c81446e9d0ace","name":"ulises","image":{"@type":"ImageObject","inLanguage":"es","@id":"https:\/\/www.celttv.com.ar\/#\/schema\/person\/image\/","url":"https:\/\/secure.gravatar.com\/avatar\/7f2c48bdc33b30088f941fb6082e555f2874c98e20cb159d7b92b50eadfce793?s=96&d=mm&r=g","contentUrl":"https:\/\/secure.gravatar.com\/avatar\/7f2c48bdc33b30088f941fb6082e555f2874c98e20cb159d7b92b50eadfce793?s=96&d=mm&r=g","caption":"ulises"},"sameAs":["http:\/\/www.celttv.com.ar"]}]}},"_links":{"self":[{"href":"https:\/\/www.celttv.com.ar\/index.php\/wp-json\/wp\/v2\/posts\/10541","targetHints":{"allow":["GET"]}}],"collection":[{"href":"https:\/\/www.celttv.com.ar\/index.php\/wp-json\/wp\/v2\/posts"}],"about":[{"href":"https:\/\/www.celttv.com.ar\/index.php\/wp-json\/wp\/v2\/types\/post"}],"author":[{"embeddable":true,"href":"https:\/\/www.celttv.com.ar\/index.php\/wp-json\/wp\/v2\/users\/1"}],"replies":[{"embeddable":true,"href":"https:\/\/www.celttv.com.ar\/index.php\/wp-json\/wp\/v2\/comments?post=10541"}],"version-history":[{"count":0,"href":"https:\/\/www.celttv.com.ar\/index.php\/wp-json\/wp\/v2\/posts\/10541\/revisions"}],"wp:attachment":[{"href":"https:\/\/www.celttv.com.ar\/index.php\/wp-json\/wp\/v2\/media?parent=10541"}],"wp:term":[{"taxonomy":"category","embeddable":true,"href":"https:\/\/www.celttv.com.ar\/index.php\/wp-json\/wp\/v2\/categories?post=10541"},{"taxonomy":"post_tag","embeddable":true,"href":"https:\/\/www.celttv.com.ar\/index.php\/wp-json\/wp\/v2\/tags?post=10541"}],"curies":[{"name":"wp","href":"https:\/\/api.w.org\/{rel}","templated":true}]}}