{"id":10562,"date":"2013-03-07T13:38:37","date_gmt":"2013-03-07T13:38:37","guid":{"rendered":"http:\/\/www.tvcnoticias.com.ar\/?p=10562"},"modified":"2013-03-07T13:38:37","modified_gmt":"2013-03-07T13:38:37","slug":"la-mancha-de-rolando-yamila-cafrune-fabio-gonzalez-rudy-chernicoff-y-la-morocha-principales-atracciones-de-la-fiesta-provincial-de-la-vendimia","status":"publish","type":"post","link":"https:\/\/www.celttv.com.ar\/index.php\/2013\/03\/07\/la-mancha-de-rolando-yamila-cafrune-fabio-gonzalez-rudy-chernicoff-y-la-morocha-principales-atracciones-de-la-fiesta-provincial-de-la-vendimia\/","title":{"rendered":"La Mancha de Rolando, Yamila Cafrune, Fabio Gonz\u00e1lez, Rudy Chernicoff  y La Morocha principales atracciones de la Fiesta Provincial de la Vendimia"},"content":{"rendered":"<p><br \/>\nLa Mancha de Rolando, Yamila Cafrune, Fabio Gonz\u00e1lez y Rudy Chernicoff, y varios artistas m\u00e1s para la Fiesta Provincial de la Vendimia La 2\u00aa Fiesta Provincial de la Vendimia sigue sumando jerarqu\u00eda a su propuesta art\u00edstica. A los nombres ya confirmados anteriormente, en la jornada de ayer quedaron selladas las actuaciones de la folklorista Yamila Cafrune, el reconocido cantante local Fabio Gonz\u00e1lez y el actor y humorista Rudy Chernicoff. Los mencionados artistas ser\u00e1n tres de las propuestas centrales que tendr\u00e1 la celebraci\u00f3n, que se desarrollar\u00e1 entre el s\u00e1bado 23 y el domingo 24 del corriente en el predio de las ruinas del Club Hotel de la Ventana, en Villa Ventana. Cafrune, quien cuenta con once trabajos discogr\u00e1ficos, es una reconocida voz de la m\u00fasica tradicional argentina y posee una extensa trayectoria que la avala. Su repertorio se escuchar\u00e1 el domingo, al igual que el de Fabio Gonz\u00e1lez, finalista del programa televisivo \u201cSo\u00f1ando por Cantar\u201d y uno de los preferidos del p\u00fablico del distrito de Tornquist. Chernicoff, en cambio, aportar\u00e1 su cuota humor\u00edstica, esa que lo llev\u00f3 a ser reconocido en todo el ambiente nacional. Los tres artistas mencionados no ser\u00e1n los \u00fanicos que animar\u00e1n la segunda jornada de la fiesta, que buscar\u00e1 reeditar el \u00e9xito que alcanz\u00f3 en su primera edici\u00f3n. Tambi\u00e9n se subir\u00e1 al escenario Opera Libre, un cuarteto bahiense que interpreta canciones l\u00edricas y posee un cuidado y atractivo show. Ese d\u00eda tambi\u00e9n se lucir\u00e1n algunos de los talentos art\u00edsticos locales: Carlos Porsel (m\u00fasica variada), Enrique Gonz\u00e1lez (recitador y folklorista) y la Escuela Folkl\u00f3rica Municipal, que el a\u00f1o pasado cumpli\u00f3 25 a\u00f1os desde su fundaci\u00f3n. Las atracciones se sumar\u00e1n a las ya anunciadas oportunamente para el d\u00eda s\u00e1bado: La Mancha de Rolando, La Morocha y Plan B, en un c\u00f3ctel rockero de alto vuelo, que le entregar\u00e1 una impronta diferente a la jornada. La Fiesta de la Vendimia contar\u00e1, adem\u00e1s, con la exposici\u00f3n de las bodegas y productores de vinos del distrito y la regi\u00f3n, que propondr\u00e1n catas y visitas guiadas, un patio de comidas con una variada oferta gastron\u00f3mica, un paseo de artesanos y excursiones a las ruinas del Club Hotel. Las puertas del predio se abrir\u00e1n a las 16 el d\u00eda s\u00e1bado y a las 11 el domingo, aunque los espect\u00e1culos de la jornada final tendr\u00e1n su inicio a las 15. Las variadas y atractivas propuestas continuar\u00e1n increment\u00e1ndose en las pr\u00f3ximas horas. Seguramente habr\u00e1 m\u00e1s sorpresas para todos.<\/p>\n","protected":false},"excerpt":{"rendered":"<p>La Mancha de Rolando, Yamila Cafrune, Fabio Gonz\u00e1lez y Rudy Chernicoff, y varios artistas m\u00e1s para la Fiesta Provincial de la Vendimia La 2\u00aa Fiesta Provincial de la Vendimia sigue sumando jerarqu\u00eda a su propuesta art\u00edstica. A los nombres ya confirmados anteriormente, en la jornada de ayer quedaron selladas las actuaciones de la folklorista Yamila [&hellip;]<\/p>\n","protected":false},"author":1,"featured_media":0,"comment_status":"closed","ping_status":"open","sticky":false,"template":"","format":"standard","meta":{"footnotes":""},"categories":[51,52,56,53],"tags":[],"class_list":["post-10562","post","type-post","status-publish","format-standard","hentry","category-comunidad","category-destacadas","category-espectaculos","category-politica"],"yoast_head":"<!-- This site is optimized with the Yoast SEO plugin v19.7.1 - https:\/\/yoast.com\/wordpress\/plugins\/seo\/ -->\n<title>La Mancha de Rolando, Yamila Cafrune, Fabio Gonz\u00e1lez, Rudy Chernicoff y La Morocha principales atracciones de la Fiesta Provincial de la Vendimia - CELTTV<\/title>\n<meta name=\"description\" content=\"Sitio web de noticias de la localidad de Tornquist, provincia de Buenos Aires, Rep\u00fablica Argentina. Contenido propio originado por periodistas de CELTTV, el canal de TV local de la Cooperativa El\u00e9ctrica de Tornquist. Turismo, Pol\u00edtica, Sociedad, Deporte, Cultura y todo el contenido de inter\u00e9s general que la gente del pueblo y la regi\u00f3n debe conocer.\" \/>\n<meta name=\"robots\" content=\"index, follow, max-snippet:-1, max-image-preview:large, max-video-preview:-1\" \/>\n<link rel=\"canonical\" href=\"https:\/\/www.celttv.com.ar\/index.php\/2013\/03\/07\/la-mancha-de-rolando-yamila-cafrune-fabio-gonzalez-rudy-chernicoff-y-la-morocha-principales-atracciones-de-la-fiesta-provincial-de-la-vendimia\/\" \/>\n<meta property=\"og:locale\" content=\"es_ES\" \/>\n<meta property=\"og:type\" content=\"article\" \/>\n<meta property=\"og:title\" content=\"La Mancha de Rolando, Yamila Cafrune, Fabio Gonz\u00e1lez, Rudy Chernicoff y La Morocha principales atracciones de la Fiesta Provincial de la Vendimia - CELTTV\" \/>\n<meta property=\"og:description\" content=\"Sitio web de noticias de la localidad de Tornquist, provincia de Buenos Aires, Rep\u00fablica Argentina. Contenido propio originado por periodistas de CELTTV, el canal de TV local de la Cooperativa El\u00e9ctrica de Tornquist. Turismo, Pol\u00edtica, Sociedad, Deporte, Cultura y todo el contenido de inter\u00e9s general que la gente del pueblo y la regi\u00f3n debe conocer.\" \/>\n<meta property=\"og:url\" content=\"https:\/\/www.celttv.com.ar\/index.php\/2013\/03\/07\/la-mancha-de-rolando-yamila-cafrune-fabio-gonzalez-rudy-chernicoff-y-la-morocha-principales-atracciones-de-la-fiesta-provincial-de-la-vendimia\/\" \/>\n<meta property=\"og:site_name\" content=\"CELTTV\" \/>\n<meta property=\"article:publisher\" content=\"https:\/\/www.facebook.com\/celtTV\/\" \/>\n<meta property=\"article:published_time\" content=\"2013-03-07T13:38:37+00:00\" \/>\n<meta name=\"author\" content=\"ulises\" \/>\n<meta name=\"twitter:card\" content=\"summary_large_image\" \/>\n<meta name=\"twitter:label1\" content=\"Escrito por\" \/>\n\t<meta name=\"twitter:data1\" content=\"ulises\" \/>\n\t<meta name=\"twitter:label2\" content=\"Tiempo de lectura\" \/>\n\t<meta name=\"twitter:data2\" content=\"2 minutos\" \/>\n<script type=\"application\/ld+json\" class=\"yoast-schema-graph\">{\"@context\":\"https:\/\/schema.org\",\"@graph\":[{\"@type\":\"NewsArticle\",\"@id\":\"https:\/\/www.celttv.com.ar\/index.php\/2013\/03\/07\/la-mancha-de-rolando-yamila-cafrune-fabio-gonzalez-rudy-chernicoff-y-la-morocha-principales-atracciones-de-la-fiesta-provincial-de-la-vendimia\/#article\",\"isPartOf\":{\"@id\":\"https:\/\/www.celttv.com.ar\/index.php\/2013\/03\/07\/la-mancha-de-rolando-yamila-cafrune-fabio-gonzalez-rudy-chernicoff-y-la-morocha-principales-atracciones-de-la-fiesta-provincial-de-la-vendimia\/\"},\"author\":{\"name\":\"ulises\",\"@id\":\"https:\/\/www.celttv.com.ar\/#\/schema\/person\/6d99c072dba59953809c81446e9d0ace\"},\"headline\":\"La Mancha de Rolando, Yamila Cafrune, Fabio Gonz\u00e1lez, Rudy Chernicoff y La Morocha principales atracciones de la Fiesta Provincial de la Vendimia\",\"datePublished\":\"2013-03-07T13:38:37+00:00\",\"dateModified\":\"2013-03-07T13:38:37+00:00\",\"mainEntityOfPage\":{\"@id\":\"https:\/\/www.celttv.com.ar\/index.php\/2013\/03\/07\/la-mancha-de-rolando-yamila-cafrune-fabio-gonzalez-rudy-chernicoff-y-la-morocha-principales-atracciones-de-la-fiesta-provincial-de-la-vendimia\/\"},\"wordCount\":469,\"publisher\":{\"@id\":\"https:\/\/www.celttv.com.ar\/#organization\"},\"articleSection\":[\"Comunidad\",\"Destacadas\",\"Espect\u00e1culos\",\"Pol\u00edtica\"],\"inLanguage\":\"es\"},{\"@type\":\"WebPage\",\"@id\":\"https:\/\/www.celttv.com.ar\/index.php\/2013\/03\/07\/la-mancha-de-rolando-yamila-cafrune-fabio-gonzalez-rudy-chernicoff-y-la-morocha-principales-atracciones-de-la-fiesta-provincial-de-la-vendimia\/\",\"url\":\"https:\/\/www.celttv.com.ar\/index.php\/2013\/03\/07\/la-mancha-de-rolando-yamila-cafrune-fabio-gonzalez-rudy-chernicoff-y-la-morocha-principales-atracciones-de-la-fiesta-provincial-de-la-vendimia\/\",\"name\":\"La Mancha de Rolando, Yamila Cafrune, Fabio Gonz\u00e1lez, Rudy Chernicoff y La Morocha principales atracciones de la Fiesta Provincial de la Vendimia - CELTTV\",\"isPartOf\":{\"@id\":\"https:\/\/www.celttv.com.ar\/#website\"},\"datePublished\":\"2013-03-07T13:38:37+00:00\",\"dateModified\":\"2013-03-07T13:38:37+00:00\",\"description\":\"Sitio web de noticias de la localidad de Tornquist, provincia de Buenos Aires, Rep\u00fablica Argentina. Contenido propio originado por periodistas de CELTTV, el canal de TV local de la Cooperativa El\u00e9ctrica de Tornquist. Turismo, Pol\u00edtica, Sociedad, Deporte, Cultura y todo el contenido de inter\u00e9s general que la gente del pueblo y la regi\u00f3n debe conocer.\",\"breadcrumb\":{\"@id\":\"https:\/\/www.celttv.com.ar\/index.php\/2013\/03\/07\/la-mancha-de-rolando-yamila-cafrune-fabio-gonzalez-rudy-chernicoff-y-la-morocha-principales-atracciones-de-la-fiesta-provincial-de-la-vendimia\/#breadcrumb\"},\"inLanguage\":\"es\",\"potentialAction\":[{\"@type\":\"ReadAction\",\"target\":[\"https:\/\/www.celttv.com.ar\/index.php\/2013\/03\/07\/la-mancha-de-rolando-yamila-cafrune-fabio-gonzalez-rudy-chernicoff-y-la-morocha-principales-atracciones-de-la-fiesta-provincial-de-la-vendimia\/\"]}]},{\"@type\":\"BreadcrumbList\",\"@id\":\"https:\/\/www.celttv.com.ar\/index.php\/2013\/03\/07\/la-mancha-de-rolando-yamila-cafrune-fabio-gonzalez-rudy-chernicoff-y-la-morocha-principales-atracciones-de-la-fiesta-provincial-de-la-vendimia\/#breadcrumb\",\"itemListElement\":[{\"@type\":\"ListItem\",\"position\":1,\"name\":\"Inicio\",\"item\":\"https:\/\/www.celttv.com.ar\/\"},{\"@type\":\"ListItem\",\"position\":2,\"name\":\"La Mancha de Rolando, Yamila Cafrune, Fabio Gonz\u00e1lez, Rudy Chernicoff y La Morocha principales atracciones de la Fiesta Provincial de la Vendimia\"}]},{\"@type\":\"WebSite\",\"@id\":\"https:\/\/www.celttv.com.ar\/#website\",\"url\":\"https:\/\/www.celttv.com.ar\/\",\"name\":\"CELTTV\",\"description\":\"Cooperativa El\u00e9ctrica de Tornquist\",\"publisher\":{\"@id\":\"https:\/\/www.celttv.com.ar\/#organization\"},\"potentialAction\":[{\"@type\":\"SearchAction\",\"target\":{\"@type\":\"EntryPoint\",\"urlTemplate\":\"https:\/\/www.celttv.com.ar\/?s={search_term_string}\"},\"query-input\":\"required name=search_term_string\"}],\"inLanguage\":\"es\"},{\"@type\":\"Organization\",\"@id\":\"https:\/\/www.celttv.com.ar\/#organization\",\"name\":\"CELTTV\",\"url\":\"https:\/\/www.celttv.com.ar\/\",\"sameAs\":[\"https:\/\/www.youtube.com\/channel\/UCz_oIt8Hig64Ub-EmcNPIhg\",\"https:\/\/www.facebook.com\/celtTV\/\"],\"logo\":{\"@type\":\"ImageObject\",\"inLanguage\":\"es\",\"@id\":\"https:\/\/www.celttv.com.ar\/#\/schema\/logo\/image\/\",\"url\":\"http:\/\/www.celttv.com.ar\/wp-content\/uploads\/2022\/08\/logo-1.png\",\"contentUrl\":\"http:\/\/www.celttv.com.ar\/wp-content\/uploads\/2022\/08\/logo-1.png\",\"width\":461,\"height\":159,\"caption\":\"CELTTV\"},\"image\":{\"@id\":\"https:\/\/www.celttv.com.ar\/#\/schema\/logo\/image\/\"}},{\"@type\":\"Person\",\"@id\":\"https:\/\/www.celttv.com.ar\/#\/schema\/person\/6d99c072dba59953809c81446e9d0ace\",\"name\":\"ulises\",\"image\":{\"@type\":\"ImageObject\",\"inLanguage\":\"es\",\"@id\":\"https:\/\/www.celttv.com.ar\/#\/schema\/person\/image\/\",\"url\":\"https:\/\/secure.gravatar.com\/avatar\/7f2c48bdc33b30088f941fb6082e555f2874c98e20cb159d7b92b50eadfce793?s=96&d=mm&r=g\",\"contentUrl\":\"https:\/\/secure.gravatar.com\/avatar\/7f2c48bdc33b30088f941fb6082e555f2874c98e20cb159d7b92b50eadfce793?s=96&d=mm&r=g\",\"caption\":\"ulises\"},\"sameAs\":[\"http:\/\/www.celttv.com.ar\"]}]}<\/script>\n<!-- \/ Yoast SEO plugin. -->","yoast_head_json":{"title":"La Mancha de Rolando, Yamila Cafrune, Fabio Gonz\u00e1lez, Rudy Chernicoff y La Morocha principales atracciones de la Fiesta Provincial de la Vendimia - CELTTV","description":"Sitio web de noticias de la localidad de Tornquist, provincia de Buenos Aires, Rep\u00fablica Argentina. Contenido propio originado por periodistas de CELTTV, el canal de TV local de la Cooperativa El\u00e9ctrica de Tornquist. Turismo, Pol\u00edtica, Sociedad, Deporte, Cultura y todo el contenido de inter\u00e9s general que la gente del pueblo y la regi\u00f3n debe conocer.","robots":{"index":"index","follow":"follow","max-snippet":"max-snippet:-1","max-image-preview":"max-image-preview:large","max-video-preview":"max-video-preview:-1"},"canonical":"https:\/\/www.celttv.com.ar\/index.php\/2013\/03\/07\/la-mancha-de-rolando-yamila-cafrune-fabio-gonzalez-rudy-chernicoff-y-la-morocha-principales-atracciones-de-la-fiesta-provincial-de-la-vendimia\/","og_locale":"es_ES","og_type":"article","og_title":"La Mancha de Rolando, Yamila Cafrune, Fabio Gonz\u00e1lez, Rudy Chernicoff y La Morocha principales atracciones de la Fiesta Provincial de la Vendimia - CELTTV","og_description":"Sitio web de noticias de la localidad de Tornquist, provincia de Buenos Aires, Rep\u00fablica Argentina. Contenido propio originado por periodistas de CELTTV, el canal de TV local de la Cooperativa El\u00e9ctrica de Tornquist. Turismo, Pol\u00edtica, Sociedad, Deporte, Cultura y todo el contenido de inter\u00e9s general que la gente del pueblo y la regi\u00f3n debe conocer.","og_url":"https:\/\/www.celttv.com.ar\/index.php\/2013\/03\/07\/la-mancha-de-rolando-yamila-cafrune-fabio-gonzalez-rudy-chernicoff-y-la-morocha-principales-atracciones-de-la-fiesta-provincial-de-la-vendimia\/","og_site_name":"CELTTV","article_publisher":"https:\/\/www.facebook.com\/celtTV\/","article_published_time":"2013-03-07T13:38:37+00:00","author":"ulises","twitter_card":"summary_large_image","twitter_misc":{"Escrito por":"ulises","Tiempo de lectura":"2 minutos"},"schema":{"@context":"https:\/\/schema.org","@graph":[{"@type":"NewsArticle","@id":"https:\/\/www.celttv.com.ar\/index.php\/2013\/03\/07\/la-mancha-de-rolando-yamila-cafrune-fabio-gonzalez-rudy-chernicoff-y-la-morocha-principales-atracciones-de-la-fiesta-provincial-de-la-vendimia\/#article","isPartOf":{"@id":"https:\/\/www.celttv.com.ar\/index.php\/2013\/03\/07\/la-mancha-de-rolando-yamila-cafrune-fabio-gonzalez-rudy-chernicoff-y-la-morocha-principales-atracciones-de-la-fiesta-provincial-de-la-vendimia\/"},"author":{"name":"ulises","@id":"https:\/\/www.celttv.com.ar\/#\/schema\/person\/6d99c072dba59953809c81446e9d0ace"},"headline":"La Mancha de Rolando, Yamila Cafrune, Fabio Gonz\u00e1lez, Rudy Chernicoff y La Morocha principales atracciones de la Fiesta Provincial de la Vendimia","datePublished":"2013-03-07T13:38:37+00:00","dateModified":"2013-03-07T13:38:37+00:00","mainEntityOfPage":{"@id":"https:\/\/www.celttv.com.ar\/index.php\/2013\/03\/07\/la-mancha-de-rolando-yamila-cafrune-fabio-gonzalez-rudy-chernicoff-y-la-morocha-principales-atracciones-de-la-fiesta-provincial-de-la-vendimia\/"},"wordCount":469,"publisher":{"@id":"https:\/\/www.celttv.com.ar\/#organization"},"articleSection":["Comunidad","Destacadas","Espect\u00e1culos","Pol\u00edtica"],"inLanguage":"es"},{"@type":"WebPage","@id":"https:\/\/www.celttv.com.ar\/index.php\/2013\/03\/07\/la-mancha-de-rolando-yamila-cafrune-fabio-gonzalez-rudy-chernicoff-y-la-morocha-principales-atracciones-de-la-fiesta-provincial-de-la-vendimia\/","url":"https:\/\/www.celttv.com.ar\/index.php\/2013\/03\/07\/la-mancha-de-rolando-yamila-cafrune-fabio-gonzalez-rudy-chernicoff-y-la-morocha-principales-atracciones-de-la-fiesta-provincial-de-la-vendimia\/","name":"La Mancha de Rolando, Yamila Cafrune, Fabio Gonz\u00e1lez, Rudy Chernicoff y La Morocha principales atracciones de la Fiesta Provincial de la Vendimia - CELTTV","isPartOf":{"@id":"https:\/\/www.celttv.com.ar\/#website"},"datePublished":"2013-03-07T13:38:37+00:00","dateModified":"2013-03-07T13:38:37+00:00","description":"Sitio web de noticias de la localidad de Tornquist, provincia de Buenos Aires, Rep\u00fablica Argentina. Contenido propio originado por periodistas de CELTTV, el canal de TV local de la Cooperativa El\u00e9ctrica de Tornquist. Turismo, Pol\u00edtica, Sociedad, Deporte, Cultura y todo el contenido de inter\u00e9s general que la gente del pueblo y la regi\u00f3n debe conocer.","breadcrumb":{"@id":"https:\/\/www.celttv.com.ar\/index.php\/2013\/03\/07\/la-mancha-de-rolando-yamila-cafrune-fabio-gonzalez-rudy-chernicoff-y-la-morocha-principales-atracciones-de-la-fiesta-provincial-de-la-vendimia\/#breadcrumb"},"inLanguage":"es","potentialAction":[{"@type":"ReadAction","target":["https:\/\/www.celttv.com.ar\/index.php\/2013\/03\/07\/la-mancha-de-rolando-yamila-cafrune-fabio-gonzalez-rudy-chernicoff-y-la-morocha-principales-atracciones-de-la-fiesta-provincial-de-la-vendimia\/"]}]},{"@type":"BreadcrumbList","@id":"https:\/\/www.celttv.com.ar\/index.php\/2013\/03\/07\/la-mancha-de-rolando-yamila-cafrune-fabio-gonzalez-rudy-chernicoff-y-la-morocha-principales-atracciones-de-la-fiesta-provincial-de-la-vendimia\/#breadcrumb","itemListElement":[{"@type":"ListItem","position":1,"name":"Inicio","item":"https:\/\/www.celttv.com.ar\/"},{"@type":"ListItem","position":2,"name":"La Mancha de Rolando, Yamila Cafrune, Fabio Gonz\u00e1lez, Rudy Chernicoff y La Morocha principales atracciones de la Fiesta Provincial de la Vendimia"}]},{"@type":"WebSite","@id":"https:\/\/www.celttv.com.ar\/#website","url":"https:\/\/www.celttv.com.ar\/","name":"CELTTV","description":"Cooperativa El\u00e9ctrica de Tornquist","publisher":{"@id":"https:\/\/www.celttv.com.ar\/#organization"},"potentialAction":[{"@type":"SearchAction","target":{"@type":"EntryPoint","urlTemplate":"https:\/\/www.celttv.com.ar\/?s={search_term_string}"},"query-input":"required name=search_term_string"}],"inLanguage":"es"},{"@type":"Organization","@id":"https:\/\/www.celttv.com.ar\/#organization","name":"CELTTV","url":"https:\/\/www.celttv.com.ar\/","sameAs":["https:\/\/www.youtube.com\/channel\/UCz_oIt8Hig64Ub-EmcNPIhg","https:\/\/www.facebook.com\/celtTV\/"],"logo":{"@type":"ImageObject","inLanguage":"es","@id":"https:\/\/www.celttv.com.ar\/#\/schema\/logo\/image\/","url":"http:\/\/www.celttv.com.ar\/wp-content\/uploads\/2022\/08\/logo-1.png","contentUrl":"http:\/\/www.celttv.com.ar\/wp-content\/uploads\/2022\/08\/logo-1.png","width":461,"height":159,"caption":"CELTTV"},"image":{"@id":"https:\/\/www.celttv.com.ar\/#\/schema\/logo\/image\/"}},{"@type":"Person","@id":"https:\/\/www.celttv.com.ar\/#\/schema\/person\/6d99c072dba59953809c81446e9d0ace","name":"ulises","image":{"@type":"ImageObject","inLanguage":"es","@id":"https:\/\/www.celttv.com.ar\/#\/schema\/person\/image\/","url":"https:\/\/secure.gravatar.com\/avatar\/7f2c48bdc33b30088f941fb6082e555f2874c98e20cb159d7b92b50eadfce793?s=96&d=mm&r=g","contentUrl":"https:\/\/secure.gravatar.com\/avatar\/7f2c48bdc33b30088f941fb6082e555f2874c98e20cb159d7b92b50eadfce793?s=96&d=mm&r=g","caption":"ulises"},"sameAs":["http:\/\/www.celttv.com.ar"]}]}},"_links":{"self":[{"href":"https:\/\/www.celttv.com.ar\/index.php\/wp-json\/wp\/v2\/posts\/10562","targetHints":{"allow":["GET"]}}],"collection":[{"href":"https:\/\/www.celttv.com.ar\/index.php\/wp-json\/wp\/v2\/posts"}],"about":[{"href":"https:\/\/www.celttv.com.ar\/index.php\/wp-json\/wp\/v2\/types\/post"}],"author":[{"embeddable":true,"href":"https:\/\/www.celttv.com.ar\/index.php\/wp-json\/wp\/v2\/users\/1"}],"replies":[{"embeddable":true,"href":"https:\/\/www.celttv.com.ar\/index.php\/wp-json\/wp\/v2\/comments?post=10562"}],"version-history":[{"count":0,"href":"https:\/\/www.celttv.com.ar\/index.php\/wp-json\/wp\/v2\/posts\/10562\/revisions"}],"wp:attachment":[{"href":"https:\/\/www.celttv.com.ar\/index.php\/wp-json\/wp\/v2\/media?parent=10562"}],"wp:term":[{"taxonomy":"category","embeddable":true,"href":"https:\/\/www.celttv.com.ar\/index.php\/wp-json\/wp\/v2\/categories?post=10562"},{"taxonomy":"post_tag","embeddable":true,"href":"https:\/\/www.celttv.com.ar\/index.php\/wp-json\/wp\/v2\/tags?post=10562"}],"curies":[{"name":"wp","href":"https:\/\/api.w.org\/{rel}","templated":true}]}}