{"id":10582,"date":"2013-03-07T15:03:55","date_gmt":"2013-03-07T15:03:55","guid":{"rendered":"http:\/\/www.tvcnoticias.com.ar\/?p=10582"},"modified":"2013-03-07T15:03:55","modified_gmt":"2013-03-07T15:03:55","slug":"policiales-aprehendidos-en-tornquist-con-pedido-de-secuestro-activo","status":"publish","type":"post","link":"https:\/\/www.celttv.com.ar\/index.php\/2013\/03\/07\/policiales-aprehendidos-en-tornquist-con-pedido-de-secuestro-activo\/","title":{"rendered":"POLICIALES: APREHENDIDOS EN TORNQUIST CON PEDIDO DE SECUESTRO ACTIVO"},"content":{"rendered":"<p><br \/>\nLa Estaci\u00f3n de Polic\u00eda Comunal Tornquist, comunica, circunstancias personal policial, se hallaba realizando tareas de prevenci\u00f3n observa un veh\u00edculo marca Peugeot 504, de color rojo, dominio colocado RRF 530, estacionado sobre vereda de vivienda sita calle Mitre 645 esta. Que se solicita a Radio Bah\u00eda Blanca si dicho veh\u00edculo posee alg\u00fan impedimento para circular, inform\u00e1ndonos que tenia un <strong>PEDIDO DE SECUESTRO ACTIVO<\/strong>, con fecha 26-02-2013, por <strong>ROBO AUTOMOTOR <\/strong>(tipo de delito ROBO\/HURTO SIMPLE), damnificado <strong>OSCAR CRIVELLARO<\/strong>, intervenci\u00f3n UFIJ n\u00b0 10 de Dpto. Jcial San Martin Pcia Bs As. Al proceder identificar uno de ellos, se da fuga hacia una construcci\u00f3n cercana observando a otro que estaba en el lugar y que ambos emprenden la fuga. En forma inmediata se solicita apoyo a los m\u00f3viles, realizando un cerrojo de la zona, individualizando a estos mismos individuos, en el interior de otra construcci\u00f3n distante a unos 200 metros. Consecuentemente se procede a la aprehensi\u00f3n de los mismos, previa resistencia arrojando golpes de pu\u00f1o, punta pie, increpando al personal policial. Reducidos fueron conducidos, a la secci\u00f3nal policial, identificados como <strong><span style=\"text-decoration: underline;\">LUIS ALBERTO CONTE, arg, 49 a\u00f1os, inst, casado, profesi\u00f3n herrero, ddo. Borda n\u00b0 979\u00a0 Hurlingham, fec.nac. 26\/12\/1963 Avellaneda, hijo de Francisco y de Rosa Funes DNI n\u00b0 16. 542.972 y PALADINO JESUS NICOLAS, arg, 24 a\u00f1os, inst, soltero, herrero, ddo Casa Cuberta n\u00b0 4152 Jose C. Paz, hijo de Jose Luis y de Sandra Patricia Parquera fec. Nac. 15\/08\/1988 Jose C Paz. DNI n\u00b0 34.250.112. <\/span><\/strong>Personal policial momentos persecuci\u00f3n hallo interior vivienda elementos, que tratar\u00edan de hechos delictivos (capuchas, pasamonta\u00f1a, pa\u00f1uelo tipo bandana, replica de pistola calibre .45 de CO2 o gas); como as\u00ed tambi\u00e9n elementos que podr\u00edan tener relaci\u00f3n directa al hecho delito\u00a0\u201c<strong><span style=\"text-decoration: underline;\">ROBO\u00a0CALIFICADO\u201d<\/span><\/strong>, de fecha 26\/02\/13 del que resulta denunciante\u00a0<strong>BIDONDE SERGIO<\/strong>,\u00a0propietario de \u201c<strong>REMIS MASTER\u201d<\/strong>, de Sierra de la Ventana. Veh\u00edculo en cuesti\u00f3n quedo secuestrado en esta seccional a disposici\u00f3n del Magistrado interviniente. Se dio comunicaci\u00f3n a la Ayudant\u00eda Fiscal de Tornquist, Dr. Mauro Marini. Tambi\u00e9n tomando intervenci\u00f3n por hecho \u201c<strong>Encubrimiento<\/strong>\u201d Dr. Velazco Enrique, U.F.I.J n\u00b0 SEIS, partido de San Martin, provincia de Buenos Aires, y por \u201c<strong>Resistencia a la autoridad<\/strong>\u201d U.F.I.J n\u00b0 15 del Dpto. Jcial. de Bah\u00eda Blanca. Quedando alojados en esta Dependencia policial, a disposici\u00f3n de los Juzgados intervinientes. Asimismo se le recuerda a la totalidad de la poblaci\u00f3n como as\u00ed tambi\u00e9n a los Sres. Contratistas de Construcci\u00f3n o Metal\u00fargicas, que deber\u00e1n informar antes de contratar personas ajenas a este Distrito Comunal..&#8212;&#8212;&#8212;&#8212;&#8212;&#8212;&#8212;&#8212;&#8212;&#8212;&#8212;&#8212;&#8212;&#8212;&#8212;&#8212;&#8212;&#8212;&#8212;&#8212;&#8212;&#8212;&#8212;&#8212;&#8212;&#8212;&#8212;&#8212;&#8211;<\/p>\n","protected":false},"excerpt":{"rendered":"<p>La Estaci\u00f3n de Polic\u00eda Comunal Tornquist, comunica, circunstancias personal policial, se hallaba realizando tareas de prevenci\u00f3n observa un veh\u00edculo marca Peugeot 504, de color rojo, dominio colocado RRF 530, estacionado sobre vereda de vivienda sita calle Mitre 645 esta. Que se solicita a Radio Bah\u00eda Blanca si dicho veh\u00edculo posee alg\u00fan impedimento para circular, inform\u00e1ndonos [&hellip;]<\/p>\n","protected":false},"author":1,"featured_media":0,"comment_status":"closed","ping_status":"open","sticky":false,"template":"","format":"standard","meta":{"footnotes":""},"categories":[51,52,61],"tags":[],"class_list":["post-10582","post","type-post","status-publish","format-standard","hentry","category-comunidad","category-destacadas","category-policiales"],"yoast_head":"<!-- This site is optimized with the Yoast SEO plugin v19.7.1 - https:\/\/yoast.com\/wordpress\/plugins\/seo\/ -->\n<title>POLICIALES: APREHENDIDOS EN TORNQUIST CON PEDIDO DE SECUESTRO ACTIVO - CELTTV<\/title>\n<meta name=\"description\" content=\"Sitio web de noticias de la localidad de Tornquist, provincia de Buenos Aires, Rep\u00fablica Argentina. Contenido propio originado por periodistas de CELTTV, el canal de TV local de la Cooperativa El\u00e9ctrica de Tornquist. Turismo, Pol\u00edtica, Sociedad, Deporte, Cultura y todo el contenido de inter\u00e9s general que la gente del pueblo y la regi\u00f3n debe conocer.\" \/>\n<meta name=\"robots\" content=\"index, follow, max-snippet:-1, max-image-preview:large, max-video-preview:-1\" \/>\n<link rel=\"canonical\" href=\"https:\/\/www.celttv.com.ar\/index.php\/2013\/03\/07\/policiales-aprehendidos-en-tornquist-con-pedido-de-secuestro-activo\/\" \/>\n<meta property=\"og:locale\" content=\"es_ES\" \/>\n<meta property=\"og:type\" content=\"article\" \/>\n<meta property=\"og:title\" content=\"POLICIALES: APREHENDIDOS EN TORNQUIST CON PEDIDO DE SECUESTRO ACTIVO - CELTTV\" \/>\n<meta property=\"og:description\" content=\"Sitio web de noticias de la localidad de Tornquist, provincia de Buenos Aires, Rep\u00fablica Argentina. Contenido propio originado por periodistas de CELTTV, el canal de TV local de la Cooperativa El\u00e9ctrica de Tornquist. Turismo, Pol\u00edtica, Sociedad, Deporte, Cultura y todo el contenido de inter\u00e9s general que la gente del pueblo y la regi\u00f3n debe conocer.\" \/>\n<meta property=\"og:url\" content=\"https:\/\/www.celttv.com.ar\/index.php\/2013\/03\/07\/policiales-aprehendidos-en-tornquist-con-pedido-de-secuestro-activo\/\" \/>\n<meta property=\"og:site_name\" content=\"CELTTV\" \/>\n<meta property=\"article:publisher\" content=\"https:\/\/www.facebook.com\/celtTV\/\" \/>\n<meta property=\"article:published_time\" content=\"2013-03-07T15:03:55+00:00\" \/>\n<meta name=\"author\" content=\"ulises\" \/>\n<meta name=\"twitter:card\" content=\"summary_large_image\" \/>\n<meta name=\"twitter:label1\" content=\"Escrito por\" \/>\n\t<meta name=\"twitter:data1\" content=\"ulises\" \/>\n\t<meta name=\"twitter:label2\" content=\"Tiempo de lectura\" \/>\n\t<meta name=\"twitter:data2\" content=\"2 minutos\" \/>\n<script type=\"application\/ld+json\" class=\"yoast-schema-graph\">{\"@context\":\"https:\/\/schema.org\",\"@graph\":[{\"@type\":\"NewsArticle\",\"@id\":\"https:\/\/www.celttv.com.ar\/index.php\/2013\/03\/07\/policiales-aprehendidos-en-tornquist-con-pedido-de-secuestro-activo\/#article\",\"isPartOf\":{\"@id\":\"https:\/\/www.celttv.com.ar\/index.php\/2013\/03\/07\/policiales-aprehendidos-en-tornquist-con-pedido-de-secuestro-activo\/\"},\"author\":{\"name\":\"ulises\",\"@id\":\"https:\/\/www.celttv.com.ar\/#\/schema\/person\/6d99c072dba59953809c81446e9d0ace\"},\"headline\":\"POLICIALES: APREHENDIDOS EN TORNQUIST CON PEDIDO DE SECUESTRO ACTIVO\",\"datePublished\":\"2013-03-07T15:03:55+00:00\",\"dateModified\":\"2013-03-07T15:03:55+00:00\",\"mainEntityOfPage\":{\"@id\":\"https:\/\/www.celttv.com.ar\/index.php\/2013\/03\/07\/policiales-aprehendidos-en-tornquist-con-pedido-de-secuestro-activo\/\"},\"wordCount\":450,\"publisher\":{\"@id\":\"https:\/\/www.celttv.com.ar\/#organization\"},\"articleSection\":[\"Comunidad\",\"Destacadas\",\"Policiales\"],\"inLanguage\":\"es\"},{\"@type\":\"WebPage\",\"@id\":\"https:\/\/www.celttv.com.ar\/index.php\/2013\/03\/07\/policiales-aprehendidos-en-tornquist-con-pedido-de-secuestro-activo\/\",\"url\":\"https:\/\/www.celttv.com.ar\/index.php\/2013\/03\/07\/policiales-aprehendidos-en-tornquist-con-pedido-de-secuestro-activo\/\",\"name\":\"POLICIALES: APREHENDIDOS EN TORNQUIST CON PEDIDO DE SECUESTRO ACTIVO - CELTTV\",\"isPartOf\":{\"@id\":\"https:\/\/www.celttv.com.ar\/#website\"},\"datePublished\":\"2013-03-07T15:03:55+00:00\",\"dateModified\":\"2013-03-07T15:03:55+00:00\",\"description\":\"Sitio web de noticias de la localidad de Tornquist, provincia de Buenos Aires, Rep\u00fablica Argentina. Contenido propio originado por periodistas de CELTTV, el canal de TV local de la Cooperativa El\u00e9ctrica de Tornquist. Turismo, Pol\u00edtica, Sociedad, Deporte, Cultura y todo el contenido de inter\u00e9s general que la gente del pueblo y la regi\u00f3n debe conocer.\",\"breadcrumb\":{\"@id\":\"https:\/\/www.celttv.com.ar\/index.php\/2013\/03\/07\/policiales-aprehendidos-en-tornquist-con-pedido-de-secuestro-activo\/#breadcrumb\"},\"inLanguage\":\"es\",\"potentialAction\":[{\"@type\":\"ReadAction\",\"target\":[\"https:\/\/www.celttv.com.ar\/index.php\/2013\/03\/07\/policiales-aprehendidos-en-tornquist-con-pedido-de-secuestro-activo\/\"]}]},{\"@type\":\"BreadcrumbList\",\"@id\":\"https:\/\/www.celttv.com.ar\/index.php\/2013\/03\/07\/policiales-aprehendidos-en-tornquist-con-pedido-de-secuestro-activo\/#breadcrumb\",\"itemListElement\":[{\"@type\":\"ListItem\",\"position\":1,\"name\":\"Inicio\",\"item\":\"https:\/\/www.celttv.com.ar\/\"},{\"@type\":\"ListItem\",\"position\":2,\"name\":\"POLICIALES: APREHENDIDOS EN TORNQUIST CON PEDIDO DE SECUESTRO ACTIVO\"}]},{\"@type\":\"WebSite\",\"@id\":\"https:\/\/www.celttv.com.ar\/#website\",\"url\":\"https:\/\/www.celttv.com.ar\/\",\"name\":\"CELTTV\",\"description\":\"Cooperativa El\u00e9ctrica de Tornquist\",\"publisher\":{\"@id\":\"https:\/\/www.celttv.com.ar\/#organization\"},\"potentialAction\":[{\"@type\":\"SearchAction\",\"target\":{\"@type\":\"EntryPoint\",\"urlTemplate\":\"https:\/\/www.celttv.com.ar\/?s={search_term_string}\"},\"query-input\":\"required name=search_term_string\"}],\"inLanguage\":\"es\"},{\"@type\":\"Organization\",\"@id\":\"https:\/\/www.celttv.com.ar\/#organization\",\"name\":\"CELTTV\",\"url\":\"https:\/\/www.celttv.com.ar\/\",\"sameAs\":[\"https:\/\/www.youtube.com\/channel\/UCz_oIt8Hig64Ub-EmcNPIhg\",\"https:\/\/www.facebook.com\/celtTV\/\"],\"logo\":{\"@type\":\"ImageObject\",\"inLanguage\":\"es\",\"@id\":\"https:\/\/www.celttv.com.ar\/#\/schema\/logo\/image\/\",\"url\":\"http:\/\/www.celttv.com.ar\/wp-content\/uploads\/2022\/08\/logo-1.png\",\"contentUrl\":\"http:\/\/www.celttv.com.ar\/wp-content\/uploads\/2022\/08\/logo-1.png\",\"width\":461,\"height\":159,\"caption\":\"CELTTV\"},\"image\":{\"@id\":\"https:\/\/www.celttv.com.ar\/#\/schema\/logo\/image\/\"}},{\"@type\":\"Person\",\"@id\":\"https:\/\/www.celttv.com.ar\/#\/schema\/person\/6d99c072dba59953809c81446e9d0ace\",\"name\":\"ulises\",\"image\":{\"@type\":\"ImageObject\",\"inLanguage\":\"es\",\"@id\":\"https:\/\/www.celttv.com.ar\/#\/schema\/person\/image\/\",\"url\":\"https:\/\/secure.gravatar.com\/avatar\/7f2c48bdc33b30088f941fb6082e555f2874c98e20cb159d7b92b50eadfce793?s=96&d=mm&r=g\",\"contentUrl\":\"https:\/\/secure.gravatar.com\/avatar\/7f2c48bdc33b30088f941fb6082e555f2874c98e20cb159d7b92b50eadfce793?s=96&d=mm&r=g\",\"caption\":\"ulises\"},\"sameAs\":[\"http:\/\/www.celttv.com.ar\"]}]}<\/script>\n<!-- \/ Yoast SEO plugin. -->","yoast_head_json":{"title":"POLICIALES: APREHENDIDOS EN TORNQUIST CON PEDIDO DE SECUESTRO ACTIVO - CELTTV","description":"Sitio web de noticias de la localidad de Tornquist, provincia de Buenos Aires, Rep\u00fablica Argentina. Contenido propio originado por periodistas de CELTTV, el canal de TV local de la Cooperativa El\u00e9ctrica de Tornquist. Turismo, Pol\u00edtica, Sociedad, Deporte, Cultura y todo el contenido de inter\u00e9s general que la gente del pueblo y la regi\u00f3n debe conocer.","robots":{"index":"index","follow":"follow","max-snippet":"max-snippet:-1","max-image-preview":"max-image-preview:large","max-video-preview":"max-video-preview:-1"},"canonical":"https:\/\/www.celttv.com.ar\/index.php\/2013\/03\/07\/policiales-aprehendidos-en-tornquist-con-pedido-de-secuestro-activo\/","og_locale":"es_ES","og_type":"article","og_title":"POLICIALES: APREHENDIDOS EN TORNQUIST CON PEDIDO DE SECUESTRO ACTIVO - CELTTV","og_description":"Sitio web de noticias de la localidad de Tornquist, provincia de Buenos Aires, Rep\u00fablica Argentina. Contenido propio originado por periodistas de CELTTV, el canal de TV local de la Cooperativa El\u00e9ctrica de Tornquist. Turismo, Pol\u00edtica, Sociedad, Deporte, Cultura y todo el contenido de inter\u00e9s general que la gente del pueblo y la regi\u00f3n debe conocer.","og_url":"https:\/\/www.celttv.com.ar\/index.php\/2013\/03\/07\/policiales-aprehendidos-en-tornquist-con-pedido-de-secuestro-activo\/","og_site_name":"CELTTV","article_publisher":"https:\/\/www.facebook.com\/celtTV\/","article_published_time":"2013-03-07T15:03:55+00:00","author":"ulises","twitter_card":"summary_large_image","twitter_misc":{"Escrito por":"ulises","Tiempo de lectura":"2 minutos"},"schema":{"@context":"https:\/\/schema.org","@graph":[{"@type":"NewsArticle","@id":"https:\/\/www.celttv.com.ar\/index.php\/2013\/03\/07\/policiales-aprehendidos-en-tornquist-con-pedido-de-secuestro-activo\/#article","isPartOf":{"@id":"https:\/\/www.celttv.com.ar\/index.php\/2013\/03\/07\/policiales-aprehendidos-en-tornquist-con-pedido-de-secuestro-activo\/"},"author":{"name":"ulises","@id":"https:\/\/www.celttv.com.ar\/#\/schema\/person\/6d99c072dba59953809c81446e9d0ace"},"headline":"POLICIALES: APREHENDIDOS EN TORNQUIST CON PEDIDO DE SECUESTRO ACTIVO","datePublished":"2013-03-07T15:03:55+00:00","dateModified":"2013-03-07T15:03:55+00:00","mainEntityOfPage":{"@id":"https:\/\/www.celttv.com.ar\/index.php\/2013\/03\/07\/policiales-aprehendidos-en-tornquist-con-pedido-de-secuestro-activo\/"},"wordCount":450,"publisher":{"@id":"https:\/\/www.celttv.com.ar\/#organization"},"articleSection":["Comunidad","Destacadas","Policiales"],"inLanguage":"es"},{"@type":"WebPage","@id":"https:\/\/www.celttv.com.ar\/index.php\/2013\/03\/07\/policiales-aprehendidos-en-tornquist-con-pedido-de-secuestro-activo\/","url":"https:\/\/www.celttv.com.ar\/index.php\/2013\/03\/07\/policiales-aprehendidos-en-tornquist-con-pedido-de-secuestro-activo\/","name":"POLICIALES: APREHENDIDOS EN TORNQUIST CON PEDIDO DE SECUESTRO ACTIVO - CELTTV","isPartOf":{"@id":"https:\/\/www.celttv.com.ar\/#website"},"datePublished":"2013-03-07T15:03:55+00:00","dateModified":"2013-03-07T15:03:55+00:00","description":"Sitio web de noticias de la localidad de Tornquist, provincia de Buenos Aires, Rep\u00fablica Argentina. Contenido propio originado por periodistas de CELTTV, el canal de TV local de la Cooperativa El\u00e9ctrica de Tornquist. Turismo, Pol\u00edtica, Sociedad, Deporte, Cultura y todo el contenido de inter\u00e9s general que la gente del pueblo y la regi\u00f3n debe conocer.","breadcrumb":{"@id":"https:\/\/www.celttv.com.ar\/index.php\/2013\/03\/07\/policiales-aprehendidos-en-tornquist-con-pedido-de-secuestro-activo\/#breadcrumb"},"inLanguage":"es","potentialAction":[{"@type":"ReadAction","target":["https:\/\/www.celttv.com.ar\/index.php\/2013\/03\/07\/policiales-aprehendidos-en-tornquist-con-pedido-de-secuestro-activo\/"]}]},{"@type":"BreadcrumbList","@id":"https:\/\/www.celttv.com.ar\/index.php\/2013\/03\/07\/policiales-aprehendidos-en-tornquist-con-pedido-de-secuestro-activo\/#breadcrumb","itemListElement":[{"@type":"ListItem","position":1,"name":"Inicio","item":"https:\/\/www.celttv.com.ar\/"},{"@type":"ListItem","position":2,"name":"POLICIALES: APREHENDIDOS EN TORNQUIST CON PEDIDO DE SECUESTRO ACTIVO"}]},{"@type":"WebSite","@id":"https:\/\/www.celttv.com.ar\/#website","url":"https:\/\/www.celttv.com.ar\/","name":"CELTTV","description":"Cooperativa El\u00e9ctrica de Tornquist","publisher":{"@id":"https:\/\/www.celttv.com.ar\/#organization"},"potentialAction":[{"@type":"SearchAction","target":{"@type":"EntryPoint","urlTemplate":"https:\/\/www.celttv.com.ar\/?s={search_term_string}"},"query-input":"required name=search_term_string"}],"inLanguage":"es"},{"@type":"Organization","@id":"https:\/\/www.celttv.com.ar\/#organization","name":"CELTTV","url":"https:\/\/www.celttv.com.ar\/","sameAs":["https:\/\/www.youtube.com\/channel\/UCz_oIt8Hig64Ub-EmcNPIhg","https:\/\/www.facebook.com\/celtTV\/"],"logo":{"@type":"ImageObject","inLanguage":"es","@id":"https:\/\/www.celttv.com.ar\/#\/schema\/logo\/image\/","url":"http:\/\/www.celttv.com.ar\/wp-content\/uploads\/2022\/08\/logo-1.png","contentUrl":"http:\/\/www.celttv.com.ar\/wp-content\/uploads\/2022\/08\/logo-1.png","width":461,"height":159,"caption":"CELTTV"},"image":{"@id":"https:\/\/www.celttv.com.ar\/#\/schema\/logo\/image\/"}},{"@type":"Person","@id":"https:\/\/www.celttv.com.ar\/#\/schema\/person\/6d99c072dba59953809c81446e9d0ace","name":"ulises","image":{"@type":"ImageObject","inLanguage":"es","@id":"https:\/\/www.celttv.com.ar\/#\/schema\/person\/image\/","url":"https:\/\/secure.gravatar.com\/avatar\/7f2c48bdc33b30088f941fb6082e555f2874c98e20cb159d7b92b50eadfce793?s=96&d=mm&r=g","contentUrl":"https:\/\/secure.gravatar.com\/avatar\/7f2c48bdc33b30088f941fb6082e555f2874c98e20cb159d7b92b50eadfce793?s=96&d=mm&r=g","caption":"ulises"},"sameAs":["http:\/\/www.celttv.com.ar"]}]}},"_links":{"self":[{"href":"https:\/\/www.celttv.com.ar\/index.php\/wp-json\/wp\/v2\/posts\/10582","targetHints":{"allow":["GET"]}}],"collection":[{"href":"https:\/\/www.celttv.com.ar\/index.php\/wp-json\/wp\/v2\/posts"}],"about":[{"href":"https:\/\/www.celttv.com.ar\/index.php\/wp-json\/wp\/v2\/types\/post"}],"author":[{"embeddable":true,"href":"https:\/\/www.celttv.com.ar\/index.php\/wp-json\/wp\/v2\/users\/1"}],"replies":[{"embeddable":true,"href":"https:\/\/www.celttv.com.ar\/index.php\/wp-json\/wp\/v2\/comments?post=10582"}],"version-history":[{"count":0,"href":"https:\/\/www.celttv.com.ar\/index.php\/wp-json\/wp\/v2\/posts\/10582\/revisions"}],"wp:attachment":[{"href":"https:\/\/www.celttv.com.ar\/index.php\/wp-json\/wp\/v2\/media?parent=10582"}],"wp:term":[{"taxonomy":"category","embeddable":true,"href":"https:\/\/www.celttv.com.ar\/index.php\/wp-json\/wp\/v2\/categories?post=10582"},{"taxonomy":"post_tag","embeddable":true,"href":"https:\/\/www.celttv.com.ar\/index.php\/wp-json\/wp\/v2\/tags?post=10582"}],"curies":[{"name":"wp","href":"https:\/\/api.w.org\/{rel}","templated":true}]}}