{"id":10622,"date":"2013-03-09T21:23:29","date_gmt":"2013-03-09T21:23:29","guid":{"rendered":"http:\/\/www.tvcnoticias.com.ar\/?p=10622"},"modified":"2013-03-09T21:23:29","modified_gmt":"2013-03-09T21:23:29","slug":"comenzo-la-cosntruccion-de-lomos-de-burro-en-la-avda-moreno","status":"publish","type":"post","link":"https:\/\/www.celttv.com.ar\/index.php\/2013\/03\/09\/comenzo-la-cosntruccion-de-lomos-de-burro-en-la-avda-moreno\/","title":{"rendered":"COMENZO LA CONSTRUCCION DE LOMOS DE BURRO EN LA AVDA. MORENO"},"content":{"rendered":"<p><a rel=\"attachment wp-att-10628\" href=\"http:\/\/www.tvcnoticias.com.ar\/?attachment_id=10628\"><br \/>\n<\/a><br \/>\n<img loading=\"lazy\" decoding=\"async\" class=\"aligncenter size-full wp-image-10628\" title=\"DSCN0659 (1280x960) (Small)\" src=\"http:\/\/www.tvcnoticias.com.ar\/wp-content\/uploads\/2013\/03\/DSCN0659-1280x960-Small.jpg\" alt=\"\" width=\"640\" height=\"480\" \/><br \/>\nLa construcci\u00f3n de reductores de velocidad sobre la avenida Moreno de la ciudad cabecera del distrito, a la altura del Parque Lineal, empieza a tomar forma: en la ma\u00f1ana de hoy se realiz\u00f3 el hormigonado del lomo de burro ubicado en uno de los accesos al espacio p\u00fablico, que fue recuperado y puesto en valor sobre fines del a\u00f1o pasado.<br \/>\n\u00a0\u00a0 \u201cLos reductores en este sector son necesarios. Hace un tiempo, la Secretar\u00eda de Seguridad, encabezada por el doctor Carlos Carriquiry, se puso a trabajar en el armado de un plan para colocarlos en sectores estrat\u00e9gicos de la ciudad cabecera. En su momento se dio participaci\u00f3n al Concejo Deliberante, que estuvo de acuerdo, y desde la Secretar\u00eda de Obras P\u00fablicas comenzamos a trabajar en etapas y de acuerdo con los recursos disponibles\u201d, confi\u00f3 la arquitecta Anabella Madue\u00f1a, secretaria de Obras y Servicios P\u00fablicos de la comuna.<br \/>\n\u00a0\u00a0 \u201cEstos reductores obligan a bajar la velocidad y a la vez no son agresivos para el autom\u00f3vil, porque no tienen demasiada altura. Este es el primero y despu\u00e9s se ejecutar\u00e1 otro en el restante ingreso al parque. Estamos analizando de qu\u00e9 caracter\u00edsticas ser\u00e1 el tercer reductor, que ir\u00e1 en medio de los otros dos\u201d, resalt\u00f3.<br \/>\n\u00a0\u00a0 Madue\u00f1a destac\u00f3 que para una etapa futura se prev\u00e9 colocar reductores en el ingreso a la ciudad cabecera por la avenida Belgrano.<br \/>\n\u00a0\u00a0 \u201cPara el intendente Gustavo Trankels es importante la seguridad en el tr\u00e1nsito y cuidar la integridad de las personas\u201d, se\u00f1al\u00f3.<br \/>\n\u00a0\u00a0 Por su parte, el subsecretario de Obras y Servicios P\u00fablicos se refiri\u00f3 a la necesidad de concientizar a los automovilistas.<br \/>\n\u00a0\u00a0 \u201cSoy circunstancialmente uno de los vecinos que viven sobre la avenida Moreno y observo a diario la velocidad con la cual se desplazan los veh\u00edculos. Esto es parte de la educaci\u00f3n social que tenemos. El lomo de burro no deja de ser algo que molesta en la calle y lo ideal ser\u00eda que la gente respete la velocidad m\u00e1xima para no tener que construirlos\u201d, coment\u00f3.<br \/>\n\u00a0\u00a0 \u201cLo ideal es que tomemos conciencia y respetemos las se\u00f1ales de tr\u00e1nsito. No sirve de nada tener el pueblo lleno de lomos de burro\u201d, consider\u00f3.<\/p>\n","protected":false},"excerpt":{"rendered":"<p>La construcci\u00f3n de reductores de velocidad sobre la avenida Moreno de la ciudad cabecera del distrito, a la altura del Parque Lineal, empieza a tomar forma: en la ma\u00f1ana de hoy se realiz\u00f3 el hormigonado del lomo de burro ubicado en uno de los accesos al espacio p\u00fablico, que fue recuperado y puesto en valor [&hellip;]<\/p>\n","protected":false},"author":1,"featured_media":0,"comment_status":"closed","ping_status":"open","sticky":false,"template":"","format":"standard","meta":{"footnotes":""},"categories":[51,52,53],"tags":[],"class_list":["post-10622","post","type-post","status-publish","format-standard","hentry","category-comunidad","category-destacadas","category-politica"],"yoast_head":"<!-- This site is optimized with the Yoast SEO plugin v19.7.1 - https:\/\/yoast.com\/wordpress\/plugins\/seo\/ -->\n<title>COMENZO LA CONSTRUCCION DE LOMOS DE BURRO EN LA AVDA. MORENO - CELTTV<\/title>\n<meta name=\"description\" content=\"Sitio web de noticias de la localidad de Tornquist, provincia de Buenos Aires, Rep\u00fablica Argentina. Contenido propio originado por periodistas de CELTTV, el canal de TV local de la Cooperativa El\u00e9ctrica de Tornquist. Turismo, Pol\u00edtica, Sociedad, Deporte, Cultura y todo el contenido de inter\u00e9s general que la gente del pueblo y la regi\u00f3n debe conocer.\" \/>\n<meta name=\"robots\" content=\"index, follow, max-snippet:-1, max-image-preview:large, max-video-preview:-1\" \/>\n<link rel=\"canonical\" href=\"https:\/\/www.celttv.com.ar\/index.php\/2013\/03\/09\/comenzo-la-cosntruccion-de-lomos-de-burro-en-la-avda-moreno\/\" \/>\n<meta property=\"og:locale\" content=\"es_ES\" \/>\n<meta property=\"og:type\" content=\"article\" \/>\n<meta property=\"og:title\" content=\"COMENZO LA CONSTRUCCION DE LOMOS DE BURRO EN LA AVDA. MORENO - CELTTV\" \/>\n<meta property=\"og:description\" content=\"Sitio web de noticias de la localidad de Tornquist, provincia de Buenos Aires, Rep\u00fablica Argentina. Contenido propio originado por periodistas de CELTTV, el canal de TV local de la Cooperativa El\u00e9ctrica de Tornquist. Turismo, Pol\u00edtica, Sociedad, Deporte, Cultura y todo el contenido de inter\u00e9s general que la gente del pueblo y la regi\u00f3n debe conocer.\" \/>\n<meta property=\"og:url\" content=\"https:\/\/www.celttv.com.ar\/index.php\/2013\/03\/09\/comenzo-la-cosntruccion-de-lomos-de-burro-en-la-avda-moreno\/\" \/>\n<meta property=\"og:site_name\" content=\"CELTTV\" \/>\n<meta property=\"article:publisher\" content=\"https:\/\/www.facebook.com\/celtTV\/\" \/>\n<meta property=\"article:published_time\" content=\"2013-03-09T21:23:29+00:00\" \/>\n<meta property=\"og:image\" content=\"http:\/\/www.tvcnoticias.com.ar\/wp-content\/uploads\/2013\/03\/DSCN0659-1280x960-Small.jpg\" \/>\n<meta name=\"author\" content=\"ulises\" \/>\n<meta name=\"twitter:card\" content=\"summary_large_image\" \/>\n<meta name=\"twitter:label1\" content=\"Escrito por\" \/>\n\t<meta name=\"twitter:data1\" content=\"ulises\" \/>\n\t<meta name=\"twitter:label2\" content=\"Tiempo de lectura\" \/>\n\t<meta name=\"twitter:data2\" content=\"2 minutos\" \/>\n<script type=\"application\/ld+json\" class=\"yoast-schema-graph\">{\"@context\":\"https:\/\/schema.org\",\"@graph\":[{\"@type\":\"NewsArticle\",\"@id\":\"https:\/\/www.celttv.com.ar\/index.php\/2013\/03\/09\/comenzo-la-cosntruccion-de-lomos-de-burro-en-la-avda-moreno\/#article\",\"isPartOf\":{\"@id\":\"https:\/\/www.celttv.com.ar\/index.php\/2013\/03\/09\/comenzo-la-cosntruccion-de-lomos-de-burro-en-la-avda-moreno\/\"},\"author\":{\"name\":\"ulises\",\"@id\":\"https:\/\/www.celttv.com.ar\/#\/schema\/person\/6d99c072dba59953809c81446e9d0ace\"},\"headline\":\"COMENZO LA CONSTRUCCION DE LOMOS DE BURRO EN LA AVDA. MORENO\",\"datePublished\":\"2013-03-09T21:23:29+00:00\",\"dateModified\":\"2013-03-09T21:23:29+00:00\",\"mainEntityOfPage\":{\"@id\":\"https:\/\/www.celttv.com.ar\/index.php\/2013\/03\/09\/comenzo-la-cosntruccion-de-lomos-de-burro-en-la-avda-moreno\/\"},\"wordCount\":391,\"publisher\":{\"@id\":\"https:\/\/www.celttv.com.ar\/#organization\"},\"articleSection\":[\"Comunidad\",\"Destacadas\",\"Pol\u00edtica\"],\"inLanguage\":\"es\"},{\"@type\":\"WebPage\",\"@id\":\"https:\/\/www.celttv.com.ar\/index.php\/2013\/03\/09\/comenzo-la-cosntruccion-de-lomos-de-burro-en-la-avda-moreno\/\",\"url\":\"https:\/\/www.celttv.com.ar\/index.php\/2013\/03\/09\/comenzo-la-cosntruccion-de-lomos-de-burro-en-la-avda-moreno\/\",\"name\":\"COMENZO LA CONSTRUCCION DE LOMOS DE BURRO EN LA AVDA. MORENO - CELTTV\",\"isPartOf\":{\"@id\":\"https:\/\/www.celttv.com.ar\/#website\"},\"datePublished\":\"2013-03-09T21:23:29+00:00\",\"dateModified\":\"2013-03-09T21:23:29+00:00\",\"description\":\"Sitio web de noticias de la localidad de Tornquist, provincia de Buenos Aires, Rep\u00fablica Argentina. Contenido propio originado por periodistas de CELTTV, el canal de TV local de la Cooperativa El\u00e9ctrica de Tornquist. Turismo, Pol\u00edtica, Sociedad, Deporte, Cultura y todo el contenido de inter\u00e9s general que la gente del pueblo y la regi\u00f3n debe conocer.\",\"breadcrumb\":{\"@id\":\"https:\/\/www.celttv.com.ar\/index.php\/2013\/03\/09\/comenzo-la-cosntruccion-de-lomos-de-burro-en-la-avda-moreno\/#breadcrumb\"},\"inLanguage\":\"es\",\"potentialAction\":[{\"@type\":\"ReadAction\",\"target\":[\"https:\/\/www.celttv.com.ar\/index.php\/2013\/03\/09\/comenzo-la-cosntruccion-de-lomos-de-burro-en-la-avda-moreno\/\"]}]},{\"@type\":\"BreadcrumbList\",\"@id\":\"https:\/\/www.celttv.com.ar\/index.php\/2013\/03\/09\/comenzo-la-cosntruccion-de-lomos-de-burro-en-la-avda-moreno\/#breadcrumb\",\"itemListElement\":[{\"@type\":\"ListItem\",\"position\":1,\"name\":\"Inicio\",\"item\":\"https:\/\/www.celttv.com.ar\/\"},{\"@type\":\"ListItem\",\"position\":2,\"name\":\"COMENZO LA CONSTRUCCION DE LOMOS DE BURRO EN LA AVDA. MORENO\"}]},{\"@type\":\"WebSite\",\"@id\":\"https:\/\/www.celttv.com.ar\/#website\",\"url\":\"https:\/\/www.celttv.com.ar\/\",\"name\":\"CELTTV\",\"description\":\"Cooperativa El\u00e9ctrica de Tornquist\",\"publisher\":{\"@id\":\"https:\/\/www.celttv.com.ar\/#organization\"},\"potentialAction\":[{\"@type\":\"SearchAction\",\"target\":{\"@type\":\"EntryPoint\",\"urlTemplate\":\"https:\/\/www.celttv.com.ar\/?s={search_term_string}\"},\"query-input\":\"required name=search_term_string\"}],\"inLanguage\":\"es\"},{\"@type\":\"Organization\",\"@id\":\"https:\/\/www.celttv.com.ar\/#organization\",\"name\":\"CELTTV\",\"url\":\"https:\/\/www.celttv.com.ar\/\",\"sameAs\":[\"https:\/\/www.youtube.com\/channel\/UCz_oIt8Hig64Ub-EmcNPIhg\",\"https:\/\/www.facebook.com\/celtTV\/\"],\"logo\":{\"@type\":\"ImageObject\",\"inLanguage\":\"es\",\"@id\":\"https:\/\/www.celttv.com.ar\/#\/schema\/logo\/image\/\",\"url\":\"http:\/\/www.celttv.com.ar\/wp-content\/uploads\/2022\/08\/logo-1.png\",\"contentUrl\":\"http:\/\/www.celttv.com.ar\/wp-content\/uploads\/2022\/08\/logo-1.png\",\"width\":461,\"height\":159,\"caption\":\"CELTTV\"},\"image\":{\"@id\":\"https:\/\/www.celttv.com.ar\/#\/schema\/logo\/image\/\"}},{\"@type\":\"Person\",\"@id\":\"https:\/\/www.celttv.com.ar\/#\/schema\/person\/6d99c072dba59953809c81446e9d0ace\",\"name\":\"ulises\",\"image\":{\"@type\":\"ImageObject\",\"inLanguage\":\"es\",\"@id\":\"https:\/\/www.celttv.com.ar\/#\/schema\/person\/image\/\",\"url\":\"https:\/\/secure.gravatar.com\/avatar\/7f2c48bdc33b30088f941fb6082e555f2874c98e20cb159d7b92b50eadfce793?s=96&d=mm&r=g\",\"contentUrl\":\"https:\/\/secure.gravatar.com\/avatar\/7f2c48bdc33b30088f941fb6082e555f2874c98e20cb159d7b92b50eadfce793?s=96&d=mm&r=g\",\"caption\":\"ulises\"},\"sameAs\":[\"http:\/\/www.celttv.com.ar\"]}]}<\/script>\n<!-- \/ Yoast SEO plugin. -->","yoast_head_json":{"title":"COMENZO LA CONSTRUCCION DE LOMOS DE BURRO EN LA AVDA. MORENO - CELTTV","description":"Sitio web de noticias de la localidad de Tornquist, provincia de Buenos Aires, Rep\u00fablica Argentina. Contenido propio originado por periodistas de CELTTV, el canal de TV local de la Cooperativa El\u00e9ctrica de Tornquist. Turismo, Pol\u00edtica, Sociedad, Deporte, Cultura y todo el contenido de inter\u00e9s general que la gente del pueblo y la regi\u00f3n debe conocer.","robots":{"index":"index","follow":"follow","max-snippet":"max-snippet:-1","max-image-preview":"max-image-preview:large","max-video-preview":"max-video-preview:-1"},"canonical":"https:\/\/www.celttv.com.ar\/index.php\/2013\/03\/09\/comenzo-la-cosntruccion-de-lomos-de-burro-en-la-avda-moreno\/","og_locale":"es_ES","og_type":"article","og_title":"COMENZO LA CONSTRUCCION DE LOMOS DE BURRO EN LA AVDA. MORENO - CELTTV","og_description":"Sitio web de noticias de la localidad de Tornquist, provincia de Buenos Aires, Rep\u00fablica Argentina. Contenido propio originado por periodistas de CELTTV, el canal de TV local de la Cooperativa El\u00e9ctrica de Tornquist. Turismo, Pol\u00edtica, Sociedad, Deporte, Cultura y todo el contenido de inter\u00e9s general que la gente del pueblo y la regi\u00f3n debe conocer.","og_url":"https:\/\/www.celttv.com.ar\/index.php\/2013\/03\/09\/comenzo-la-cosntruccion-de-lomos-de-burro-en-la-avda-moreno\/","og_site_name":"CELTTV","article_publisher":"https:\/\/www.facebook.com\/celtTV\/","article_published_time":"2013-03-09T21:23:29+00:00","og_image":[{"url":"http:\/\/www.tvcnoticias.com.ar\/wp-content\/uploads\/2013\/03\/DSCN0659-1280x960-Small.jpg"}],"author":"ulises","twitter_card":"summary_large_image","twitter_misc":{"Escrito por":"ulises","Tiempo de lectura":"2 minutos"},"schema":{"@context":"https:\/\/schema.org","@graph":[{"@type":"NewsArticle","@id":"https:\/\/www.celttv.com.ar\/index.php\/2013\/03\/09\/comenzo-la-cosntruccion-de-lomos-de-burro-en-la-avda-moreno\/#article","isPartOf":{"@id":"https:\/\/www.celttv.com.ar\/index.php\/2013\/03\/09\/comenzo-la-cosntruccion-de-lomos-de-burro-en-la-avda-moreno\/"},"author":{"name":"ulises","@id":"https:\/\/www.celttv.com.ar\/#\/schema\/person\/6d99c072dba59953809c81446e9d0ace"},"headline":"COMENZO LA CONSTRUCCION DE LOMOS DE BURRO EN LA AVDA. MORENO","datePublished":"2013-03-09T21:23:29+00:00","dateModified":"2013-03-09T21:23:29+00:00","mainEntityOfPage":{"@id":"https:\/\/www.celttv.com.ar\/index.php\/2013\/03\/09\/comenzo-la-cosntruccion-de-lomos-de-burro-en-la-avda-moreno\/"},"wordCount":391,"publisher":{"@id":"https:\/\/www.celttv.com.ar\/#organization"},"articleSection":["Comunidad","Destacadas","Pol\u00edtica"],"inLanguage":"es"},{"@type":"WebPage","@id":"https:\/\/www.celttv.com.ar\/index.php\/2013\/03\/09\/comenzo-la-cosntruccion-de-lomos-de-burro-en-la-avda-moreno\/","url":"https:\/\/www.celttv.com.ar\/index.php\/2013\/03\/09\/comenzo-la-cosntruccion-de-lomos-de-burro-en-la-avda-moreno\/","name":"COMENZO LA CONSTRUCCION DE LOMOS DE BURRO EN LA AVDA. MORENO - CELTTV","isPartOf":{"@id":"https:\/\/www.celttv.com.ar\/#website"},"datePublished":"2013-03-09T21:23:29+00:00","dateModified":"2013-03-09T21:23:29+00:00","description":"Sitio web de noticias de la localidad de Tornquist, provincia de Buenos Aires, Rep\u00fablica Argentina. Contenido propio originado por periodistas de CELTTV, el canal de TV local de la Cooperativa El\u00e9ctrica de Tornquist. Turismo, Pol\u00edtica, Sociedad, Deporte, Cultura y todo el contenido de inter\u00e9s general que la gente del pueblo y la regi\u00f3n debe conocer.","breadcrumb":{"@id":"https:\/\/www.celttv.com.ar\/index.php\/2013\/03\/09\/comenzo-la-cosntruccion-de-lomos-de-burro-en-la-avda-moreno\/#breadcrumb"},"inLanguage":"es","potentialAction":[{"@type":"ReadAction","target":["https:\/\/www.celttv.com.ar\/index.php\/2013\/03\/09\/comenzo-la-cosntruccion-de-lomos-de-burro-en-la-avda-moreno\/"]}]},{"@type":"BreadcrumbList","@id":"https:\/\/www.celttv.com.ar\/index.php\/2013\/03\/09\/comenzo-la-cosntruccion-de-lomos-de-burro-en-la-avda-moreno\/#breadcrumb","itemListElement":[{"@type":"ListItem","position":1,"name":"Inicio","item":"https:\/\/www.celttv.com.ar\/"},{"@type":"ListItem","position":2,"name":"COMENZO LA CONSTRUCCION DE LOMOS DE BURRO EN LA AVDA. MORENO"}]},{"@type":"WebSite","@id":"https:\/\/www.celttv.com.ar\/#website","url":"https:\/\/www.celttv.com.ar\/","name":"CELTTV","description":"Cooperativa El\u00e9ctrica de Tornquist","publisher":{"@id":"https:\/\/www.celttv.com.ar\/#organization"},"potentialAction":[{"@type":"SearchAction","target":{"@type":"EntryPoint","urlTemplate":"https:\/\/www.celttv.com.ar\/?s={search_term_string}"},"query-input":"required name=search_term_string"}],"inLanguage":"es"},{"@type":"Organization","@id":"https:\/\/www.celttv.com.ar\/#organization","name":"CELTTV","url":"https:\/\/www.celttv.com.ar\/","sameAs":["https:\/\/www.youtube.com\/channel\/UCz_oIt8Hig64Ub-EmcNPIhg","https:\/\/www.facebook.com\/celtTV\/"],"logo":{"@type":"ImageObject","inLanguage":"es","@id":"https:\/\/www.celttv.com.ar\/#\/schema\/logo\/image\/","url":"http:\/\/www.celttv.com.ar\/wp-content\/uploads\/2022\/08\/logo-1.png","contentUrl":"http:\/\/www.celttv.com.ar\/wp-content\/uploads\/2022\/08\/logo-1.png","width":461,"height":159,"caption":"CELTTV"},"image":{"@id":"https:\/\/www.celttv.com.ar\/#\/schema\/logo\/image\/"}},{"@type":"Person","@id":"https:\/\/www.celttv.com.ar\/#\/schema\/person\/6d99c072dba59953809c81446e9d0ace","name":"ulises","image":{"@type":"ImageObject","inLanguage":"es","@id":"https:\/\/www.celttv.com.ar\/#\/schema\/person\/image\/","url":"https:\/\/secure.gravatar.com\/avatar\/7f2c48bdc33b30088f941fb6082e555f2874c98e20cb159d7b92b50eadfce793?s=96&d=mm&r=g","contentUrl":"https:\/\/secure.gravatar.com\/avatar\/7f2c48bdc33b30088f941fb6082e555f2874c98e20cb159d7b92b50eadfce793?s=96&d=mm&r=g","caption":"ulises"},"sameAs":["http:\/\/www.celttv.com.ar"]}]}},"_links":{"self":[{"href":"https:\/\/www.celttv.com.ar\/index.php\/wp-json\/wp\/v2\/posts\/10622","targetHints":{"allow":["GET"]}}],"collection":[{"href":"https:\/\/www.celttv.com.ar\/index.php\/wp-json\/wp\/v2\/posts"}],"about":[{"href":"https:\/\/www.celttv.com.ar\/index.php\/wp-json\/wp\/v2\/types\/post"}],"author":[{"embeddable":true,"href":"https:\/\/www.celttv.com.ar\/index.php\/wp-json\/wp\/v2\/users\/1"}],"replies":[{"embeddable":true,"href":"https:\/\/www.celttv.com.ar\/index.php\/wp-json\/wp\/v2\/comments?post=10622"}],"version-history":[{"count":0,"href":"https:\/\/www.celttv.com.ar\/index.php\/wp-json\/wp\/v2\/posts\/10622\/revisions"}],"wp:attachment":[{"href":"https:\/\/www.celttv.com.ar\/index.php\/wp-json\/wp\/v2\/media?parent=10622"}],"wp:term":[{"taxonomy":"category","embeddable":true,"href":"https:\/\/www.celttv.com.ar\/index.php\/wp-json\/wp\/v2\/categories?post=10622"},{"taxonomy":"post_tag","embeddable":true,"href":"https:\/\/www.celttv.com.ar\/index.php\/wp-json\/wp\/v2\/tags?post=10622"}],"curies":[{"name":"wp","href":"https:\/\/api.w.org\/{rel}","templated":true}]}}