{"id":10636,"date":"2013-03-09T21:37:15","date_gmt":"2013-03-09T21:37:15","guid":{"rendered":"http:\/\/www.tvcnoticias.com.ar\/?p=10636"},"modified":"2013-03-09T21:37:15","modified_gmt":"2013-03-09T21:37:15","slug":"acordaron-construir-una-fuerca-plural-progresista-y-de-centroizquierda-con-el-fap-la-ucr-proyecto-sur-y-sectores-del-peronismo","status":"publish","type":"post","link":"https:\/\/www.celttv.com.ar\/index.php\/2013\/03\/09\/acordaron-construir-una-fuerca-plural-progresista-y-de-centroizquierda-con-el-fap-la-ucr-proyecto-sur-y-sectores-del-peronismo\/","title":{"rendered":"ACORDARON CONSTRUIR UNA FUERZA PLURAL, PROGRESISTA Y DE CENTROIZQUIERDA CON EL FAP., LA UCR., PROYECTO SUR Y SECTORES DEL PERONISMO"},"content":{"rendered":"<p lang=\"es-ES\"><a rel=\"attachment wp-att-10637\" href=\"http:\/\/www.tvcnoticias.com.ar\/?attachment_id=10637\"><img loading=\"lazy\" decoding=\"async\" class=\"aligncenter size-full wp-image-10637\" title=\"nueva fuerza policitica (Small)\" src=\"http:\/\/www.tvcnoticias.com.ar\/wp-content\/uploads\/2013\/03\/nueva-fuerza-policitica-Small.jpg\" alt=\"\" width=\"640\" height=\"427\" \/><\/a><\/p>\n<p lang=\"es-ES\">CONGRESO DE LA CC-ARI BONAERENSE<\/p>\n<p lang=\"es-ES\">\u00a0<em>La jornada signific\u00f3 un rotundo triunfo del espacio que conducen los legisladores Walter Martello, Horacio Piemonte, Oscar Negrelli, Mar\u00eda Isabel Gainza, Pedro Simonini y Marcela Guido en Buenos Aires. El sector que responde a Carri\u00f3 qued\u00f3 definitivamente sin representaci\u00f3n a nivel provincial ya que 82 de los 91 congresales avalaron la posici\u00f3n de la mesa bonaerense que preside Martello.<\/em><\/p>\n<p lang=\"es-ES\">\u00a0Con la presencia de 91 congresales de las 8 secciones electorales de la provincia de Buenos Aires, la Asamblea de la Coalici\u00f3n C\u00edvica-ARI bonaerense aprob\u00f3 esta tarde en Capital Federal un documento en el que ratifica avanzar en la conformaci\u00f3n de una alianza con el Frente Amplio Progresista (FAP), Proyecto Sur, la Uni\u00f3n C\u00edvica Radical (UCR) y sectores del peronismo de cara a las pr\u00f3ximas elecciones legislativas.<\/p>\n<p lang=\"es-ES\">\u00a0En la convenci\u00f3n, obtuvo amplia mayor\u00eda la l\u00ednea que ven\u00eda abogando por una apertura del partido contra la posici\u00f3n que llevaron adelante los enviados de Elisa Carri\u00f3, que no lograron ning\u00fan representante en la mesa de la asamblea ni en algunos organismos como la Junta Electoral y el Tribunal de \u00c9tica.<\/p>\n<p lang=\"es-ES\">\u00a0Se trata de un triunfo del sector que conducen los legisladores Walter Martello, Horacio Piemonte, Oscar Negrelli, Mar\u00eda Isabel Gainza, Pedro Simonini y Marcela Guido, quienes han mantenido encuentros con diferentes sectores progresistas y de centroizquierda.<\/p>\n<p lang=\"es-ES\">\u00a0En este sentido, el presidente de la CC-ARI provincial, Walter Martello, asever\u00f3 que <em>\u201ctodo indica que se producir\u00e1 un claro acercamiento con el FAP, Proyecto Sur, la UCR y sectores del peronismo para impedir que la salida de este proyecto actual sea la derecha fr\u00edvola\u201d.<\/em><\/p>\n<p lang=\"es-ES\">\u00a0Con una dura autocr\u00edtica a la jugada en solitario del partido en los comicios del 2011 y al discurso elitista pregonado por Elisa Carri\u00f3, Martello asegur\u00f3 que <em>\u201cnunca dejamos de trabajar para ser una alternativa al Sciolismo y Massismo, no hay ninguna votaci\u00f3n que nos haya encontrado siendo funcionales a ese esquema de gesti\u00f3n marketinera\u201d<\/em>.<\/p>\n<p lang=\"es-ES\">\u00a0Tras hacer un minucioso diagn\u00f3stico de la delicada situaci\u00f3n de la provincia de Buenos Aires, gobernada ininterrumpidamente desde hace casi 30 a\u00f1os por el PJ, la CC-ARI provincial plasm\u00f3 en un documento titulado <em>\u201cAnte una crisis singular una respuesta en Plural\u201d<\/em> que: <em>\u201cResulta imperativo, establecer y afianzar un di\u00e1logo interpartidario maduro y constante, construido desde el respeto a la identidad de cada partido, el aprecio mutuo a la laboriosidad, el capital intelectual y moral de sus dirigentes; el establecimiento de acciones program\u00e1ticas, de pautas claras de debate y soluci\u00f3n de controversias; de aprendizaje de los errores precedentes y de promoci\u00f3n de una adecuada valoraci\u00f3n de las militancias\u201d<\/em>.<\/p>\n<p lang=\"es-ES\">\u00a0\u201c<em>Estas alianzas, frentes y encuentros habr\u00e1n de generar un enfoque sostenible de acci\u00f3n colectiva, al que debemos aprender a perfeccionar de manera constante. Este camino fue nuestra senda originaria en la b\u00fasqueda de consenso social. Nacimos como coalici\u00f3n y de all\u00ed obtuvimos nuestro nombre\u201d<\/em>, consign\u00f3 Martello.<\/p>\n<p lang=\"es-ES\">\u00a0Por \u00faltimo, el manuscrito aprobado por los congresales concluye que: <em>\u201cLa sociedad toda debe saber que hay fuerzas pol\u00edticas como Frente Amplio Progresista, Proyecto Sur, sectores del radicalismo, peronistas, actores gremiales, sociales que siguen reivindicando la justicia social, principios, valores, visiones de pa\u00eds, que componen el campo progresista junto a otras fuerzas pol\u00edticas provinciales y municipales con quienes pensamos que experiencias integradoras son posibles, son necesarias. Y hacia ese encuentro debemos ir, a ese plural debemos orientarnos, porque como dijimos en alg\u00fan plenario hace a\u00f1os, previo a la conformaci\u00f3n de la Coalici\u00f3n C\u00edvica: Ni todos los buenos est\u00e1n dentro, ni todos los malos est\u00e1n afuera\u201d<\/em>.<\/p>\n<p lang=\"es-ES\">\u00a0Cabe destacar, que la asamblea cont\u00f3 con la presencia de Adri\u00e1n P\u00e9rez, legislador nacional con mandato cumplido, militantes y dirigentes de los distritos del interior de la Provincia.<\/p>\n<p lang=\"es-ES\">\u00a0<strong>Capital Federal, S\u00e1bado 9 de Marzo de 2013<\/strong><\/p>\n","protected":false},"excerpt":{"rendered":"<p>CONGRESO DE LA CC-ARI BONAERENSE \u00a0La jornada signific\u00f3 un rotundo triunfo del espacio que conducen los legisladores Walter Martello, Horacio Piemonte, Oscar Negrelli, Mar\u00eda Isabel Gainza, Pedro Simonini y Marcela Guido en Buenos Aires. El sector que responde a Carri\u00f3 qued\u00f3 definitivamente sin representaci\u00f3n a nivel provincial ya que 82 de los 91 congresales avalaron [&hellip;]<\/p>\n","protected":false},"author":1,"featured_media":0,"comment_status":"closed","ping_status":"open","sticky":false,"template":"","format":"standard","meta":{"footnotes":""},"categories":[52,53],"tags":[],"class_list":["post-10636","post","type-post","status-publish","format-standard","hentry","category-destacadas","category-politica"],"yoast_head":"<!-- This site is optimized with the Yoast SEO plugin v19.7.1 - https:\/\/yoast.com\/wordpress\/plugins\/seo\/ -->\n<title>ACORDARON CONSTRUIR UNA FUERZA PLURAL, PROGRESISTA Y DE CENTROIZQUIERDA CON EL FAP., LA UCR., PROYECTO SUR Y SECTORES DEL PERONISMO - CELTTV<\/title>\n<meta name=\"description\" content=\"Sitio web de noticias de la localidad de Tornquist, provincia de Buenos Aires, Rep\u00fablica Argentina. Contenido propio originado por periodistas de CELTTV, el canal de TV local de la Cooperativa El\u00e9ctrica de Tornquist. Turismo, Pol\u00edtica, Sociedad, Deporte, Cultura y todo el contenido de inter\u00e9s general que la gente del pueblo y la regi\u00f3n debe conocer.\" \/>\n<meta name=\"robots\" content=\"index, follow, max-snippet:-1, max-image-preview:large, max-video-preview:-1\" \/>\n<link rel=\"canonical\" href=\"https:\/\/www.celttv.com.ar\/index.php\/2013\/03\/09\/acordaron-construir-una-fuerca-plural-progresista-y-de-centroizquierda-con-el-fap-la-ucr-proyecto-sur-y-sectores-del-peronismo\/\" \/>\n<meta property=\"og:locale\" content=\"es_ES\" \/>\n<meta property=\"og:type\" content=\"article\" \/>\n<meta property=\"og:title\" content=\"ACORDARON CONSTRUIR UNA FUERZA PLURAL, PROGRESISTA Y DE CENTROIZQUIERDA CON EL FAP., LA UCR., PROYECTO SUR Y SECTORES DEL PERONISMO - CELTTV\" \/>\n<meta property=\"og:description\" content=\"Sitio web de noticias de la localidad de Tornquist, provincia de Buenos Aires, Rep\u00fablica Argentina. Contenido propio originado por periodistas de CELTTV, el canal de TV local de la Cooperativa El\u00e9ctrica de Tornquist. Turismo, Pol\u00edtica, Sociedad, Deporte, Cultura y todo el contenido de inter\u00e9s general que la gente del pueblo y la regi\u00f3n debe conocer.\" \/>\n<meta property=\"og:url\" content=\"https:\/\/www.celttv.com.ar\/index.php\/2013\/03\/09\/acordaron-construir-una-fuerca-plural-progresista-y-de-centroizquierda-con-el-fap-la-ucr-proyecto-sur-y-sectores-del-peronismo\/\" \/>\n<meta property=\"og:site_name\" content=\"CELTTV\" \/>\n<meta property=\"article:publisher\" content=\"https:\/\/www.facebook.com\/celtTV\/\" \/>\n<meta property=\"article:published_time\" content=\"2013-03-09T21:37:15+00:00\" \/>\n<meta property=\"og:image\" content=\"http:\/\/www.tvcnoticias.com.ar\/wp-content\/uploads\/2013\/03\/nueva-fuerza-policitica-Small.jpg\" \/>\n<meta name=\"author\" content=\"ulises\" \/>\n<meta name=\"twitter:card\" content=\"summary_large_image\" \/>\n<meta name=\"twitter:label1\" content=\"Escrito por\" \/>\n\t<meta name=\"twitter:data1\" content=\"ulises\" \/>\n\t<meta name=\"twitter:label2\" content=\"Tiempo de lectura\" \/>\n\t<meta name=\"twitter:data2\" content=\"3 minutos\" \/>\n<script type=\"application\/ld+json\" class=\"yoast-schema-graph\">{\"@context\":\"https:\/\/schema.org\",\"@graph\":[{\"@type\":\"NewsArticle\",\"@id\":\"https:\/\/www.celttv.com.ar\/index.php\/2013\/03\/09\/acordaron-construir-una-fuerca-plural-progresista-y-de-centroizquierda-con-el-fap-la-ucr-proyecto-sur-y-sectores-del-peronismo\/#article\",\"isPartOf\":{\"@id\":\"https:\/\/www.celttv.com.ar\/index.php\/2013\/03\/09\/acordaron-construir-una-fuerca-plural-progresista-y-de-centroizquierda-con-el-fap-la-ucr-proyecto-sur-y-sectores-del-peronismo\/\"},\"author\":{\"name\":\"ulises\",\"@id\":\"https:\/\/www.celttv.com.ar\/#\/schema\/person\/6d99c072dba59953809c81446e9d0ace\"},\"headline\":\"ACORDARON CONSTRUIR UNA FUERZA PLURAL, PROGRESISTA Y DE CENTROIZQUIERDA CON EL FAP., LA UCR., PROYECTO SUR Y SECTORES DEL PERONISMO\",\"datePublished\":\"2013-03-09T21:37:15+00:00\",\"dateModified\":\"2013-03-09T21:37:15+00:00\",\"mainEntityOfPage\":{\"@id\":\"https:\/\/www.celttv.com.ar\/index.php\/2013\/03\/09\/acordaron-construir-una-fuerca-plural-progresista-y-de-centroizquierda-con-el-fap-la-ucr-proyecto-sur-y-sectores-del-peronismo\/\"},\"wordCount\":669,\"publisher\":{\"@id\":\"https:\/\/www.celttv.com.ar\/#organization\"},\"articleSection\":[\"Destacadas\",\"Pol\u00edtica\"],\"inLanguage\":\"es\"},{\"@type\":\"WebPage\",\"@id\":\"https:\/\/www.celttv.com.ar\/index.php\/2013\/03\/09\/acordaron-construir-una-fuerca-plural-progresista-y-de-centroizquierda-con-el-fap-la-ucr-proyecto-sur-y-sectores-del-peronismo\/\",\"url\":\"https:\/\/www.celttv.com.ar\/index.php\/2013\/03\/09\/acordaron-construir-una-fuerca-plural-progresista-y-de-centroizquierda-con-el-fap-la-ucr-proyecto-sur-y-sectores-del-peronismo\/\",\"name\":\"ACORDARON CONSTRUIR UNA FUERZA PLURAL, PROGRESISTA Y DE CENTROIZQUIERDA CON EL FAP., LA UCR., PROYECTO SUR Y SECTORES DEL PERONISMO - CELTTV\",\"isPartOf\":{\"@id\":\"https:\/\/www.celttv.com.ar\/#website\"},\"datePublished\":\"2013-03-09T21:37:15+00:00\",\"dateModified\":\"2013-03-09T21:37:15+00:00\",\"description\":\"Sitio web de noticias de la localidad de Tornquist, provincia de Buenos Aires, Rep\u00fablica Argentina. Contenido propio originado por periodistas de CELTTV, el canal de TV local de la Cooperativa El\u00e9ctrica de Tornquist. Turismo, Pol\u00edtica, Sociedad, Deporte, Cultura y todo el contenido de inter\u00e9s general que la gente del pueblo y la regi\u00f3n debe conocer.\",\"breadcrumb\":{\"@id\":\"https:\/\/www.celttv.com.ar\/index.php\/2013\/03\/09\/acordaron-construir-una-fuerca-plural-progresista-y-de-centroizquierda-con-el-fap-la-ucr-proyecto-sur-y-sectores-del-peronismo\/#breadcrumb\"},\"inLanguage\":\"es\",\"potentialAction\":[{\"@type\":\"ReadAction\",\"target\":[\"https:\/\/www.celttv.com.ar\/index.php\/2013\/03\/09\/acordaron-construir-una-fuerca-plural-progresista-y-de-centroizquierda-con-el-fap-la-ucr-proyecto-sur-y-sectores-del-peronismo\/\"]}]},{\"@type\":\"BreadcrumbList\",\"@id\":\"https:\/\/www.celttv.com.ar\/index.php\/2013\/03\/09\/acordaron-construir-una-fuerca-plural-progresista-y-de-centroizquierda-con-el-fap-la-ucr-proyecto-sur-y-sectores-del-peronismo\/#breadcrumb\",\"itemListElement\":[{\"@type\":\"ListItem\",\"position\":1,\"name\":\"Inicio\",\"item\":\"https:\/\/www.celttv.com.ar\/\"},{\"@type\":\"ListItem\",\"position\":2,\"name\":\"ACORDARON CONSTRUIR UNA FUERZA PLURAL, PROGRESISTA Y DE CENTROIZQUIERDA CON EL FAP., LA UCR., PROYECTO SUR Y SECTORES DEL PERONISMO\"}]},{\"@type\":\"WebSite\",\"@id\":\"https:\/\/www.celttv.com.ar\/#website\",\"url\":\"https:\/\/www.celttv.com.ar\/\",\"name\":\"CELTTV\",\"description\":\"Cooperativa El\u00e9ctrica de Tornquist\",\"publisher\":{\"@id\":\"https:\/\/www.celttv.com.ar\/#organization\"},\"potentialAction\":[{\"@type\":\"SearchAction\",\"target\":{\"@type\":\"EntryPoint\",\"urlTemplate\":\"https:\/\/www.celttv.com.ar\/?s={search_term_string}\"},\"query-input\":\"required name=search_term_string\"}],\"inLanguage\":\"es\"},{\"@type\":\"Organization\",\"@id\":\"https:\/\/www.celttv.com.ar\/#organization\",\"name\":\"CELTTV\",\"url\":\"https:\/\/www.celttv.com.ar\/\",\"sameAs\":[\"https:\/\/www.youtube.com\/channel\/UCz_oIt8Hig64Ub-EmcNPIhg\",\"https:\/\/www.facebook.com\/celtTV\/\"],\"logo\":{\"@type\":\"ImageObject\",\"inLanguage\":\"es\",\"@id\":\"https:\/\/www.celttv.com.ar\/#\/schema\/logo\/image\/\",\"url\":\"http:\/\/www.celttv.com.ar\/wp-content\/uploads\/2022\/08\/logo-1.png\",\"contentUrl\":\"http:\/\/www.celttv.com.ar\/wp-content\/uploads\/2022\/08\/logo-1.png\",\"width\":461,\"height\":159,\"caption\":\"CELTTV\"},\"image\":{\"@id\":\"https:\/\/www.celttv.com.ar\/#\/schema\/logo\/image\/\"}},{\"@type\":\"Person\",\"@id\":\"https:\/\/www.celttv.com.ar\/#\/schema\/person\/6d99c072dba59953809c81446e9d0ace\",\"name\":\"ulises\",\"image\":{\"@type\":\"ImageObject\",\"inLanguage\":\"es\",\"@id\":\"https:\/\/www.celttv.com.ar\/#\/schema\/person\/image\/\",\"url\":\"https:\/\/secure.gravatar.com\/avatar\/7f2c48bdc33b30088f941fb6082e555f2874c98e20cb159d7b92b50eadfce793?s=96&d=mm&r=g\",\"contentUrl\":\"https:\/\/secure.gravatar.com\/avatar\/7f2c48bdc33b30088f941fb6082e555f2874c98e20cb159d7b92b50eadfce793?s=96&d=mm&r=g\",\"caption\":\"ulises\"},\"sameAs\":[\"http:\/\/www.celttv.com.ar\"]}]}<\/script>\n<!-- \/ Yoast SEO plugin. -->","yoast_head_json":{"title":"ACORDARON CONSTRUIR UNA FUERZA PLURAL, PROGRESISTA Y DE CENTROIZQUIERDA CON EL FAP., LA UCR., PROYECTO SUR Y SECTORES DEL PERONISMO - CELTTV","description":"Sitio web de noticias de la localidad de Tornquist, provincia de Buenos Aires, Rep\u00fablica Argentina. Contenido propio originado por periodistas de CELTTV, el canal de TV local de la Cooperativa El\u00e9ctrica de Tornquist. Turismo, Pol\u00edtica, Sociedad, Deporte, Cultura y todo el contenido de inter\u00e9s general que la gente del pueblo y la regi\u00f3n debe conocer.","robots":{"index":"index","follow":"follow","max-snippet":"max-snippet:-1","max-image-preview":"max-image-preview:large","max-video-preview":"max-video-preview:-1"},"canonical":"https:\/\/www.celttv.com.ar\/index.php\/2013\/03\/09\/acordaron-construir-una-fuerca-plural-progresista-y-de-centroizquierda-con-el-fap-la-ucr-proyecto-sur-y-sectores-del-peronismo\/","og_locale":"es_ES","og_type":"article","og_title":"ACORDARON CONSTRUIR UNA FUERZA PLURAL, PROGRESISTA Y DE CENTROIZQUIERDA CON EL FAP., LA UCR., PROYECTO SUR Y SECTORES DEL PERONISMO - CELTTV","og_description":"Sitio web de noticias de la localidad de Tornquist, provincia de Buenos Aires, Rep\u00fablica Argentina. Contenido propio originado por periodistas de CELTTV, el canal de TV local de la Cooperativa El\u00e9ctrica de Tornquist. Turismo, Pol\u00edtica, Sociedad, Deporte, Cultura y todo el contenido de inter\u00e9s general que la gente del pueblo y la regi\u00f3n debe conocer.","og_url":"https:\/\/www.celttv.com.ar\/index.php\/2013\/03\/09\/acordaron-construir-una-fuerca-plural-progresista-y-de-centroizquierda-con-el-fap-la-ucr-proyecto-sur-y-sectores-del-peronismo\/","og_site_name":"CELTTV","article_publisher":"https:\/\/www.facebook.com\/celtTV\/","article_published_time":"2013-03-09T21:37:15+00:00","og_image":[{"url":"http:\/\/www.tvcnoticias.com.ar\/wp-content\/uploads\/2013\/03\/nueva-fuerza-policitica-Small.jpg"}],"author":"ulises","twitter_card":"summary_large_image","twitter_misc":{"Escrito por":"ulises","Tiempo de lectura":"3 minutos"},"schema":{"@context":"https:\/\/schema.org","@graph":[{"@type":"NewsArticle","@id":"https:\/\/www.celttv.com.ar\/index.php\/2013\/03\/09\/acordaron-construir-una-fuerca-plural-progresista-y-de-centroizquierda-con-el-fap-la-ucr-proyecto-sur-y-sectores-del-peronismo\/#article","isPartOf":{"@id":"https:\/\/www.celttv.com.ar\/index.php\/2013\/03\/09\/acordaron-construir-una-fuerca-plural-progresista-y-de-centroizquierda-con-el-fap-la-ucr-proyecto-sur-y-sectores-del-peronismo\/"},"author":{"name":"ulises","@id":"https:\/\/www.celttv.com.ar\/#\/schema\/person\/6d99c072dba59953809c81446e9d0ace"},"headline":"ACORDARON CONSTRUIR UNA FUERZA PLURAL, PROGRESISTA Y DE CENTROIZQUIERDA CON EL FAP., LA UCR., PROYECTO SUR Y SECTORES DEL PERONISMO","datePublished":"2013-03-09T21:37:15+00:00","dateModified":"2013-03-09T21:37:15+00:00","mainEntityOfPage":{"@id":"https:\/\/www.celttv.com.ar\/index.php\/2013\/03\/09\/acordaron-construir-una-fuerca-plural-progresista-y-de-centroizquierda-con-el-fap-la-ucr-proyecto-sur-y-sectores-del-peronismo\/"},"wordCount":669,"publisher":{"@id":"https:\/\/www.celttv.com.ar\/#organization"},"articleSection":["Destacadas","Pol\u00edtica"],"inLanguage":"es"},{"@type":"WebPage","@id":"https:\/\/www.celttv.com.ar\/index.php\/2013\/03\/09\/acordaron-construir-una-fuerca-plural-progresista-y-de-centroizquierda-con-el-fap-la-ucr-proyecto-sur-y-sectores-del-peronismo\/","url":"https:\/\/www.celttv.com.ar\/index.php\/2013\/03\/09\/acordaron-construir-una-fuerca-plural-progresista-y-de-centroizquierda-con-el-fap-la-ucr-proyecto-sur-y-sectores-del-peronismo\/","name":"ACORDARON CONSTRUIR UNA FUERZA PLURAL, PROGRESISTA Y DE CENTROIZQUIERDA CON EL FAP., LA UCR., PROYECTO SUR Y SECTORES DEL PERONISMO - CELTTV","isPartOf":{"@id":"https:\/\/www.celttv.com.ar\/#website"},"datePublished":"2013-03-09T21:37:15+00:00","dateModified":"2013-03-09T21:37:15+00:00","description":"Sitio web de noticias de la localidad de Tornquist, provincia de Buenos Aires, Rep\u00fablica Argentina. Contenido propio originado por periodistas de CELTTV, el canal de TV local de la Cooperativa El\u00e9ctrica de Tornquist. Turismo, Pol\u00edtica, Sociedad, Deporte, Cultura y todo el contenido de inter\u00e9s general que la gente del pueblo y la regi\u00f3n debe conocer.","breadcrumb":{"@id":"https:\/\/www.celttv.com.ar\/index.php\/2013\/03\/09\/acordaron-construir-una-fuerca-plural-progresista-y-de-centroizquierda-con-el-fap-la-ucr-proyecto-sur-y-sectores-del-peronismo\/#breadcrumb"},"inLanguage":"es","potentialAction":[{"@type":"ReadAction","target":["https:\/\/www.celttv.com.ar\/index.php\/2013\/03\/09\/acordaron-construir-una-fuerca-plural-progresista-y-de-centroizquierda-con-el-fap-la-ucr-proyecto-sur-y-sectores-del-peronismo\/"]}]},{"@type":"BreadcrumbList","@id":"https:\/\/www.celttv.com.ar\/index.php\/2013\/03\/09\/acordaron-construir-una-fuerca-plural-progresista-y-de-centroizquierda-con-el-fap-la-ucr-proyecto-sur-y-sectores-del-peronismo\/#breadcrumb","itemListElement":[{"@type":"ListItem","position":1,"name":"Inicio","item":"https:\/\/www.celttv.com.ar\/"},{"@type":"ListItem","position":2,"name":"ACORDARON CONSTRUIR UNA FUERZA PLURAL, PROGRESISTA Y DE CENTROIZQUIERDA CON EL FAP., LA UCR., PROYECTO SUR Y SECTORES DEL PERONISMO"}]},{"@type":"WebSite","@id":"https:\/\/www.celttv.com.ar\/#website","url":"https:\/\/www.celttv.com.ar\/","name":"CELTTV","description":"Cooperativa El\u00e9ctrica de Tornquist","publisher":{"@id":"https:\/\/www.celttv.com.ar\/#organization"},"potentialAction":[{"@type":"SearchAction","target":{"@type":"EntryPoint","urlTemplate":"https:\/\/www.celttv.com.ar\/?s={search_term_string}"},"query-input":"required name=search_term_string"}],"inLanguage":"es"},{"@type":"Organization","@id":"https:\/\/www.celttv.com.ar\/#organization","name":"CELTTV","url":"https:\/\/www.celttv.com.ar\/","sameAs":["https:\/\/www.youtube.com\/channel\/UCz_oIt8Hig64Ub-EmcNPIhg","https:\/\/www.facebook.com\/celtTV\/"],"logo":{"@type":"ImageObject","inLanguage":"es","@id":"https:\/\/www.celttv.com.ar\/#\/schema\/logo\/image\/","url":"http:\/\/www.celttv.com.ar\/wp-content\/uploads\/2022\/08\/logo-1.png","contentUrl":"http:\/\/www.celttv.com.ar\/wp-content\/uploads\/2022\/08\/logo-1.png","width":461,"height":159,"caption":"CELTTV"},"image":{"@id":"https:\/\/www.celttv.com.ar\/#\/schema\/logo\/image\/"}},{"@type":"Person","@id":"https:\/\/www.celttv.com.ar\/#\/schema\/person\/6d99c072dba59953809c81446e9d0ace","name":"ulises","image":{"@type":"ImageObject","inLanguage":"es","@id":"https:\/\/www.celttv.com.ar\/#\/schema\/person\/image\/","url":"https:\/\/secure.gravatar.com\/avatar\/7f2c48bdc33b30088f941fb6082e555f2874c98e20cb159d7b92b50eadfce793?s=96&d=mm&r=g","contentUrl":"https:\/\/secure.gravatar.com\/avatar\/7f2c48bdc33b30088f941fb6082e555f2874c98e20cb159d7b92b50eadfce793?s=96&d=mm&r=g","caption":"ulises"},"sameAs":["http:\/\/www.celttv.com.ar"]}]}},"_links":{"self":[{"href":"https:\/\/www.celttv.com.ar\/index.php\/wp-json\/wp\/v2\/posts\/10636","targetHints":{"allow":["GET"]}}],"collection":[{"href":"https:\/\/www.celttv.com.ar\/index.php\/wp-json\/wp\/v2\/posts"}],"about":[{"href":"https:\/\/www.celttv.com.ar\/index.php\/wp-json\/wp\/v2\/types\/post"}],"author":[{"embeddable":true,"href":"https:\/\/www.celttv.com.ar\/index.php\/wp-json\/wp\/v2\/users\/1"}],"replies":[{"embeddable":true,"href":"https:\/\/www.celttv.com.ar\/index.php\/wp-json\/wp\/v2\/comments?post=10636"}],"version-history":[{"count":0,"href":"https:\/\/www.celttv.com.ar\/index.php\/wp-json\/wp\/v2\/posts\/10636\/revisions"}],"wp:attachment":[{"href":"https:\/\/www.celttv.com.ar\/index.php\/wp-json\/wp\/v2\/media?parent=10636"}],"wp:term":[{"taxonomy":"category","embeddable":true,"href":"https:\/\/www.celttv.com.ar\/index.php\/wp-json\/wp\/v2\/categories?post=10636"},{"taxonomy":"post_tag","embeddable":true,"href":"https:\/\/www.celttv.com.ar\/index.php\/wp-json\/wp\/v2\/tags?post=10636"}],"curies":[{"name":"wp","href":"https:\/\/api.w.org\/{rel}","templated":true}]}}