{"id":1072,"date":"2011-08-25T02:22:46","date_gmt":"2011-08-25T02:22:46","guid":{"rendered":"http:\/\/www.tvcnoticias.com.ar\/?p=1072"},"modified":"2011-08-25T02:22:46","modified_gmt":"2011-08-25T02:22:46","slug":"anuncios-del-ministro-dominguez-en-el-programa-opiniones","status":"publish","type":"post","link":"https:\/\/www.celttv.com.ar\/index.php\/2011\/08\/25\/anuncios-del-ministro-dominguez-en-el-programa-opiniones\/","title":{"rendered":"ANUNCIOS DEL MINISTRO DOMINGUEZ EN EL PROGRAMA OPINIONES"},"content":{"rendered":"<p>En su visita a nuestra ciudad el Ministro Julian Dominguez se hizo del tiempo necesario para participar de una nueva edici\u00f3n del Programa OPINIONES, que se emite por canal 2 de Tornquist Video Cable, donde respondi\u00f3 a distintas preguntas relacionadas con la producci\u00f3n en nuestro pais y en particular e el sudoeste bonaerense.<br \/>\n\u00a0\u00a0 Concurri\u00f3 al programa acompa\u00f1ado por su colaborador inmediato Haroldo Lebet y el intendente Municipal Lic. Gustavo Trankels.<br \/>\n\u00a0\u00a0 El Ministro de Agricultura, Ganader\u00eda y Pesca de la Naci\u00f3n confirm\u00f3 desde su cartera se destinar\u00e1 un nuevo aporte para la Escuela Agropecuaria de Villa Ventana de unmill\u00f3n setecientos mil pesos para construir la residencia con dormitorios, ba\u00f1os, cocina y comedor.Este aporte se suma al mill\u00f3n de pesos ya otorgado.<br \/>\n\u00a0 Tambi\u00e9n anunci\u00f3 un aporte de un mill\u00f3n y medio de pesos para el Parque Agro Industrial Planificado y 300 mil pesos para ampliar el matadero municipal para incorporar la faena de animales menores, lo que permitir\u00e1 adem\u00e1s generar mano de obra.<br \/>\n<a href=\"http:\/\/www.youtube.com\/watch?v=665QeTKsPcg\">httpv:\/\/www.youtube.com\/watch?v=665QeTKsPcg<\/a><br \/>\n<a href=\"http:\/\/www.youtube.com\/watch?v=uyLDk3GSDB4\">httpv:\/\/www.youtube.com\/watch?v=uyLDk3GSDB4<\/a><br \/>\n<a>httpv:\/\/www.youtube.com\/watch?v=C4h735hsQbU<\/a><a><\/a><\/p>\n","protected":false},"excerpt":{"rendered":"<p>En su visita a nuestra ciudad el Ministro Julian Dominguez se hizo del tiempo necesario para participar de una nueva edici\u00f3n del Programa OPINIONES, que se emite por canal 2 de Tornquist Video Cable, donde respondi\u00f3 a distintas preguntas relacionadas con la producci\u00f3n en nuestro pais y en particular e el sudoeste bonaerense. \u00a0\u00a0 Concurri\u00f3 [&hellip;]<\/p>\n","protected":false},"author":1,"featured_media":0,"comment_status":"closed","ping_status":"open","sticky":false,"template":"","format":"standard","meta":{"footnotes":""},"categories":[52,53,64],"tags":[],"class_list":["post-1072","post","type-post","status-publish","format-standard","hentry","category-destacadas","category-politica","category-videos-destacados"],"yoast_head":"<!-- This site is optimized with the Yoast SEO plugin v19.7.1 - https:\/\/yoast.com\/wordpress\/plugins\/seo\/ -->\n<title>ANUNCIOS DEL MINISTRO DOMINGUEZ EN EL PROGRAMA OPINIONES - CELTTV<\/title>\n<meta name=\"description\" content=\"Sitio web de noticias de la localidad de Tornquist, provincia de Buenos Aires, Rep\u00fablica Argentina. Contenido propio originado por periodistas de CELTTV, el canal de TV local de la Cooperativa El\u00e9ctrica de Tornquist. Turismo, Pol\u00edtica, Sociedad, Deporte, Cultura y todo el contenido de inter\u00e9s general que la gente del pueblo y la regi\u00f3n debe conocer.\" \/>\n<meta name=\"robots\" content=\"index, follow, max-snippet:-1, max-image-preview:large, max-video-preview:-1\" \/>\n<link rel=\"canonical\" href=\"https:\/\/www.celttv.com.ar\/index.php\/2011\/08\/25\/anuncios-del-ministro-dominguez-en-el-programa-opiniones\/\" \/>\n<meta property=\"og:locale\" content=\"es_ES\" \/>\n<meta property=\"og:type\" content=\"article\" \/>\n<meta property=\"og:title\" content=\"ANUNCIOS DEL MINISTRO DOMINGUEZ EN EL PROGRAMA OPINIONES - CELTTV\" \/>\n<meta property=\"og:description\" content=\"Sitio web de noticias de la localidad de Tornquist, provincia de Buenos Aires, Rep\u00fablica Argentina. Contenido propio originado por periodistas de CELTTV, el canal de TV local de la Cooperativa El\u00e9ctrica de Tornquist. Turismo, Pol\u00edtica, Sociedad, Deporte, Cultura y todo el contenido de inter\u00e9s general que la gente del pueblo y la regi\u00f3n debe conocer.\" \/>\n<meta property=\"og:url\" content=\"https:\/\/www.celttv.com.ar\/index.php\/2011\/08\/25\/anuncios-del-ministro-dominguez-en-el-programa-opiniones\/\" \/>\n<meta property=\"og:site_name\" content=\"CELTTV\" \/>\n<meta property=\"article:publisher\" content=\"https:\/\/www.facebook.com\/celtTV\/\" \/>\n<meta property=\"article:published_time\" content=\"2011-08-25T02:22:46+00:00\" \/>\n<meta name=\"author\" content=\"ulises\" \/>\n<meta name=\"twitter:card\" content=\"summary_large_image\" \/>\n<meta name=\"twitter:label1\" content=\"Escrito por\" \/>\n\t<meta name=\"twitter:data1\" content=\"ulises\" \/>\n\t<meta name=\"twitter:label2\" content=\"Tiempo de lectura\" \/>\n\t<meta name=\"twitter:data2\" content=\"1 minuto\" \/>\n<script type=\"application\/ld+json\" class=\"yoast-schema-graph\">{\"@context\":\"https:\/\/schema.org\",\"@graph\":[{\"@type\":\"NewsArticle\",\"@id\":\"https:\/\/www.celttv.com.ar\/index.php\/2011\/08\/25\/anuncios-del-ministro-dominguez-en-el-programa-opiniones\/#article\",\"isPartOf\":{\"@id\":\"https:\/\/www.celttv.com.ar\/index.php\/2011\/08\/25\/anuncios-del-ministro-dominguez-en-el-programa-opiniones\/\"},\"author\":{\"name\":\"ulises\",\"@id\":\"https:\/\/www.celttv.com.ar\/#\/schema\/person\/6d99c072dba59953809c81446e9d0ace\"},\"headline\":\"ANUNCIOS DEL MINISTRO DOMINGUEZ EN EL PROGRAMA OPINIONES\",\"datePublished\":\"2011-08-25T02:22:46+00:00\",\"dateModified\":\"2011-08-25T02:22:46+00:00\",\"mainEntityOfPage\":{\"@id\":\"https:\/\/www.celttv.com.ar\/index.php\/2011\/08\/25\/anuncios-del-ministro-dominguez-en-el-programa-opiniones\/\"},\"wordCount\":203,\"publisher\":{\"@id\":\"https:\/\/www.celttv.com.ar\/#organization\"},\"articleSection\":[\"Destacadas\",\"Pol\u00edtica\",\"Videos Destacados\"],\"inLanguage\":\"es\"},{\"@type\":\"WebPage\",\"@id\":\"https:\/\/www.celttv.com.ar\/index.php\/2011\/08\/25\/anuncios-del-ministro-dominguez-en-el-programa-opiniones\/\",\"url\":\"https:\/\/www.celttv.com.ar\/index.php\/2011\/08\/25\/anuncios-del-ministro-dominguez-en-el-programa-opiniones\/\",\"name\":\"ANUNCIOS DEL MINISTRO DOMINGUEZ EN EL PROGRAMA OPINIONES - CELTTV\",\"isPartOf\":{\"@id\":\"https:\/\/www.celttv.com.ar\/#website\"},\"datePublished\":\"2011-08-25T02:22:46+00:00\",\"dateModified\":\"2011-08-25T02:22:46+00:00\",\"description\":\"Sitio web de noticias de la localidad de Tornquist, provincia de Buenos Aires, Rep\u00fablica Argentina. Contenido propio originado por periodistas de CELTTV, el canal de TV local de la Cooperativa El\u00e9ctrica de Tornquist. Turismo, Pol\u00edtica, Sociedad, Deporte, Cultura y todo el contenido de inter\u00e9s general que la gente del pueblo y la regi\u00f3n debe conocer.\",\"breadcrumb\":{\"@id\":\"https:\/\/www.celttv.com.ar\/index.php\/2011\/08\/25\/anuncios-del-ministro-dominguez-en-el-programa-opiniones\/#breadcrumb\"},\"inLanguage\":\"es\",\"potentialAction\":[{\"@type\":\"ReadAction\",\"target\":[\"https:\/\/www.celttv.com.ar\/index.php\/2011\/08\/25\/anuncios-del-ministro-dominguez-en-el-programa-opiniones\/\"]}]},{\"@type\":\"BreadcrumbList\",\"@id\":\"https:\/\/www.celttv.com.ar\/index.php\/2011\/08\/25\/anuncios-del-ministro-dominguez-en-el-programa-opiniones\/#breadcrumb\",\"itemListElement\":[{\"@type\":\"ListItem\",\"position\":1,\"name\":\"Inicio\",\"item\":\"https:\/\/www.celttv.com.ar\/\"},{\"@type\":\"ListItem\",\"position\":2,\"name\":\"ANUNCIOS DEL MINISTRO DOMINGUEZ EN EL PROGRAMA OPINIONES\"}]},{\"@type\":\"WebSite\",\"@id\":\"https:\/\/www.celttv.com.ar\/#website\",\"url\":\"https:\/\/www.celttv.com.ar\/\",\"name\":\"CELTTV\",\"description\":\"Cooperativa El\u00e9ctrica de Tornquist\",\"publisher\":{\"@id\":\"https:\/\/www.celttv.com.ar\/#organization\"},\"potentialAction\":[{\"@type\":\"SearchAction\",\"target\":{\"@type\":\"EntryPoint\",\"urlTemplate\":\"https:\/\/www.celttv.com.ar\/?s={search_term_string}\"},\"query-input\":\"required name=search_term_string\"}],\"inLanguage\":\"es\"},{\"@type\":\"Organization\",\"@id\":\"https:\/\/www.celttv.com.ar\/#organization\",\"name\":\"CELTTV\",\"url\":\"https:\/\/www.celttv.com.ar\/\",\"sameAs\":[\"https:\/\/www.youtube.com\/channel\/UCz_oIt8Hig64Ub-EmcNPIhg\",\"https:\/\/www.facebook.com\/celtTV\/\"],\"logo\":{\"@type\":\"ImageObject\",\"inLanguage\":\"es\",\"@id\":\"https:\/\/www.celttv.com.ar\/#\/schema\/logo\/image\/\",\"url\":\"http:\/\/www.celttv.com.ar\/wp-content\/uploads\/2022\/08\/logo-1.png\",\"contentUrl\":\"http:\/\/www.celttv.com.ar\/wp-content\/uploads\/2022\/08\/logo-1.png\",\"width\":461,\"height\":159,\"caption\":\"CELTTV\"},\"image\":{\"@id\":\"https:\/\/www.celttv.com.ar\/#\/schema\/logo\/image\/\"}},{\"@type\":\"Person\",\"@id\":\"https:\/\/www.celttv.com.ar\/#\/schema\/person\/6d99c072dba59953809c81446e9d0ace\",\"name\":\"ulises\",\"image\":{\"@type\":\"ImageObject\",\"inLanguage\":\"es\",\"@id\":\"https:\/\/www.celttv.com.ar\/#\/schema\/person\/image\/\",\"url\":\"https:\/\/secure.gravatar.com\/avatar\/7f2c48bdc33b30088f941fb6082e555f2874c98e20cb159d7b92b50eadfce793?s=96&d=mm&r=g\",\"contentUrl\":\"https:\/\/secure.gravatar.com\/avatar\/7f2c48bdc33b30088f941fb6082e555f2874c98e20cb159d7b92b50eadfce793?s=96&d=mm&r=g\",\"caption\":\"ulises\"},\"sameAs\":[\"http:\/\/www.celttv.com.ar\"]}]}<\/script>\n<!-- \/ Yoast SEO plugin. -->","yoast_head_json":{"title":"ANUNCIOS DEL MINISTRO DOMINGUEZ EN EL PROGRAMA OPINIONES - CELTTV","description":"Sitio web de noticias de la localidad de Tornquist, provincia de Buenos Aires, Rep\u00fablica Argentina. Contenido propio originado por periodistas de CELTTV, el canal de TV local de la Cooperativa El\u00e9ctrica de Tornquist. Turismo, Pol\u00edtica, Sociedad, Deporte, Cultura y todo el contenido de inter\u00e9s general que la gente del pueblo y la regi\u00f3n debe conocer.","robots":{"index":"index","follow":"follow","max-snippet":"max-snippet:-1","max-image-preview":"max-image-preview:large","max-video-preview":"max-video-preview:-1"},"canonical":"https:\/\/www.celttv.com.ar\/index.php\/2011\/08\/25\/anuncios-del-ministro-dominguez-en-el-programa-opiniones\/","og_locale":"es_ES","og_type":"article","og_title":"ANUNCIOS DEL MINISTRO DOMINGUEZ EN EL PROGRAMA OPINIONES - CELTTV","og_description":"Sitio web de noticias de la localidad de Tornquist, provincia de Buenos Aires, Rep\u00fablica Argentina. Contenido propio originado por periodistas de CELTTV, el canal de TV local de la Cooperativa El\u00e9ctrica de Tornquist. Turismo, Pol\u00edtica, Sociedad, Deporte, Cultura y todo el contenido de inter\u00e9s general que la gente del pueblo y la regi\u00f3n debe conocer.","og_url":"https:\/\/www.celttv.com.ar\/index.php\/2011\/08\/25\/anuncios-del-ministro-dominguez-en-el-programa-opiniones\/","og_site_name":"CELTTV","article_publisher":"https:\/\/www.facebook.com\/celtTV\/","article_published_time":"2011-08-25T02:22:46+00:00","author":"ulises","twitter_card":"summary_large_image","twitter_misc":{"Escrito por":"ulises","Tiempo de lectura":"1 minuto"},"schema":{"@context":"https:\/\/schema.org","@graph":[{"@type":"NewsArticle","@id":"https:\/\/www.celttv.com.ar\/index.php\/2011\/08\/25\/anuncios-del-ministro-dominguez-en-el-programa-opiniones\/#article","isPartOf":{"@id":"https:\/\/www.celttv.com.ar\/index.php\/2011\/08\/25\/anuncios-del-ministro-dominguez-en-el-programa-opiniones\/"},"author":{"name":"ulises","@id":"https:\/\/www.celttv.com.ar\/#\/schema\/person\/6d99c072dba59953809c81446e9d0ace"},"headline":"ANUNCIOS DEL MINISTRO DOMINGUEZ EN EL PROGRAMA OPINIONES","datePublished":"2011-08-25T02:22:46+00:00","dateModified":"2011-08-25T02:22:46+00:00","mainEntityOfPage":{"@id":"https:\/\/www.celttv.com.ar\/index.php\/2011\/08\/25\/anuncios-del-ministro-dominguez-en-el-programa-opiniones\/"},"wordCount":203,"publisher":{"@id":"https:\/\/www.celttv.com.ar\/#organization"},"articleSection":["Destacadas","Pol\u00edtica","Videos Destacados"],"inLanguage":"es"},{"@type":"WebPage","@id":"https:\/\/www.celttv.com.ar\/index.php\/2011\/08\/25\/anuncios-del-ministro-dominguez-en-el-programa-opiniones\/","url":"https:\/\/www.celttv.com.ar\/index.php\/2011\/08\/25\/anuncios-del-ministro-dominguez-en-el-programa-opiniones\/","name":"ANUNCIOS DEL MINISTRO DOMINGUEZ EN EL PROGRAMA OPINIONES - CELTTV","isPartOf":{"@id":"https:\/\/www.celttv.com.ar\/#website"},"datePublished":"2011-08-25T02:22:46+00:00","dateModified":"2011-08-25T02:22:46+00:00","description":"Sitio web de noticias de la localidad de Tornquist, provincia de Buenos Aires, Rep\u00fablica Argentina. Contenido propio originado por periodistas de CELTTV, el canal de TV local de la Cooperativa El\u00e9ctrica de Tornquist. Turismo, Pol\u00edtica, Sociedad, Deporte, Cultura y todo el contenido de inter\u00e9s general que la gente del pueblo y la regi\u00f3n debe conocer.","breadcrumb":{"@id":"https:\/\/www.celttv.com.ar\/index.php\/2011\/08\/25\/anuncios-del-ministro-dominguez-en-el-programa-opiniones\/#breadcrumb"},"inLanguage":"es","potentialAction":[{"@type":"ReadAction","target":["https:\/\/www.celttv.com.ar\/index.php\/2011\/08\/25\/anuncios-del-ministro-dominguez-en-el-programa-opiniones\/"]}]},{"@type":"BreadcrumbList","@id":"https:\/\/www.celttv.com.ar\/index.php\/2011\/08\/25\/anuncios-del-ministro-dominguez-en-el-programa-opiniones\/#breadcrumb","itemListElement":[{"@type":"ListItem","position":1,"name":"Inicio","item":"https:\/\/www.celttv.com.ar\/"},{"@type":"ListItem","position":2,"name":"ANUNCIOS DEL MINISTRO DOMINGUEZ EN EL PROGRAMA OPINIONES"}]},{"@type":"WebSite","@id":"https:\/\/www.celttv.com.ar\/#website","url":"https:\/\/www.celttv.com.ar\/","name":"CELTTV","description":"Cooperativa El\u00e9ctrica de Tornquist","publisher":{"@id":"https:\/\/www.celttv.com.ar\/#organization"},"potentialAction":[{"@type":"SearchAction","target":{"@type":"EntryPoint","urlTemplate":"https:\/\/www.celttv.com.ar\/?s={search_term_string}"},"query-input":"required name=search_term_string"}],"inLanguage":"es"},{"@type":"Organization","@id":"https:\/\/www.celttv.com.ar\/#organization","name":"CELTTV","url":"https:\/\/www.celttv.com.ar\/","sameAs":["https:\/\/www.youtube.com\/channel\/UCz_oIt8Hig64Ub-EmcNPIhg","https:\/\/www.facebook.com\/celtTV\/"],"logo":{"@type":"ImageObject","inLanguage":"es","@id":"https:\/\/www.celttv.com.ar\/#\/schema\/logo\/image\/","url":"http:\/\/www.celttv.com.ar\/wp-content\/uploads\/2022\/08\/logo-1.png","contentUrl":"http:\/\/www.celttv.com.ar\/wp-content\/uploads\/2022\/08\/logo-1.png","width":461,"height":159,"caption":"CELTTV"},"image":{"@id":"https:\/\/www.celttv.com.ar\/#\/schema\/logo\/image\/"}},{"@type":"Person","@id":"https:\/\/www.celttv.com.ar\/#\/schema\/person\/6d99c072dba59953809c81446e9d0ace","name":"ulises","image":{"@type":"ImageObject","inLanguage":"es","@id":"https:\/\/www.celttv.com.ar\/#\/schema\/person\/image\/","url":"https:\/\/secure.gravatar.com\/avatar\/7f2c48bdc33b30088f941fb6082e555f2874c98e20cb159d7b92b50eadfce793?s=96&d=mm&r=g","contentUrl":"https:\/\/secure.gravatar.com\/avatar\/7f2c48bdc33b30088f941fb6082e555f2874c98e20cb159d7b92b50eadfce793?s=96&d=mm&r=g","caption":"ulises"},"sameAs":["http:\/\/www.celttv.com.ar"]}]}},"_links":{"self":[{"href":"https:\/\/www.celttv.com.ar\/index.php\/wp-json\/wp\/v2\/posts\/1072","targetHints":{"allow":["GET"]}}],"collection":[{"href":"https:\/\/www.celttv.com.ar\/index.php\/wp-json\/wp\/v2\/posts"}],"about":[{"href":"https:\/\/www.celttv.com.ar\/index.php\/wp-json\/wp\/v2\/types\/post"}],"author":[{"embeddable":true,"href":"https:\/\/www.celttv.com.ar\/index.php\/wp-json\/wp\/v2\/users\/1"}],"replies":[{"embeddable":true,"href":"https:\/\/www.celttv.com.ar\/index.php\/wp-json\/wp\/v2\/comments?post=1072"}],"version-history":[{"count":0,"href":"https:\/\/www.celttv.com.ar\/index.php\/wp-json\/wp\/v2\/posts\/1072\/revisions"}],"wp:attachment":[{"href":"https:\/\/www.celttv.com.ar\/index.php\/wp-json\/wp\/v2\/media?parent=1072"}],"wp:term":[{"taxonomy":"category","embeddable":true,"href":"https:\/\/www.celttv.com.ar\/index.php\/wp-json\/wp\/v2\/categories?post=1072"},{"taxonomy":"post_tag","embeddable":true,"href":"https:\/\/www.celttv.com.ar\/index.php\/wp-json\/wp\/v2\/tags?post=1072"}],"curies":[{"name":"wp","href":"https:\/\/api.w.org\/{rel}","templated":true}]}}