{"id":10737,"date":"2013-03-19T23:49:56","date_gmt":"2013-03-19T23:49:56","guid":{"rendered":"http:\/\/www.tvcnoticias.com.ar\/?p=10737"},"modified":"2013-03-19T23:49:56","modified_gmt":"2013-03-19T23:49:56","slug":"mas-acciones-en-pos-de-mejorar-el-medio-ambiente-videoentrevistas","status":"publish","type":"post","link":"https:\/\/www.celttv.com.ar\/index.php\/2013\/03\/19\/mas-acciones-en-pos-de-mejorar-el-medio-ambiente-videoentrevistas\/","title":{"rendered":"MAS ACCIONES EN POS DE MEJORAR EL MEDIO AMBIENTE (Videoentrevistas)"},"content":{"rendered":"<p><a href=\"http:\/\/www.youtube.com\/watch?v=8mfiY63JDxs\">httpv:\/\/www.youtube.com\/watch?v=8mfiY63JDxs<\/a><br \/>\n<a href=\"http:\/\/www.youtube.com\/watch?v=L1TubFuy7fE\">httpv:\/\/www.youtube.com\/watch?v=L1TubFuy7fE<\/a><br \/>\n<a href=\"http:\/\/www.youtube.com\/watch?v=UbVDFYmMZnM\">httpv:\/\/www.youtube.com\/watch?v=UbVDFYmMZnM<\/a><br \/>\n<a>httpv:\/\/www.youtube.com\/watch?v=uhZGqCWtaAs<\/a><br \/>\nUn convenio con el Taller Protegido de Tornquist y la Escuela N\u00b0 502 de Saldungaray, mediante el cual las entidades recibir\u00e1n el dinero recaudado mediante la recolecci\u00f3n de aceite vegetal usado, firm\u00f3 ayer el intendente municipal, licenciado Gustavo Trankels, con representantes de las mencionadas instituciones y la empresa RBA Ambiental.<br \/>\nPor intermedio de la r\u00fabrica, el Taller y la Escuela recibir\u00e1n un aporte econ\u00f3mico por cada litro de aceite que entreguen los locales gastron\u00f3micos y los vecinos de las diferentes localidades. De hecho, ambas entidades recibieron un cheque correspondiente a lo recaudado hasta noviembre del a\u00f1o pasado.<br \/>\n&#8220;Es un aporte muy grande para el medio ambiente y una apuesta a futuro, para cuidar lo que tenemos con vistas a las pr\u00f3ximas generaciones. El aceite se recolecta merced a un convenio que firm\u00f3 el Organismo Provincial para el Desarrollo Sostenible (OPDS) con la empresa RBA Ambiental y \u00e9sta con el municipio. El mismo se lo transporta a un lugar donde se lo transforma en biocombustible. De esa manera, no solamente se evita que el aceite usado vaya a parar a un drenaje, las cloacas y a contaminar napas o suelos, sino que se le da una reutilizaci\u00f3n&#8221;, confi\u00f3 Trankels.<br \/>\n&#8220;Es muy importante para la comunidad que podamos desarrollar estos planes que nos encuentran trabajando juntos a una empresa privada, el estado municipal y las instituciones intermedias. En este caso, se trata de dos entidades a las cuales les agradezco mucho, porque cumplen una tarea que es para aplaudirlos todos los d\u00edas: el trabajo con chicos con capacidades diferentes. Ambas tienen un gran compromiso con la comunidad y eso hay que destacarlo. Adem\u00e1s, es valorable que nos encuentre a todos unidos trabajando por el medio ambiente&#8221;, a\u00f1adi\u00f3.<br \/>\nEl jefe comunal particip\u00f3 de la reuni\u00f3n acompa\u00f1ado por el director de Producci\u00f3n y Medio Ambiente, V\u00edctor Ant\u00f3n. En representaci\u00f3n de la Escuela estuvieron Simoneta Babuschi (directora) y Alejandra Cutugno (presidenta de la cooperadora), por la empresa RBA Ambiental lleg\u00f3 Pablo Jaicovsky y Mirta Astobiza (presidenta) y Alicia de Parmigiani (integrante de la comisi\u00f3n) estuvieron por el Taller Protegido.<br \/>\n&#8220;Es un granito de arena. Hace casi 25 a\u00f1os que el Taller trabaja con el reciclado. Todos sabemos que este a\u00f1o fueron desbordadas nuestras expectativas y el aceite es algo m\u00e1s que se suma. La respuesta de la gente va creciendo y es bueno sumar otra actividad&#8221;, afirm\u00f3 Astobiza sobre el tema.<br \/>\n&#8220;Los chicos de la escuela hacen las bolsitas verdes y negras para separar los residuos en origen. Este aporte econ\u00f3mico es un est\u00edmulo para todos, porque siempre viene bien. Los chicos son agentes de cambio, porque llevan sus conocimientos a su casa. Se avanz\u00f3 en todo: en Saldungaray est\u00e1 la planta de reciclado y la gente separa. Si bien queda mucho por hacer, cambi\u00f3 much\u00edsimo en este sentido&#8221;, asegur\u00f3, por su parte, Babuschi.<br \/>\nLuego, Pablo Jaicosky describi\u00f3 el procedimiento que se le realiza al l\u00edquido que se recolecta.<br \/>\n&#8220;Estoy agradecido al municipio y las entidades porque confiaron en nosotros. Cuando retiramos el aceite lo trasladamos a una planta de tratamiento que funciona en Bella Vista, Buenos Aires, y generamos biocombustible. Al aceite se le da un tratamiento, se le retira el agua y el s\u00f3lido con una m\u00e1quina centr\u00edfuga. El agua vuelve a su curso natural, a lo s\u00f3lido se le da disposici\u00f3n final en el Ceamse y con el aceite se genera biocombustible&#8221;, relat\u00f3.<br \/>\n&#8220;Estamos en una recuperaci\u00f3n muy alta, de m\u00e1s del 90 por ciento, pero la idea es llegar al 100 por ciento, evitando agregar aditivos, como el metanol, que le da la combusti\u00f3n al aceite. Estamos eliminando la contaminaci\u00f3n en el municipio y concientizando a la gente&#8221;, mencion\u00f3.<br \/>\n&#8220;Por cada litro de aceite que se tira, se impermeabiliza la cloaca, se inutiliza la tierra y se contaminan mil litros de agua. En 2012, se recolectaron 3 mil litros de aceite en el partido de Tornquist&#8221;, culmin\u00f3.<\/p>\n","protected":false},"excerpt":{"rendered":"<p>httpv:\/\/www.youtube.com\/watch?v=8mfiY63JDxs httpv:\/\/www.youtube.com\/watch?v=L1TubFuy7fE httpv:\/\/www.youtube.com\/watch?v=UbVDFYmMZnM httpv:\/\/www.youtube.com\/watch?v=uhZGqCWtaAs Un convenio con el Taller Protegido de Tornquist y la Escuela N\u00b0 502 de Saldungaray, mediante el cual las entidades recibir\u00e1n el dinero recaudado mediante la recolecci\u00f3n de aceite vegetal usado, firm\u00f3 ayer el intendente municipal, licenciado Gustavo Trankels, con representantes de las mencionadas instituciones y la empresa RBA Ambiental. Por [&hellip;]<\/p>\n","protected":false},"author":1,"featured_media":0,"comment_status":"closed","ping_status":"open","sticky":false,"template":"","format":"standard","meta":{"footnotes":""},"categories":[51,52,53,64],"tags":[],"class_list":["post-10737","post","type-post","status-publish","format-standard","hentry","category-comunidad","category-destacadas","category-politica","category-videos-destacados"],"yoast_head":"<!-- This site is optimized with the Yoast SEO plugin v19.7.1 - https:\/\/yoast.com\/wordpress\/plugins\/seo\/ -->\n<title>MAS ACCIONES EN POS DE MEJORAR EL MEDIO AMBIENTE (Videoentrevistas) - CELTTV<\/title>\n<meta name=\"description\" content=\"Sitio web de noticias de la localidad de Tornquist, provincia de Buenos Aires, Rep\u00fablica Argentina. Contenido propio originado por periodistas de CELTTV, el canal de TV local de la Cooperativa El\u00e9ctrica de Tornquist. Turismo, Pol\u00edtica, Sociedad, Deporte, Cultura y todo el contenido de inter\u00e9s general que la gente del pueblo y la regi\u00f3n debe conocer.\" \/>\n<meta name=\"robots\" content=\"index, follow, max-snippet:-1, max-image-preview:large, max-video-preview:-1\" \/>\n<link rel=\"canonical\" href=\"https:\/\/www.celttv.com.ar\/index.php\/2013\/03\/19\/mas-acciones-en-pos-de-mejorar-el-medio-ambiente-videoentrevistas\/\" \/>\n<meta property=\"og:locale\" content=\"es_ES\" \/>\n<meta property=\"og:type\" content=\"article\" \/>\n<meta property=\"og:title\" content=\"MAS ACCIONES EN POS DE MEJORAR EL MEDIO AMBIENTE (Videoentrevistas) - CELTTV\" \/>\n<meta property=\"og:description\" content=\"Sitio web de noticias de la localidad de Tornquist, provincia de Buenos Aires, Rep\u00fablica Argentina. Contenido propio originado por periodistas de CELTTV, el canal de TV local de la Cooperativa El\u00e9ctrica de Tornquist. Turismo, Pol\u00edtica, Sociedad, Deporte, Cultura y todo el contenido de inter\u00e9s general que la gente del pueblo y la regi\u00f3n debe conocer.\" \/>\n<meta property=\"og:url\" content=\"https:\/\/www.celttv.com.ar\/index.php\/2013\/03\/19\/mas-acciones-en-pos-de-mejorar-el-medio-ambiente-videoentrevistas\/\" \/>\n<meta property=\"og:site_name\" content=\"CELTTV\" \/>\n<meta property=\"article:publisher\" content=\"https:\/\/www.facebook.com\/celtTV\/\" \/>\n<meta property=\"article:published_time\" content=\"2013-03-19T23:49:56+00:00\" \/>\n<meta name=\"author\" content=\"ulises\" \/>\n<meta name=\"twitter:card\" content=\"summary_large_image\" \/>\n<meta name=\"twitter:label1\" content=\"Escrito por\" \/>\n\t<meta name=\"twitter:data1\" content=\"ulises\" \/>\n\t<meta name=\"twitter:label2\" content=\"Tiempo de lectura\" \/>\n\t<meta name=\"twitter:data2\" content=\"4 minutos\" \/>\n<script type=\"application\/ld+json\" class=\"yoast-schema-graph\">{\"@context\":\"https:\/\/schema.org\",\"@graph\":[{\"@type\":\"NewsArticle\",\"@id\":\"https:\/\/www.celttv.com.ar\/index.php\/2013\/03\/19\/mas-acciones-en-pos-de-mejorar-el-medio-ambiente-videoentrevistas\/#article\",\"isPartOf\":{\"@id\":\"https:\/\/www.celttv.com.ar\/index.php\/2013\/03\/19\/mas-acciones-en-pos-de-mejorar-el-medio-ambiente-videoentrevistas\/\"},\"author\":{\"name\":\"ulises\",\"@id\":\"https:\/\/www.celttv.com.ar\/#\/schema\/person\/6d99c072dba59953809c81446e9d0ace\"},\"headline\":\"MAS ACCIONES EN POS DE MEJORAR EL MEDIO AMBIENTE (Videoentrevistas)\",\"datePublished\":\"2013-03-19T23:49:56+00:00\",\"dateModified\":\"2013-03-19T23:49:56+00:00\",\"mainEntityOfPage\":{\"@id\":\"https:\/\/www.celttv.com.ar\/index.php\/2013\/03\/19\/mas-acciones-en-pos-de-mejorar-el-medio-ambiente-videoentrevistas\/\"},\"wordCount\":716,\"publisher\":{\"@id\":\"https:\/\/www.celttv.com.ar\/#organization\"},\"articleSection\":[\"Comunidad\",\"Destacadas\",\"Pol\u00edtica\",\"Videos Destacados\"],\"inLanguage\":\"es\"},{\"@type\":\"WebPage\",\"@id\":\"https:\/\/www.celttv.com.ar\/index.php\/2013\/03\/19\/mas-acciones-en-pos-de-mejorar-el-medio-ambiente-videoentrevistas\/\",\"url\":\"https:\/\/www.celttv.com.ar\/index.php\/2013\/03\/19\/mas-acciones-en-pos-de-mejorar-el-medio-ambiente-videoentrevistas\/\",\"name\":\"MAS ACCIONES EN POS DE MEJORAR EL MEDIO AMBIENTE (Videoentrevistas) - CELTTV\",\"isPartOf\":{\"@id\":\"https:\/\/www.celttv.com.ar\/#website\"},\"datePublished\":\"2013-03-19T23:49:56+00:00\",\"dateModified\":\"2013-03-19T23:49:56+00:00\",\"description\":\"Sitio web de noticias de la localidad de Tornquist, provincia de Buenos Aires, Rep\u00fablica Argentina. Contenido propio originado por periodistas de CELTTV, el canal de TV local de la Cooperativa El\u00e9ctrica de Tornquist. Turismo, Pol\u00edtica, Sociedad, Deporte, Cultura y todo el contenido de inter\u00e9s general que la gente del pueblo y la regi\u00f3n debe conocer.\",\"breadcrumb\":{\"@id\":\"https:\/\/www.celttv.com.ar\/index.php\/2013\/03\/19\/mas-acciones-en-pos-de-mejorar-el-medio-ambiente-videoentrevistas\/#breadcrumb\"},\"inLanguage\":\"es\",\"potentialAction\":[{\"@type\":\"ReadAction\",\"target\":[\"https:\/\/www.celttv.com.ar\/index.php\/2013\/03\/19\/mas-acciones-en-pos-de-mejorar-el-medio-ambiente-videoentrevistas\/\"]}]},{\"@type\":\"BreadcrumbList\",\"@id\":\"https:\/\/www.celttv.com.ar\/index.php\/2013\/03\/19\/mas-acciones-en-pos-de-mejorar-el-medio-ambiente-videoentrevistas\/#breadcrumb\",\"itemListElement\":[{\"@type\":\"ListItem\",\"position\":1,\"name\":\"Inicio\",\"item\":\"https:\/\/www.celttv.com.ar\/\"},{\"@type\":\"ListItem\",\"position\":2,\"name\":\"MAS ACCIONES EN POS DE MEJORAR EL MEDIO AMBIENTE (Videoentrevistas)\"}]},{\"@type\":\"WebSite\",\"@id\":\"https:\/\/www.celttv.com.ar\/#website\",\"url\":\"https:\/\/www.celttv.com.ar\/\",\"name\":\"CELTTV\",\"description\":\"Cooperativa El\u00e9ctrica de Tornquist\",\"publisher\":{\"@id\":\"https:\/\/www.celttv.com.ar\/#organization\"},\"potentialAction\":[{\"@type\":\"SearchAction\",\"target\":{\"@type\":\"EntryPoint\",\"urlTemplate\":\"https:\/\/www.celttv.com.ar\/?s={search_term_string}\"},\"query-input\":\"required name=search_term_string\"}],\"inLanguage\":\"es\"},{\"@type\":\"Organization\",\"@id\":\"https:\/\/www.celttv.com.ar\/#organization\",\"name\":\"CELTTV\",\"url\":\"https:\/\/www.celttv.com.ar\/\",\"sameAs\":[\"https:\/\/www.youtube.com\/channel\/UCz_oIt8Hig64Ub-EmcNPIhg\",\"https:\/\/www.facebook.com\/celtTV\/\"],\"logo\":{\"@type\":\"ImageObject\",\"inLanguage\":\"es\",\"@id\":\"https:\/\/www.celttv.com.ar\/#\/schema\/logo\/image\/\",\"url\":\"http:\/\/www.celttv.com.ar\/wp-content\/uploads\/2022\/08\/logo-1.png\",\"contentUrl\":\"http:\/\/www.celttv.com.ar\/wp-content\/uploads\/2022\/08\/logo-1.png\",\"width\":461,\"height\":159,\"caption\":\"CELTTV\"},\"image\":{\"@id\":\"https:\/\/www.celttv.com.ar\/#\/schema\/logo\/image\/\"}},{\"@type\":\"Person\",\"@id\":\"https:\/\/www.celttv.com.ar\/#\/schema\/person\/6d99c072dba59953809c81446e9d0ace\",\"name\":\"ulises\",\"image\":{\"@type\":\"ImageObject\",\"inLanguage\":\"es\",\"@id\":\"https:\/\/www.celttv.com.ar\/#\/schema\/person\/image\/\",\"url\":\"https:\/\/secure.gravatar.com\/avatar\/7f2c48bdc33b30088f941fb6082e555f2874c98e20cb159d7b92b50eadfce793?s=96&d=mm&r=g\",\"contentUrl\":\"https:\/\/secure.gravatar.com\/avatar\/7f2c48bdc33b30088f941fb6082e555f2874c98e20cb159d7b92b50eadfce793?s=96&d=mm&r=g\",\"caption\":\"ulises\"},\"sameAs\":[\"http:\/\/www.celttv.com.ar\"]}]}<\/script>\n<!-- \/ Yoast SEO plugin. -->","yoast_head_json":{"title":"MAS ACCIONES EN POS DE MEJORAR EL MEDIO AMBIENTE (Videoentrevistas) - CELTTV","description":"Sitio web de noticias de la localidad de Tornquist, provincia de Buenos Aires, Rep\u00fablica Argentina. Contenido propio originado por periodistas de CELTTV, el canal de TV local de la Cooperativa El\u00e9ctrica de Tornquist. Turismo, Pol\u00edtica, Sociedad, Deporte, Cultura y todo el contenido de inter\u00e9s general que la gente del pueblo y la regi\u00f3n debe conocer.","robots":{"index":"index","follow":"follow","max-snippet":"max-snippet:-1","max-image-preview":"max-image-preview:large","max-video-preview":"max-video-preview:-1"},"canonical":"https:\/\/www.celttv.com.ar\/index.php\/2013\/03\/19\/mas-acciones-en-pos-de-mejorar-el-medio-ambiente-videoentrevistas\/","og_locale":"es_ES","og_type":"article","og_title":"MAS ACCIONES EN POS DE MEJORAR EL MEDIO AMBIENTE (Videoentrevistas) - CELTTV","og_description":"Sitio web de noticias de la localidad de Tornquist, provincia de Buenos Aires, Rep\u00fablica Argentina. Contenido propio originado por periodistas de CELTTV, el canal de TV local de la Cooperativa El\u00e9ctrica de Tornquist. Turismo, Pol\u00edtica, Sociedad, Deporte, Cultura y todo el contenido de inter\u00e9s general que la gente del pueblo y la regi\u00f3n debe conocer.","og_url":"https:\/\/www.celttv.com.ar\/index.php\/2013\/03\/19\/mas-acciones-en-pos-de-mejorar-el-medio-ambiente-videoentrevistas\/","og_site_name":"CELTTV","article_publisher":"https:\/\/www.facebook.com\/celtTV\/","article_published_time":"2013-03-19T23:49:56+00:00","author":"ulises","twitter_card":"summary_large_image","twitter_misc":{"Escrito por":"ulises","Tiempo de lectura":"4 minutos"},"schema":{"@context":"https:\/\/schema.org","@graph":[{"@type":"NewsArticle","@id":"https:\/\/www.celttv.com.ar\/index.php\/2013\/03\/19\/mas-acciones-en-pos-de-mejorar-el-medio-ambiente-videoentrevistas\/#article","isPartOf":{"@id":"https:\/\/www.celttv.com.ar\/index.php\/2013\/03\/19\/mas-acciones-en-pos-de-mejorar-el-medio-ambiente-videoentrevistas\/"},"author":{"name":"ulises","@id":"https:\/\/www.celttv.com.ar\/#\/schema\/person\/6d99c072dba59953809c81446e9d0ace"},"headline":"MAS ACCIONES EN POS DE MEJORAR EL MEDIO AMBIENTE (Videoentrevistas)","datePublished":"2013-03-19T23:49:56+00:00","dateModified":"2013-03-19T23:49:56+00:00","mainEntityOfPage":{"@id":"https:\/\/www.celttv.com.ar\/index.php\/2013\/03\/19\/mas-acciones-en-pos-de-mejorar-el-medio-ambiente-videoentrevistas\/"},"wordCount":716,"publisher":{"@id":"https:\/\/www.celttv.com.ar\/#organization"},"articleSection":["Comunidad","Destacadas","Pol\u00edtica","Videos Destacados"],"inLanguage":"es"},{"@type":"WebPage","@id":"https:\/\/www.celttv.com.ar\/index.php\/2013\/03\/19\/mas-acciones-en-pos-de-mejorar-el-medio-ambiente-videoentrevistas\/","url":"https:\/\/www.celttv.com.ar\/index.php\/2013\/03\/19\/mas-acciones-en-pos-de-mejorar-el-medio-ambiente-videoentrevistas\/","name":"MAS ACCIONES EN POS DE MEJORAR EL MEDIO AMBIENTE (Videoentrevistas) - CELTTV","isPartOf":{"@id":"https:\/\/www.celttv.com.ar\/#website"},"datePublished":"2013-03-19T23:49:56+00:00","dateModified":"2013-03-19T23:49:56+00:00","description":"Sitio web de noticias de la localidad de Tornquist, provincia de Buenos Aires, Rep\u00fablica Argentina. Contenido propio originado por periodistas de CELTTV, el canal de TV local de la Cooperativa El\u00e9ctrica de Tornquist. Turismo, Pol\u00edtica, Sociedad, Deporte, Cultura y todo el contenido de inter\u00e9s general que la gente del pueblo y la regi\u00f3n debe conocer.","breadcrumb":{"@id":"https:\/\/www.celttv.com.ar\/index.php\/2013\/03\/19\/mas-acciones-en-pos-de-mejorar-el-medio-ambiente-videoentrevistas\/#breadcrumb"},"inLanguage":"es","potentialAction":[{"@type":"ReadAction","target":["https:\/\/www.celttv.com.ar\/index.php\/2013\/03\/19\/mas-acciones-en-pos-de-mejorar-el-medio-ambiente-videoentrevistas\/"]}]},{"@type":"BreadcrumbList","@id":"https:\/\/www.celttv.com.ar\/index.php\/2013\/03\/19\/mas-acciones-en-pos-de-mejorar-el-medio-ambiente-videoentrevistas\/#breadcrumb","itemListElement":[{"@type":"ListItem","position":1,"name":"Inicio","item":"https:\/\/www.celttv.com.ar\/"},{"@type":"ListItem","position":2,"name":"MAS ACCIONES EN POS DE MEJORAR EL MEDIO AMBIENTE (Videoentrevistas)"}]},{"@type":"WebSite","@id":"https:\/\/www.celttv.com.ar\/#website","url":"https:\/\/www.celttv.com.ar\/","name":"CELTTV","description":"Cooperativa El\u00e9ctrica de Tornquist","publisher":{"@id":"https:\/\/www.celttv.com.ar\/#organization"},"potentialAction":[{"@type":"SearchAction","target":{"@type":"EntryPoint","urlTemplate":"https:\/\/www.celttv.com.ar\/?s={search_term_string}"},"query-input":"required name=search_term_string"}],"inLanguage":"es"},{"@type":"Organization","@id":"https:\/\/www.celttv.com.ar\/#organization","name":"CELTTV","url":"https:\/\/www.celttv.com.ar\/","sameAs":["https:\/\/www.youtube.com\/channel\/UCz_oIt8Hig64Ub-EmcNPIhg","https:\/\/www.facebook.com\/celtTV\/"],"logo":{"@type":"ImageObject","inLanguage":"es","@id":"https:\/\/www.celttv.com.ar\/#\/schema\/logo\/image\/","url":"http:\/\/www.celttv.com.ar\/wp-content\/uploads\/2022\/08\/logo-1.png","contentUrl":"http:\/\/www.celttv.com.ar\/wp-content\/uploads\/2022\/08\/logo-1.png","width":461,"height":159,"caption":"CELTTV"},"image":{"@id":"https:\/\/www.celttv.com.ar\/#\/schema\/logo\/image\/"}},{"@type":"Person","@id":"https:\/\/www.celttv.com.ar\/#\/schema\/person\/6d99c072dba59953809c81446e9d0ace","name":"ulises","image":{"@type":"ImageObject","inLanguage":"es","@id":"https:\/\/www.celttv.com.ar\/#\/schema\/person\/image\/","url":"https:\/\/secure.gravatar.com\/avatar\/7f2c48bdc33b30088f941fb6082e555f2874c98e20cb159d7b92b50eadfce793?s=96&d=mm&r=g","contentUrl":"https:\/\/secure.gravatar.com\/avatar\/7f2c48bdc33b30088f941fb6082e555f2874c98e20cb159d7b92b50eadfce793?s=96&d=mm&r=g","caption":"ulises"},"sameAs":["http:\/\/www.celttv.com.ar"]}]}},"_links":{"self":[{"href":"https:\/\/www.celttv.com.ar\/index.php\/wp-json\/wp\/v2\/posts\/10737","targetHints":{"allow":["GET"]}}],"collection":[{"href":"https:\/\/www.celttv.com.ar\/index.php\/wp-json\/wp\/v2\/posts"}],"about":[{"href":"https:\/\/www.celttv.com.ar\/index.php\/wp-json\/wp\/v2\/types\/post"}],"author":[{"embeddable":true,"href":"https:\/\/www.celttv.com.ar\/index.php\/wp-json\/wp\/v2\/users\/1"}],"replies":[{"embeddable":true,"href":"https:\/\/www.celttv.com.ar\/index.php\/wp-json\/wp\/v2\/comments?post=10737"}],"version-history":[{"count":0,"href":"https:\/\/www.celttv.com.ar\/index.php\/wp-json\/wp\/v2\/posts\/10737\/revisions"}],"wp:attachment":[{"href":"https:\/\/www.celttv.com.ar\/index.php\/wp-json\/wp\/v2\/media?parent=10737"}],"wp:term":[{"taxonomy":"category","embeddable":true,"href":"https:\/\/www.celttv.com.ar\/index.php\/wp-json\/wp\/v2\/categories?post=10737"},{"taxonomy":"post_tag","embeddable":true,"href":"https:\/\/www.celttv.com.ar\/index.php\/wp-json\/wp\/v2\/tags?post=10737"}],"curies":[{"name":"wp","href":"https:\/\/api.w.org\/{rel}","templated":true}]}}