{"id":10747,"date":"2013-03-20T13:53:36","date_gmt":"2013-03-20T13:53:36","guid":{"rendered":"http:\/\/www.tvcnoticias.com.ar\/?p=10747"},"modified":"2013-03-20T13:53:36","modified_gmt":"2013-03-20T13:53:36","slug":"preocupa-a-bahia-blanca-el-basurero-en-la-cuenca-alta-del-sauce-grande","status":"publish","type":"post","link":"https:\/\/www.celttv.com.ar\/index.php\/2013\/03\/20\/preocupa-a-bahia-blanca-el-basurero-en-la-cuenca-alta-del-sauce-grande\/","title":{"rendered":"PREOCUPA A BAHIA BLANCA EL BASURERO EN LA CUENCA ALTA DEL SAUCE GRANDE"},"content":{"rendered":"<p><em><br \/>\n<\/em><br \/>\n<em>El Concejo Deliberante bahiense solicit\u00f3 al OPDS el detalle de los controles efectuados en el basural a cielo abierto ubicado en la Cuenca Alta del R\u00edo Sauce Grande, en un predio situado entre las localidades de Sierra de la Ventana y Saldungaray.<\/em><br \/>\n<span style=\"text-decoration: underline;\">\u00a0<\/span><br \/>\n<span style=\"text-decoration: underline;\">\u00a0<\/span><br \/>\n<span style=\"text-decoration: underline;\">Expte. 172-HCD-2013<\/span><br \/>\n<span style=\"text-decoration: underline;\">\u00a0<\/span><br \/>\n<span style=\"text-decoration: underline;\">\u00a0<\/span><br \/>\n<span style=\"text-decoration: underline;\">RESOLUCION<\/span><br \/>\n<span style=\"text-decoration: underline;\">\u00a0<\/span><br \/>\n<strong>VISTO<\/strong><br \/>\n<strong>\u00a0<\/strong><br \/>\nLa existencia de un basural a cielo abierto ubicado en la Cuenca Alta del R\u00edo Sauce Grande, en un predio situado entre las localidades de Sierra de la Ventana y Saldungaray; y;<br \/>\n<strong>CONSIDERANDO<\/strong><br \/>\n<strong>\u00a0<\/strong><br \/>\nQue, tal como se\u00f1ala la ONG Ambiente Comarca -Asociaci\u00f3n Civil sin Fines de Lucro de car\u00e1cter ambientalista, social, cultural y educativa- en su sitio web el basural \u201cse encuentra a unos 400 metros del cauce y con una altitud +10 metros con respecto al mismo, por el cual, los drenajes naturales tanto superficiales como subterr\u00e1neos dirigen los l\u00edquidos lixiviados directamente hacia el curso de agua.\u201d (Disponible en Internet en: <a href=\"http:\/\/ongambientecomarca.blogspot.com.ar\/\">http:\/\/ongambientecomarca.blogspot.com.ar\/<\/a>).<br \/>\nQue, la localizaci\u00f3n del basural \u2013 donde se vierten tambi\u00e9n residuos cloacales- podr\u00eda estar contaminando la Cuenca del R\u00edo Sauce Grande que alimenta el embalse \u201cPaso de las Piedras\u201d, fuente de abastecimiento de agua potable de las ciudades de Bah\u00eda Blanca y Punta Alta.<br \/>\nQue, en la edici\u00f3n del Diario La Nueva Provincia del pasado jueves 17 de enero, lo ONG Ambiente Comarca detalla una serie de acciones que vienen desarrollando desde su creaci\u00f3n en el a\u00f1o 2006 y reclamos efectuados y que a\u00fan no han encontrado una soluci\u00f3n. En particular mencionan la necesidad de trabajar en la concientizaci\u00f3n de la comunidad para la correcta disposici\u00f3n de los residuos s\u00f3lidos urbanos con el objetivo de reducir la basura generada y proceder al cierre del basural a cielo abierto de referencia (Disponible en : <a href=\"http:\/\/www.lanueva.com\/edicion_impresa\/nota\/17\/01\/2013\/d1h040.prt\">lanueva.com<\/a>)<br \/>\nQue, Ley N\u00b0 13.592 referida a la \u201cGesti\u00f3n Integral de los Residuos S\u00f3lidos Urbanos\u201d, tiene como objeto fijar los procedimientos de gesti\u00f3n de los residuos s\u00f3lidos urbanos, en un todo de acuerdo con las normativas nacionales vigentes referidas a la protecci\u00f3n ambiental.<br \/>\nQue, la norma de referencia, en su Art\u00edculo 2\u00b0, establece que la Gesti\u00f3n Integral de Residuos S\u00f3lidos Urbanos comprende diferentes etapas, a saber: generaci\u00f3n, disposici\u00f3n inicial, recolecci\u00f3n, transporte, almacenamiento, planta de transferencia, tratamiento y\/o procesamiento y disposici\u00f3n final.\u00a0<br \/>\nQue, uno de los principios sobre el que se sustenta la pol\u00edtica de gesti\u00f3n integral de residuos s\u00f3lidos urbanos es el de \u201cResponsabilidad del causante\u201d, por el cual toda persona f\u00edsica o jur\u00eddica que produce, detenta o gestiona un residuo, est\u00e1 obligada a asegurar o hacer asegurar su eliminaci\u00f3n conforme a las disposiciones vigentes. (Art\u00edculo 3\u00b0 de la Ley).<br \/>\nQue, la ley N\u00b0 13.592 en su Art\u00edculo 5\u00b0 establece, dentro de las competencias del Poder Ejecutivo de la Provincia de Buenos Aires, la de \u201cpromover la gesti\u00f3n regional de sistemas de procesamiento, reducci\u00f3n, reutilizaci\u00f3n, reciclaje, valoraci\u00f3n y disposici\u00f3n final de residuos, formulando o aprobando los planes y programas de escala e incidencia regional\u201d.<br \/>\nQue, en lo que respecta a las competencias Municipales, la norma establece que los Gobiernos locales deb\u00edan presentar a la Autoridad Ambiental Provincial un Programa de Gesti\u00f3n Integral de Residuos S\u00f3lidos Urbanos en un lapso no mayor a seis (6) meses de la entrada en vigor de la misma. Incluso dispon\u00eda que, en caso de no cumplirse con los plazos estipulados, la Autoridad Ambiental pudiera determinar y establecer el programa de Gesti\u00f3n Integral de Residuos S\u00f3lidos Urbanos que corresponda aplicar a nivel local. Con tal disposici\u00f3n se pretend\u00eda erradicar la pr\u00e1ctica del arrojo en basurales a cielo abierto e impedir el establecimiento de nuevos basurales a cielo abierto.<br \/>\nQue, en el Art\u00edculo 13\u00b0 de la norma Provincial se establece adem\u00e1s que \u201clos sitios de disposici\u00f3n final deber\u00e1n estar separados de los pozos para extracci\u00f3n de agua potable para uso dom\u00e9stico o industrial por una distancia m\u00ednima de 100 metros superior a la proyecci\u00f3n horizontal del cono de abatimiento del mismo en r\u00e9gimen de extracci\u00f3n normal. Si la diferencia resultante es menor a 1000 metros, ser\u00e1 \u00e9sta la distancia m\u00ednima a respetar. Asimismo, no se instalar\u00e1n centros de disposici\u00f3n final en zonas de recargas de acu\u00edferos que deber\u00e1n ser utilizados aguas abajo como sistema de captaci\u00f3n de agua para consumo humano\u201d.<br \/>\nQue, este Concejo Deliberante considera pertinente dirigirse a las autoridades del Organismo Provincial de Desarrollo Sostenible a fin de conocer las acciones desarrolladas destinadas a preservar la calidad ambiental de la Cuenca Alta del R\u00edo Sauce Grande, por ser este curso de agua el que abastece al embalse \u201cPaso de las Piedras\u201d.<br \/>\nPor todo ello, el Honorable Concejo Deliberante en uso de sus facultades<br \/>\n<strong><span style=\"text-decoration: underline;\">RESUELVE<\/span><\/strong><br \/>\n<strong><span style=\"text-decoration: underline;\">\u00a0<\/span><\/strong><br \/>\n<strong><span style=\"text-decoration: underline;\">Primero:<\/span><\/strong> Dirigirse a las autoridades del Organismo Provincial de Desarrollo Sostenible (OPDS) a fin de conocer las acciones desarrolladas destinadas a preservar la calidad ambiental de la Cuenca Alta del R\u00edo Sauce Grande, por ser este curso de agua el que abastece al embalse \u201cPaso de las Piedras\u201d, fuente de provisi\u00f3n de agua potable de nuestra cuidad.<strong><\/strong><br \/>\n<strong><span style=\"text-decoration: underline;\">\u00a0<\/span><\/strong><br \/>\n<strong><span style=\"text-decoration: underline;\">Segundo:<\/span><\/strong> Requerir al OPDS el detalle de los controles efectuados en el basural a cielo abierto ubicado en la Cuenca Alta del R\u00edo Sauce Grande, en un predio situado entre las localidades de Sierra de la Ventana y Saldungaray.<strong><\/strong><br \/>\n<strong><span style=\"text-decoration: underline;\">\u00a0<\/span><\/strong><br \/>\n<strong><span style=\"text-decoration: underline;\">Tercero:<\/span><\/strong> Remitir copia de la presente Resoluci\u00f3n a la Agencia Ambiental Municipal, al Concejo Deliberante de Cnel. De Marina L. Rosales y a la ONG Ambiente Comarca.<strong><\/strong><br \/>\n<strong><span style=\"text-decoration: underline;\">\u00a0<\/span><\/strong><br \/>\nDADA EN LA SALA DE SESIONES DEL HONORABLE CONCEJO DELIBERANTE DE BAH\u00cdA BLANCA, A LOS VEINTIUN DIAS DEL MES DE FEBRERO DE DOS MIL TRECE.<strong><\/strong><br \/>\n<strong><span style=\"text-decoration: underline;\">\u00a0<\/span><\/strong><br \/>\n<strong><span style=\"text-decoration: underline;\">\u00a0<\/span><\/strong><br \/>\n<strong><em>CARLOS MORENO SALAS\u00a0\u00a0\u00a0\u00a0\u00a0\u00a0\u00a0\u00a0\u00a0\u00a0\u00a0\u00a0\u00a0\u00a0\u00a0\u00a0\u00a0\u00a0\u00a0\u00a0\u00a0\u00a0\u00a0\u00a0\u00a0\u00a0\u00a0\u00a0\u00a0\u00a0\u00a0\u00a0\u00a0\u00a0\u00a0\u00a0\u00a0\u00a0\u00a0\u00a0\u00a0\u00a0\u00a0 Dr. LISANDRO GANUZA<\/em><\/strong><br \/>\n<strong><em>PRESIDENTE DEL\u00a0\u00a0\u00a0\u00a0\u00a0\u00a0\u00a0\u00a0\u00a0\u00a0\u00a0\u00a0\u00a0\u00a0\u00a0\u00a0\u00a0\u00a0\u00a0\u00a0\u00a0\u00a0\u00a0\u00a0\u00a0\u00a0\u00a0\u00a0\u00a0\u00a0\u00a0\u00a0\u00a0\u00a0\u00a0\u00a0\u00a0\u00a0\u00a0\u00a0\u00a0\u00a0\u00a0\u00a0\u00a0\u00a0\u00a0\u00a0\u00a0\u00a0\u00a0\u00a0\u00a0\u00a0\u00a0\u00a0 PROSECRETARIO<\/em><\/strong><br \/>\n<strong><em>H. CONCEJO DELIBERANTE\u00a0\u00a0\u00a0\u00a0\u00a0\u00a0\u00a0\u00a0\u00a0\u00a0\u00a0\u00a0\u00a0\u00a0\u00a0\u00a0\u00a0\u00a0\u00a0\u00a0\u00a0\u00a0\u00a0\u00a0\u00a0\u00a0\u00a0\u00a0\u00a0\u00a0\u00a0\u00a0\u00a0\u00a0\u00a0\u00a0\u00a0\u00a0\u00a0 H. CONCEJO DELIBERANTE<\/em><\/strong><br \/>\n<strong><em>DE BAH\u00cdA BLANCA\u00a0\u00a0\u00a0\u00a0\u00a0\u00a0\u00a0\u00a0\u00a0\u00a0\u00a0\u00a0\u00a0\u00a0\u00a0\u00a0\u00a0\u00a0\u00a0\u00a0\u00a0\u00a0\u00a0\u00a0\u00a0\u00a0\u00a0\u00a0\u00a0\u00a0\u00a0\u00a0\u00a0\u00a0\u00a0\u00a0\u00a0\u00a0\u00a0\u00a0\u00a0\u00a0\u00a0\u00a0\u00a0\u00a0\u00a0\u00a0\u00a0\u00a0\u00a0\u00a0\u00a0\u00a0\u00a0\u00a0 E BAH\u00cdA BLANCA <\/em><\/strong><\/p>\n","protected":false},"excerpt":{"rendered":"<p>El Concejo Deliberante bahiense solicit\u00f3 al OPDS el detalle de los controles efectuados en el basural a cielo abierto ubicado en la Cuenca Alta del R\u00edo Sauce Grande, en un predio situado entre las localidades de Sierra de la Ventana y Saldungaray. \u00a0 \u00a0 Expte. 172-HCD-2013 \u00a0 \u00a0 RESOLUCION \u00a0 VISTO \u00a0 La existencia de [&hellip;]<\/p>\n","protected":false},"author":1,"featured_media":0,"comment_status":"closed","ping_status":"open","sticky":false,"template":"","format":"standard","meta":{"footnotes":""},"categories":[51,52],"tags":[],"class_list":["post-10747","post","type-post","status-publish","format-standard","hentry","category-comunidad","category-destacadas"],"yoast_head":"<!-- This site is optimized with the Yoast SEO plugin v19.7.1 - https:\/\/yoast.com\/wordpress\/plugins\/seo\/ -->\n<title>PREOCUPA A BAHIA BLANCA EL BASURERO EN LA CUENCA ALTA DEL SAUCE GRANDE - CELTTV<\/title>\n<meta name=\"description\" content=\"Sitio web de noticias de la localidad de Tornquist, provincia de Buenos Aires, Rep\u00fablica Argentina. Contenido propio originado por periodistas de CELTTV, el canal de TV local de la Cooperativa El\u00e9ctrica de Tornquist. Turismo, Pol\u00edtica, Sociedad, Deporte, Cultura y todo el contenido de inter\u00e9s general que la gente del pueblo y la regi\u00f3n debe conocer.\" \/>\n<meta name=\"robots\" content=\"index, follow, max-snippet:-1, max-image-preview:large, max-video-preview:-1\" \/>\n<link rel=\"canonical\" href=\"https:\/\/www.celttv.com.ar\/index.php\/2013\/03\/20\/preocupa-a-bahia-blanca-el-basurero-en-la-cuenca-alta-del-sauce-grande\/\" \/>\n<meta property=\"og:locale\" content=\"es_ES\" \/>\n<meta property=\"og:type\" content=\"article\" \/>\n<meta property=\"og:title\" content=\"PREOCUPA A BAHIA BLANCA EL BASURERO EN LA CUENCA ALTA DEL SAUCE GRANDE - CELTTV\" \/>\n<meta property=\"og:description\" content=\"Sitio web de noticias de la localidad de Tornquist, provincia de Buenos Aires, Rep\u00fablica Argentina. Contenido propio originado por periodistas de CELTTV, el canal de TV local de la Cooperativa El\u00e9ctrica de Tornquist. Turismo, Pol\u00edtica, Sociedad, Deporte, Cultura y todo el contenido de inter\u00e9s general que la gente del pueblo y la regi\u00f3n debe conocer.\" \/>\n<meta property=\"og:url\" content=\"https:\/\/www.celttv.com.ar\/index.php\/2013\/03\/20\/preocupa-a-bahia-blanca-el-basurero-en-la-cuenca-alta-del-sauce-grande\/\" \/>\n<meta property=\"og:site_name\" content=\"CELTTV\" \/>\n<meta property=\"article:publisher\" content=\"https:\/\/www.facebook.com\/celtTV\/\" \/>\n<meta property=\"article:published_time\" content=\"2013-03-20T13:53:36+00:00\" \/>\n<meta name=\"author\" content=\"ulises\" \/>\n<meta name=\"twitter:card\" content=\"summary_large_image\" \/>\n<meta name=\"twitter:label1\" content=\"Escrito por\" \/>\n\t<meta name=\"twitter:data1\" content=\"ulises\" \/>\n\t<meta name=\"twitter:label2\" content=\"Tiempo de lectura\" \/>\n\t<meta name=\"twitter:data2\" content=\"5 minutos\" \/>\n<script type=\"application\/ld+json\" class=\"yoast-schema-graph\">{\"@context\":\"https:\/\/schema.org\",\"@graph\":[{\"@type\":\"NewsArticle\",\"@id\":\"https:\/\/www.celttv.com.ar\/index.php\/2013\/03\/20\/preocupa-a-bahia-blanca-el-basurero-en-la-cuenca-alta-del-sauce-grande\/#article\",\"isPartOf\":{\"@id\":\"https:\/\/www.celttv.com.ar\/index.php\/2013\/03\/20\/preocupa-a-bahia-blanca-el-basurero-en-la-cuenca-alta-del-sauce-grande\/\"},\"author\":{\"name\":\"ulises\",\"@id\":\"https:\/\/www.celttv.com.ar\/#\/schema\/person\/6d99c072dba59953809c81446e9d0ace\"},\"headline\":\"PREOCUPA A BAHIA BLANCA EL BASURERO EN LA CUENCA ALTA DEL SAUCE GRANDE\",\"datePublished\":\"2013-03-20T13:53:36+00:00\",\"dateModified\":\"2013-03-20T13:53:36+00:00\",\"mainEntityOfPage\":{\"@id\":\"https:\/\/www.celttv.com.ar\/index.php\/2013\/03\/20\/preocupa-a-bahia-blanca-el-basurero-en-la-cuenca-alta-del-sauce-grande\/\"},\"wordCount\":1006,\"publisher\":{\"@id\":\"https:\/\/www.celttv.com.ar\/#organization\"},\"articleSection\":[\"Comunidad\",\"Destacadas\"],\"inLanguage\":\"es\"},{\"@type\":\"WebPage\",\"@id\":\"https:\/\/www.celttv.com.ar\/index.php\/2013\/03\/20\/preocupa-a-bahia-blanca-el-basurero-en-la-cuenca-alta-del-sauce-grande\/\",\"url\":\"https:\/\/www.celttv.com.ar\/index.php\/2013\/03\/20\/preocupa-a-bahia-blanca-el-basurero-en-la-cuenca-alta-del-sauce-grande\/\",\"name\":\"PREOCUPA A BAHIA BLANCA EL BASURERO EN LA CUENCA ALTA DEL SAUCE GRANDE - CELTTV\",\"isPartOf\":{\"@id\":\"https:\/\/www.celttv.com.ar\/#website\"},\"datePublished\":\"2013-03-20T13:53:36+00:00\",\"dateModified\":\"2013-03-20T13:53:36+00:00\",\"description\":\"Sitio web de noticias de la localidad de Tornquist, provincia de Buenos Aires, Rep\u00fablica Argentina. Contenido propio originado por periodistas de CELTTV, el canal de TV local de la Cooperativa El\u00e9ctrica de Tornquist. Turismo, Pol\u00edtica, Sociedad, Deporte, Cultura y todo el contenido de inter\u00e9s general que la gente del pueblo y la regi\u00f3n debe conocer.\",\"breadcrumb\":{\"@id\":\"https:\/\/www.celttv.com.ar\/index.php\/2013\/03\/20\/preocupa-a-bahia-blanca-el-basurero-en-la-cuenca-alta-del-sauce-grande\/#breadcrumb\"},\"inLanguage\":\"es\",\"potentialAction\":[{\"@type\":\"ReadAction\",\"target\":[\"https:\/\/www.celttv.com.ar\/index.php\/2013\/03\/20\/preocupa-a-bahia-blanca-el-basurero-en-la-cuenca-alta-del-sauce-grande\/\"]}]},{\"@type\":\"BreadcrumbList\",\"@id\":\"https:\/\/www.celttv.com.ar\/index.php\/2013\/03\/20\/preocupa-a-bahia-blanca-el-basurero-en-la-cuenca-alta-del-sauce-grande\/#breadcrumb\",\"itemListElement\":[{\"@type\":\"ListItem\",\"position\":1,\"name\":\"Inicio\",\"item\":\"https:\/\/www.celttv.com.ar\/\"},{\"@type\":\"ListItem\",\"position\":2,\"name\":\"PREOCUPA A BAHIA BLANCA EL BASURERO EN LA CUENCA ALTA DEL SAUCE GRANDE\"}]},{\"@type\":\"WebSite\",\"@id\":\"https:\/\/www.celttv.com.ar\/#website\",\"url\":\"https:\/\/www.celttv.com.ar\/\",\"name\":\"CELTTV\",\"description\":\"Cooperativa El\u00e9ctrica de Tornquist\",\"publisher\":{\"@id\":\"https:\/\/www.celttv.com.ar\/#organization\"},\"potentialAction\":[{\"@type\":\"SearchAction\",\"target\":{\"@type\":\"EntryPoint\",\"urlTemplate\":\"https:\/\/www.celttv.com.ar\/?s={search_term_string}\"},\"query-input\":\"required name=search_term_string\"}],\"inLanguage\":\"es\"},{\"@type\":\"Organization\",\"@id\":\"https:\/\/www.celttv.com.ar\/#organization\",\"name\":\"CELTTV\",\"url\":\"https:\/\/www.celttv.com.ar\/\",\"sameAs\":[\"https:\/\/www.youtube.com\/channel\/UCz_oIt8Hig64Ub-EmcNPIhg\",\"https:\/\/www.facebook.com\/celtTV\/\"],\"logo\":{\"@type\":\"ImageObject\",\"inLanguage\":\"es\",\"@id\":\"https:\/\/www.celttv.com.ar\/#\/schema\/logo\/image\/\",\"url\":\"http:\/\/www.celttv.com.ar\/wp-content\/uploads\/2022\/08\/logo-1.png\",\"contentUrl\":\"http:\/\/www.celttv.com.ar\/wp-content\/uploads\/2022\/08\/logo-1.png\",\"width\":461,\"height\":159,\"caption\":\"CELTTV\"},\"image\":{\"@id\":\"https:\/\/www.celttv.com.ar\/#\/schema\/logo\/image\/\"}},{\"@type\":\"Person\",\"@id\":\"https:\/\/www.celttv.com.ar\/#\/schema\/person\/6d99c072dba59953809c81446e9d0ace\",\"name\":\"ulises\",\"image\":{\"@type\":\"ImageObject\",\"inLanguage\":\"es\",\"@id\":\"https:\/\/www.celttv.com.ar\/#\/schema\/person\/image\/\",\"url\":\"https:\/\/secure.gravatar.com\/avatar\/7f2c48bdc33b30088f941fb6082e555f2874c98e20cb159d7b92b50eadfce793?s=96&d=mm&r=g\",\"contentUrl\":\"https:\/\/secure.gravatar.com\/avatar\/7f2c48bdc33b30088f941fb6082e555f2874c98e20cb159d7b92b50eadfce793?s=96&d=mm&r=g\",\"caption\":\"ulises\"},\"sameAs\":[\"http:\/\/www.celttv.com.ar\"]}]}<\/script>\n<!-- \/ Yoast SEO plugin. -->","yoast_head_json":{"title":"PREOCUPA A BAHIA BLANCA EL BASURERO EN LA CUENCA ALTA DEL SAUCE GRANDE - CELTTV","description":"Sitio web de noticias de la localidad de Tornquist, provincia de Buenos Aires, Rep\u00fablica Argentina. Contenido propio originado por periodistas de CELTTV, el canal de TV local de la Cooperativa El\u00e9ctrica de Tornquist. Turismo, Pol\u00edtica, Sociedad, Deporte, Cultura y todo el contenido de inter\u00e9s general que la gente del pueblo y la regi\u00f3n debe conocer.","robots":{"index":"index","follow":"follow","max-snippet":"max-snippet:-1","max-image-preview":"max-image-preview:large","max-video-preview":"max-video-preview:-1"},"canonical":"https:\/\/www.celttv.com.ar\/index.php\/2013\/03\/20\/preocupa-a-bahia-blanca-el-basurero-en-la-cuenca-alta-del-sauce-grande\/","og_locale":"es_ES","og_type":"article","og_title":"PREOCUPA A BAHIA BLANCA EL BASURERO EN LA CUENCA ALTA DEL SAUCE GRANDE - CELTTV","og_description":"Sitio web de noticias de la localidad de Tornquist, provincia de Buenos Aires, Rep\u00fablica Argentina. Contenido propio originado por periodistas de CELTTV, el canal de TV local de la Cooperativa El\u00e9ctrica de Tornquist. Turismo, Pol\u00edtica, Sociedad, Deporte, Cultura y todo el contenido de inter\u00e9s general que la gente del pueblo y la regi\u00f3n debe conocer.","og_url":"https:\/\/www.celttv.com.ar\/index.php\/2013\/03\/20\/preocupa-a-bahia-blanca-el-basurero-en-la-cuenca-alta-del-sauce-grande\/","og_site_name":"CELTTV","article_publisher":"https:\/\/www.facebook.com\/celtTV\/","article_published_time":"2013-03-20T13:53:36+00:00","author":"ulises","twitter_card":"summary_large_image","twitter_misc":{"Escrito por":"ulises","Tiempo de lectura":"5 minutos"},"schema":{"@context":"https:\/\/schema.org","@graph":[{"@type":"NewsArticle","@id":"https:\/\/www.celttv.com.ar\/index.php\/2013\/03\/20\/preocupa-a-bahia-blanca-el-basurero-en-la-cuenca-alta-del-sauce-grande\/#article","isPartOf":{"@id":"https:\/\/www.celttv.com.ar\/index.php\/2013\/03\/20\/preocupa-a-bahia-blanca-el-basurero-en-la-cuenca-alta-del-sauce-grande\/"},"author":{"name":"ulises","@id":"https:\/\/www.celttv.com.ar\/#\/schema\/person\/6d99c072dba59953809c81446e9d0ace"},"headline":"PREOCUPA A BAHIA BLANCA EL BASURERO EN LA CUENCA ALTA DEL SAUCE GRANDE","datePublished":"2013-03-20T13:53:36+00:00","dateModified":"2013-03-20T13:53:36+00:00","mainEntityOfPage":{"@id":"https:\/\/www.celttv.com.ar\/index.php\/2013\/03\/20\/preocupa-a-bahia-blanca-el-basurero-en-la-cuenca-alta-del-sauce-grande\/"},"wordCount":1006,"publisher":{"@id":"https:\/\/www.celttv.com.ar\/#organization"},"articleSection":["Comunidad","Destacadas"],"inLanguage":"es"},{"@type":"WebPage","@id":"https:\/\/www.celttv.com.ar\/index.php\/2013\/03\/20\/preocupa-a-bahia-blanca-el-basurero-en-la-cuenca-alta-del-sauce-grande\/","url":"https:\/\/www.celttv.com.ar\/index.php\/2013\/03\/20\/preocupa-a-bahia-blanca-el-basurero-en-la-cuenca-alta-del-sauce-grande\/","name":"PREOCUPA A BAHIA BLANCA EL BASURERO EN LA CUENCA ALTA DEL SAUCE GRANDE - CELTTV","isPartOf":{"@id":"https:\/\/www.celttv.com.ar\/#website"},"datePublished":"2013-03-20T13:53:36+00:00","dateModified":"2013-03-20T13:53:36+00:00","description":"Sitio web de noticias de la localidad de Tornquist, provincia de Buenos Aires, Rep\u00fablica Argentina. Contenido propio originado por periodistas de CELTTV, el canal de TV local de la Cooperativa El\u00e9ctrica de Tornquist. Turismo, Pol\u00edtica, Sociedad, Deporte, Cultura y todo el contenido de inter\u00e9s general que la gente del pueblo y la regi\u00f3n debe conocer.","breadcrumb":{"@id":"https:\/\/www.celttv.com.ar\/index.php\/2013\/03\/20\/preocupa-a-bahia-blanca-el-basurero-en-la-cuenca-alta-del-sauce-grande\/#breadcrumb"},"inLanguage":"es","potentialAction":[{"@type":"ReadAction","target":["https:\/\/www.celttv.com.ar\/index.php\/2013\/03\/20\/preocupa-a-bahia-blanca-el-basurero-en-la-cuenca-alta-del-sauce-grande\/"]}]},{"@type":"BreadcrumbList","@id":"https:\/\/www.celttv.com.ar\/index.php\/2013\/03\/20\/preocupa-a-bahia-blanca-el-basurero-en-la-cuenca-alta-del-sauce-grande\/#breadcrumb","itemListElement":[{"@type":"ListItem","position":1,"name":"Inicio","item":"https:\/\/www.celttv.com.ar\/"},{"@type":"ListItem","position":2,"name":"PREOCUPA A BAHIA BLANCA EL BASURERO EN LA CUENCA ALTA DEL SAUCE GRANDE"}]},{"@type":"WebSite","@id":"https:\/\/www.celttv.com.ar\/#website","url":"https:\/\/www.celttv.com.ar\/","name":"CELTTV","description":"Cooperativa El\u00e9ctrica de Tornquist","publisher":{"@id":"https:\/\/www.celttv.com.ar\/#organization"},"potentialAction":[{"@type":"SearchAction","target":{"@type":"EntryPoint","urlTemplate":"https:\/\/www.celttv.com.ar\/?s={search_term_string}"},"query-input":"required name=search_term_string"}],"inLanguage":"es"},{"@type":"Organization","@id":"https:\/\/www.celttv.com.ar\/#organization","name":"CELTTV","url":"https:\/\/www.celttv.com.ar\/","sameAs":["https:\/\/www.youtube.com\/channel\/UCz_oIt8Hig64Ub-EmcNPIhg","https:\/\/www.facebook.com\/celtTV\/"],"logo":{"@type":"ImageObject","inLanguage":"es","@id":"https:\/\/www.celttv.com.ar\/#\/schema\/logo\/image\/","url":"http:\/\/www.celttv.com.ar\/wp-content\/uploads\/2022\/08\/logo-1.png","contentUrl":"http:\/\/www.celttv.com.ar\/wp-content\/uploads\/2022\/08\/logo-1.png","width":461,"height":159,"caption":"CELTTV"},"image":{"@id":"https:\/\/www.celttv.com.ar\/#\/schema\/logo\/image\/"}},{"@type":"Person","@id":"https:\/\/www.celttv.com.ar\/#\/schema\/person\/6d99c072dba59953809c81446e9d0ace","name":"ulises","image":{"@type":"ImageObject","inLanguage":"es","@id":"https:\/\/www.celttv.com.ar\/#\/schema\/person\/image\/","url":"https:\/\/secure.gravatar.com\/avatar\/7f2c48bdc33b30088f941fb6082e555f2874c98e20cb159d7b92b50eadfce793?s=96&d=mm&r=g","contentUrl":"https:\/\/secure.gravatar.com\/avatar\/7f2c48bdc33b30088f941fb6082e555f2874c98e20cb159d7b92b50eadfce793?s=96&d=mm&r=g","caption":"ulises"},"sameAs":["http:\/\/www.celttv.com.ar"]}]}},"_links":{"self":[{"href":"https:\/\/www.celttv.com.ar\/index.php\/wp-json\/wp\/v2\/posts\/10747","targetHints":{"allow":["GET"]}}],"collection":[{"href":"https:\/\/www.celttv.com.ar\/index.php\/wp-json\/wp\/v2\/posts"}],"about":[{"href":"https:\/\/www.celttv.com.ar\/index.php\/wp-json\/wp\/v2\/types\/post"}],"author":[{"embeddable":true,"href":"https:\/\/www.celttv.com.ar\/index.php\/wp-json\/wp\/v2\/users\/1"}],"replies":[{"embeddable":true,"href":"https:\/\/www.celttv.com.ar\/index.php\/wp-json\/wp\/v2\/comments?post=10747"}],"version-history":[{"count":0,"href":"https:\/\/www.celttv.com.ar\/index.php\/wp-json\/wp\/v2\/posts\/10747\/revisions"}],"wp:attachment":[{"href":"https:\/\/www.celttv.com.ar\/index.php\/wp-json\/wp\/v2\/media?parent=10747"}],"wp:term":[{"taxonomy":"category","embeddable":true,"href":"https:\/\/www.celttv.com.ar\/index.php\/wp-json\/wp\/v2\/categories?post=10747"},{"taxonomy":"post_tag","embeddable":true,"href":"https:\/\/www.celttv.com.ar\/index.php\/wp-json\/wp\/v2\/tags?post=10747"}],"curies":[{"name":"wp","href":"https:\/\/api.w.org\/{rel}","templated":true}]}}