{"id":10764,"date":"2013-03-21T00:22:08","date_gmt":"2013-03-21T00:22:08","guid":{"rendered":"http:\/\/www.tvcnoticias.com.ar\/?p=10764"},"modified":"2013-03-21T00:22:08","modified_gmt":"2013-03-21T00:22:08","slug":"salud-el-hospital-municipal-incorporo-el-servicio-de-oncologia","status":"publish","type":"post","link":"https:\/\/www.celttv.com.ar\/index.php\/2013\/03\/21\/salud-el-hospital-municipal-incorporo-el-servicio-de-oncologia\/","title":{"rendered":"SALUD: EL HOSPITAL MUNICIPAL INCORPORO EL SERVICIO DE ONCOLOGIA"},"content":{"rendered":"<p><a href=\"http:\/\/www.youtube.com\/watch?v=07TLJug82xE\">httpv:\/\/www.youtube.com\/watch?v=07TLJug82xE<\/a><br \/>\n<a href=\"http:\/\/www.youtube.com\/watch?v=gh5P21H0eGo\">httpv:\/\/www.youtube.com\/watch?v=gh5P21H0eGo<\/a><br \/>\n<a>httpv:\/\/www.youtube.com\/watch?v=3x3AwMecB7o<\/a><br \/>\n\u00a0El Hospital Municipal \u201cDoctor Alberto Castro\u201d sum\u00f3 una nueva e importante prestaci\u00f3n: el doctor Gustavo Salum se har\u00e1 cargo del servicio de oncolog\u00eda. Esta alternativa permitir\u00e1 facilitar el tratamiento de pacientes del distrito y la regi\u00f3n.<br \/>\n\u00a0\u00a0 \u201cEstamos efectuando una muy valiosa incorporaci\u00f3n para el equipo m\u00e9dico del distrito: el doctor Gustavo Salum, m\u00e9dico onc\u00f3logo, con vistas a ir avanzando sobre la posibilidad de conformar un equipo de oncolog\u00eda en nuestro distrito. Esto complementar\u00e1 la inversi\u00f3n permanente que estamos teniendo en el \u00e1rea, tanto en infraestructura como equipamiento. El recurso humano es tan o m\u00e1s importante que los equipos que se compran o las mejoras edilicias que se realizan\u201d, consider\u00f3 el intendente municipal, licenciado Gustavo Trankels.<br \/>\n\u00a0\u00a0 \u201cEsta es una gran noticia tanto para los vecinos de todo el distrito como de la zona, porque brinda la chance de realizar tratamientos que hasta el momento eran pr\u00e1cticamente imposible de hacer aqu\u00ed. Es una nueva alternativa, que permitir\u00e1 una mejora en el tratamiento de la salud\u201d, a\u00f1adi\u00f3.<br \/>\n\u00a0\u00a0 El jefe comunal destac\u00f3 el trabajo de la secretaria de Salud y Bromatolog\u00eda, licenciada Mirta Avila, y la subsecretaria de la misma dependencia, doctora Ver\u00f3nica Castro.<br \/>\n\u00a0\u00a0 \u201cEllas se esforzaron y generaron los recursos necesarios para que esto sea posible. Tambi\u00e9n quiero destacar la decisi\u00f3n del doctor Gustavo Salum de sumarse\u201d, confi\u00f3.<br \/>\n\u00a0\u00a0 El profesional tiene una destacada trayectoria y, en principio, atender\u00e1 los d\u00edas lunes en la cabecera del distrito.<br \/>\n\u00a0\u00a0 \u201cEstoy muy contento. Esta es una experiencia nueva. Todo esto surge a partir de la insistencia de la doctora Castro y la intenci\u00f3n del intendente Trankels, uno de los jefes comunales que m\u00e1s apuestan por el sistema de salud. No todos los intendentes buscan tener un \u00e1rea de oncolog\u00eda como est\u00e1 haciendo \u00e9l. Esto es importante, fundamentalmente para la atenci\u00f3n de los pacientes, pero tambi\u00e9n para el desarrollo de la prevenci\u00f3n de c\u00e1ncer\u201d, dijo.<br \/>\n\u00a0\u00a0 En el mismo sentido se manifestaron Mirta Avila y Ver\u00f3nica Castro, quienes destacaron la importancia de la incorporar el servicio.<br \/>\n\u00a0\u00a0 \u201cLe podremos brindar al paciente y su familia la posibilidad de estar cerca de su hogar y sus cosas, para que el tratamiento sea m\u00e1s llevadero. Por experiencia personal, considero que es muy importante que el paciente se pueda realizar el tratamiento sin tener que viajar\u201d, remarc\u00f3 Avila.<br \/>\n\u00a0\u00a0 \u201cEs como cumplir un sue\u00f1o. Hace un rato mir\u00e1bamos con Mirta los proyectos de los a\u00f1os 2005-2006, cuando incorporar la actividad estaba al final de la lista. Ahora, gracias al apoyo del intendente y a que existe una predisposici\u00f3n especial para las propuestas de crecimiento en el \u00e1rea de salud, contaremos con un servicio fundamental para el bienestar del paciente. El recurso humano es lo m\u00e1s importante\u201d, asegur\u00f3, en tanto, Castro.<\/p>\n","protected":false},"excerpt":{"rendered":"<p>httpv:\/\/www.youtube.com\/watch?v=07TLJug82xE httpv:\/\/www.youtube.com\/watch?v=gh5P21H0eGo httpv:\/\/www.youtube.com\/watch?v=3x3AwMecB7o \u00a0El Hospital Municipal \u201cDoctor Alberto Castro\u201d sum\u00f3 una nueva e importante prestaci\u00f3n: el doctor Gustavo Salum se har\u00e1 cargo del servicio de oncolog\u00eda. Esta alternativa permitir\u00e1 facilitar el tratamiento de pacientes del distrito y la regi\u00f3n. \u00a0\u00a0 \u201cEstamos efectuando una muy valiosa incorporaci\u00f3n para el equipo m\u00e9dico del distrito: el doctor Gustavo [&hellip;]<\/p>\n","protected":false},"author":1,"featured_media":0,"comment_status":"closed","ping_status":"open","sticky":false,"template":"","format":"standard","meta":{"footnotes":""},"categories":[51,52,53,64],"tags":[],"class_list":["post-10764","post","type-post","status-publish","format-standard","hentry","category-comunidad","category-destacadas","category-politica","category-videos-destacados"],"yoast_head":"<!-- This site is optimized with the Yoast SEO plugin v19.7.1 - https:\/\/yoast.com\/wordpress\/plugins\/seo\/ -->\n<title>SALUD: EL HOSPITAL MUNICIPAL INCORPORO EL SERVICIO DE ONCOLOGIA - CELTTV<\/title>\n<meta name=\"description\" content=\"Sitio web de noticias de la localidad de Tornquist, provincia de Buenos Aires, Rep\u00fablica Argentina. Contenido propio originado por periodistas de CELTTV, el canal de TV local de la Cooperativa El\u00e9ctrica de Tornquist. Turismo, Pol\u00edtica, Sociedad, Deporte, Cultura y todo el contenido de inter\u00e9s general que la gente del pueblo y la regi\u00f3n debe conocer.\" \/>\n<meta name=\"robots\" content=\"index, follow, max-snippet:-1, max-image-preview:large, max-video-preview:-1\" \/>\n<link rel=\"canonical\" href=\"https:\/\/www.celttv.com.ar\/index.php\/2013\/03\/21\/salud-el-hospital-municipal-incorporo-el-servicio-de-oncologia\/\" \/>\n<meta property=\"og:locale\" content=\"es_ES\" \/>\n<meta property=\"og:type\" content=\"article\" \/>\n<meta property=\"og:title\" content=\"SALUD: EL HOSPITAL MUNICIPAL INCORPORO EL SERVICIO DE ONCOLOGIA - CELTTV\" \/>\n<meta property=\"og:description\" content=\"Sitio web de noticias de la localidad de Tornquist, provincia de Buenos Aires, Rep\u00fablica Argentina. Contenido propio originado por periodistas de CELTTV, el canal de TV local de la Cooperativa El\u00e9ctrica de Tornquist. Turismo, Pol\u00edtica, Sociedad, Deporte, Cultura y todo el contenido de inter\u00e9s general que la gente del pueblo y la regi\u00f3n debe conocer.\" \/>\n<meta property=\"og:url\" content=\"https:\/\/www.celttv.com.ar\/index.php\/2013\/03\/21\/salud-el-hospital-municipal-incorporo-el-servicio-de-oncologia\/\" \/>\n<meta property=\"og:site_name\" content=\"CELTTV\" \/>\n<meta property=\"article:publisher\" content=\"https:\/\/www.facebook.com\/celtTV\/\" \/>\n<meta property=\"article:published_time\" content=\"2013-03-21T00:22:08+00:00\" \/>\n<meta name=\"author\" content=\"ulises\" \/>\n<meta name=\"twitter:card\" content=\"summary_large_image\" \/>\n<meta name=\"twitter:label1\" content=\"Escrito por\" \/>\n\t<meta name=\"twitter:data1\" content=\"ulises\" \/>\n\t<meta name=\"twitter:label2\" content=\"Tiempo de lectura\" \/>\n\t<meta name=\"twitter:data2\" content=\"3 minutos\" \/>\n<script type=\"application\/ld+json\" class=\"yoast-schema-graph\">{\"@context\":\"https:\/\/schema.org\",\"@graph\":[{\"@type\":\"NewsArticle\",\"@id\":\"https:\/\/www.celttv.com.ar\/index.php\/2013\/03\/21\/salud-el-hospital-municipal-incorporo-el-servicio-de-oncologia\/#article\",\"isPartOf\":{\"@id\":\"https:\/\/www.celttv.com.ar\/index.php\/2013\/03\/21\/salud-el-hospital-municipal-incorporo-el-servicio-de-oncologia\/\"},\"author\":{\"name\":\"ulises\",\"@id\":\"https:\/\/www.celttv.com.ar\/#\/schema\/person\/6d99c072dba59953809c81446e9d0ace\"},\"headline\":\"SALUD: EL HOSPITAL MUNICIPAL INCORPORO EL SERVICIO DE ONCOLOGIA\",\"datePublished\":\"2013-03-21T00:22:08+00:00\",\"dateModified\":\"2013-03-21T00:22:08+00:00\",\"mainEntityOfPage\":{\"@id\":\"https:\/\/www.celttv.com.ar\/index.php\/2013\/03\/21\/salud-el-hospital-municipal-incorporo-el-servicio-de-oncologia\/\"},\"wordCount\":513,\"publisher\":{\"@id\":\"https:\/\/www.celttv.com.ar\/#organization\"},\"articleSection\":[\"Comunidad\",\"Destacadas\",\"Pol\u00edtica\",\"Videos Destacados\"],\"inLanguage\":\"es\"},{\"@type\":\"WebPage\",\"@id\":\"https:\/\/www.celttv.com.ar\/index.php\/2013\/03\/21\/salud-el-hospital-municipal-incorporo-el-servicio-de-oncologia\/\",\"url\":\"https:\/\/www.celttv.com.ar\/index.php\/2013\/03\/21\/salud-el-hospital-municipal-incorporo-el-servicio-de-oncologia\/\",\"name\":\"SALUD: EL HOSPITAL MUNICIPAL INCORPORO EL SERVICIO DE ONCOLOGIA - CELTTV\",\"isPartOf\":{\"@id\":\"https:\/\/www.celttv.com.ar\/#website\"},\"datePublished\":\"2013-03-21T00:22:08+00:00\",\"dateModified\":\"2013-03-21T00:22:08+00:00\",\"description\":\"Sitio web de noticias de la localidad de Tornquist, provincia de Buenos Aires, Rep\u00fablica Argentina. Contenido propio originado por periodistas de CELTTV, el canal de TV local de la Cooperativa El\u00e9ctrica de Tornquist. Turismo, Pol\u00edtica, Sociedad, Deporte, Cultura y todo el contenido de inter\u00e9s general que la gente del pueblo y la regi\u00f3n debe conocer.\",\"breadcrumb\":{\"@id\":\"https:\/\/www.celttv.com.ar\/index.php\/2013\/03\/21\/salud-el-hospital-municipal-incorporo-el-servicio-de-oncologia\/#breadcrumb\"},\"inLanguage\":\"es\",\"potentialAction\":[{\"@type\":\"ReadAction\",\"target\":[\"https:\/\/www.celttv.com.ar\/index.php\/2013\/03\/21\/salud-el-hospital-municipal-incorporo-el-servicio-de-oncologia\/\"]}]},{\"@type\":\"BreadcrumbList\",\"@id\":\"https:\/\/www.celttv.com.ar\/index.php\/2013\/03\/21\/salud-el-hospital-municipal-incorporo-el-servicio-de-oncologia\/#breadcrumb\",\"itemListElement\":[{\"@type\":\"ListItem\",\"position\":1,\"name\":\"Inicio\",\"item\":\"https:\/\/www.celttv.com.ar\/\"},{\"@type\":\"ListItem\",\"position\":2,\"name\":\"SALUD: EL HOSPITAL MUNICIPAL INCORPORO EL SERVICIO DE ONCOLOGIA\"}]},{\"@type\":\"WebSite\",\"@id\":\"https:\/\/www.celttv.com.ar\/#website\",\"url\":\"https:\/\/www.celttv.com.ar\/\",\"name\":\"CELTTV\",\"description\":\"Cooperativa El\u00e9ctrica de Tornquist\",\"publisher\":{\"@id\":\"https:\/\/www.celttv.com.ar\/#organization\"},\"potentialAction\":[{\"@type\":\"SearchAction\",\"target\":{\"@type\":\"EntryPoint\",\"urlTemplate\":\"https:\/\/www.celttv.com.ar\/?s={search_term_string}\"},\"query-input\":\"required name=search_term_string\"}],\"inLanguage\":\"es\"},{\"@type\":\"Organization\",\"@id\":\"https:\/\/www.celttv.com.ar\/#organization\",\"name\":\"CELTTV\",\"url\":\"https:\/\/www.celttv.com.ar\/\",\"sameAs\":[\"https:\/\/www.youtube.com\/channel\/UCz_oIt8Hig64Ub-EmcNPIhg\",\"https:\/\/www.facebook.com\/celtTV\/\"],\"logo\":{\"@type\":\"ImageObject\",\"inLanguage\":\"es\",\"@id\":\"https:\/\/www.celttv.com.ar\/#\/schema\/logo\/image\/\",\"url\":\"http:\/\/www.celttv.com.ar\/wp-content\/uploads\/2022\/08\/logo-1.png\",\"contentUrl\":\"http:\/\/www.celttv.com.ar\/wp-content\/uploads\/2022\/08\/logo-1.png\",\"width\":461,\"height\":159,\"caption\":\"CELTTV\"},\"image\":{\"@id\":\"https:\/\/www.celttv.com.ar\/#\/schema\/logo\/image\/\"}},{\"@type\":\"Person\",\"@id\":\"https:\/\/www.celttv.com.ar\/#\/schema\/person\/6d99c072dba59953809c81446e9d0ace\",\"name\":\"ulises\",\"image\":{\"@type\":\"ImageObject\",\"inLanguage\":\"es\",\"@id\":\"https:\/\/www.celttv.com.ar\/#\/schema\/person\/image\/\",\"url\":\"https:\/\/secure.gravatar.com\/avatar\/7f2c48bdc33b30088f941fb6082e555f2874c98e20cb159d7b92b50eadfce793?s=96&d=mm&r=g\",\"contentUrl\":\"https:\/\/secure.gravatar.com\/avatar\/7f2c48bdc33b30088f941fb6082e555f2874c98e20cb159d7b92b50eadfce793?s=96&d=mm&r=g\",\"caption\":\"ulises\"},\"sameAs\":[\"http:\/\/www.celttv.com.ar\"]}]}<\/script>\n<!-- \/ Yoast SEO plugin. -->","yoast_head_json":{"title":"SALUD: EL HOSPITAL MUNICIPAL INCORPORO EL SERVICIO DE ONCOLOGIA - CELTTV","description":"Sitio web de noticias de la localidad de Tornquist, provincia de Buenos Aires, Rep\u00fablica Argentina. Contenido propio originado por periodistas de CELTTV, el canal de TV local de la Cooperativa El\u00e9ctrica de Tornquist. Turismo, Pol\u00edtica, Sociedad, Deporte, Cultura y todo el contenido de inter\u00e9s general que la gente del pueblo y la regi\u00f3n debe conocer.","robots":{"index":"index","follow":"follow","max-snippet":"max-snippet:-1","max-image-preview":"max-image-preview:large","max-video-preview":"max-video-preview:-1"},"canonical":"https:\/\/www.celttv.com.ar\/index.php\/2013\/03\/21\/salud-el-hospital-municipal-incorporo-el-servicio-de-oncologia\/","og_locale":"es_ES","og_type":"article","og_title":"SALUD: EL HOSPITAL MUNICIPAL INCORPORO EL SERVICIO DE ONCOLOGIA - CELTTV","og_description":"Sitio web de noticias de la localidad de Tornquist, provincia de Buenos Aires, Rep\u00fablica Argentina. Contenido propio originado por periodistas de CELTTV, el canal de TV local de la Cooperativa El\u00e9ctrica de Tornquist. Turismo, Pol\u00edtica, Sociedad, Deporte, Cultura y todo el contenido de inter\u00e9s general que la gente del pueblo y la regi\u00f3n debe conocer.","og_url":"https:\/\/www.celttv.com.ar\/index.php\/2013\/03\/21\/salud-el-hospital-municipal-incorporo-el-servicio-de-oncologia\/","og_site_name":"CELTTV","article_publisher":"https:\/\/www.facebook.com\/celtTV\/","article_published_time":"2013-03-21T00:22:08+00:00","author":"ulises","twitter_card":"summary_large_image","twitter_misc":{"Escrito por":"ulises","Tiempo de lectura":"3 minutos"},"schema":{"@context":"https:\/\/schema.org","@graph":[{"@type":"NewsArticle","@id":"https:\/\/www.celttv.com.ar\/index.php\/2013\/03\/21\/salud-el-hospital-municipal-incorporo-el-servicio-de-oncologia\/#article","isPartOf":{"@id":"https:\/\/www.celttv.com.ar\/index.php\/2013\/03\/21\/salud-el-hospital-municipal-incorporo-el-servicio-de-oncologia\/"},"author":{"name":"ulises","@id":"https:\/\/www.celttv.com.ar\/#\/schema\/person\/6d99c072dba59953809c81446e9d0ace"},"headline":"SALUD: EL HOSPITAL MUNICIPAL INCORPORO EL SERVICIO DE ONCOLOGIA","datePublished":"2013-03-21T00:22:08+00:00","dateModified":"2013-03-21T00:22:08+00:00","mainEntityOfPage":{"@id":"https:\/\/www.celttv.com.ar\/index.php\/2013\/03\/21\/salud-el-hospital-municipal-incorporo-el-servicio-de-oncologia\/"},"wordCount":513,"publisher":{"@id":"https:\/\/www.celttv.com.ar\/#organization"},"articleSection":["Comunidad","Destacadas","Pol\u00edtica","Videos Destacados"],"inLanguage":"es"},{"@type":"WebPage","@id":"https:\/\/www.celttv.com.ar\/index.php\/2013\/03\/21\/salud-el-hospital-municipal-incorporo-el-servicio-de-oncologia\/","url":"https:\/\/www.celttv.com.ar\/index.php\/2013\/03\/21\/salud-el-hospital-municipal-incorporo-el-servicio-de-oncologia\/","name":"SALUD: EL HOSPITAL MUNICIPAL INCORPORO EL SERVICIO DE ONCOLOGIA - CELTTV","isPartOf":{"@id":"https:\/\/www.celttv.com.ar\/#website"},"datePublished":"2013-03-21T00:22:08+00:00","dateModified":"2013-03-21T00:22:08+00:00","description":"Sitio web de noticias de la localidad de Tornquist, provincia de Buenos Aires, Rep\u00fablica Argentina. Contenido propio originado por periodistas de CELTTV, el canal de TV local de la Cooperativa El\u00e9ctrica de Tornquist. Turismo, Pol\u00edtica, Sociedad, Deporte, Cultura y todo el contenido de inter\u00e9s general que la gente del pueblo y la regi\u00f3n debe conocer.","breadcrumb":{"@id":"https:\/\/www.celttv.com.ar\/index.php\/2013\/03\/21\/salud-el-hospital-municipal-incorporo-el-servicio-de-oncologia\/#breadcrumb"},"inLanguage":"es","potentialAction":[{"@type":"ReadAction","target":["https:\/\/www.celttv.com.ar\/index.php\/2013\/03\/21\/salud-el-hospital-municipal-incorporo-el-servicio-de-oncologia\/"]}]},{"@type":"BreadcrumbList","@id":"https:\/\/www.celttv.com.ar\/index.php\/2013\/03\/21\/salud-el-hospital-municipal-incorporo-el-servicio-de-oncologia\/#breadcrumb","itemListElement":[{"@type":"ListItem","position":1,"name":"Inicio","item":"https:\/\/www.celttv.com.ar\/"},{"@type":"ListItem","position":2,"name":"SALUD: EL HOSPITAL MUNICIPAL INCORPORO EL SERVICIO DE ONCOLOGIA"}]},{"@type":"WebSite","@id":"https:\/\/www.celttv.com.ar\/#website","url":"https:\/\/www.celttv.com.ar\/","name":"CELTTV","description":"Cooperativa El\u00e9ctrica de Tornquist","publisher":{"@id":"https:\/\/www.celttv.com.ar\/#organization"},"potentialAction":[{"@type":"SearchAction","target":{"@type":"EntryPoint","urlTemplate":"https:\/\/www.celttv.com.ar\/?s={search_term_string}"},"query-input":"required name=search_term_string"}],"inLanguage":"es"},{"@type":"Organization","@id":"https:\/\/www.celttv.com.ar\/#organization","name":"CELTTV","url":"https:\/\/www.celttv.com.ar\/","sameAs":["https:\/\/www.youtube.com\/channel\/UCz_oIt8Hig64Ub-EmcNPIhg","https:\/\/www.facebook.com\/celtTV\/"],"logo":{"@type":"ImageObject","inLanguage":"es","@id":"https:\/\/www.celttv.com.ar\/#\/schema\/logo\/image\/","url":"http:\/\/www.celttv.com.ar\/wp-content\/uploads\/2022\/08\/logo-1.png","contentUrl":"http:\/\/www.celttv.com.ar\/wp-content\/uploads\/2022\/08\/logo-1.png","width":461,"height":159,"caption":"CELTTV"},"image":{"@id":"https:\/\/www.celttv.com.ar\/#\/schema\/logo\/image\/"}},{"@type":"Person","@id":"https:\/\/www.celttv.com.ar\/#\/schema\/person\/6d99c072dba59953809c81446e9d0ace","name":"ulises","image":{"@type":"ImageObject","inLanguage":"es","@id":"https:\/\/www.celttv.com.ar\/#\/schema\/person\/image\/","url":"https:\/\/secure.gravatar.com\/avatar\/7f2c48bdc33b30088f941fb6082e555f2874c98e20cb159d7b92b50eadfce793?s=96&d=mm&r=g","contentUrl":"https:\/\/secure.gravatar.com\/avatar\/7f2c48bdc33b30088f941fb6082e555f2874c98e20cb159d7b92b50eadfce793?s=96&d=mm&r=g","caption":"ulises"},"sameAs":["http:\/\/www.celttv.com.ar"]}]}},"_links":{"self":[{"href":"https:\/\/www.celttv.com.ar\/index.php\/wp-json\/wp\/v2\/posts\/10764","targetHints":{"allow":["GET"]}}],"collection":[{"href":"https:\/\/www.celttv.com.ar\/index.php\/wp-json\/wp\/v2\/posts"}],"about":[{"href":"https:\/\/www.celttv.com.ar\/index.php\/wp-json\/wp\/v2\/types\/post"}],"author":[{"embeddable":true,"href":"https:\/\/www.celttv.com.ar\/index.php\/wp-json\/wp\/v2\/users\/1"}],"replies":[{"embeddable":true,"href":"https:\/\/www.celttv.com.ar\/index.php\/wp-json\/wp\/v2\/comments?post=10764"}],"version-history":[{"count":0,"href":"https:\/\/www.celttv.com.ar\/index.php\/wp-json\/wp\/v2\/posts\/10764\/revisions"}],"wp:attachment":[{"href":"https:\/\/www.celttv.com.ar\/index.php\/wp-json\/wp\/v2\/media?parent=10764"}],"wp:term":[{"taxonomy":"category","embeddable":true,"href":"https:\/\/www.celttv.com.ar\/index.php\/wp-json\/wp\/v2\/categories?post=10764"},{"taxonomy":"post_tag","embeddable":true,"href":"https:\/\/www.celttv.com.ar\/index.php\/wp-json\/wp\/v2\/tags?post=10764"}],"curies":[{"name":"wp","href":"https:\/\/api.w.org\/{rel}","templated":true}]}}