{"id":10789,"date":"2013-03-24T15:03:06","date_gmt":"2013-03-24T15:03:06","guid":{"rendered":"http:\/\/www.tvcnoticias.com.ar\/?p=10789"},"modified":"2013-03-24T15:03:06","modified_gmt":"2013-03-24T15:03:06","slug":"la-fiesta-de-la-vendimia-se-asocio-con-el-exito-en-su-primera-jornada","status":"publish","type":"post","link":"https:\/\/www.celttv.com.ar\/index.php\/2013\/03\/24\/la-fiesta-de-la-vendimia-se-asocio-con-el-exito-en-su-primera-jornada\/","title":{"rendered":"LA FIESTA DE LA VENDIMIA SE ASOCIO CON EL EXITO EN SU PRIMERA JORNADA"},"content":{"rendered":"<p><br \/>\nUna espectacular jornada se vivi\u00f3\u00a0ayer en el predio de la ruinas del Club Hotel de la Ventana, donde se desarroll\u00f3 el primer d\u00eda de actividad de la 2\u00aa Fiesta Provincial de la Vendimia, organizada por la Municipalidad de Tornquist.<br \/>\n\u00a0\u00a0 Espect\u00e1culos de jerarqu\u00eda, catas de los vinos producidos en la provincia de Buenos Aires, interesantes trabajos de los artesanos del distrito y la regi\u00f3n, un enorme patio de comidas con diferentes alternativas gastron\u00f3micas, diversi\u00f3n para los m\u00e1s peque\u00f1os y la posibilidad de pasar una amena jornada en el hermoso lugar hist\u00f3rico, fueron algunas de las opciones del programa diagramado para la ocasi\u00f3n.<br \/>\n\u00a0\u00a0 El intendente municipal, licenciado Gustavo Trankels, fue acompa\u00f1ado por el secretario de Turismo de la Provincia de Buenos Aires, licenciado Ignacio Crotto; el subsecretario de Asuntos Municipales, Marcelo Sosa; y el Jefe de Gabinete del Ministerio de Asuntos Agrarios, Juan Angel Cruz.<br \/>\n\u00a0\u00a0 El jefe comunal destac\u00f3 el valor de la celebraci\u00f3n, que por segundo a\u00f1o consecutivo intenta revalorizar una producci\u00f3n alternativa que viene creciendo en el partido de Tornquist.<br \/>\n\u00a0\u00a0 \u201cEstamos muy contentos por la respuesta del p\u00fablico. Es un gran desaf\u00edo poder poner en valor una producci\u00f3n que se est\u00e1 dando en la provincia de Buenos Aires, principalmente en el sudoeste. Lo vemos como una alternativa v\u00e1lida a las producciones tradicionales y m\u00e1s difundidas que tenemos en el distrito. La b\u00fasqueda de una diversificaci\u00f3n productiva es un objetivo importante para el Estado y eso se est\u00e1 encontrando en la vitivinicultura, no solamente como una producci\u00f3n intensiva que genera trabajo para nuestra gente, sino adem\u00e1s con cepas de muy buena calidad\u201d, se\u00f1al\u00f3 Trankels.<br \/>\n\u00a0\u00a0 \u201cEste es un lugar muy especial para los tornquistenses. Es un lugar muy simb\u00f3lico y como administraci\u00f3n municipal nos cost\u00f3 much\u00edsimo la recuperaci\u00f3n de este predio. Es muy lindo ver en el escenario a artistas locales que nos hacen quedar muy bien en todos lados, en una comuni\u00f3n con artistas de primer nivel, reconocidos a nivel nacional e internacional. Todo esto es fruto de un trabajo muy fuerte entre la administraci\u00f3n municipal, nacional y provincial. Debo agradecerle a la presidenta Cristina Fern\u00e1ndez, al gobernador Daniel Scioli y a sus colaboradores\u201d, a\u00f1adi\u00f3.<br \/>\n\u00a0\u00a0 \u201cQueremos que esta sea una fiesta de los bonaerenses abierto a todo el pa\u00eds. Y creemos que estamos logrando ese objetivo\u201d, complet\u00f3.<br \/>\n\u00a0\u00a0 El responsable del \u00e1rea tur\u00edstica provincial, Ignacio Crotto, asegur\u00f3 que es un honor participar de la fiesta.<br \/>\n\u00a0\u00a0 \u201cEs joven, pero con much\u00edsimo caudal. Debo felicitar a todos los organizadores. El trabajo conjunto entre Naci\u00f3n, Provincia, Municipio y los privados llega a buen t\u00e9rmino y esta fiesta tiene asegurado el \u00e9xito. Estoy contento de poder acompa\u00f1ar y apoyar esta iniciativa. Hace un par de a\u00f1os creamos la ruta del vino y este municipio tiene un par de bodegas interesantes. Seguiremos apoy\u00e1ndolos desde varias \u00e1reas. Esto es muy importante tur\u00edsticamente\u201d, recalc\u00f3.<br \/>\n\u00a0\u00a0 Marcelo Sosa se manifest\u00f3 en el mismo sentido y realz\u00f3 la importancia de contar con esta producci\u00f3n.<br \/>\n\u00a0\u00a0 \u201cEsta fiesta es estrat\u00e9gica, porque el municipio plantea que adem\u00e1s de las sierras, tiene una producci\u00f3n que no s\u00f3lo identifica al distrito sino tambi\u00e9n a la provincia de Buenos Aires. Seguramente, los hermanos mendocinos tienen una competencia sana, pero con nuestra Provincia y Gustavo vamos por m\u00e1s. Esta fiesta popular tiene que ver con el nuevo emprendimiento y el motor productivo del lugar, que adem\u00e1s cuenta con muy buenos vinos\u201d, dijo.<br \/>\n<strong>Los shows art\u00edsticos<\/strong><br \/>\n\u00a0\u00a0 A la hora de los espect\u00e1culos musicales, el cronograma super\u00f3 ampliamente las expectativas de la gente, dada la diversidad y las innumerables opciones que entreg\u00f3 el escenario armado con las ruinas del Club Hotel como fondo.<br \/>\n\u00a0\u00a0 La primera en enfrentarse al p\u00fablico fue la tornquistense Paola Polinori, quien sorprendi\u00f3 con su particular voz y un entretenido repertorio mel\u00f3dico-l\u00edrico. Luego fue el turno de los pringleses de Cuatro Cuartos y los bahienses de Plan B, que efectuaron un repaso de grandes \u00e9xitos de los a\u00f1os \u00b480.<br \/>\n\u00a0\u00a0 Al son de las bromas y los trucos del Mago Mariano, la grilla de espect\u00e1culos continu\u00f3 con Christian Puga, quien present\u00f3 el video del tema \u201cPiedra Preciosa\u201d, grabado en diferentes paisajes de nuestro distrito.<br \/>\n\u00a0\u00a0 El p\u00fablico femenino delir\u00f3 y suspir\u00f3 con el carisma David Bolzoni, cuando el sol ya hab\u00eda ca\u00eddo y la noche hab\u00eda dicho presente. Su show fue seguido muy de cerca por sus animadoras, que le dieron un toque de color a la jornada.<br \/>\n\u00a0\u00a0 El planto fuerte lleg\u00f3 m\u00e1s tarde. La banda rockera tornquistense La Morocha demostr\u00f3 que su crecimiento art\u00edstico no se detiene y estuvo a la altura de las circunstancias como telonera de La Mancha de Rolando.<br \/>\n\u00a0\u00a0 El grupo que lidera Manu Quieto no defraud\u00f3. Fiel a su estilo, exhibi\u00f3 los argumentos que lo llevaron a estar en la consideraci\u00f3n del p\u00fablico nacional. El espect\u00e1culo fue de alta jerarqu\u00eda, con un repaso por los temas m\u00e1s reconocidos de su trayectoria.<br \/>\n\u00a0\u00a0 La Fiesta de la Vendimia continuar\u00e1 hoy, con la siguiente grilla:<strong><\/strong><br \/>\n15:00 hs.: Carlos Porsel (tango-mel\u00f3dico.)<br \/>\n16:00 hs.: Enrique Gonz\u00e1lez (recitador).<br \/>\n17:00 hs.: Escuela de Comedia Musical Valeria Lynch, sede Bah\u00eda Blanca.<br \/>\n18:00 hs.: \u00d3pera Libre (\u00f3pera).<br \/>\n19:00 hs.: Fabio Gonz\u00e1lez (cumbia).<br \/>\n20:00 hs.: Rudy Chernicoff (humor).<br \/>\n21:00 hs.: Yamila Cafrune (folklore).<br \/>\n\u00a0\u00a0\u00a0\u00a0\u00a0\u00a0\u00a0\u00a0\u00a0\u00a0\u00a0\u00a0\u00a0\u00a0\u00a0 \u00a0\u00a0\u00a0 Escuela Folkl\u00f3rica Municipal<\/p>\n","protected":false},"excerpt":{"rendered":"<p>Una espectacular jornada se vivi\u00f3\u00a0ayer en el predio de la ruinas del Club Hotel de la Ventana, donde se desarroll\u00f3 el primer d\u00eda de actividad de la 2\u00aa Fiesta Provincial de la Vendimia, organizada por la Municipalidad de Tornquist. \u00a0\u00a0 Espect\u00e1culos de jerarqu\u00eda, catas de los vinos producidos en la provincia de Buenos Aires, interesantes [&hellip;]<\/p>\n","protected":false},"author":1,"featured_media":0,"comment_status":"closed","ping_status":"open","sticky":false,"template":"","format":"standard","meta":{"footnotes":""},"categories":[51,52,53],"tags":[],"class_list":["post-10789","post","type-post","status-publish","format-standard","hentry","category-comunidad","category-destacadas","category-politica"],"yoast_head":"<!-- This site is optimized with the Yoast SEO plugin v19.7.1 - https:\/\/yoast.com\/wordpress\/plugins\/seo\/ -->\n<title>LA FIESTA DE LA VENDIMIA SE ASOCIO CON EL EXITO EN SU PRIMERA JORNADA - CELTTV<\/title>\n<meta name=\"description\" content=\"Sitio web de noticias de la localidad de Tornquist, provincia de Buenos Aires, Rep\u00fablica Argentina. Contenido propio originado por periodistas de CELTTV, el canal de TV local de la Cooperativa El\u00e9ctrica de Tornquist. Turismo, Pol\u00edtica, Sociedad, Deporte, Cultura y todo el contenido de inter\u00e9s general que la gente del pueblo y la regi\u00f3n debe conocer.\" \/>\n<meta name=\"robots\" content=\"index, follow, max-snippet:-1, max-image-preview:large, max-video-preview:-1\" \/>\n<link rel=\"canonical\" href=\"https:\/\/www.celttv.com.ar\/index.php\/2013\/03\/24\/la-fiesta-de-la-vendimia-se-asocio-con-el-exito-en-su-primera-jornada\/\" \/>\n<meta property=\"og:locale\" content=\"es_ES\" \/>\n<meta property=\"og:type\" content=\"article\" \/>\n<meta property=\"og:title\" content=\"LA FIESTA DE LA VENDIMIA SE ASOCIO CON EL EXITO EN SU PRIMERA JORNADA - CELTTV\" \/>\n<meta property=\"og:description\" content=\"Sitio web de noticias de la localidad de Tornquist, provincia de Buenos Aires, Rep\u00fablica Argentina. Contenido propio originado por periodistas de CELTTV, el canal de TV local de la Cooperativa El\u00e9ctrica de Tornquist. Turismo, Pol\u00edtica, Sociedad, Deporte, Cultura y todo el contenido de inter\u00e9s general que la gente del pueblo y la regi\u00f3n debe conocer.\" \/>\n<meta property=\"og:url\" content=\"https:\/\/www.celttv.com.ar\/index.php\/2013\/03\/24\/la-fiesta-de-la-vendimia-se-asocio-con-el-exito-en-su-primera-jornada\/\" \/>\n<meta property=\"og:site_name\" content=\"CELTTV\" \/>\n<meta property=\"article:publisher\" content=\"https:\/\/www.facebook.com\/celtTV\/\" \/>\n<meta property=\"article:published_time\" content=\"2013-03-24T15:03:06+00:00\" \/>\n<meta name=\"author\" content=\"ulises\" \/>\n<meta name=\"twitter:card\" content=\"summary_large_image\" \/>\n<meta name=\"twitter:label1\" content=\"Escrito por\" \/>\n\t<meta name=\"twitter:data1\" content=\"ulises\" \/>\n\t<meta name=\"twitter:label2\" content=\"Tiempo de lectura\" \/>\n\t<meta name=\"twitter:data2\" content=\"5 minutos\" \/>\n<script type=\"application\/ld+json\" class=\"yoast-schema-graph\">{\"@context\":\"https:\/\/schema.org\",\"@graph\":[{\"@type\":\"NewsArticle\",\"@id\":\"https:\/\/www.celttv.com.ar\/index.php\/2013\/03\/24\/la-fiesta-de-la-vendimia-se-asocio-con-el-exito-en-su-primera-jornada\/#article\",\"isPartOf\":{\"@id\":\"https:\/\/www.celttv.com.ar\/index.php\/2013\/03\/24\/la-fiesta-de-la-vendimia-se-asocio-con-el-exito-en-su-primera-jornada\/\"},\"author\":{\"name\":\"ulises\",\"@id\":\"https:\/\/www.celttv.com.ar\/#\/schema\/person\/6d99c072dba59953809c81446e9d0ace\"},\"headline\":\"LA FIESTA DE LA VENDIMIA SE ASOCIO CON EL EXITO EN SU PRIMERA JORNADA\",\"datePublished\":\"2013-03-24T15:03:06+00:00\",\"dateModified\":\"2013-03-24T15:03:06+00:00\",\"mainEntityOfPage\":{\"@id\":\"https:\/\/www.celttv.com.ar\/index.php\/2013\/03\/24\/la-fiesta-de-la-vendimia-se-asocio-con-el-exito-en-su-primera-jornada\/\"},\"wordCount\":933,\"publisher\":{\"@id\":\"https:\/\/www.celttv.com.ar\/#organization\"},\"articleSection\":[\"Comunidad\",\"Destacadas\",\"Pol\u00edtica\"],\"inLanguage\":\"es\"},{\"@type\":\"WebPage\",\"@id\":\"https:\/\/www.celttv.com.ar\/index.php\/2013\/03\/24\/la-fiesta-de-la-vendimia-se-asocio-con-el-exito-en-su-primera-jornada\/\",\"url\":\"https:\/\/www.celttv.com.ar\/index.php\/2013\/03\/24\/la-fiesta-de-la-vendimia-se-asocio-con-el-exito-en-su-primera-jornada\/\",\"name\":\"LA FIESTA DE LA VENDIMIA SE ASOCIO CON EL EXITO EN SU PRIMERA JORNADA - CELTTV\",\"isPartOf\":{\"@id\":\"https:\/\/www.celttv.com.ar\/#website\"},\"datePublished\":\"2013-03-24T15:03:06+00:00\",\"dateModified\":\"2013-03-24T15:03:06+00:00\",\"description\":\"Sitio web de noticias de la localidad de Tornquist, provincia de Buenos Aires, Rep\u00fablica Argentina. Contenido propio originado por periodistas de CELTTV, el canal de TV local de la Cooperativa El\u00e9ctrica de Tornquist. Turismo, Pol\u00edtica, Sociedad, Deporte, Cultura y todo el contenido de inter\u00e9s general que la gente del pueblo y la regi\u00f3n debe conocer.\",\"breadcrumb\":{\"@id\":\"https:\/\/www.celttv.com.ar\/index.php\/2013\/03\/24\/la-fiesta-de-la-vendimia-se-asocio-con-el-exito-en-su-primera-jornada\/#breadcrumb\"},\"inLanguage\":\"es\",\"potentialAction\":[{\"@type\":\"ReadAction\",\"target\":[\"https:\/\/www.celttv.com.ar\/index.php\/2013\/03\/24\/la-fiesta-de-la-vendimia-se-asocio-con-el-exito-en-su-primera-jornada\/\"]}]},{\"@type\":\"BreadcrumbList\",\"@id\":\"https:\/\/www.celttv.com.ar\/index.php\/2013\/03\/24\/la-fiesta-de-la-vendimia-se-asocio-con-el-exito-en-su-primera-jornada\/#breadcrumb\",\"itemListElement\":[{\"@type\":\"ListItem\",\"position\":1,\"name\":\"Inicio\",\"item\":\"https:\/\/www.celttv.com.ar\/\"},{\"@type\":\"ListItem\",\"position\":2,\"name\":\"LA FIESTA DE LA VENDIMIA SE ASOCIO CON EL EXITO EN SU PRIMERA JORNADA\"}]},{\"@type\":\"WebSite\",\"@id\":\"https:\/\/www.celttv.com.ar\/#website\",\"url\":\"https:\/\/www.celttv.com.ar\/\",\"name\":\"CELTTV\",\"description\":\"Cooperativa El\u00e9ctrica de Tornquist\",\"publisher\":{\"@id\":\"https:\/\/www.celttv.com.ar\/#organization\"},\"potentialAction\":[{\"@type\":\"SearchAction\",\"target\":{\"@type\":\"EntryPoint\",\"urlTemplate\":\"https:\/\/www.celttv.com.ar\/?s={search_term_string}\"},\"query-input\":\"required name=search_term_string\"}],\"inLanguage\":\"es\"},{\"@type\":\"Organization\",\"@id\":\"https:\/\/www.celttv.com.ar\/#organization\",\"name\":\"CELTTV\",\"url\":\"https:\/\/www.celttv.com.ar\/\",\"sameAs\":[\"https:\/\/www.youtube.com\/channel\/UCz_oIt8Hig64Ub-EmcNPIhg\",\"https:\/\/www.facebook.com\/celtTV\/\"],\"logo\":{\"@type\":\"ImageObject\",\"inLanguage\":\"es\",\"@id\":\"https:\/\/www.celttv.com.ar\/#\/schema\/logo\/image\/\",\"url\":\"http:\/\/www.celttv.com.ar\/wp-content\/uploads\/2022\/08\/logo-1.png\",\"contentUrl\":\"http:\/\/www.celttv.com.ar\/wp-content\/uploads\/2022\/08\/logo-1.png\",\"width\":461,\"height\":159,\"caption\":\"CELTTV\"},\"image\":{\"@id\":\"https:\/\/www.celttv.com.ar\/#\/schema\/logo\/image\/\"}},{\"@type\":\"Person\",\"@id\":\"https:\/\/www.celttv.com.ar\/#\/schema\/person\/6d99c072dba59953809c81446e9d0ace\",\"name\":\"ulises\",\"image\":{\"@type\":\"ImageObject\",\"inLanguage\":\"es\",\"@id\":\"https:\/\/www.celttv.com.ar\/#\/schema\/person\/image\/\",\"url\":\"https:\/\/secure.gravatar.com\/avatar\/7f2c48bdc33b30088f941fb6082e555f2874c98e20cb159d7b92b50eadfce793?s=96&d=mm&r=g\",\"contentUrl\":\"https:\/\/secure.gravatar.com\/avatar\/7f2c48bdc33b30088f941fb6082e555f2874c98e20cb159d7b92b50eadfce793?s=96&d=mm&r=g\",\"caption\":\"ulises\"},\"sameAs\":[\"http:\/\/www.celttv.com.ar\"]}]}<\/script>\n<!-- \/ Yoast SEO plugin. -->","yoast_head_json":{"title":"LA FIESTA DE LA VENDIMIA SE ASOCIO CON EL EXITO EN SU PRIMERA JORNADA - CELTTV","description":"Sitio web de noticias de la localidad de Tornquist, provincia de Buenos Aires, Rep\u00fablica Argentina. Contenido propio originado por periodistas de CELTTV, el canal de TV local de la Cooperativa El\u00e9ctrica de Tornquist. Turismo, Pol\u00edtica, Sociedad, Deporte, Cultura y todo el contenido de inter\u00e9s general que la gente del pueblo y la regi\u00f3n debe conocer.","robots":{"index":"index","follow":"follow","max-snippet":"max-snippet:-1","max-image-preview":"max-image-preview:large","max-video-preview":"max-video-preview:-1"},"canonical":"https:\/\/www.celttv.com.ar\/index.php\/2013\/03\/24\/la-fiesta-de-la-vendimia-se-asocio-con-el-exito-en-su-primera-jornada\/","og_locale":"es_ES","og_type":"article","og_title":"LA FIESTA DE LA VENDIMIA SE ASOCIO CON EL EXITO EN SU PRIMERA JORNADA - CELTTV","og_description":"Sitio web de noticias de la localidad de Tornquist, provincia de Buenos Aires, Rep\u00fablica Argentina. Contenido propio originado por periodistas de CELTTV, el canal de TV local de la Cooperativa El\u00e9ctrica de Tornquist. Turismo, Pol\u00edtica, Sociedad, Deporte, Cultura y todo el contenido de inter\u00e9s general que la gente del pueblo y la regi\u00f3n debe conocer.","og_url":"https:\/\/www.celttv.com.ar\/index.php\/2013\/03\/24\/la-fiesta-de-la-vendimia-se-asocio-con-el-exito-en-su-primera-jornada\/","og_site_name":"CELTTV","article_publisher":"https:\/\/www.facebook.com\/celtTV\/","article_published_time":"2013-03-24T15:03:06+00:00","author":"ulises","twitter_card":"summary_large_image","twitter_misc":{"Escrito por":"ulises","Tiempo de lectura":"5 minutos"},"schema":{"@context":"https:\/\/schema.org","@graph":[{"@type":"NewsArticle","@id":"https:\/\/www.celttv.com.ar\/index.php\/2013\/03\/24\/la-fiesta-de-la-vendimia-se-asocio-con-el-exito-en-su-primera-jornada\/#article","isPartOf":{"@id":"https:\/\/www.celttv.com.ar\/index.php\/2013\/03\/24\/la-fiesta-de-la-vendimia-se-asocio-con-el-exito-en-su-primera-jornada\/"},"author":{"name":"ulises","@id":"https:\/\/www.celttv.com.ar\/#\/schema\/person\/6d99c072dba59953809c81446e9d0ace"},"headline":"LA FIESTA DE LA VENDIMIA SE ASOCIO CON EL EXITO EN SU PRIMERA JORNADA","datePublished":"2013-03-24T15:03:06+00:00","dateModified":"2013-03-24T15:03:06+00:00","mainEntityOfPage":{"@id":"https:\/\/www.celttv.com.ar\/index.php\/2013\/03\/24\/la-fiesta-de-la-vendimia-se-asocio-con-el-exito-en-su-primera-jornada\/"},"wordCount":933,"publisher":{"@id":"https:\/\/www.celttv.com.ar\/#organization"},"articleSection":["Comunidad","Destacadas","Pol\u00edtica"],"inLanguage":"es"},{"@type":"WebPage","@id":"https:\/\/www.celttv.com.ar\/index.php\/2013\/03\/24\/la-fiesta-de-la-vendimia-se-asocio-con-el-exito-en-su-primera-jornada\/","url":"https:\/\/www.celttv.com.ar\/index.php\/2013\/03\/24\/la-fiesta-de-la-vendimia-se-asocio-con-el-exito-en-su-primera-jornada\/","name":"LA FIESTA DE LA VENDIMIA SE ASOCIO CON EL EXITO EN SU PRIMERA JORNADA - CELTTV","isPartOf":{"@id":"https:\/\/www.celttv.com.ar\/#website"},"datePublished":"2013-03-24T15:03:06+00:00","dateModified":"2013-03-24T15:03:06+00:00","description":"Sitio web de noticias de la localidad de Tornquist, provincia de Buenos Aires, Rep\u00fablica Argentina. Contenido propio originado por periodistas de CELTTV, el canal de TV local de la Cooperativa El\u00e9ctrica de Tornquist. Turismo, Pol\u00edtica, Sociedad, Deporte, Cultura y todo el contenido de inter\u00e9s general que la gente del pueblo y la regi\u00f3n debe conocer.","breadcrumb":{"@id":"https:\/\/www.celttv.com.ar\/index.php\/2013\/03\/24\/la-fiesta-de-la-vendimia-se-asocio-con-el-exito-en-su-primera-jornada\/#breadcrumb"},"inLanguage":"es","potentialAction":[{"@type":"ReadAction","target":["https:\/\/www.celttv.com.ar\/index.php\/2013\/03\/24\/la-fiesta-de-la-vendimia-se-asocio-con-el-exito-en-su-primera-jornada\/"]}]},{"@type":"BreadcrumbList","@id":"https:\/\/www.celttv.com.ar\/index.php\/2013\/03\/24\/la-fiesta-de-la-vendimia-se-asocio-con-el-exito-en-su-primera-jornada\/#breadcrumb","itemListElement":[{"@type":"ListItem","position":1,"name":"Inicio","item":"https:\/\/www.celttv.com.ar\/"},{"@type":"ListItem","position":2,"name":"LA FIESTA DE LA VENDIMIA SE ASOCIO CON EL EXITO EN SU PRIMERA JORNADA"}]},{"@type":"WebSite","@id":"https:\/\/www.celttv.com.ar\/#website","url":"https:\/\/www.celttv.com.ar\/","name":"CELTTV","description":"Cooperativa El\u00e9ctrica de Tornquist","publisher":{"@id":"https:\/\/www.celttv.com.ar\/#organization"},"potentialAction":[{"@type":"SearchAction","target":{"@type":"EntryPoint","urlTemplate":"https:\/\/www.celttv.com.ar\/?s={search_term_string}"},"query-input":"required name=search_term_string"}],"inLanguage":"es"},{"@type":"Organization","@id":"https:\/\/www.celttv.com.ar\/#organization","name":"CELTTV","url":"https:\/\/www.celttv.com.ar\/","sameAs":["https:\/\/www.youtube.com\/channel\/UCz_oIt8Hig64Ub-EmcNPIhg","https:\/\/www.facebook.com\/celtTV\/"],"logo":{"@type":"ImageObject","inLanguage":"es","@id":"https:\/\/www.celttv.com.ar\/#\/schema\/logo\/image\/","url":"http:\/\/www.celttv.com.ar\/wp-content\/uploads\/2022\/08\/logo-1.png","contentUrl":"http:\/\/www.celttv.com.ar\/wp-content\/uploads\/2022\/08\/logo-1.png","width":461,"height":159,"caption":"CELTTV"},"image":{"@id":"https:\/\/www.celttv.com.ar\/#\/schema\/logo\/image\/"}},{"@type":"Person","@id":"https:\/\/www.celttv.com.ar\/#\/schema\/person\/6d99c072dba59953809c81446e9d0ace","name":"ulises","image":{"@type":"ImageObject","inLanguage":"es","@id":"https:\/\/www.celttv.com.ar\/#\/schema\/person\/image\/","url":"https:\/\/secure.gravatar.com\/avatar\/7f2c48bdc33b30088f941fb6082e555f2874c98e20cb159d7b92b50eadfce793?s=96&d=mm&r=g","contentUrl":"https:\/\/secure.gravatar.com\/avatar\/7f2c48bdc33b30088f941fb6082e555f2874c98e20cb159d7b92b50eadfce793?s=96&d=mm&r=g","caption":"ulises"},"sameAs":["http:\/\/www.celttv.com.ar"]}]}},"_links":{"self":[{"href":"https:\/\/www.celttv.com.ar\/index.php\/wp-json\/wp\/v2\/posts\/10789","targetHints":{"allow":["GET"]}}],"collection":[{"href":"https:\/\/www.celttv.com.ar\/index.php\/wp-json\/wp\/v2\/posts"}],"about":[{"href":"https:\/\/www.celttv.com.ar\/index.php\/wp-json\/wp\/v2\/types\/post"}],"author":[{"embeddable":true,"href":"https:\/\/www.celttv.com.ar\/index.php\/wp-json\/wp\/v2\/users\/1"}],"replies":[{"embeddable":true,"href":"https:\/\/www.celttv.com.ar\/index.php\/wp-json\/wp\/v2\/comments?post=10789"}],"version-history":[{"count":0,"href":"https:\/\/www.celttv.com.ar\/index.php\/wp-json\/wp\/v2\/posts\/10789\/revisions"}],"wp:attachment":[{"href":"https:\/\/www.celttv.com.ar\/index.php\/wp-json\/wp\/v2\/media?parent=10789"}],"wp:term":[{"taxonomy":"category","embeddable":true,"href":"https:\/\/www.celttv.com.ar\/index.php\/wp-json\/wp\/v2\/categories?post=10789"},{"taxonomy":"post_tag","embeddable":true,"href":"https:\/\/www.celttv.com.ar\/index.php\/wp-json\/wp\/v2\/tags?post=10789"}],"curies":[{"name":"wp","href":"https:\/\/api.w.org\/{rel}","templated":true}]}}