{"id":1079,"date":"2011-08-25T20:00:05","date_gmt":"2011-08-25T20:00:05","guid":{"rendered":"http:\/\/www.tvcnoticias.com.ar\/?p=1079"},"modified":"2011-08-25T20:00:05","modified_gmt":"2011-08-25T20:00:05","slug":"aero-club-tornquist-chocolateada-y-barrileteada-en-adhesion-al-dia-del-nino","status":"publish","type":"post","link":"https:\/\/www.celttv.com.ar\/index.php\/2011\/08\/25\/aero-club-tornquist-chocolateada-y-barrileteada-en-adhesion-al-dia-del-nino\/","title":{"rendered":"AERO CLUB TORNQUIST: Chocolateada y Barrileteada en adhesi\u00f3n al D\u00eda del Ni\u00f1o"},"content":{"rendered":"<p>Colabor\u00f3 el Grupo Motoquero local \u00abMoto Amigos Tornquist\u00bb<br \/>\nEl pasado domingo 21 de Agosto se llev\u00f3 a a cabo en el Aero Club Tornquist la tradicional barrileteada del dia del ni\u00f1o. Con una jornada apacible en la cual prevaleci\u00f3 el viento leve, los barriletes lograron volar gracias al esmero de los chicos y de los mayores presentes. Adem\u00e1s el aporte invalorable de la &lt;agrupacion de motoqueros&gt; de tornquist permiti\u00f3 a los ni\u00f1os disfrutar de paseos en moto en torno a una de las pistas del Aero Club mientras dos dos aviones presentes realizaron vuelos de bautismo hasta caida la tarde. El recorrido de los aviones inclu\u00eda un circuito en el cual se pod\u00eda sobrevolar el Balneario Parque Norte, el Calvario y los cerros linderos para incorporarse nuevamente a la pista principal. Entre otras actividades se pudo ver aeromodelismo, muestra est\u00e1tica de aeronaves y motos y juegos inflables.\u00a0 \u00a0\u00a0\u00a0\u00a0\u00a0 La jorada cerr\u00f3 con una chocholatada con torta para todos los presentes, y la entrega de bolsas de caramelos y golosinas para los mas chicos.<br \/>\nAgradecimiento<br \/>\nEl grupo Motoquero local \u00abMoto Amigos Tornquist\u00bb agradece por este medio a los comercios y particulares que colaboraron para la realizaci\u00f3n de la Barrileteada-Chocolateada en adhesi\u00f3n al D\u00eda del Ni\u00f1o, apoyando en su organizaci\u00f3n al Aero Club Tornquist, lugar donde se efectu\u00f3 dicho festival.<br \/>\n\u00a0De esta forma Moto Amigos agradece el apoyo de: Supermercados El Porvenir, Sr. Zilio, Su resto Bar, Panader\u00eda La So\u00f1ada, Panader\u00eda Belgrano y Panader\u00eda Alem.<br \/>\n<a rel=\"attachment wp-att-1080\" href=\"http:\/\/www.tvcnoticias.com.ar\/?attachment_id=1080\"><img loading=\"lazy\" decoding=\"async\" class=\"aligncenter size-full wp-image-1080\" title=\"1322 - MOTOAMIGOS 2 COLOR (Small)\" src=\"http:\/\/www.tvcnoticias.com.ar\/wp-content\/uploads\/2011\/08\/1322-MOTOAMIGOS-2-COLOR-Small.jpg\" alt=\"\" width=\"640\" height=\"421\" \/><\/a><br \/>\n<a rel=\"attachment wp-att-1081\" href=\"http:\/\/www.tvcnoticias.com.ar\/?attachment_id=1081\"><img loading=\"lazy\" decoding=\"async\" class=\"aligncenter size-full wp-image-1081\" title=\"1322 - MOTOAMIGOS 1 COLOR (Small)\" src=\"http:\/\/www.tvcnoticias.com.ar\/wp-content\/uploads\/2011\/08\/1322-MOTOAMIGOS-1-COLOR-Small.jpg\" alt=\"\" width=\"640\" height=\"435\" \/><\/a><br \/>\n<a rel=\"attachment wp-att-1082\" href=\"http:\/\/www.tvcnoticias.com.ar\/?attachment_id=1082\"><img loading=\"lazy\" decoding=\"async\" class=\"aligncenter size-full wp-image-1082\" title=\"1322 - MOTOAMIGOS 3 COLOR (Small)\" src=\"http:\/\/www.tvcnoticias.com.ar\/wp-content\/uploads\/2011\/08\/1322-MOTOAMIGOS-3-COLOR-Small.jpg\" alt=\"\" width=\"640\" height=\"480\" \/><\/a><\/p>\n","protected":false},"excerpt":{"rendered":"<p>Colabor\u00f3 el Grupo Motoquero local \u00abMoto Amigos Tornquist\u00bb El pasado domingo 21 de Agosto se llev\u00f3 a a cabo en el Aero Club Tornquist la tradicional barrileteada del dia del ni\u00f1o. Con una jornada apacible en la cual prevaleci\u00f3 el viento leve, los barriletes lograron volar gracias al esmero de los chicos y de los [&hellip;]<\/p>\n","protected":false},"author":1,"featured_media":0,"comment_status":"closed","ping_status":"open","sticky":false,"template":"","format":"standard","meta":{"footnotes":""},"categories":[51,60,52],"tags":[],"class_list":["post-1079","post","type-post","status-publish","format-standard","hentry","category-comunidad","category-deporte","category-destacadas"],"yoast_head":"<!-- This site is optimized with the Yoast SEO plugin v19.7.1 - https:\/\/yoast.com\/wordpress\/plugins\/seo\/ -->\n<title>AERO CLUB TORNQUIST: Chocolateada y Barrileteada en adhesi\u00f3n al D\u00eda del Ni\u00f1o - CELTTV<\/title>\n<meta name=\"description\" content=\"Sitio web de noticias de la localidad de Tornquist, provincia de Buenos Aires, Rep\u00fablica Argentina. Contenido propio originado por periodistas de CELTTV, el canal de TV local de la Cooperativa El\u00e9ctrica de Tornquist. Turismo, Pol\u00edtica, Sociedad, Deporte, Cultura y todo el contenido de inter\u00e9s general que la gente del pueblo y la regi\u00f3n debe conocer.\" \/>\n<meta name=\"robots\" content=\"index, follow, max-snippet:-1, max-image-preview:large, max-video-preview:-1\" \/>\n<link rel=\"canonical\" href=\"https:\/\/www.celttv.com.ar\/index.php\/2011\/08\/25\/aero-club-tornquist-chocolateada-y-barrileteada-en-adhesion-al-dia-del-nino\/\" \/>\n<meta property=\"og:locale\" content=\"es_ES\" \/>\n<meta property=\"og:type\" content=\"article\" \/>\n<meta property=\"og:title\" content=\"AERO CLUB TORNQUIST: Chocolateada y Barrileteada en adhesi\u00f3n al D\u00eda del Ni\u00f1o - CELTTV\" \/>\n<meta property=\"og:description\" content=\"Sitio web de noticias de la localidad de Tornquist, provincia de Buenos Aires, Rep\u00fablica Argentina. Contenido propio originado por periodistas de CELTTV, el canal de TV local de la Cooperativa El\u00e9ctrica de Tornquist. Turismo, Pol\u00edtica, Sociedad, Deporte, Cultura y todo el contenido de inter\u00e9s general que la gente del pueblo y la regi\u00f3n debe conocer.\" \/>\n<meta property=\"og:url\" content=\"https:\/\/www.celttv.com.ar\/index.php\/2011\/08\/25\/aero-club-tornquist-chocolateada-y-barrileteada-en-adhesion-al-dia-del-nino\/\" \/>\n<meta property=\"og:site_name\" content=\"CELTTV\" \/>\n<meta property=\"article:publisher\" content=\"https:\/\/www.facebook.com\/celtTV\/\" \/>\n<meta property=\"article:published_time\" content=\"2011-08-25T20:00:05+00:00\" \/>\n<meta property=\"og:image\" content=\"http:\/\/www.tvcnoticias.com.ar\/wp-content\/uploads\/2011\/08\/1322-MOTOAMIGOS-2-COLOR-Small.jpg\" \/>\n<meta name=\"author\" content=\"ulises\" \/>\n<meta name=\"twitter:card\" content=\"summary_large_image\" \/>\n<meta name=\"twitter:label1\" content=\"Escrito por\" \/>\n\t<meta name=\"twitter:data1\" content=\"ulises\" \/>\n\t<meta name=\"twitter:label2\" content=\"Tiempo de lectura\" \/>\n\t<meta name=\"twitter:data2\" content=\"1 minuto\" \/>\n<script type=\"application\/ld+json\" class=\"yoast-schema-graph\">{\"@context\":\"https:\/\/schema.org\",\"@graph\":[{\"@type\":\"NewsArticle\",\"@id\":\"https:\/\/www.celttv.com.ar\/index.php\/2011\/08\/25\/aero-club-tornquist-chocolateada-y-barrileteada-en-adhesion-al-dia-del-nino\/#article\",\"isPartOf\":{\"@id\":\"https:\/\/www.celttv.com.ar\/index.php\/2011\/08\/25\/aero-club-tornquist-chocolateada-y-barrileteada-en-adhesion-al-dia-del-nino\/\"},\"author\":{\"name\":\"ulises\",\"@id\":\"https:\/\/www.celttv.com.ar\/#\/schema\/person\/6d99c072dba59953809c81446e9d0ace\"},\"headline\":\"AERO CLUB TORNQUIST: Chocolateada y Barrileteada en adhesi\u00f3n al D\u00eda del Ni\u00f1o\",\"datePublished\":\"2011-08-25T20:00:05+00:00\",\"dateModified\":\"2011-08-25T20:00:05+00:00\",\"mainEntityOfPage\":{\"@id\":\"https:\/\/www.celttv.com.ar\/index.php\/2011\/08\/25\/aero-club-tornquist-chocolateada-y-barrileteada-en-adhesion-al-dia-del-nino\/\"},\"wordCount\":273,\"publisher\":{\"@id\":\"https:\/\/www.celttv.com.ar\/#organization\"},\"articleSection\":[\"Comunidad\",\"Deporte\",\"Destacadas\"],\"inLanguage\":\"es\"},{\"@type\":\"WebPage\",\"@id\":\"https:\/\/www.celttv.com.ar\/index.php\/2011\/08\/25\/aero-club-tornquist-chocolateada-y-barrileteada-en-adhesion-al-dia-del-nino\/\",\"url\":\"https:\/\/www.celttv.com.ar\/index.php\/2011\/08\/25\/aero-club-tornquist-chocolateada-y-barrileteada-en-adhesion-al-dia-del-nino\/\",\"name\":\"AERO CLUB TORNQUIST: Chocolateada y Barrileteada en adhesi\u00f3n al D\u00eda del Ni\u00f1o - CELTTV\",\"isPartOf\":{\"@id\":\"https:\/\/www.celttv.com.ar\/#website\"},\"datePublished\":\"2011-08-25T20:00:05+00:00\",\"dateModified\":\"2011-08-25T20:00:05+00:00\",\"description\":\"Sitio web de noticias de la localidad de Tornquist, provincia de Buenos Aires, Rep\u00fablica Argentina. Contenido propio originado por periodistas de CELTTV, el canal de TV local de la Cooperativa El\u00e9ctrica de Tornquist. Turismo, Pol\u00edtica, Sociedad, Deporte, Cultura y todo el contenido de inter\u00e9s general que la gente del pueblo y la regi\u00f3n debe conocer.\",\"breadcrumb\":{\"@id\":\"https:\/\/www.celttv.com.ar\/index.php\/2011\/08\/25\/aero-club-tornquist-chocolateada-y-barrileteada-en-adhesion-al-dia-del-nino\/#breadcrumb\"},\"inLanguage\":\"es\",\"potentialAction\":[{\"@type\":\"ReadAction\",\"target\":[\"https:\/\/www.celttv.com.ar\/index.php\/2011\/08\/25\/aero-club-tornquist-chocolateada-y-barrileteada-en-adhesion-al-dia-del-nino\/\"]}]},{\"@type\":\"BreadcrumbList\",\"@id\":\"https:\/\/www.celttv.com.ar\/index.php\/2011\/08\/25\/aero-club-tornquist-chocolateada-y-barrileteada-en-adhesion-al-dia-del-nino\/#breadcrumb\",\"itemListElement\":[{\"@type\":\"ListItem\",\"position\":1,\"name\":\"Inicio\",\"item\":\"https:\/\/www.celttv.com.ar\/\"},{\"@type\":\"ListItem\",\"position\":2,\"name\":\"AERO CLUB TORNQUIST: Chocolateada y Barrileteada en adhesi\u00f3n al D\u00eda del Ni\u00f1o\"}]},{\"@type\":\"WebSite\",\"@id\":\"https:\/\/www.celttv.com.ar\/#website\",\"url\":\"https:\/\/www.celttv.com.ar\/\",\"name\":\"CELTTV\",\"description\":\"Cooperativa El\u00e9ctrica de Tornquist\",\"publisher\":{\"@id\":\"https:\/\/www.celttv.com.ar\/#organization\"},\"potentialAction\":[{\"@type\":\"SearchAction\",\"target\":{\"@type\":\"EntryPoint\",\"urlTemplate\":\"https:\/\/www.celttv.com.ar\/?s={search_term_string}\"},\"query-input\":\"required name=search_term_string\"}],\"inLanguage\":\"es\"},{\"@type\":\"Organization\",\"@id\":\"https:\/\/www.celttv.com.ar\/#organization\",\"name\":\"CELTTV\",\"url\":\"https:\/\/www.celttv.com.ar\/\",\"sameAs\":[\"https:\/\/www.youtube.com\/channel\/UCz_oIt8Hig64Ub-EmcNPIhg\",\"https:\/\/www.facebook.com\/celtTV\/\"],\"logo\":{\"@type\":\"ImageObject\",\"inLanguage\":\"es\",\"@id\":\"https:\/\/www.celttv.com.ar\/#\/schema\/logo\/image\/\",\"url\":\"http:\/\/www.celttv.com.ar\/wp-content\/uploads\/2022\/08\/logo-1.png\",\"contentUrl\":\"http:\/\/www.celttv.com.ar\/wp-content\/uploads\/2022\/08\/logo-1.png\",\"width\":461,\"height\":159,\"caption\":\"CELTTV\"},\"image\":{\"@id\":\"https:\/\/www.celttv.com.ar\/#\/schema\/logo\/image\/\"}},{\"@type\":\"Person\",\"@id\":\"https:\/\/www.celttv.com.ar\/#\/schema\/person\/6d99c072dba59953809c81446e9d0ace\",\"name\":\"ulises\",\"image\":{\"@type\":\"ImageObject\",\"inLanguage\":\"es\",\"@id\":\"https:\/\/www.celttv.com.ar\/#\/schema\/person\/image\/\",\"url\":\"https:\/\/secure.gravatar.com\/avatar\/7f2c48bdc33b30088f941fb6082e555f2874c98e20cb159d7b92b50eadfce793?s=96&d=mm&r=g\",\"contentUrl\":\"https:\/\/secure.gravatar.com\/avatar\/7f2c48bdc33b30088f941fb6082e555f2874c98e20cb159d7b92b50eadfce793?s=96&d=mm&r=g\",\"caption\":\"ulises\"},\"sameAs\":[\"http:\/\/www.celttv.com.ar\"]}]}<\/script>\n<!-- \/ Yoast SEO plugin. -->","yoast_head_json":{"title":"AERO CLUB TORNQUIST: Chocolateada y Barrileteada en adhesi\u00f3n al D\u00eda del Ni\u00f1o - CELTTV","description":"Sitio web de noticias de la localidad de Tornquist, provincia de Buenos Aires, Rep\u00fablica Argentina. Contenido propio originado por periodistas de CELTTV, el canal de TV local de la Cooperativa El\u00e9ctrica de Tornquist. Turismo, Pol\u00edtica, Sociedad, Deporte, Cultura y todo el contenido de inter\u00e9s general que la gente del pueblo y la regi\u00f3n debe conocer.","robots":{"index":"index","follow":"follow","max-snippet":"max-snippet:-1","max-image-preview":"max-image-preview:large","max-video-preview":"max-video-preview:-1"},"canonical":"https:\/\/www.celttv.com.ar\/index.php\/2011\/08\/25\/aero-club-tornquist-chocolateada-y-barrileteada-en-adhesion-al-dia-del-nino\/","og_locale":"es_ES","og_type":"article","og_title":"AERO CLUB TORNQUIST: Chocolateada y Barrileteada en adhesi\u00f3n al D\u00eda del Ni\u00f1o - CELTTV","og_description":"Sitio web de noticias de la localidad de Tornquist, provincia de Buenos Aires, Rep\u00fablica Argentina. Contenido propio originado por periodistas de CELTTV, el canal de TV local de la Cooperativa El\u00e9ctrica de Tornquist. Turismo, Pol\u00edtica, Sociedad, Deporte, Cultura y todo el contenido de inter\u00e9s general que la gente del pueblo y la regi\u00f3n debe conocer.","og_url":"https:\/\/www.celttv.com.ar\/index.php\/2011\/08\/25\/aero-club-tornquist-chocolateada-y-barrileteada-en-adhesion-al-dia-del-nino\/","og_site_name":"CELTTV","article_publisher":"https:\/\/www.facebook.com\/celtTV\/","article_published_time":"2011-08-25T20:00:05+00:00","og_image":[{"url":"http:\/\/www.tvcnoticias.com.ar\/wp-content\/uploads\/2011\/08\/1322-MOTOAMIGOS-2-COLOR-Small.jpg"}],"author":"ulises","twitter_card":"summary_large_image","twitter_misc":{"Escrito por":"ulises","Tiempo de lectura":"1 minuto"},"schema":{"@context":"https:\/\/schema.org","@graph":[{"@type":"NewsArticle","@id":"https:\/\/www.celttv.com.ar\/index.php\/2011\/08\/25\/aero-club-tornquist-chocolateada-y-barrileteada-en-adhesion-al-dia-del-nino\/#article","isPartOf":{"@id":"https:\/\/www.celttv.com.ar\/index.php\/2011\/08\/25\/aero-club-tornquist-chocolateada-y-barrileteada-en-adhesion-al-dia-del-nino\/"},"author":{"name":"ulises","@id":"https:\/\/www.celttv.com.ar\/#\/schema\/person\/6d99c072dba59953809c81446e9d0ace"},"headline":"AERO CLUB TORNQUIST: Chocolateada y Barrileteada en adhesi\u00f3n al D\u00eda del Ni\u00f1o","datePublished":"2011-08-25T20:00:05+00:00","dateModified":"2011-08-25T20:00:05+00:00","mainEntityOfPage":{"@id":"https:\/\/www.celttv.com.ar\/index.php\/2011\/08\/25\/aero-club-tornquist-chocolateada-y-barrileteada-en-adhesion-al-dia-del-nino\/"},"wordCount":273,"publisher":{"@id":"https:\/\/www.celttv.com.ar\/#organization"},"articleSection":["Comunidad","Deporte","Destacadas"],"inLanguage":"es"},{"@type":"WebPage","@id":"https:\/\/www.celttv.com.ar\/index.php\/2011\/08\/25\/aero-club-tornquist-chocolateada-y-barrileteada-en-adhesion-al-dia-del-nino\/","url":"https:\/\/www.celttv.com.ar\/index.php\/2011\/08\/25\/aero-club-tornquist-chocolateada-y-barrileteada-en-adhesion-al-dia-del-nino\/","name":"AERO CLUB TORNQUIST: Chocolateada y Barrileteada en adhesi\u00f3n al D\u00eda del Ni\u00f1o - CELTTV","isPartOf":{"@id":"https:\/\/www.celttv.com.ar\/#website"},"datePublished":"2011-08-25T20:00:05+00:00","dateModified":"2011-08-25T20:00:05+00:00","description":"Sitio web de noticias de la localidad de Tornquist, provincia de Buenos Aires, Rep\u00fablica Argentina. Contenido propio originado por periodistas de CELTTV, el canal de TV local de la Cooperativa El\u00e9ctrica de Tornquist. Turismo, Pol\u00edtica, Sociedad, Deporte, Cultura y todo el contenido de inter\u00e9s general que la gente del pueblo y la regi\u00f3n debe conocer.","breadcrumb":{"@id":"https:\/\/www.celttv.com.ar\/index.php\/2011\/08\/25\/aero-club-tornquist-chocolateada-y-barrileteada-en-adhesion-al-dia-del-nino\/#breadcrumb"},"inLanguage":"es","potentialAction":[{"@type":"ReadAction","target":["https:\/\/www.celttv.com.ar\/index.php\/2011\/08\/25\/aero-club-tornquist-chocolateada-y-barrileteada-en-adhesion-al-dia-del-nino\/"]}]},{"@type":"BreadcrumbList","@id":"https:\/\/www.celttv.com.ar\/index.php\/2011\/08\/25\/aero-club-tornquist-chocolateada-y-barrileteada-en-adhesion-al-dia-del-nino\/#breadcrumb","itemListElement":[{"@type":"ListItem","position":1,"name":"Inicio","item":"https:\/\/www.celttv.com.ar\/"},{"@type":"ListItem","position":2,"name":"AERO CLUB TORNQUIST: Chocolateada y Barrileteada en adhesi\u00f3n al D\u00eda del Ni\u00f1o"}]},{"@type":"WebSite","@id":"https:\/\/www.celttv.com.ar\/#website","url":"https:\/\/www.celttv.com.ar\/","name":"CELTTV","description":"Cooperativa El\u00e9ctrica de Tornquist","publisher":{"@id":"https:\/\/www.celttv.com.ar\/#organization"},"potentialAction":[{"@type":"SearchAction","target":{"@type":"EntryPoint","urlTemplate":"https:\/\/www.celttv.com.ar\/?s={search_term_string}"},"query-input":"required name=search_term_string"}],"inLanguage":"es"},{"@type":"Organization","@id":"https:\/\/www.celttv.com.ar\/#organization","name":"CELTTV","url":"https:\/\/www.celttv.com.ar\/","sameAs":["https:\/\/www.youtube.com\/channel\/UCz_oIt8Hig64Ub-EmcNPIhg","https:\/\/www.facebook.com\/celtTV\/"],"logo":{"@type":"ImageObject","inLanguage":"es","@id":"https:\/\/www.celttv.com.ar\/#\/schema\/logo\/image\/","url":"http:\/\/www.celttv.com.ar\/wp-content\/uploads\/2022\/08\/logo-1.png","contentUrl":"http:\/\/www.celttv.com.ar\/wp-content\/uploads\/2022\/08\/logo-1.png","width":461,"height":159,"caption":"CELTTV"},"image":{"@id":"https:\/\/www.celttv.com.ar\/#\/schema\/logo\/image\/"}},{"@type":"Person","@id":"https:\/\/www.celttv.com.ar\/#\/schema\/person\/6d99c072dba59953809c81446e9d0ace","name":"ulises","image":{"@type":"ImageObject","inLanguage":"es","@id":"https:\/\/www.celttv.com.ar\/#\/schema\/person\/image\/","url":"https:\/\/secure.gravatar.com\/avatar\/7f2c48bdc33b30088f941fb6082e555f2874c98e20cb159d7b92b50eadfce793?s=96&d=mm&r=g","contentUrl":"https:\/\/secure.gravatar.com\/avatar\/7f2c48bdc33b30088f941fb6082e555f2874c98e20cb159d7b92b50eadfce793?s=96&d=mm&r=g","caption":"ulises"},"sameAs":["http:\/\/www.celttv.com.ar"]}]}},"_links":{"self":[{"href":"https:\/\/www.celttv.com.ar\/index.php\/wp-json\/wp\/v2\/posts\/1079","targetHints":{"allow":["GET"]}}],"collection":[{"href":"https:\/\/www.celttv.com.ar\/index.php\/wp-json\/wp\/v2\/posts"}],"about":[{"href":"https:\/\/www.celttv.com.ar\/index.php\/wp-json\/wp\/v2\/types\/post"}],"author":[{"embeddable":true,"href":"https:\/\/www.celttv.com.ar\/index.php\/wp-json\/wp\/v2\/users\/1"}],"replies":[{"embeddable":true,"href":"https:\/\/www.celttv.com.ar\/index.php\/wp-json\/wp\/v2\/comments?post=1079"}],"version-history":[{"count":0,"href":"https:\/\/www.celttv.com.ar\/index.php\/wp-json\/wp\/v2\/posts\/1079\/revisions"}],"wp:attachment":[{"href":"https:\/\/www.celttv.com.ar\/index.php\/wp-json\/wp\/v2\/media?parent=1079"}],"wp:term":[{"taxonomy":"category","embeddable":true,"href":"https:\/\/www.celttv.com.ar\/index.php\/wp-json\/wp\/v2\/categories?post=1079"},{"taxonomy":"post_tag","embeddable":true,"href":"https:\/\/www.celttv.com.ar\/index.php\/wp-json\/wp\/v2\/tags?post=1079"}],"curies":[{"name":"wp","href":"https:\/\/api.w.org\/{rel}","templated":true}]}}