{"id":10804,"date":"2013-03-25T22:37:19","date_gmt":"2013-03-25T22:37:19","guid":{"rendered":"http:\/\/www.tvcnoticias.com.ar\/?p=10804"},"modified":"2013-03-25T22:37:19","modified_gmt":"2013-03-25T22:37:19","slug":"emotivo-acto-en-la-conmemoracion-del-dia-de-la-memoria-fotos","status":"publish","type":"post","link":"https:\/\/www.celttv.com.ar\/index.php\/2013\/03\/25\/emotivo-acto-en-la-conmemoracion-del-dia-de-la-memoria-fotos\/","title":{"rendered":"EMOTIVO ACTO EN LA CONMEMORACION DEL DIA DE LA MEMORIA (Fotos)"},"content":{"rendered":"<p><br \/>\nEmoci\u00f3n y congoja. Eso fue lo que se vivi\u00f3 en la ma\u00f1ana de hoy en el predio de las ruinas del Club Hotel de la Ventana, donde se desarroll\u00f3 el acto en conmemoraci\u00f3n por el D\u00eda Nacional de la Memoria, por la Verdad y la Justicia.<br \/>\n\u00a0\u00a0 La evocaci\u00f3n cont\u00f3 con la presencia del intendente municipal, licenciado Gustavo Trankels, quien estuvo acompa\u00f1ado por el subsecretario de Asuntos Municipales de la Provincia de Buenos Aires, Marcelo Sosa.<br \/>\n\u00a0\u00a0 Tambi\u00e9n participaron los secretarios Guillermo L\u00f6ffler (Gobierno y Hacienda), Daniel Natali (Desarrollo Social y Derechos Humanos),\u00a0 Anabella Madue\u00f1a (Obras P\u00fablicas), Carlos Carriquiry (Seguridad) y Guillermo Beck (Recursos Humanos y Gabinete); el director de Producci\u00f3n y Medio Ambiente, V\u00edctor Ant\u00f3n; y los concejales Daniel Etcheber, Patricia V\u00e1zquez, Mar\u00eda Skolak, Adriana Nielsen (todos del PJ-FPV) y Fabio Mart\u00ednez (UCR).<br \/>\n\u00a0\u00a0\u00a0 \u201cEs dif\u00edcil contener las sensaciones y la emoci\u00f3n, pese a que la infancia me protegi\u00f3 de lo que pasaba en esa \u00e9poca. Ac\u00e1 hay presentes militantes pol\u00edticos que por edad tienen mayor autoridad para hablar. Les agradezco much\u00edsimo que est\u00e9n los compa\u00f1eros concejales de nuestro partido, pero quiero destacar tambi\u00e9n la presencia de Fabio Mart\u00ednez, porque en pueblos chicos como el nuestro sigue existiendo indiferencia respecto de estos temas. La reivindicaci\u00f3n de los derechos humanos no es algo de lo cual los actuales gobernantes queremos apropiarnos, porque la defensa de la democracia es de todos. Por eso Fabio, gracias por el gesto de estar presente\u201d, se\u00f1al\u00f3 el jefe comunal, visiblemente emocionado.<br \/>\n\u00a0\u00a0 \u201cComo joven militante tengo la obligaci\u00f3n y la responsabilidad de tener presente una de las \u00e9pocas m\u00e1s oscuras de nuestro pa\u00eds, para que nunca m\u00e1s nos vuelva a suceder. Y el reconocimiento para todos aquellos que les toc\u00f3 vivir y sufrir en esos a\u00f1os. Tenemos que asumir el compromiso de transmitir esto a los m\u00e1s j\u00f3venes\u201d, a\u00f1adi\u00f3.<br \/>\n\u00a0\u00a0 Por su parte, Marcelo Sosa record\u00f3 que un d\u00eda como hoy comenz\u00f3 un per\u00edodo negro para la Argentina.<br \/>\n\u00a0\u00a0 \u201cFue con un plan econ\u00f3mico instaurado por quienes ten\u00edan intereses que nada ten\u00edan que ver con el peronismo.\u00a0 Mi primer recuerdo de la \u00e9poca es el Mundial \u00b478 y c\u00f3mo mientras nosotros nos compenetr\u00e1bamos en eso, en Holanda cortaban la trasmisi\u00f3n para pasar la ronda de las Madres de Plaza de Mayo. Pasaron muchos a\u00f1os en democracia y esos 30 mil detenidos-desaparecidos y muchos otros compa\u00f1eros que no sabremos, no ten\u00edan el lugar que merec\u00edan en la historia de la Argentina. N\u00e9stor Kirchner comenz\u00f3 un camino sin retorno hasta hoy. Estamos orgullosos de este reconocimiento que hicieron N\u00e9stor, Cristina (Fern\u00e1ndez) y Daniel (Scioli)\u201d, mencion\u00f3.<br \/>\n\u00a0\u00a0 \u201cNuestros hijos saben a d\u00f3nde no quieren volver, y eso es muy importante. Los invito a seguir hablando con los m\u00e1s chicos, porque yo no tuve la suerte de que en el colegio me hablaran de estos temas\u201d, afirm\u00f3, despu\u00e9s de enumerar las acciones provinciales en materia de derechos humanos.<br \/>\n\u00a0\u00a0 Por otra parte, la vecina Natalia Molina ley\u00f3 un poema alusivo y record\u00f3 el nefasto per\u00edodo.<br \/>\n\u00a0\u00a0\u00a0 \u201cA los compa\u00f1eros y compa\u00f1eras desaparecidos los mataron y torturaron, pero siguen volviendo en cada reivindicaci\u00f3n de derechos, en cada gesto de amor revolucionario. El 24 de marzo no es un feriado m\u00e1s ni un d\u00eda netamente tur\u00edstico. Es un d\u00eda de lucha y de memoria en acci\u00f3n. El escritor Eduardo Galeano dice que recordar es volver a pasar por el coraz\u00f3n. Pasemos por nuestro coraz\u00f3n los ideales de una generaci\u00f3n que no quer\u00eda dejar al mundo as\u00ed como estaba sino a imagen y semejanza de sus sue\u00f1os\u201d, sentenci\u00f3.<\/p>\n","protected":false},"excerpt":{"rendered":"<p>Emoci\u00f3n y congoja. Eso fue lo que se vivi\u00f3 en la ma\u00f1ana de hoy en el predio de las ruinas del Club Hotel de la Ventana, donde se desarroll\u00f3 el acto en conmemoraci\u00f3n por el D\u00eda Nacional de la Memoria, por la Verdad y la Justicia. \u00a0\u00a0 La evocaci\u00f3n cont\u00f3 con la presencia del intendente [&hellip;]<\/p>\n","protected":false},"author":1,"featured_media":0,"comment_status":"closed","ping_status":"open","sticky":false,"template":"","format":"standard","meta":{"footnotes":""},"categories":[51,52,53],"tags":[],"class_list":["post-10804","post","type-post","status-publish","format-standard","hentry","category-comunidad","category-destacadas","category-politica"],"yoast_head":"<!-- This site is optimized with the Yoast SEO plugin v19.7.1 - https:\/\/yoast.com\/wordpress\/plugins\/seo\/ -->\n<title>EMOTIVO ACTO EN LA CONMEMORACION DEL DIA DE LA MEMORIA (Fotos) - CELTTV<\/title>\n<meta name=\"description\" content=\"Sitio web de noticias de la localidad de Tornquist, provincia de Buenos Aires, Rep\u00fablica Argentina. Contenido propio originado por periodistas de CELTTV, el canal de TV local de la Cooperativa El\u00e9ctrica de Tornquist. Turismo, Pol\u00edtica, Sociedad, Deporte, Cultura y todo el contenido de inter\u00e9s general que la gente del pueblo y la regi\u00f3n debe conocer.\" \/>\n<meta name=\"robots\" content=\"index, follow, max-snippet:-1, max-image-preview:large, max-video-preview:-1\" \/>\n<link rel=\"canonical\" href=\"https:\/\/www.celttv.com.ar\/index.php\/2013\/03\/25\/emotivo-acto-en-la-conmemoracion-del-dia-de-la-memoria-fotos\/\" \/>\n<meta property=\"og:locale\" content=\"es_ES\" \/>\n<meta property=\"og:type\" content=\"article\" \/>\n<meta property=\"og:title\" content=\"EMOTIVO ACTO EN LA CONMEMORACION DEL DIA DE LA MEMORIA (Fotos) - CELTTV\" \/>\n<meta property=\"og:description\" content=\"Sitio web de noticias de la localidad de Tornquist, provincia de Buenos Aires, Rep\u00fablica Argentina. Contenido propio originado por periodistas de CELTTV, el canal de TV local de la Cooperativa El\u00e9ctrica de Tornquist. Turismo, Pol\u00edtica, Sociedad, Deporte, Cultura y todo el contenido de inter\u00e9s general que la gente del pueblo y la regi\u00f3n debe conocer.\" \/>\n<meta property=\"og:url\" content=\"https:\/\/www.celttv.com.ar\/index.php\/2013\/03\/25\/emotivo-acto-en-la-conmemoracion-del-dia-de-la-memoria-fotos\/\" \/>\n<meta property=\"og:site_name\" content=\"CELTTV\" \/>\n<meta property=\"article:publisher\" content=\"https:\/\/www.facebook.com\/celtTV\/\" \/>\n<meta property=\"article:published_time\" content=\"2013-03-25T22:37:19+00:00\" \/>\n<meta name=\"author\" content=\"ulises\" \/>\n<meta name=\"twitter:card\" content=\"summary_large_image\" \/>\n<meta name=\"twitter:label1\" content=\"Escrito por\" \/>\n\t<meta name=\"twitter:data1\" content=\"ulises\" \/>\n\t<meta name=\"twitter:label2\" content=\"Tiempo de lectura\" \/>\n\t<meta name=\"twitter:data2\" content=\"3 minutos\" \/>\n<script type=\"application\/ld+json\" class=\"yoast-schema-graph\">{\"@context\":\"https:\/\/schema.org\",\"@graph\":[{\"@type\":\"NewsArticle\",\"@id\":\"https:\/\/www.celttv.com.ar\/index.php\/2013\/03\/25\/emotivo-acto-en-la-conmemoracion-del-dia-de-la-memoria-fotos\/#article\",\"isPartOf\":{\"@id\":\"https:\/\/www.celttv.com.ar\/index.php\/2013\/03\/25\/emotivo-acto-en-la-conmemoracion-del-dia-de-la-memoria-fotos\/\"},\"author\":{\"name\":\"ulises\",\"@id\":\"https:\/\/www.celttv.com.ar\/#\/schema\/person\/6d99c072dba59953809c81446e9d0ace\"},\"headline\":\"EMOTIVO ACTO EN LA CONMEMORACION DEL DIA DE LA MEMORIA (Fotos)\",\"datePublished\":\"2013-03-25T22:37:19+00:00\",\"dateModified\":\"2013-03-25T22:37:19+00:00\",\"mainEntityOfPage\":{\"@id\":\"https:\/\/www.celttv.com.ar\/index.php\/2013\/03\/25\/emotivo-acto-en-la-conmemoracion-del-dia-de-la-memoria-fotos\/\"},\"wordCount\":655,\"publisher\":{\"@id\":\"https:\/\/www.celttv.com.ar\/#organization\"},\"articleSection\":[\"Comunidad\",\"Destacadas\",\"Pol\u00edtica\"],\"inLanguage\":\"es\"},{\"@type\":\"WebPage\",\"@id\":\"https:\/\/www.celttv.com.ar\/index.php\/2013\/03\/25\/emotivo-acto-en-la-conmemoracion-del-dia-de-la-memoria-fotos\/\",\"url\":\"https:\/\/www.celttv.com.ar\/index.php\/2013\/03\/25\/emotivo-acto-en-la-conmemoracion-del-dia-de-la-memoria-fotos\/\",\"name\":\"EMOTIVO ACTO EN LA CONMEMORACION DEL DIA DE LA MEMORIA (Fotos) - CELTTV\",\"isPartOf\":{\"@id\":\"https:\/\/www.celttv.com.ar\/#website\"},\"datePublished\":\"2013-03-25T22:37:19+00:00\",\"dateModified\":\"2013-03-25T22:37:19+00:00\",\"description\":\"Sitio web de noticias de la localidad de Tornquist, provincia de Buenos Aires, Rep\u00fablica Argentina. Contenido propio originado por periodistas de CELTTV, el canal de TV local de la Cooperativa El\u00e9ctrica de Tornquist. Turismo, Pol\u00edtica, Sociedad, Deporte, Cultura y todo el contenido de inter\u00e9s general que la gente del pueblo y la regi\u00f3n debe conocer.\",\"breadcrumb\":{\"@id\":\"https:\/\/www.celttv.com.ar\/index.php\/2013\/03\/25\/emotivo-acto-en-la-conmemoracion-del-dia-de-la-memoria-fotos\/#breadcrumb\"},\"inLanguage\":\"es\",\"potentialAction\":[{\"@type\":\"ReadAction\",\"target\":[\"https:\/\/www.celttv.com.ar\/index.php\/2013\/03\/25\/emotivo-acto-en-la-conmemoracion-del-dia-de-la-memoria-fotos\/\"]}]},{\"@type\":\"BreadcrumbList\",\"@id\":\"https:\/\/www.celttv.com.ar\/index.php\/2013\/03\/25\/emotivo-acto-en-la-conmemoracion-del-dia-de-la-memoria-fotos\/#breadcrumb\",\"itemListElement\":[{\"@type\":\"ListItem\",\"position\":1,\"name\":\"Inicio\",\"item\":\"https:\/\/www.celttv.com.ar\/\"},{\"@type\":\"ListItem\",\"position\":2,\"name\":\"EMOTIVO ACTO EN LA CONMEMORACION DEL DIA DE LA MEMORIA (Fotos)\"}]},{\"@type\":\"WebSite\",\"@id\":\"https:\/\/www.celttv.com.ar\/#website\",\"url\":\"https:\/\/www.celttv.com.ar\/\",\"name\":\"CELTTV\",\"description\":\"Cooperativa El\u00e9ctrica de Tornquist\",\"publisher\":{\"@id\":\"https:\/\/www.celttv.com.ar\/#organization\"},\"potentialAction\":[{\"@type\":\"SearchAction\",\"target\":{\"@type\":\"EntryPoint\",\"urlTemplate\":\"https:\/\/www.celttv.com.ar\/?s={search_term_string}\"},\"query-input\":\"required name=search_term_string\"}],\"inLanguage\":\"es\"},{\"@type\":\"Organization\",\"@id\":\"https:\/\/www.celttv.com.ar\/#organization\",\"name\":\"CELTTV\",\"url\":\"https:\/\/www.celttv.com.ar\/\",\"sameAs\":[\"https:\/\/www.youtube.com\/channel\/UCz_oIt8Hig64Ub-EmcNPIhg\",\"https:\/\/www.facebook.com\/celtTV\/\"],\"logo\":{\"@type\":\"ImageObject\",\"inLanguage\":\"es\",\"@id\":\"https:\/\/www.celttv.com.ar\/#\/schema\/logo\/image\/\",\"url\":\"http:\/\/www.celttv.com.ar\/wp-content\/uploads\/2022\/08\/logo-1.png\",\"contentUrl\":\"http:\/\/www.celttv.com.ar\/wp-content\/uploads\/2022\/08\/logo-1.png\",\"width\":461,\"height\":159,\"caption\":\"CELTTV\"},\"image\":{\"@id\":\"https:\/\/www.celttv.com.ar\/#\/schema\/logo\/image\/\"}},{\"@type\":\"Person\",\"@id\":\"https:\/\/www.celttv.com.ar\/#\/schema\/person\/6d99c072dba59953809c81446e9d0ace\",\"name\":\"ulises\",\"image\":{\"@type\":\"ImageObject\",\"inLanguage\":\"es\",\"@id\":\"https:\/\/www.celttv.com.ar\/#\/schema\/person\/image\/\",\"url\":\"https:\/\/secure.gravatar.com\/avatar\/7f2c48bdc33b30088f941fb6082e555f2874c98e20cb159d7b92b50eadfce793?s=96&d=mm&r=g\",\"contentUrl\":\"https:\/\/secure.gravatar.com\/avatar\/7f2c48bdc33b30088f941fb6082e555f2874c98e20cb159d7b92b50eadfce793?s=96&d=mm&r=g\",\"caption\":\"ulises\"},\"sameAs\":[\"http:\/\/www.celttv.com.ar\"]}]}<\/script>\n<!-- \/ Yoast SEO plugin. -->","yoast_head_json":{"title":"EMOTIVO ACTO EN LA CONMEMORACION DEL DIA DE LA MEMORIA (Fotos) - CELTTV","description":"Sitio web de noticias de la localidad de Tornquist, provincia de Buenos Aires, Rep\u00fablica Argentina. Contenido propio originado por periodistas de CELTTV, el canal de TV local de la Cooperativa El\u00e9ctrica de Tornquist. Turismo, Pol\u00edtica, Sociedad, Deporte, Cultura y todo el contenido de inter\u00e9s general que la gente del pueblo y la regi\u00f3n debe conocer.","robots":{"index":"index","follow":"follow","max-snippet":"max-snippet:-1","max-image-preview":"max-image-preview:large","max-video-preview":"max-video-preview:-1"},"canonical":"https:\/\/www.celttv.com.ar\/index.php\/2013\/03\/25\/emotivo-acto-en-la-conmemoracion-del-dia-de-la-memoria-fotos\/","og_locale":"es_ES","og_type":"article","og_title":"EMOTIVO ACTO EN LA CONMEMORACION DEL DIA DE LA MEMORIA (Fotos) - CELTTV","og_description":"Sitio web de noticias de la localidad de Tornquist, provincia de Buenos Aires, Rep\u00fablica Argentina. Contenido propio originado por periodistas de CELTTV, el canal de TV local de la Cooperativa El\u00e9ctrica de Tornquist. Turismo, Pol\u00edtica, Sociedad, Deporte, Cultura y todo el contenido de inter\u00e9s general que la gente del pueblo y la regi\u00f3n debe conocer.","og_url":"https:\/\/www.celttv.com.ar\/index.php\/2013\/03\/25\/emotivo-acto-en-la-conmemoracion-del-dia-de-la-memoria-fotos\/","og_site_name":"CELTTV","article_publisher":"https:\/\/www.facebook.com\/celtTV\/","article_published_time":"2013-03-25T22:37:19+00:00","author":"ulises","twitter_card":"summary_large_image","twitter_misc":{"Escrito por":"ulises","Tiempo de lectura":"3 minutos"},"schema":{"@context":"https:\/\/schema.org","@graph":[{"@type":"NewsArticle","@id":"https:\/\/www.celttv.com.ar\/index.php\/2013\/03\/25\/emotivo-acto-en-la-conmemoracion-del-dia-de-la-memoria-fotos\/#article","isPartOf":{"@id":"https:\/\/www.celttv.com.ar\/index.php\/2013\/03\/25\/emotivo-acto-en-la-conmemoracion-del-dia-de-la-memoria-fotos\/"},"author":{"name":"ulises","@id":"https:\/\/www.celttv.com.ar\/#\/schema\/person\/6d99c072dba59953809c81446e9d0ace"},"headline":"EMOTIVO ACTO EN LA CONMEMORACION DEL DIA DE LA MEMORIA (Fotos)","datePublished":"2013-03-25T22:37:19+00:00","dateModified":"2013-03-25T22:37:19+00:00","mainEntityOfPage":{"@id":"https:\/\/www.celttv.com.ar\/index.php\/2013\/03\/25\/emotivo-acto-en-la-conmemoracion-del-dia-de-la-memoria-fotos\/"},"wordCount":655,"publisher":{"@id":"https:\/\/www.celttv.com.ar\/#organization"},"articleSection":["Comunidad","Destacadas","Pol\u00edtica"],"inLanguage":"es"},{"@type":"WebPage","@id":"https:\/\/www.celttv.com.ar\/index.php\/2013\/03\/25\/emotivo-acto-en-la-conmemoracion-del-dia-de-la-memoria-fotos\/","url":"https:\/\/www.celttv.com.ar\/index.php\/2013\/03\/25\/emotivo-acto-en-la-conmemoracion-del-dia-de-la-memoria-fotos\/","name":"EMOTIVO ACTO EN LA CONMEMORACION DEL DIA DE LA MEMORIA (Fotos) - CELTTV","isPartOf":{"@id":"https:\/\/www.celttv.com.ar\/#website"},"datePublished":"2013-03-25T22:37:19+00:00","dateModified":"2013-03-25T22:37:19+00:00","description":"Sitio web de noticias de la localidad de Tornquist, provincia de Buenos Aires, Rep\u00fablica Argentina. Contenido propio originado por periodistas de CELTTV, el canal de TV local de la Cooperativa El\u00e9ctrica de Tornquist. Turismo, Pol\u00edtica, Sociedad, Deporte, Cultura y todo el contenido de inter\u00e9s general que la gente del pueblo y la regi\u00f3n debe conocer.","breadcrumb":{"@id":"https:\/\/www.celttv.com.ar\/index.php\/2013\/03\/25\/emotivo-acto-en-la-conmemoracion-del-dia-de-la-memoria-fotos\/#breadcrumb"},"inLanguage":"es","potentialAction":[{"@type":"ReadAction","target":["https:\/\/www.celttv.com.ar\/index.php\/2013\/03\/25\/emotivo-acto-en-la-conmemoracion-del-dia-de-la-memoria-fotos\/"]}]},{"@type":"BreadcrumbList","@id":"https:\/\/www.celttv.com.ar\/index.php\/2013\/03\/25\/emotivo-acto-en-la-conmemoracion-del-dia-de-la-memoria-fotos\/#breadcrumb","itemListElement":[{"@type":"ListItem","position":1,"name":"Inicio","item":"https:\/\/www.celttv.com.ar\/"},{"@type":"ListItem","position":2,"name":"EMOTIVO ACTO EN LA CONMEMORACION DEL DIA DE LA MEMORIA (Fotos)"}]},{"@type":"WebSite","@id":"https:\/\/www.celttv.com.ar\/#website","url":"https:\/\/www.celttv.com.ar\/","name":"CELTTV","description":"Cooperativa El\u00e9ctrica de Tornquist","publisher":{"@id":"https:\/\/www.celttv.com.ar\/#organization"},"potentialAction":[{"@type":"SearchAction","target":{"@type":"EntryPoint","urlTemplate":"https:\/\/www.celttv.com.ar\/?s={search_term_string}"},"query-input":"required name=search_term_string"}],"inLanguage":"es"},{"@type":"Organization","@id":"https:\/\/www.celttv.com.ar\/#organization","name":"CELTTV","url":"https:\/\/www.celttv.com.ar\/","sameAs":["https:\/\/www.youtube.com\/channel\/UCz_oIt8Hig64Ub-EmcNPIhg","https:\/\/www.facebook.com\/celtTV\/"],"logo":{"@type":"ImageObject","inLanguage":"es","@id":"https:\/\/www.celttv.com.ar\/#\/schema\/logo\/image\/","url":"http:\/\/www.celttv.com.ar\/wp-content\/uploads\/2022\/08\/logo-1.png","contentUrl":"http:\/\/www.celttv.com.ar\/wp-content\/uploads\/2022\/08\/logo-1.png","width":461,"height":159,"caption":"CELTTV"},"image":{"@id":"https:\/\/www.celttv.com.ar\/#\/schema\/logo\/image\/"}},{"@type":"Person","@id":"https:\/\/www.celttv.com.ar\/#\/schema\/person\/6d99c072dba59953809c81446e9d0ace","name":"ulises","image":{"@type":"ImageObject","inLanguage":"es","@id":"https:\/\/www.celttv.com.ar\/#\/schema\/person\/image\/","url":"https:\/\/secure.gravatar.com\/avatar\/7f2c48bdc33b30088f941fb6082e555f2874c98e20cb159d7b92b50eadfce793?s=96&d=mm&r=g","contentUrl":"https:\/\/secure.gravatar.com\/avatar\/7f2c48bdc33b30088f941fb6082e555f2874c98e20cb159d7b92b50eadfce793?s=96&d=mm&r=g","caption":"ulises"},"sameAs":["http:\/\/www.celttv.com.ar"]}]}},"_links":{"self":[{"href":"https:\/\/www.celttv.com.ar\/index.php\/wp-json\/wp\/v2\/posts\/10804","targetHints":{"allow":["GET"]}}],"collection":[{"href":"https:\/\/www.celttv.com.ar\/index.php\/wp-json\/wp\/v2\/posts"}],"about":[{"href":"https:\/\/www.celttv.com.ar\/index.php\/wp-json\/wp\/v2\/types\/post"}],"author":[{"embeddable":true,"href":"https:\/\/www.celttv.com.ar\/index.php\/wp-json\/wp\/v2\/users\/1"}],"replies":[{"embeddable":true,"href":"https:\/\/www.celttv.com.ar\/index.php\/wp-json\/wp\/v2\/comments?post=10804"}],"version-history":[{"count":0,"href":"https:\/\/www.celttv.com.ar\/index.php\/wp-json\/wp\/v2\/posts\/10804\/revisions"}],"wp:attachment":[{"href":"https:\/\/www.celttv.com.ar\/index.php\/wp-json\/wp\/v2\/media?parent=10804"}],"wp:term":[{"taxonomy":"category","embeddable":true,"href":"https:\/\/www.celttv.com.ar\/index.php\/wp-json\/wp\/v2\/categories?post=10804"},{"taxonomy":"post_tag","embeddable":true,"href":"https:\/\/www.celttv.com.ar\/index.php\/wp-json\/wp\/v2\/tags?post=10804"}],"curies":[{"name":"wp","href":"https:\/\/api.w.org\/{rel}","templated":true}]}}