{"id":10816,"date":"2013-03-26T15:32:12","date_gmt":"2013-03-26T15:32:12","guid":{"rendered":"http:\/\/www.tvcnoticias.com.ar\/?p=10816"},"modified":"2013-03-26T15:32:12","modified_gmt":"2013-03-26T15:32:12","slug":"comenzo-la-construccion-de-los-desagues-cloacales-en-sierra-de-la-ventana","status":"publish","type":"post","link":"https:\/\/www.celttv.com.ar\/index.php\/2013\/03\/26\/comenzo-la-construccion-de-los-desagues-cloacales-en-sierra-de-la-ventana\/","title":{"rendered":"COMENZO LA CONSTRUCCION DE LOS DESAGUES CLOACALES EN SIERRA DE LA VENTANA"},"content":{"rendered":"<p><br \/>\n\u00a0Un importante anhelo de la comunidad de Sierra de la Ventana y la administraci\u00f3n municipal que comanda el intendente, licenciado Gustavo Trankels, empez\u00f3 a cristalizarse en los \u00faltimos d\u00edas: con los trabajos iniciales efectuados en la zona urbana y el predio donde se ubicar\u00e1 la planta tratadora de efluentes, comenz\u00f3 la construcci\u00f3n de la primera etapa de la obra de desag\u00fces cloacales de la localidad.<br \/>\n\u00a0\u00a0 Para supervisar las obras en ejecuci\u00f3n, el jefe comunal recorri\u00f3 la localidad acompa\u00f1ado por el presidente del SPAR, Juan Mar\u00eda Vi\u00f1ales, y los secretarios de Obras y Servicios P\u00fablicos, arquitecta Anabella Madue\u00f1a, y de Gobierno y Hacienda, Guillermo L\u00f6ffler.<br \/>\n\u00a0\u00a0\u00a0 \u201cEstamos muy contentos. Este es un gran anhelo de toda la localidad de Sierra de la Ventana. Es un proyecto que se comenz\u00f3 a trabajar hace m\u00e1s de dos d\u00e9cadas. Nosotros iniciamos la gesti\u00f3n municipal de la mano de Juan Vi\u00f1ales, del SPAR, aunque hab\u00eda comenzado durante el per\u00edodo de Gerardo Rattero en la intendencia, quien refrend\u00f3 el primer acuerdo para actualizar el proyecto existente. Hubo que cumplimentar una serie de tr\u00e1mites administrativos y el fruto de todo este trabajo hoy se est\u00e1 haciendo realidad. Esto nos asegura un desarrollo sostenible y amigable con el medio ambiente\u201d, recalc\u00f3 el jefe comunal.<br \/>\n\u00a0\u00a0 \u201cMuchos hablan de que se trata de una obra hist\u00f3rica, porque ven una localidad que viene creciendo sin parar en los \u00faltimos a\u00f1os, con un gran desarrollo tur\u00edstico, pero con los inconvenientes de tener que depender de los pozos de absorci\u00f3n, los drenajes y los antiguos pozos ciegos. Pasar a un sistema de red cloacal es mejorar el nivel de vida, y significa una gran inversi\u00f3n en salud y cuidar el medio ambiente\u201d, explic\u00f3.<br \/>\n\u00a0\u00a0 Dada la magnitud de la obra, que es una de las m\u00e1s grandes y complejas que se est\u00e1n ejecutando en la provincia de Buenos Aires, su desarrollo se plante\u00f3 en etapas. Recientemente se inici\u00f3 la primera fase, que comprende la ca\u00f1er\u00eda de impulsi\u00f3n desde la c\u00e1mara correspondiente hasta la planta de tratamiento de l\u00edquidos cloacales, ubicada a aproximadamente tres kil\u00f3metros de la planta urbana de Sierra de la Ventana.<br \/>\n\u00a0\u00a0 \u201cLa obra reviste una alta complejidad desde el punto de vista t\u00e9cnico. Desde el SPAR se realiz\u00f3 un gran trabajo para resolver los inconvenientes de la topograf\u00eda, debido a que se trata de un terreno muy complicado. Tanto el gobierno nacional como el provincial est\u00e1n demostrando que, por m\u00e1s dif\u00edciles que sean, las obras de todas maneras se realizan. Lo que importa es la salud de nuestra poblaci\u00f3n y por eso la obra se est\u00e1 concretando. Nos hace sentir\u00a0 orgullosos que nuestra presidenta Cristina Fern\u00e1ndez y nuestro gobernador Daniel Scioli tomen este tipo de decisiones hist\u00f3ricas para nuestra comunidad\u201d, afirm\u00f3 Trankels.<br \/>\n\u00a0\u00a0 \u201cEsta obra ser\u00eda imposible financiarla desde el erario municipal, por eso quiero agradecerle a los organismos provinciales y nacionales que se encuentran interviniendo en este sentido. Por ese motivo, quiero destacar el trabajo incansable de Juan Vi\u00f1ales y el equipo del SPAR, como tambi\u00e9n el apoyo permanente y la predisposici\u00f3n de Lucio Tamburo y el equipo del Ente Nacional de Obras H\u00eddricas y Saneamiento\u201d, se\u00f1al\u00f3.<br \/>\n\u00a0\u00a0 Adem\u00e1s de ser importante para la salud y el medio ambiente, la obra significar\u00e1 el comienzo de una nueva etapa de crecimiento y desarrollo para la localidad.<br \/>\n\u00a0\u00a0 \u201cSabemos que los tiempos no son los correctos, que se demoran, porque hay que cumplimentar distintos tr\u00e1mites y adecuaciones del proyecto, pero por fin estamos dando los primeros pasos y esperamos continuar para que esta obra sea una realidad\u201d, afirm\u00f3 Vi\u00f1ales, quien destac\u00f3 que el gobernador Scioli y el Ministro de Infraestructura bonaerense, Alejandro Arl\u00eda, le piden permanentemente que acompa\u00f1en y trabajen junto con los intendentes y las comunidades para que este tipo de obras se concreten.<br \/>\n\u00a0\u00a0 \u201cLos ingenieros trabajaron fuertemente para resolver los problemas t\u00e9cnicos. Es un compromiso fuerte. Esta obra ser\u00e1 financiada en un alto porcentaje por la Provincia y con ayuda de la Naci\u00f3n. Vamos a continuar hasta completarla al 100 por ciento. Demandar\u00e1 varios a\u00f1os, pero existe una firme decisi\u00f3n pol\u00edtica de Scioli, Arl\u00eda y Trankels\u201d, agreg\u00f3.<\/p>\n","protected":false},"excerpt":{"rendered":"<p>\u00a0Un importante anhelo de la comunidad de Sierra de la Ventana y la administraci\u00f3n municipal que comanda el intendente, licenciado Gustavo Trankels, empez\u00f3 a cristalizarse en los \u00faltimos d\u00edas: con los trabajos iniciales efectuados en la zona urbana y el predio donde se ubicar\u00e1 la planta tratadora de efluentes, comenz\u00f3 la construcci\u00f3n de la primera [&hellip;]<\/p>\n","protected":false},"author":1,"featured_media":0,"comment_status":"closed","ping_status":"open","sticky":false,"template":"","format":"standard","meta":{"footnotes":""},"categories":[51,52,53,64],"tags":[],"class_list":["post-10816","post","type-post","status-publish","format-standard","hentry","category-comunidad","category-destacadas","category-politica","category-videos-destacados"],"yoast_head":"<!-- This site is optimized with the Yoast SEO plugin v19.7.1 - https:\/\/yoast.com\/wordpress\/plugins\/seo\/ -->\n<title>COMENZO LA CONSTRUCCION DE LOS DESAGUES CLOACALES EN SIERRA DE LA VENTANA - CELTTV<\/title>\n<meta name=\"description\" content=\"Sitio web de noticias de la localidad de Tornquist, provincia de Buenos Aires, Rep\u00fablica Argentina. Contenido propio originado por periodistas de CELTTV, el canal de TV local de la Cooperativa El\u00e9ctrica de Tornquist. Turismo, Pol\u00edtica, Sociedad, Deporte, Cultura y todo el contenido de inter\u00e9s general que la gente del pueblo y la regi\u00f3n debe conocer.\" \/>\n<meta name=\"robots\" content=\"index, follow, max-snippet:-1, max-image-preview:large, max-video-preview:-1\" \/>\n<link rel=\"canonical\" href=\"https:\/\/www.celttv.com.ar\/index.php\/2013\/03\/26\/comenzo-la-construccion-de-los-desagues-cloacales-en-sierra-de-la-ventana\/\" \/>\n<meta property=\"og:locale\" content=\"es_ES\" \/>\n<meta property=\"og:type\" content=\"article\" \/>\n<meta property=\"og:title\" content=\"COMENZO LA CONSTRUCCION DE LOS DESAGUES CLOACALES EN SIERRA DE LA VENTANA - CELTTV\" \/>\n<meta property=\"og:description\" content=\"Sitio web de noticias de la localidad de Tornquist, provincia de Buenos Aires, Rep\u00fablica Argentina. Contenido propio originado por periodistas de CELTTV, el canal de TV local de la Cooperativa El\u00e9ctrica de Tornquist. Turismo, Pol\u00edtica, Sociedad, Deporte, Cultura y todo el contenido de inter\u00e9s general que la gente del pueblo y la regi\u00f3n debe conocer.\" \/>\n<meta property=\"og:url\" content=\"https:\/\/www.celttv.com.ar\/index.php\/2013\/03\/26\/comenzo-la-construccion-de-los-desagues-cloacales-en-sierra-de-la-ventana\/\" \/>\n<meta property=\"og:site_name\" content=\"CELTTV\" \/>\n<meta property=\"article:publisher\" content=\"https:\/\/www.facebook.com\/celtTV\/\" \/>\n<meta property=\"article:published_time\" content=\"2013-03-26T15:32:12+00:00\" \/>\n<meta name=\"author\" content=\"ulises\" \/>\n<meta name=\"twitter:card\" content=\"summary_large_image\" \/>\n<meta name=\"twitter:label1\" content=\"Escrito por\" \/>\n\t<meta name=\"twitter:data1\" content=\"ulises\" \/>\n\t<meta name=\"twitter:label2\" content=\"Tiempo de lectura\" \/>\n\t<meta name=\"twitter:data2\" content=\"4 minutos\" \/>\n<script type=\"application\/ld+json\" class=\"yoast-schema-graph\">{\"@context\":\"https:\/\/schema.org\",\"@graph\":[{\"@type\":\"NewsArticle\",\"@id\":\"https:\/\/www.celttv.com.ar\/index.php\/2013\/03\/26\/comenzo-la-construccion-de-los-desagues-cloacales-en-sierra-de-la-ventana\/#article\",\"isPartOf\":{\"@id\":\"https:\/\/www.celttv.com.ar\/index.php\/2013\/03\/26\/comenzo-la-construccion-de-los-desagues-cloacales-en-sierra-de-la-ventana\/\"},\"author\":{\"name\":\"ulises\",\"@id\":\"https:\/\/www.celttv.com.ar\/#\/schema\/person\/6d99c072dba59953809c81446e9d0ace\"},\"headline\":\"COMENZO LA CONSTRUCCION DE LOS DESAGUES CLOACALES EN SIERRA DE LA VENTANA\",\"datePublished\":\"2013-03-26T15:32:12+00:00\",\"dateModified\":\"2013-03-26T15:32:12+00:00\",\"mainEntityOfPage\":{\"@id\":\"https:\/\/www.celttv.com.ar\/index.php\/2013\/03\/26\/comenzo-la-construccion-de-los-desagues-cloacales-en-sierra-de-la-ventana\/\"},\"wordCount\":743,\"publisher\":{\"@id\":\"https:\/\/www.celttv.com.ar\/#organization\"},\"articleSection\":[\"Comunidad\",\"Destacadas\",\"Pol\u00edtica\",\"Videos Destacados\"],\"inLanguage\":\"es\"},{\"@type\":\"WebPage\",\"@id\":\"https:\/\/www.celttv.com.ar\/index.php\/2013\/03\/26\/comenzo-la-construccion-de-los-desagues-cloacales-en-sierra-de-la-ventana\/\",\"url\":\"https:\/\/www.celttv.com.ar\/index.php\/2013\/03\/26\/comenzo-la-construccion-de-los-desagues-cloacales-en-sierra-de-la-ventana\/\",\"name\":\"COMENZO LA CONSTRUCCION DE LOS DESAGUES CLOACALES EN SIERRA DE LA VENTANA - CELTTV\",\"isPartOf\":{\"@id\":\"https:\/\/www.celttv.com.ar\/#website\"},\"datePublished\":\"2013-03-26T15:32:12+00:00\",\"dateModified\":\"2013-03-26T15:32:12+00:00\",\"description\":\"Sitio web de noticias de la localidad de Tornquist, provincia de Buenos Aires, Rep\u00fablica Argentina. Contenido propio originado por periodistas de CELTTV, el canal de TV local de la Cooperativa El\u00e9ctrica de Tornquist. Turismo, Pol\u00edtica, Sociedad, Deporte, Cultura y todo el contenido de inter\u00e9s general que la gente del pueblo y la regi\u00f3n debe conocer.\",\"breadcrumb\":{\"@id\":\"https:\/\/www.celttv.com.ar\/index.php\/2013\/03\/26\/comenzo-la-construccion-de-los-desagues-cloacales-en-sierra-de-la-ventana\/#breadcrumb\"},\"inLanguage\":\"es\",\"potentialAction\":[{\"@type\":\"ReadAction\",\"target\":[\"https:\/\/www.celttv.com.ar\/index.php\/2013\/03\/26\/comenzo-la-construccion-de-los-desagues-cloacales-en-sierra-de-la-ventana\/\"]}]},{\"@type\":\"BreadcrumbList\",\"@id\":\"https:\/\/www.celttv.com.ar\/index.php\/2013\/03\/26\/comenzo-la-construccion-de-los-desagues-cloacales-en-sierra-de-la-ventana\/#breadcrumb\",\"itemListElement\":[{\"@type\":\"ListItem\",\"position\":1,\"name\":\"Inicio\",\"item\":\"https:\/\/www.celttv.com.ar\/\"},{\"@type\":\"ListItem\",\"position\":2,\"name\":\"COMENZO LA CONSTRUCCION DE LOS DESAGUES CLOACALES EN SIERRA DE LA VENTANA\"}]},{\"@type\":\"WebSite\",\"@id\":\"https:\/\/www.celttv.com.ar\/#website\",\"url\":\"https:\/\/www.celttv.com.ar\/\",\"name\":\"CELTTV\",\"description\":\"Cooperativa El\u00e9ctrica de Tornquist\",\"publisher\":{\"@id\":\"https:\/\/www.celttv.com.ar\/#organization\"},\"potentialAction\":[{\"@type\":\"SearchAction\",\"target\":{\"@type\":\"EntryPoint\",\"urlTemplate\":\"https:\/\/www.celttv.com.ar\/?s={search_term_string}\"},\"query-input\":\"required name=search_term_string\"}],\"inLanguage\":\"es\"},{\"@type\":\"Organization\",\"@id\":\"https:\/\/www.celttv.com.ar\/#organization\",\"name\":\"CELTTV\",\"url\":\"https:\/\/www.celttv.com.ar\/\",\"sameAs\":[\"https:\/\/www.youtube.com\/channel\/UCz_oIt8Hig64Ub-EmcNPIhg\",\"https:\/\/www.facebook.com\/celtTV\/\"],\"logo\":{\"@type\":\"ImageObject\",\"inLanguage\":\"es\",\"@id\":\"https:\/\/www.celttv.com.ar\/#\/schema\/logo\/image\/\",\"url\":\"http:\/\/www.celttv.com.ar\/wp-content\/uploads\/2022\/08\/logo-1.png\",\"contentUrl\":\"http:\/\/www.celttv.com.ar\/wp-content\/uploads\/2022\/08\/logo-1.png\",\"width\":461,\"height\":159,\"caption\":\"CELTTV\"},\"image\":{\"@id\":\"https:\/\/www.celttv.com.ar\/#\/schema\/logo\/image\/\"}},{\"@type\":\"Person\",\"@id\":\"https:\/\/www.celttv.com.ar\/#\/schema\/person\/6d99c072dba59953809c81446e9d0ace\",\"name\":\"ulises\",\"image\":{\"@type\":\"ImageObject\",\"inLanguage\":\"es\",\"@id\":\"https:\/\/www.celttv.com.ar\/#\/schema\/person\/image\/\",\"url\":\"https:\/\/secure.gravatar.com\/avatar\/7f2c48bdc33b30088f941fb6082e555f2874c98e20cb159d7b92b50eadfce793?s=96&d=mm&r=g\",\"contentUrl\":\"https:\/\/secure.gravatar.com\/avatar\/7f2c48bdc33b30088f941fb6082e555f2874c98e20cb159d7b92b50eadfce793?s=96&d=mm&r=g\",\"caption\":\"ulises\"},\"sameAs\":[\"http:\/\/www.celttv.com.ar\"]}]}<\/script>\n<!-- \/ Yoast SEO plugin. -->","yoast_head_json":{"title":"COMENZO LA CONSTRUCCION DE LOS DESAGUES CLOACALES EN SIERRA DE LA VENTANA - CELTTV","description":"Sitio web de noticias de la localidad de Tornquist, provincia de Buenos Aires, Rep\u00fablica Argentina. Contenido propio originado por periodistas de CELTTV, el canal de TV local de la Cooperativa El\u00e9ctrica de Tornquist. Turismo, Pol\u00edtica, Sociedad, Deporte, Cultura y todo el contenido de inter\u00e9s general que la gente del pueblo y la regi\u00f3n debe conocer.","robots":{"index":"index","follow":"follow","max-snippet":"max-snippet:-1","max-image-preview":"max-image-preview:large","max-video-preview":"max-video-preview:-1"},"canonical":"https:\/\/www.celttv.com.ar\/index.php\/2013\/03\/26\/comenzo-la-construccion-de-los-desagues-cloacales-en-sierra-de-la-ventana\/","og_locale":"es_ES","og_type":"article","og_title":"COMENZO LA CONSTRUCCION DE LOS DESAGUES CLOACALES EN SIERRA DE LA VENTANA - CELTTV","og_description":"Sitio web de noticias de la localidad de Tornquist, provincia de Buenos Aires, Rep\u00fablica Argentina. Contenido propio originado por periodistas de CELTTV, el canal de TV local de la Cooperativa El\u00e9ctrica de Tornquist. Turismo, Pol\u00edtica, Sociedad, Deporte, Cultura y todo el contenido de inter\u00e9s general que la gente del pueblo y la regi\u00f3n debe conocer.","og_url":"https:\/\/www.celttv.com.ar\/index.php\/2013\/03\/26\/comenzo-la-construccion-de-los-desagues-cloacales-en-sierra-de-la-ventana\/","og_site_name":"CELTTV","article_publisher":"https:\/\/www.facebook.com\/celtTV\/","article_published_time":"2013-03-26T15:32:12+00:00","author":"ulises","twitter_card":"summary_large_image","twitter_misc":{"Escrito por":"ulises","Tiempo de lectura":"4 minutos"},"schema":{"@context":"https:\/\/schema.org","@graph":[{"@type":"NewsArticle","@id":"https:\/\/www.celttv.com.ar\/index.php\/2013\/03\/26\/comenzo-la-construccion-de-los-desagues-cloacales-en-sierra-de-la-ventana\/#article","isPartOf":{"@id":"https:\/\/www.celttv.com.ar\/index.php\/2013\/03\/26\/comenzo-la-construccion-de-los-desagues-cloacales-en-sierra-de-la-ventana\/"},"author":{"name":"ulises","@id":"https:\/\/www.celttv.com.ar\/#\/schema\/person\/6d99c072dba59953809c81446e9d0ace"},"headline":"COMENZO LA CONSTRUCCION DE LOS DESAGUES CLOACALES EN SIERRA DE LA VENTANA","datePublished":"2013-03-26T15:32:12+00:00","dateModified":"2013-03-26T15:32:12+00:00","mainEntityOfPage":{"@id":"https:\/\/www.celttv.com.ar\/index.php\/2013\/03\/26\/comenzo-la-construccion-de-los-desagues-cloacales-en-sierra-de-la-ventana\/"},"wordCount":743,"publisher":{"@id":"https:\/\/www.celttv.com.ar\/#organization"},"articleSection":["Comunidad","Destacadas","Pol\u00edtica","Videos Destacados"],"inLanguage":"es"},{"@type":"WebPage","@id":"https:\/\/www.celttv.com.ar\/index.php\/2013\/03\/26\/comenzo-la-construccion-de-los-desagues-cloacales-en-sierra-de-la-ventana\/","url":"https:\/\/www.celttv.com.ar\/index.php\/2013\/03\/26\/comenzo-la-construccion-de-los-desagues-cloacales-en-sierra-de-la-ventana\/","name":"COMENZO LA CONSTRUCCION DE LOS DESAGUES CLOACALES EN SIERRA DE LA VENTANA - CELTTV","isPartOf":{"@id":"https:\/\/www.celttv.com.ar\/#website"},"datePublished":"2013-03-26T15:32:12+00:00","dateModified":"2013-03-26T15:32:12+00:00","description":"Sitio web de noticias de la localidad de Tornquist, provincia de Buenos Aires, Rep\u00fablica Argentina. Contenido propio originado por periodistas de CELTTV, el canal de TV local de la Cooperativa El\u00e9ctrica de Tornquist. Turismo, Pol\u00edtica, Sociedad, Deporte, Cultura y todo el contenido de inter\u00e9s general que la gente del pueblo y la regi\u00f3n debe conocer.","breadcrumb":{"@id":"https:\/\/www.celttv.com.ar\/index.php\/2013\/03\/26\/comenzo-la-construccion-de-los-desagues-cloacales-en-sierra-de-la-ventana\/#breadcrumb"},"inLanguage":"es","potentialAction":[{"@type":"ReadAction","target":["https:\/\/www.celttv.com.ar\/index.php\/2013\/03\/26\/comenzo-la-construccion-de-los-desagues-cloacales-en-sierra-de-la-ventana\/"]}]},{"@type":"BreadcrumbList","@id":"https:\/\/www.celttv.com.ar\/index.php\/2013\/03\/26\/comenzo-la-construccion-de-los-desagues-cloacales-en-sierra-de-la-ventana\/#breadcrumb","itemListElement":[{"@type":"ListItem","position":1,"name":"Inicio","item":"https:\/\/www.celttv.com.ar\/"},{"@type":"ListItem","position":2,"name":"COMENZO LA CONSTRUCCION DE LOS DESAGUES CLOACALES EN SIERRA DE LA VENTANA"}]},{"@type":"WebSite","@id":"https:\/\/www.celttv.com.ar\/#website","url":"https:\/\/www.celttv.com.ar\/","name":"CELTTV","description":"Cooperativa El\u00e9ctrica de Tornquist","publisher":{"@id":"https:\/\/www.celttv.com.ar\/#organization"},"potentialAction":[{"@type":"SearchAction","target":{"@type":"EntryPoint","urlTemplate":"https:\/\/www.celttv.com.ar\/?s={search_term_string}"},"query-input":"required name=search_term_string"}],"inLanguage":"es"},{"@type":"Organization","@id":"https:\/\/www.celttv.com.ar\/#organization","name":"CELTTV","url":"https:\/\/www.celttv.com.ar\/","sameAs":["https:\/\/www.youtube.com\/channel\/UCz_oIt8Hig64Ub-EmcNPIhg","https:\/\/www.facebook.com\/celtTV\/"],"logo":{"@type":"ImageObject","inLanguage":"es","@id":"https:\/\/www.celttv.com.ar\/#\/schema\/logo\/image\/","url":"http:\/\/www.celttv.com.ar\/wp-content\/uploads\/2022\/08\/logo-1.png","contentUrl":"http:\/\/www.celttv.com.ar\/wp-content\/uploads\/2022\/08\/logo-1.png","width":461,"height":159,"caption":"CELTTV"},"image":{"@id":"https:\/\/www.celttv.com.ar\/#\/schema\/logo\/image\/"}},{"@type":"Person","@id":"https:\/\/www.celttv.com.ar\/#\/schema\/person\/6d99c072dba59953809c81446e9d0ace","name":"ulises","image":{"@type":"ImageObject","inLanguage":"es","@id":"https:\/\/www.celttv.com.ar\/#\/schema\/person\/image\/","url":"https:\/\/secure.gravatar.com\/avatar\/7f2c48bdc33b30088f941fb6082e555f2874c98e20cb159d7b92b50eadfce793?s=96&d=mm&r=g","contentUrl":"https:\/\/secure.gravatar.com\/avatar\/7f2c48bdc33b30088f941fb6082e555f2874c98e20cb159d7b92b50eadfce793?s=96&d=mm&r=g","caption":"ulises"},"sameAs":["http:\/\/www.celttv.com.ar"]}]}},"_links":{"self":[{"href":"https:\/\/www.celttv.com.ar\/index.php\/wp-json\/wp\/v2\/posts\/10816","targetHints":{"allow":["GET"]}}],"collection":[{"href":"https:\/\/www.celttv.com.ar\/index.php\/wp-json\/wp\/v2\/posts"}],"about":[{"href":"https:\/\/www.celttv.com.ar\/index.php\/wp-json\/wp\/v2\/types\/post"}],"author":[{"embeddable":true,"href":"https:\/\/www.celttv.com.ar\/index.php\/wp-json\/wp\/v2\/users\/1"}],"replies":[{"embeddable":true,"href":"https:\/\/www.celttv.com.ar\/index.php\/wp-json\/wp\/v2\/comments?post=10816"}],"version-history":[{"count":0,"href":"https:\/\/www.celttv.com.ar\/index.php\/wp-json\/wp\/v2\/posts\/10816\/revisions"}],"wp:attachment":[{"href":"https:\/\/www.celttv.com.ar\/index.php\/wp-json\/wp\/v2\/media?parent=10816"}],"wp:term":[{"taxonomy":"category","embeddable":true,"href":"https:\/\/www.celttv.com.ar\/index.php\/wp-json\/wp\/v2\/categories?post=10816"},{"taxonomy":"post_tag","embeddable":true,"href":"https:\/\/www.celttv.com.ar\/index.php\/wp-json\/wp\/v2\/tags?post=10816"}],"curies":[{"name":"wp","href":"https:\/\/api.w.org\/{rel}","templated":true}]}}