{"id":10824,"date":"2013-03-26T22:33:43","date_gmt":"2013-03-26T22:33:43","guid":{"rendered":"http:\/\/www.tvcnoticias.com.ar\/?p=10824"},"modified":"2013-03-26T22:33:43","modified_gmt":"2013-03-26T22:33:43","slug":"automoto-estaba-para-el-empate-pero-la-lluvia-hizo-que-se-suspendiera-video-compacto-con-imagenes-de-reserva","status":"publish","type":"post","link":"https:\/\/www.celttv.com.ar\/index.php\/2013\/03\/26\/automoto-estaba-para-el-empate-pero-la-lluvia-hizo-que-se-suspendiera-video-compacto-con-imagenes-de-reserva\/","title":{"rendered":"AUTOMOTO ESTABA PARA EL EMPATE PERO LA LLUVIA HIZO QUE SE SUSPENDIERA (Video compacto con im\u00e1genes de reserva)"},"content":{"rendered":"<p><a href=\"http:\/\/www.youtube.com\/watch?v=Rze1R95IdMA\">httpv:\/\/www.youtube.com\/watch?v=Rze1R95IdMA<\/a><br \/>\n<a href=\"http:\/\/www.youtube.com\/watch?v=ycPqnuWUY4U\">httpv:\/\/www.youtube.com\/watch?v=ycPqnuWUY4U<\/a><br \/>\nLa lluvia torrencial que se desat\u00f3 esta tarde no dejo terminar los encuentros que disputaban los elencos de Tornquist en la segunda programaci\u00f3n de la Liga Regional de F\u00fatbol.<br \/>\nEn nuestra ciudad y mas precisamente en el estadio Juan Jos\u00e9 Bolletta del Club Uni\u00f3n, Automoto ca\u00eda por 2 a 1 ante Tiro Federal de Puan. La visita era quien se pon\u00eda en ventaja cuando solo se jugaban tres minutos de partido cuando C\u00e9sar Atler era derribado en el \u00e1rea y Danilo Rausch cambiaba el penal por gol que fue ejecutado a la izquierda de Gatti cuando el pig\u00fcense eleg\u00eda el otro palo. Tracenelli pudo aumentar a los siete pero fall\u00f3 en la definici\u00f3n y luego llegar\u00edan dos para Automoto una por intermedio de Gigliotti y la otra de Salas pero sin destino de red. El &#8220;t\u00e1rtaro&#8221; continuaba dominando las acciones pero no aumentaba la diferencia ni por Tracenelli ni por Lafitte que fallaban sus intentos. A los 40 minutos la mas clara del azulgrana en la primera etapa por intermedio de Pulgar que encontr\u00f3 bien parado a Stork luego de una cabezazo.\u00a0<br \/>\nCuando se cerraban los primeros 45 (iban 43 de juego), Maximiliano Laffite sac\u00f3 un zapatazo cruzado que venci\u00f3 al uno local y estableci\u00f3 el 2 a 0 parcial. En el complemento solo tres cosas para destacar: el gol de Franco Pulgar mediante cabeza luego de una buena jugada de Salas y Bilbao por derecha, las ganas de Automoto de igualarlo y la lluvia torrencial que incluy\u00f3 algo de granizo, truenos y rayos lo que hizo suspender el encuentro a los 17 minutos de esa etapa. Cuando los relojes marcaban las 17:48 horas, el \u00e1rbitro Ger\u00f3nimo Gallo suspendio de manera oficial el partido que finaliz\u00f3 2 a 1 a favor de los dirigidos por Dario Larrondo.<br \/>\nEn reserva fue victoria local gracias a las conquistas de Diego Bonamino y Juli\u00e1n Fretes.<\/p>\n","protected":false},"excerpt":{"rendered":"<p>httpv:\/\/www.youtube.com\/watch?v=Rze1R95IdMA httpv:\/\/www.youtube.com\/watch?v=ycPqnuWUY4U La lluvia torrencial que se desat\u00f3 esta tarde no dejo terminar los encuentros que disputaban los elencos de Tornquist en la segunda programaci\u00f3n de la Liga Regional de F\u00fatbol. En nuestra ciudad y mas precisamente en el estadio Juan Jos\u00e9 Bolletta del Club Uni\u00f3n, Automoto ca\u00eda por 2 a 1 ante Tiro Federal [&hellip;]<\/p>\n","protected":false},"author":1,"featured_media":0,"comment_status":"closed","ping_status":"open","sticky":false,"template":"","format":"standard","meta":{"footnotes":""},"categories":[60,52,64],"tags":[],"class_list":["post-10824","post","type-post","status-publish","format-standard","hentry","category-deporte","category-destacadas","category-videos-destacados"],"yoast_head":"<!-- This site is optimized with the Yoast SEO plugin v19.7.1 - https:\/\/yoast.com\/wordpress\/plugins\/seo\/ -->\n<title>AUTOMOTO ESTABA PARA EL EMPATE PERO LA LLUVIA HIZO QUE SE SUSPENDIERA (Video compacto con im\u00e1genes de reserva) - CELTTV<\/title>\n<meta name=\"description\" content=\"Sitio web de noticias de la localidad de Tornquist, provincia de Buenos Aires, Rep\u00fablica Argentina. Contenido propio originado por periodistas de CELTTV, el canal de TV local de la Cooperativa El\u00e9ctrica de Tornquist. Turismo, Pol\u00edtica, Sociedad, Deporte, Cultura y todo el contenido de inter\u00e9s general que la gente del pueblo y la regi\u00f3n debe conocer.\" \/>\n<meta name=\"robots\" content=\"index, follow, max-snippet:-1, max-image-preview:large, max-video-preview:-1\" \/>\n<link rel=\"canonical\" href=\"https:\/\/www.celttv.com.ar\/index.php\/2013\/03\/26\/automoto-estaba-para-el-empate-pero-la-lluvia-hizo-que-se-suspendiera-video-compacto-con-imagenes-de-reserva\/\" \/>\n<meta property=\"og:locale\" content=\"es_ES\" \/>\n<meta property=\"og:type\" content=\"article\" \/>\n<meta property=\"og:title\" content=\"AUTOMOTO ESTABA PARA EL EMPATE PERO LA LLUVIA HIZO QUE SE SUSPENDIERA (Video compacto con im\u00e1genes de reserva) - CELTTV\" \/>\n<meta property=\"og:description\" content=\"Sitio web de noticias de la localidad de Tornquist, provincia de Buenos Aires, Rep\u00fablica Argentina. Contenido propio originado por periodistas de CELTTV, el canal de TV local de la Cooperativa El\u00e9ctrica de Tornquist. Turismo, Pol\u00edtica, Sociedad, Deporte, Cultura y todo el contenido de inter\u00e9s general que la gente del pueblo y la regi\u00f3n debe conocer.\" \/>\n<meta property=\"og:url\" content=\"https:\/\/www.celttv.com.ar\/index.php\/2013\/03\/26\/automoto-estaba-para-el-empate-pero-la-lluvia-hizo-que-se-suspendiera-video-compacto-con-imagenes-de-reserva\/\" \/>\n<meta property=\"og:site_name\" content=\"CELTTV\" \/>\n<meta property=\"article:publisher\" content=\"https:\/\/www.facebook.com\/celtTV\/\" \/>\n<meta property=\"article:published_time\" content=\"2013-03-26T22:33:43+00:00\" \/>\n<meta name=\"author\" content=\"ulises\" \/>\n<meta name=\"twitter:card\" content=\"summary_large_image\" \/>\n<meta name=\"twitter:label1\" content=\"Escrito por\" \/>\n\t<meta name=\"twitter:data1\" content=\"ulises\" \/>\n\t<meta name=\"twitter:label2\" content=\"Tiempo de lectura\" \/>\n\t<meta name=\"twitter:data2\" content=\"2 minutos\" \/>\n<script type=\"application\/ld+json\" class=\"yoast-schema-graph\">{\"@context\":\"https:\/\/schema.org\",\"@graph\":[{\"@type\":\"NewsArticle\",\"@id\":\"https:\/\/www.celttv.com.ar\/index.php\/2013\/03\/26\/automoto-estaba-para-el-empate-pero-la-lluvia-hizo-que-se-suspendiera-video-compacto-con-imagenes-de-reserva\/#article\",\"isPartOf\":{\"@id\":\"https:\/\/www.celttv.com.ar\/index.php\/2013\/03\/26\/automoto-estaba-para-el-empate-pero-la-lluvia-hizo-que-se-suspendiera-video-compacto-con-imagenes-de-reserva\/\"},\"author\":{\"name\":\"ulises\",\"@id\":\"https:\/\/www.celttv.com.ar\/#\/schema\/person\/6d99c072dba59953809c81446e9d0ace\"},\"headline\":\"AUTOMOTO ESTABA PARA EL EMPATE PERO LA LLUVIA HIZO QUE SE SUSPENDIERA (Video compacto con im\u00e1genes de reserva)\",\"datePublished\":\"2013-03-26T22:33:43+00:00\",\"dateModified\":\"2013-03-26T22:33:43+00:00\",\"mainEntityOfPage\":{\"@id\":\"https:\/\/www.celttv.com.ar\/index.php\/2013\/03\/26\/automoto-estaba-para-el-empate-pero-la-lluvia-hizo-que-se-suspendiera-video-compacto-con-imagenes-de-reserva\/\"},\"wordCount\":350,\"publisher\":{\"@id\":\"https:\/\/www.celttv.com.ar\/#organization\"},\"articleSection\":[\"Deporte\",\"Destacadas\",\"Videos Destacados\"],\"inLanguage\":\"es\"},{\"@type\":\"WebPage\",\"@id\":\"https:\/\/www.celttv.com.ar\/index.php\/2013\/03\/26\/automoto-estaba-para-el-empate-pero-la-lluvia-hizo-que-se-suspendiera-video-compacto-con-imagenes-de-reserva\/\",\"url\":\"https:\/\/www.celttv.com.ar\/index.php\/2013\/03\/26\/automoto-estaba-para-el-empate-pero-la-lluvia-hizo-que-se-suspendiera-video-compacto-con-imagenes-de-reserva\/\",\"name\":\"AUTOMOTO ESTABA PARA EL EMPATE PERO LA LLUVIA HIZO QUE SE SUSPENDIERA (Video compacto con im\u00e1genes de reserva) - CELTTV\",\"isPartOf\":{\"@id\":\"https:\/\/www.celttv.com.ar\/#website\"},\"datePublished\":\"2013-03-26T22:33:43+00:00\",\"dateModified\":\"2013-03-26T22:33:43+00:00\",\"description\":\"Sitio web de noticias de la localidad de Tornquist, provincia de Buenos Aires, Rep\u00fablica Argentina. Contenido propio originado por periodistas de CELTTV, el canal de TV local de la Cooperativa El\u00e9ctrica de Tornquist. Turismo, Pol\u00edtica, Sociedad, Deporte, Cultura y todo el contenido de inter\u00e9s general que la gente del pueblo y la regi\u00f3n debe conocer.\",\"breadcrumb\":{\"@id\":\"https:\/\/www.celttv.com.ar\/index.php\/2013\/03\/26\/automoto-estaba-para-el-empate-pero-la-lluvia-hizo-que-se-suspendiera-video-compacto-con-imagenes-de-reserva\/#breadcrumb\"},\"inLanguage\":\"es\",\"potentialAction\":[{\"@type\":\"ReadAction\",\"target\":[\"https:\/\/www.celttv.com.ar\/index.php\/2013\/03\/26\/automoto-estaba-para-el-empate-pero-la-lluvia-hizo-que-se-suspendiera-video-compacto-con-imagenes-de-reserva\/\"]}]},{\"@type\":\"BreadcrumbList\",\"@id\":\"https:\/\/www.celttv.com.ar\/index.php\/2013\/03\/26\/automoto-estaba-para-el-empate-pero-la-lluvia-hizo-que-se-suspendiera-video-compacto-con-imagenes-de-reserva\/#breadcrumb\",\"itemListElement\":[{\"@type\":\"ListItem\",\"position\":1,\"name\":\"Inicio\",\"item\":\"https:\/\/www.celttv.com.ar\/\"},{\"@type\":\"ListItem\",\"position\":2,\"name\":\"AUTOMOTO ESTABA PARA EL EMPATE PERO LA LLUVIA HIZO QUE SE SUSPENDIERA (Video compacto con im\u00e1genes de reserva)\"}]},{\"@type\":\"WebSite\",\"@id\":\"https:\/\/www.celttv.com.ar\/#website\",\"url\":\"https:\/\/www.celttv.com.ar\/\",\"name\":\"CELTTV\",\"description\":\"Cooperativa El\u00e9ctrica de Tornquist\",\"publisher\":{\"@id\":\"https:\/\/www.celttv.com.ar\/#organization\"},\"potentialAction\":[{\"@type\":\"SearchAction\",\"target\":{\"@type\":\"EntryPoint\",\"urlTemplate\":\"https:\/\/www.celttv.com.ar\/?s={search_term_string}\"},\"query-input\":\"required name=search_term_string\"}],\"inLanguage\":\"es\"},{\"@type\":\"Organization\",\"@id\":\"https:\/\/www.celttv.com.ar\/#organization\",\"name\":\"CELTTV\",\"url\":\"https:\/\/www.celttv.com.ar\/\",\"sameAs\":[\"https:\/\/www.youtube.com\/channel\/UCz_oIt8Hig64Ub-EmcNPIhg\",\"https:\/\/www.facebook.com\/celtTV\/\"],\"logo\":{\"@type\":\"ImageObject\",\"inLanguage\":\"es\",\"@id\":\"https:\/\/www.celttv.com.ar\/#\/schema\/logo\/image\/\",\"url\":\"http:\/\/www.celttv.com.ar\/wp-content\/uploads\/2022\/08\/logo-1.png\",\"contentUrl\":\"http:\/\/www.celttv.com.ar\/wp-content\/uploads\/2022\/08\/logo-1.png\",\"width\":461,\"height\":159,\"caption\":\"CELTTV\"},\"image\":{\"@id\":\"https:\/\/www.celttv.com.ar\/#\/schema\/logo\/image\/\"}},{\"@type\":\"Person\",\"@id\":\"https:\/\/www.celttv.com.ar\/#\/schema\/person\/6d99c072dba59953809c81446e9d0ace\",\"name\":\"ulises\",\"image\":{\"@type\":\"ImageObject\",\"inLanguage\":\"es\",\"@id\":\"https:\/\/www.celttv.com.ar\/#\/schema\/person\/image\/\",\"url\":\"https:\/\/secure.gravatar.com\/avatar\/7f2c48bdc33b30088f941fb6082e555f2874c98e20cb159d7b92b50eadfce793?s=96&d=mm&r=g\",\"contentUrl\":\"https:\/\/secure.gravatar.com\/avatar\/7f2c48bdc33b30088f941fb6082e555f2874c98e20cb159d7b92b50eadfce793?s=96&d=mm&r=g\",\"caption\":\"ulises\"},\"sameAs\":[\"http:\/\/www.celttv.com.ar\"]}]}<\/script>\n<!-- \/ Yoast SEO plugin. -->","yoast_head_json":{"title":"AUTOMOTO ESTABA PARA EL EMPATE PERO LA LLUVIA HIZO QUE SE SUSPENDIERA (Video compacto con im\u00e1genes de reserva) - CELTTV","description":"Sitio web de noticias de la localidad de Tornquist, provincia de Buenos Aires, Rep\u00fablica Argentina. Contenido propio originado por periodistas de CELTTV, el canal de TV local de la Cooperativa El\u00e9ctrica de Tornquist. Turismo, Pol\u00edtica, Sociedad, Deporte, Cultura y todo el contenido de inter\u00e9s general que la gente del pueblo y la regi\u00f3n debe conocer.","robots":{"index":"index","follow":"follow","max-snippet":"max-snippet:-1","max-image-preview":"max-image-preview:large","max-video-preview":"max-video-preview:-1"},"canonical":"https:\/\/www.celttv.com.ar\/index.php\/2013\/03\/26\/automoto-estaba-para-el-empate-pero-la-lluvia-hizo-que-se-suspendiera-video-compacto-con-imagenes-de-reserva\/","og_locale":"es_ES","og_type":"article","og_title":"AUTOMOTO ESTABA PARA EL EMPATE PERO LA LLUVIA HIZO QUE SE SUSPENDIERA (Video compacto con im\u00e1genes de reserva) - CELTTV","og_description":"Sitio web de noticias de la localidad de Tornquist, provincia de Buenos Aires, Rep\u00fablica Argentina. Contenido propio originado por periodistas de CELTTV, el canal de TV local de la Cooperativa El\u00e9ctrica de Tornquist. Turismo, Pol\u00edtica, Sociedad, Deporte, Cultura y todo el contenido de inter\u00e9s general que la gente del pueblo y la regi\u00f3n debe conocer.","og_url":"https:\/\/www.celttv.com.ar\/index.php\/2013\/03\/26\/automoto-estaba-para-el-empate-pero-la-lluvia-hizo-que-se-suspendiera-video-compacto-con-imagenes-de-reserva\/","og_site_name":"CELTTV","article_publisher":"https:\/\/www.facebook.com\/celtTV\/","article_published_time":"2013-03-26T22:33:43+00:00","author":"ulises","twitter_card":"summary_large_image","twitter_misc":{"Escrito por":"ulises","Tiempo de lectura":"2 minutos"},"schema":{"@context":"https:\/\/schema.org","@graph":[{"@type":"NewsArticle","@id":"https:\/\/www.celttv.com.ar\/index.php\/2013\/03\/26\/automoto-estaba-para-el-empate-pero-la-lluvia-hizo-que-se-suspendiera-video-compacto-con-imagenes-de-reserva\/#article","isPartOf":{"@id":"https:\/\/www.celttv.com.ar\/index.php\/2013\/03\/26\/automoto-estaba-para-el-empate-pero-la-lluvia-hizo-que-se-suspendiera-video-compacto-con-imagenes-de-reserva\/"},"author":{"name":"ulises","@id":"https:\/\/www.celttv.com.ar\/#\/schema\/person\/6d99c072dba59953809c81446e9d0ace"},"headline":"AUTOMOTO ESTABA PARA EL EMPATE PERO LA LLUVIA HIZO QUE SE SUSPENDIERA (Video compacto con im\u00e1genes de reserva)","datePublished":"2013-03-26T22:33:43+00:00","dateModified":"2013-03-26T22:33:43+00:00","mainEntityOfPage":{"@id":"https:\/\/www.celttv.com.ar\/index.php\/2013\/03\/26\/automoto-estaba-para-el-empate-pero-la-lluvia-hizo-que-se-suspendiera-video-compacto-con-imagenes-de-reserva\/"},"wordCount":350,"publisher":{"@id":"https:\/\/www.celttv.com.ar\/#organization"},"articleSection":["Deporte","Destacadas","Videos Destacados"],"inLanguage":"es"},{"@type":"WebPage","@id":"https:\/\/www.celttv.com.ar\/index.php\/2013\/03\/26\/automoto-estaba-para-el-empate-pero-la-lluvia-hizo-que-se-suspendiera-video-compacto-con-imagenes-de-reserva\/","url":"https:\/\/www.celttv.com.ar\/index.php\/2013\/03\/26\/automoto-estaba-para-el-empate-pero-la-lluvia-hizo-que-se-suspendiera-video-compacto-con-imagenes-de-reserva\/","name":"AUTOMOTO ESTABA PARA EL EMPATE PERO LA LLUVIA HIZO QUE SE SUSPENDIERA (Video compacto con im\u00e1genes de reserva) - CELTTV","isPartOf":{"@id":"https:\/\/www.celttv.com.ar\/#website"},"datePublished":"2013-03-26T22:33:43+00:00","dateModified":"2013-03-26T22:33:43+00:00","description":"Sitio web de noticias de la localidad de Tornquist, provincia de Buenos Aires, Rep\u00fablica Argentina. Contenido propio originado por periodistas de CELTTV, el canal de TV local de la Cooperativa El\u00e9ctrica de Tornquist. Turismo, Pol\u00edtica, Sociedad, Deporte, Cultura y todo el contenido de inter\u00e9s general que la gente del pueblo y la regi\u00f3n debe conocer.","breadcrumb":{"@id":"https:\/\/www.celttv.com.ar\/index.php\/2013\/03\/26\/automoto-estaba-para-el-empate-pero-la-lluvia-hizo-que-se-suspendiera-video-compacto-con-imagenes-de-reserva\/#breadcrumb"},"inLanguage":"es","potentialAction":[{"@type":"ReadAction","target":["https:\/\/www.celttv.com.ar\/index.php\/2013\/03\/26\/automoto-estaba-para-el-empate-pero-la-lluvia-hizo-que-se-suspendiera-video-compacto-con-imagenes-de-reserva\/"]}]},{"@type":"BreadcrumbList","@id":"https:\/\/www.celttv.com.ar\/index.php\/2013\/03\/26\/automoto-estaba-para-el-empate-pero-la-lluvia-hizo-que-se-suspendiera-video-compacto-con-imagenes-de-reserva\/#breadcrumb","itemListElement":[{"@type":"ListItem","position":1,"name":"Inicio","item":"https:\/\/www.celttv.com.ar\/"},{"@type":"ListItem","position":2,"name":"AUTOMOTO ESTABA PARA EL EMPATE PERO LA LLUVIA HIZO QUE SE SUSPENDIERA (Video compacto con im\u00e1genes de reserva)"}]},{"@type":"WebSite","@id":"https:\/\/www.celttv.com.ar\/#website","url":"https:\/\/www.celttv.com.ar\/","name":"CELTTV","description":"Cooperativa El\u00e9ctrica de Tornquist","publisher":{"@id":"https:\/\/www.celttv.com.ar\/#organization"},"potentialAction":[{"@type":"SearchAction","target":{"@type":"EntryPoint","urlTemplate":"https:\/\/www.celttv.com.ar\/?s={search_term_string}"},"query-input":"required name=search_term_string"}],"inLanguage":"es"},{"@type":"Organization","@id":"https:\/\/www.celttv.com.ar\/#organization","name":"CELTTV","url":"https:\/\/www.celttv.com.ar\/","sameAs":["https:\/\/www.youtube.com\/channel\/UCz_oIt8Hig64Ub-EmcNPIhg","https:\/\/www.facebook.com\/celtTV\/"],"logo":{"@type":"ImageObject","inLanguage":"es","@id":"https:\/\/www.celttv.com.ar\/#\/schema\/logo\/image\/","url":"http:\/\/www.celttv.com.ar\/wp-content\/uploads\/2022\/08\/logo-1.png","contentUrl":"http:\/\/www.celttv.com.ar\/wp-content\/uploads\/2022\/08\/logo-1.png","width":461,"height":159,"caption":"CELTTV"},"image":{"@id":"https:\/\/www.celttv.com.ar\/#\/schema\/logo\/image\/"}},{"@type":"Person","@id":"https:\/\/www.celttv.com.ar\/#\/schema\/person\/6d99c072dba59953809c81446e9d0ace","name":"ulises","image":{"@type":"ImageObject","inLanguage":"es","@id":"https:\/\/www.celttv.com.ar\/#\/schema\/person\/image\/","url":"https:\/\/secure.gravatar.com\/avatar\/7f2c48bdc33b30088f941fb6082e555f2874c98e20cb159d7b92b50eadfce793?s=96&d=mm&r=g","contentUrl":"https:\/\/secure.gravatar.com\/avatar\/7f2c48bdc33b30088f941fb6082e555f2874c98e20cb159d7b92b50eadfce793?s=96&d=mm&r=g","caption":"ulises"},"sameAs":["http:\/\/www.celttv.com.ar"]}]}},"_links":{"self":[{"href":"https:\/\/www.celttv.com.ar\/index.php\/wp-json\/wp\/v2\/posts\/10824","targetHints":{"allow":["GET"]}}],"collection":[{"href":"https:\/\/www.celttv.com.ar\/index.php\/wp-json\/wp\/v2\/posts"}],"about":[{"href":"https:\/\/www.celttv.com.ar\/index.php\/wp-json\/wp\/v2\/types\/post"}],"author":[{"embeddable":true,"href":"https:\/\/www.celttv.com.ar\/index.php\/wp-json\/wp\/v2\/users\/1"}],"replies":[{"embeddable":true,"href":"https:\/\/www.celttv.com.ar\/index.php\/wp-json\/wp\/v2\/comments?post=10824"}],"version-history":[{"count":0,"href":"https:\/\/www.celttv.com.ar\/index.php\/wp-json\/wp\/v2\/posts\/10824\/revisions"}],"wp:attachment":[{"href":"https:\/\/www.celttv.com.ar\/index.php\/wp-json\/wp\/v2\/media?parent=10824"}],"wp:term":[{"taxonomy":"category","embeddable":true,"href":"https:\/\/www.celttv.com.ar\/index.php\/wp-json\/wp\/v2\/categories?post=10824"},{"taxonomy":"post_tag","embeddable":true,"href":"https:\/\/www.celttv.com.ar\/index.php\/wp-json\/wp\/v2\/tags?post=10824"}],"curies":[{"name":"wp","href":"https:\/\/api.w.org\/{rel}","templated":true}]}}