{"id":10838,"date":"2013-03-26T23:06:22","date_gmt":"2013-03-26T23:06:22","guid":{"rendered":"http:\/\/www.tvcnoticias.com.ar\/?p=10838"},"modified":"2013-03-26T23:06:22","modified_gmt":"2013-03-26T23:06:22","slug":"politica-la-juventud-radical-de-la-sexta-seccion-se-reunio-en-tornquist","status":"publish","type":"post","link":"https:\/\/www.celttv.com.ar\/index.php\/2013\/03\/26\/politica-la-juventud-radical-de-la-sexta-seccion-se-reunio-en-tornquist\/","title":{"rendered":"POLITICA: LA JUVENTUD RADICAL DE LA SEXTA SECCION SE REUNIO EN TORNQUIST (videoentrevista)"},"content":{"rendered":"<p><a href=\"http:\/\/www.youtube.com\/watch?v=o32cOMeSw3c\">httpv:\/\/www.youtube.com\/watch?v=o32cOMeSw3c<\/a><br \/>\n<a href=\"http:\/\/www.youtube.com\/watch?v=aAJekkqTt5c\">httpv:\/\/www.youtube.com\/watch?v=aAJekkqTt5c<\/a><br \/>\nRepresentantes de diferentes distritos se hicieron presentes en el comit\u00e9 local para debatir sobre pol\u00edticas en el partido en un a\u00f1o netamente electoral.<br \/>\ncon la participaci\u00f3n de j\u00f3venes provenientes de diferentes distritos de la sexta secci\u00f3n electoral, se realiz\u00f3 en Tornquist el encuentro seccional de la Juventud Radical.\u00a0 \u00a0 El presidente de la Juventud Radical de la Sexta Secci\u00f3n Electoral, Franco Intilesano comentaba que\u201c Nosotros planteamos todos los a\u00f1os una serie de eventos y actividades de trabajo grupal y en equipo, donde normalmente nos capacitamos o apuntamos a desarrollar tem\u00e1ticas de inter\u00e9s social de alg\u00fan distrito puntual o lo que se trate en el momento. Hoy estamos en Tornquist en el segundo encuentro, el primero lo hicimos en el mes de febrero en Monte Hermoso y hoy trabajando sobre capacitaci\u00f3n y formaci\u00f3n pol\u00edtica con representantes de diez distritos como Tornquist, Puan,Coronel Suarez, Adolfo Alsina, Guamin\u00ed, Salliquel\u00f3, Pellegrini, Bah\u00eda Blanca, Coronel Dorrego y Casbas\u201d\u00a0 \u00a0 Tambi\u00e9n se encontraba presente Fabio Martinez presidente del comit\u00e9 local de la UCR, acompa\u00f1ando a los j\u00f3venes que ten\u00edan previsto actividades los d\u00edas s\u00e1bado y domingo tambi\u00e9n en Villa Ventana con motivo de la conmemoraci\u00f3n del d\u00eda de la Memoria.<\/p>\n","protected":false},"excerpt":{"rendered":"<p>httpv:\/\/www.youtube.com\/watch?v=o32cOMeSw3c httpv:\/\/www.youtube.com\/watch?v=aAJekkqTt5c Representantes de diferentes distritos se hicieron presentes en el comit\u00e9 local para debatir sobre pol\u00edticas en el partido en un a\u00f1o netamente electoral. con la participaci\u00f3n de j\u00f3venes provenientes de diferentes distritos de la sexta secci\u00f3n electoral, se realiz\u00f3 en Tornquist el encuentro seccional de la Juventud Radical.\u00a0 \u00a0 El presidente de la [&hellip;]<\/p>\n","protected":false},"author":1,"featured_media":0,"comment_status":"closed","ping_status":"open","sticky":false,"template":"","format":"standard","meta":{"footnotes":""},"categories":[52,53,64],"tags":[],"class_list":["post-10838","post","type-post","status-publish","format-standard","hentry","category-destacadas","category-politica","category-videos-destacados"],"yoast_head":"<!-- This site is optimized with the Yoast SEO plugin v19.7.1 - https:\/\/yoast.com\/wordpress\/plugins\/seo\/ -->\n<title>POLITICA: LA JUVENTUD RADICAL DE LA SEXTA SECCION SE REUNIO EN TORNQUIST (videoentrevista) - CELTTV<\/title>\n<meta name=\"description\" content=\"Sitio web de noticias de la localidad de Tornquist, provincia de Buenos Aires, Rep\u00fablica Argentina. Contenido propio originado por periodistas de CELTTV, el canal de TV local de la Cooperativa El\u00e9ctrica de Tornquist. Turismo, Pol\u00edtica, Sociedad, Deporte, Cultura y todo el contenido de inter\u00e9s general que la gente del pueblo y la regi\u00f3n debe conocer.\" \/>\n<meta name=\"robots\" content=\"index, follow, max-snippet:-1, max-image-preview:large, max-video-preview:-1\" \/>\n<link rel=\"canonical\" href=\"https:\/\/www.celttv.com.ar\/index.php\/2013\/03\/26\/politica-la-juventud-radical-de-la-sexta-seccion-se-reunio-en-tornquist\/\" \/>\n<meta property=\"og:locale\" content=\"es_ES\" \/>\n<meta property=\"og:type\" content=\"article\" \/>\n<meta property=\"og:title\" content=\"POLITICA: LA JUVENTUD RADICAL DE LA SEXTA SECCION SE REUNIO EN TORNQUIST (videoentrevista) - CELTTV\" \/>\n<meta property=\"og:description\" content=\"Sitio web de noticias de la localidad de Tornquist, provincia de Buenos Aires, Rep\u00fablica Argentina. Contenido propio originado por periodistas de CELTTV, el canal de TV local de la Cooperativa El\u00e9ctrica de Tornquist. Turismo, Pol\u00edtica, Sociedad, Deporte, Cultura y todo el contenido de inter\u00e9s general que la gente del pueblo y la regi\u00f3n debe conocer.\" \/>\n<meta property=\"og:url\" content=\"https:\/\/www.celttv.com.ar\/index.php\/2013\/03\/26\/politica-la-juventud-radical-de-la-sexta-seccion-se-reunio-en-tornquist\/\" \/>\n<meta property=\"og:site_name\" content=\"CELTTV\" \/>\n<meta property=\"article:publisher\" content=\"https:\/\/www.facebook.com\/celtTV\/\" \/>\n<meta property=\"article:published_time\" content=\"2013-03-26T23:06:22+00:00\" \/>\n<meta name=\"author\" content=\"ulises\" \/>\n<meta name=\"twitter:card\" content=\"summary_large_image\" \/>\n<meta name=\"twitter:label1\" content=\"Escrito por\" \/>\n\t<meta name=\"twitter:data1\" content=\"ulises\" \/>\n\t<meta name=\"twitter:label2\" content=\"Tiempo de lectura\" \/>\n\t<meta name=\"twitter:data2\" content=\"1 minuto\" \/>\n<script type=\"application\/ld+json\" class=\"yoast-schema-graph\">{\"@context\":\"https:\/\/schema.org\",\"@graph\":[{\"@type\":\"NewsArticle\",\"@id\":\"https:\/\/www.celttv.com.ar\/index.php\/2013\/03\/26\/politica-la-juventud-radical-de-la-sexta-seccion-se-reunio-en-tornquist\/#article\",\"isPartOf\":{\"@id\":\"https:\/\/www.celttv.com.ar\/index.php\/2013\/03\/26\/politica-la-juventud-radical-de-la-sexta-seccion-se-reunio-en-tornquist\/\"},\"author\":{\"name\":\"ulises\",\"@id\":\"https:\/\/www.celttv.com.ar\/#\/schema\/person\/6d99c072dba59953809c81446e9d0ace\"},\"headline\":\"POLITICA: LA JUVENTUD RADICAL DE LA SEXTA SECCION SE REUNIO EN TORNQUIST (videoentrevista)\",\"datePublished\":\"2013-03-26T23:06:22+00:00\",\"dateModified\":\"2013-03-26T23:06:22+00:00\",\"mainEntityOfPage\":{\"@id\":\"https:\/\/www.celttv.com.ar\/index.php\/2013\/03\/26\/politica-la-juventud-radical-de-la-sexta-seccion-se-reunio-en-tornquist\/\"},\"wordCount\":246,\"publisher\":{\"@id\":\"https:\/\/www.celttv.com.ar\/#organization\"},\"articleSection\":[\"Destacadas\",\"Pol\u00edtica\",\"Videos Destacados\"],\"inLanguage\":\"es\"},{\"@type\":\"WebPage\",\"@id\":\"https:\/\/www.celttv.com.ar\/index.php\/2013\/03\/26\/politica-la-juventud-radical-de-la-sexta-seccion-se-reunio-en-tornquist\/\",\"url\":\"https:\/\/www.celttv.com.ar\/index.php\/2013\/03\/26\/politica-la-juventud-radical-de-la-sexta-seccion-se-reunio-en-tornquist\/\",\"name\":\"POLITICA: LA JUVENTUD RADICAL DE LA SEXTA SECCION SE REUNIO EN TORNQUIST (videoentrevista) - CELTTV\",\"isPartOf\":{\"@id\":\"https:\/\/www.celttv.com.ar\/#website\"},\"datePublished\":\"2013-03-26T23:06:22+00:00\",\"dateModified\":\"2013-03-26T23:06:22+00:00\",\"description\":\"Sitio web de noticias de la localidad de Tornquist, provincia de Buenos Aires, Rep\u00fablica Argentina. Contenido propio originado por periodistas de CELTTV, el canal de TV local de la Cooperativa El\u00e9ctrica de Tornquist. Turismo, Pol\u00edtica, Sociedad, Deporte, Cultura y todo el contenido de inter\u00e9s general que la gente del pueblo y la regi\u00f3n debe conocer.\",\"breadcrumb\":{\"@id\":\"https:\/\/www.celttv.com.ar\/index.php\/2013\/03\/26\/politica-la-juventud-radical-de-la-sexta-seccion-se-reunio-en-tornquist\/#breadcrumb\"},\"inLanguage\":\"es\",\"potentialAction\":[{\"@type\":\"ReadAction\",\"target\":[\"https:\/\/www.celttv.com.ar\/index.php\/2013\/03\/26\/politica-la-juventud-radical-de-la-sexta-seccion-se-reunio-en-tornquist\/\"]}]},{\"@type\":\"BreadcrumbList\",\"@id\":\"https:\/\/www.celttv.com.ar\/index.php\/2013\/03\/26\/politica-la-juventud-radical-de-la-sexta-seccion-se-reunio-en-tornquist\/#breadcrumb\",\"itemListElement\":[{\"@type\":\"ListItem\",\"position\":1,\"name\":\"Inicio\",\"item\":\"https:\/\/www.celttv.com.ar\/\"},{\"@type\":\"ListItem\",\"position\":2,\"name\":\"POLITICA: LA JUVENTUD RADICAL DE LA SEXTA SECCION SE REUNIO EN TORNQUIST (videoentrevista)\"}]},{\"@type\":\"WebSite\",\"@id\":\"https:\/\/www.celttv.com.ar\/#website\",\"url\":\"https:\/\/www.celttv.com.ar\/\",\"name\":\"CELTTV\",\"description\":\"Cooperativa El\u00e9ctrica de Tornquist\",\"publisher\":{\"@id\":\"https:\/\/www.celttv.com.ar\/#organization\"},\"potentialAction\":[{\"@type\":\"SearchAction\",\"target\":{\"@type\":\"EntryPoint\",\"urlTemplate\":\"https:\/\/www.celttv.com.ar\/?s={search_term_string}\"},\"query-input\":\"required name=search_term_string\"}],\"inLanguage\":\"es\"},{\"@type\":\"Organization\",\"@id\":\"https:\/\/www.celttv.com.ar\/#organization\",\"name\":\"CELTTV\",\"url\":\"https:\/\/www.celttv.com.ar\/\",\"sameAs\":[\"https:\/\/www.youtube.com\/channel\/UCz_oIt8Hig64Ub-EmcNPIhg\",\"https:\/\/www.facebook.com\/celtTV\/\"],\"logo\":{\"@type\":\"ImageObject\",\"inLanguage\":\"es\",\"@id\":\"https:\/\/www.celttv.com.ar\/#\/schema\/logo\/image\/\",\"url\":\"http:\/\/www.celttv.com.ar\/wp-content\/uploads\/2022\/08\/logo-1.png\",\"contentUrl\":\"http:\/\/www.celttv.com.ar\/wp-content\/uploads\/2022\/08\/logo-1.png\",\"width\":461,\"height\":159,\"caption\":\"CELTTV\"},\"image\":{\"@id\":\"https:\/\/www.celttv.com.ar\/#\/schema\/logo\/image\/\"}},{\"@type\":\"Person\",\"@id\":\"https:\/\/www.celttv.com.ar\/#\/schema\/person\/6d99c072dba59953809c81446e9d0ace\",\"name\":\"ulises\",\"image\":{\"@type\":\"ImageObject\",\"inLanguage\":\"es\",\"@id\":\"https:\/\/www.celttv.com.ar\/#\/schema\/person\/image\/\",\"url\":\"https:\/\/secure.gravatar.com\/avatar\/7f2c48bdc33b30088f941fb6082e555f2874c98e20cb159d7b92b50eadfce793?s=96&d=mm&r=g\",\"contentUrl\":\"https:\/\/secure.gravatar.com\/avatar\/7f2c48bdc33b30088f941fb6082e555f2874c98e20cb159d7b92b50eadfce793?s=96&d=mm&r=g\",\"caption\":\"ulises\"},\"sameAs\":[\"http:\/\/www.celttv.com.ar\"]}]}<\/script>\n<!-- \/ Yoast SEO plugin. -->","yoast_head_json":{"title":"POLITICA: LA JUVENTUD RADICAL DE LA SEXTA SECCION SE REUNIO EN TORNQUIST (videoentrevista) - CELTTV","description":"Sitio web de noticias de la localidad de Tornquist, provincia de Buenos Aires, Rep\u00fablica Argentina. Contenido propio originado por periodistas de CELTTV, el canal de TV local de la Cooperativa El\u00e9ctrica de Tornquist. Turismo, Pol\u00edtica, Sociedad, Deporte, Cultura y todo el contenido de inter\u00e9s general que la gente del pueblo y la regi\u00f3n debe conocer.","robots":{"index":"index","follow":"follow","max-snippet":"max-snippet:-1","max-image-preview":"max-image-preview:large","max-video-preview":"max-video-preview:-1"},"canonical":"https:\/\/www.celttv.com.ar\/index.php\/2013\/03\/26\/politica-la-juventud-radical-de-la-sexta-seccion-se-reunio-en-tornquist\/","og_locale":"es_ES","og_type":"article","og_title":"POLITICA: LA JUVENTUD RADICAL DE LA SEXTA SECCION SE REUNIO EN TORNQUIST (videoentrevista) - CELTTV","og_description":"Sitio web de noticias de la localidad de Tornquist, provincia de Buenos Aires, Rep\u00fablica Argentina. Contenido propio originado por periodistas de CELTTV, el canal de TV local de la Cooperativa El\u00e9ctrica de Tornquist. Turismo, Pol\u00edtica, Sociedad, Deporte, Cultura y todo el contenido de inter\u00e9s general que la gente del pueblo y la regi\u00f3n debe conocer.","og_url":"https:\/\/www.celttv.com.ar\/index.php\/2013\/03\/26\/politica-la-juventud-radical-de-la-sexta-seccion-se-reunio-en-tornquist\/","og_site_name":"CELTTV","article_publisher":"https:\/\/www.facebook.com\/celtTV\/","article_published_time":"2013-03-26T23:06:22+00:00","author":"ulises","twitter_card":"summary_large_image","twitter_misc":{"Escrito por":"ulises","Tiempo de lectura":"1 minuto"},"schema":{"@context":"https:\/\/schema.org","@graph":[{"@type":"NewsArticle","@id":"https:\/\/www.celttv.com.ar\/index.php\/2013\/03\/26\/politica-la-juventud-radical-de-la-sexta-seccion-se-reunio-en-tornquist\/#article","isPartOf":{"@id":"https:\/\/www.celttv.com.ar\/index.php\/2013\/03\/26\/politica-la-juventud-radical-de-la-sexta-seccion-se-reunio-en-tornquist\/"},"author":{"name":"ulises","@id":"https:\/\/www.celttv.com.ar\/#\/schema\/person\/6d99c072dba59953809c81446e9d0ace"},"headline":"POLITICA: LA JUVENTUD RADICAL DE LA SEXTA SECCION SE REUNIO EN TORNQUIST (videoentrevista)","datePublished":"2013-03-26T23:06:22+00:00","dateModified":"2013-03-26T23:06:22+00:00","mainEntityOfPage":{"@id":"https:\/\/www.celttv.com.ar\/index.php\/2013\/03\/26\/politica-la-juventud-radical-de-la-sexta-seccion-se-reunio-en-tornquist\/"},"wordCount":246,"publisher":{"@id":"https:\/\/www.celttv.com.ar\/#organization"},"articleSection":["Destacadas","Pol\u00edtica","Videos Destacados"],"inLanguage":"es"},{"@type":"WebPage","@id":"https:\/\/www.celttv.com.ar\/index.php\/2013\/03\/26\/politica-la-juventud-radical-de-la-sexta-seccion-se-reunio-en-tornquist\/","url":"https:\/\/www.celttv.com.ar\/index.php\/2013\/03\/26\/politica-la-juventud-radical-de-la-sexta-seccion-se-reunio-en-tornquist\/","name":"POLITICA: LA JUVENTUD RADICAL DE LA SEXTA SECCION SE REUNIO EN TORNQUIST (videoentrevista) - CELTTV","isPartOf":{"@id":"https:\/\/www.celttv.com.ar\/#website"},"datePublished":"2013-03-26T23:06:22+00:00","dateModified":"2013-03-26T23:06:22+00:00","description":"Sitio web de noticias de la localidad de Tornquist, provincia de Buenos Aires, Rep\u00fablica Argentina. Contenido propio originado por periodistas de CELTTV, el canal de TV local de la Cooperativa El\u00e9ctrica de Tornquist. Turismo, Pol\u00edtica, Sociedad, Deporte, Cultura y todo el contenido de inter\u00e9s general que la gente del pueblo y la regi\u00f3n debe conocer.","breadcrumb":{"@id":"https:\/\/www.celttv.com.ar\/index.php\/2013\/03\/26\/politica-la-juventud-radical-de-la-sexta-seccion-se-reunio-en-tornquist\/#breadcrumb"},"inLanguage":"es","potentialAction":[{"@type":"ReadAction","target":["https:\/\/www.celttv.com.ar\/index.php\/2013\/03\/26\/politica-la-juventud-radical-de-la-sexta-seccion-se-reunio-en-tornquist\/"]}]},{"@type":"BreadcrumbList","@id":"https:\/\/www.celttv.com.ar\/index.php\/2013\/03\/26\/politica-la-juventud-radical-de-la-sexta-seccion-se-reunio-en-tornquist\/#breadcrumb","itemListElement":[{"@type":"ListItem","position":1,"name":"Inicio","item":"https:\/\/www.celttv.com.ar\/"},{"@type":"ListItem","position":2,"name":"POLITICA: LA JUVENTUD RADICAL DE LA SEXTA SECCION SE REUNIO EN TORNQUIST (videoentrevista)"}]},{"@type":"WebSite","@id":"https:\/\/www.celttv.com.ar\/#website","url":"https:\/\/www.celttv.com.ar\/","name":"CELTTV","description":"Cooperativa El\u00e9ctrica de Tornquist","publisher":{"@id":"https:\/\/www.celttv.com.ar\/#organization"},"potentialAction":[{"@type":"SearchAction","target":{"@type":"EntryPoint","urlTemplate":"https:\/\/www.celttv.com.ar\/?s={search_term_string}"},"query-input":"required name=search_term_string"}],"inLanguage":"es"},{"@type":"Organization","@id":"https:\/\/www.celttv.com.ar\/#organization","name":"CELTTV","url":"https:\/\/www.celttv.com.ar\/","sameAs":["https:\/\/www.youtube.com\/channel\/UCz_oIt8Hig64Ub-EmcNPIhg","https:\/\/www.facebook.com\/celtTV\/"],"logo":{"@type":"ImageObject","inLanguage":"es","@id":"https:\/\/www.celttv.com.ar\/#\/schema\/logo\/image\/","url":"http:\/\/www.celttv.com.ar\/wp-content\/uploads\/2022\/08\/logo-1.png","contentUrl":"http:\/\/www.celttv.com.ar\/wp-content\/uploads\/2022\/08\/logo-1.png","width":461,"height":159,"caption":"CELTTV"},"image":{"@id":"https:\/\/www.celttv.com.ar\/#\/schema\/logo\/image\/"}},{"@type":"Person","@id":"https:\/\/www.celttv.com.ar\/#\/schema\/person\/6d99c072dba59953809c81446e9d0ace","name":"ulises","image":{"@type":"ImageObject","inLanguage":"es","@id":"https:\/\/www.celttv.com.ar\/#\/schema\/person\/image\/","url":"https:\/\/secure.gravatar.com\/avatar\/7f2c48bdc33b30088f941fb6082e555f2874c98e20cb159d7b92b50eadfce793?s=96&d=mm&r=g","contentUrl":"https:\/\/secure.gravatar.com\/avatar\/7f2c48bdc33b30088f941fb6082e555f2874c98e20cb159d7b92b50eadfce793?s=96&d=mm&r=g","caption":"ulises"},"sameAs":["http:\/\/www.celttv.com.ar"]}]}},"_links":{"self":[{"href":"https:\/\/www.celttv.com.ar\/index.php\/wp-json\/wp\/v2\/posts\/10838","targetHints":{"allow":["GET"]}}],"collection":[{"href":"https:\/\/www.celttv.com.ar\/index.php\/wp-json\/wp\/v2\/posts"}],"about":[{"href":"https:\/\/www.celttv.com.ar\/index.php\/wp-json\/wp\/v2\/types\/post"}],"author":[{"embeddable":true,"href":"https:\/\/www.celttv.com.ar\/index.php\/wp-json\/wp\/v2\/users\/1"}],"replies":[{"embeddable":true,"href":"https:\/\/www.celttv.com.ar\/index.php\/wp-json\/wp\/v2\/comments?post=10838"}],"version-history":[{"count":0,"href":"https:\/\/www.celttv.com.ar\/index.php\/wp-json\/wp\/v2\/posts\/10838\/revisions"}],"wp:attachment":[{"href":"https:\/\/www.celttv.com.ar\/index.php\/wp-json\/wp\/v2\/media?parent=10838"}],"wp:term":[{"taxonomy":"category","embeddable":true,"href":"https:\/\/www.celttv.com.ar\/index.php\/wp-json\/wp\/v2\/categories?post=10838"},{"taxonomy":"post_tag","embeddable":true,"href":"https:\/\/www.celttv.com.ar\/index.php\/wp-json\/wp\/v2\/tags?post=10838"}],"curies":[{"name":"wp","href":"https:\/\/api.w.org\/{rel}","templated":true}]}}