{"id":10842,"date":"2013-03-27T21:03:08","date_gmt":"2013-03-27T21:03:08","guid":{"rendered":"http:\/\/www.tvcnoticias.com.ar\/?p=10842"},"modified":"2013-03-27T21:03:08","modified_gmt":"2013-03-27T21:03:08","slug":"fedecoba-medidas-de-fuerza-paralizan-actividades-en-las-cooperativas-electricas","status":"publish","type":"post","link":"https:\/\/www.celttv.com.ar\/index.php\/2013\/03\/27\/fedecoba-medidas-de-fuerza-paralizan-actividades-en-las-cooperativas-electricas\/","title":{"rendered":"FEDECOBA: MEDIDAS DE FUERZA PARALIZAN ACTIVIDADES EN LAS COOPERATIVAS EL\u00c9CTRICAS"},"content":{"rendered":"<h3><a rel=\"attachment wp-att-10843\" href=\"http:\/\/www.tvcnoticias.com.ar\/?attachment_id=10843\"><img loading=\"lazy\" decoding=\"async\" class=\"aligncenter size-full wp-image-10843\" title=\"poste de energi alectrica (Small)\" src=\"http:\/\/www.tvcnoticias.com.ar\/wp-content\/uploads\/2013\/03\/poste-de-energi-alectrica-Small.jpg\" alt=\"\" width=\"360\" height=\"480\" \/><\/a><\/h3>\n<h3><span style=\"font-size: 13px; font-weight: normal;\"> El gremio de Luz y Fuerza reclama salarios. Fedecoba sostiene que  para otorgar aumentos las entidades deber\u00e1n tener la contrapartida de  mayores ingresos. La situaci\u00f3n ya fue advertida a la Provincia en  numerosas ocasiones en los \u00faltimos meses.<\/span><\/h3>\n<div>\n&nbsp;<br \/>\nDesde la semana pasada el gremio de Luz y  Fuerza lleva adelante en el \u00e1mbito de las cooperativas de Fedecoba  medidas de fuerza consistentes en quite de colaboraci\u00f3n, modalidad  conocida como \u201ctrabajo a estricto reglamento\u201d (TER), en reclamo por  aumento salarial.<br \/>\nSi bien no se trata de un paro  propiamente dicho, la medida implica que en muchas cooperativas no se  realicen horas extras, relevos, ni tampoco tareas habituales y  necesarias para el normal funcionamiento de la entidad, como tomar  estado de los medidores de electricidad. \u201cConvocan tres veces por d\u00eda a  asambleas, por lo tanto mantienen a la cooperativa paralizada\u201d,  explicaron desde una de las entidades.<br \/>\nMientras tanto, desde Fedecoba no  desconocen el leg\u00edtimo derecho de los trabajadores pero sostienen que es  imposible afrontarlo sin mayores ingresos. \u201cEste es un resorte del  Gobierno provincial, a quien venimos advirtiendo de esta situaci\u00f3n desde  hace mucho tiempo porque no quer\u00edamos que este conflicto explotara\u201d,  sostienen los dirigentes de un sector que, adem\u00e1s, debe afrontar el  constante aumento de los insumos y de los materiales para el  mantenimiento de la infraestructura b\u00e1sica del servicio.<br \/>\nDe hecho, en nota remitida en febrero de  2013, se indicaba al gobernador Scioli que \u201cse nos avecina una nueva  paritaria salarial, a la que no vamos a poder concurrir por no contar  con los fondos necesarios, tanto los adeudados vinculados al compromiso  del pasado a\u00f1o, como los imprescindibles para esta nueva etapa. Ello  acarrear\u00e1 con total seguridad problemas con los trabajadores y sus  justos reclamos, los cuales se traducir\u00e1n en cortes en la prestaci\u00f3n del  servicio el\u00e9ctrico, huelgas, cubiertas encendidas en los pueblos del  interior y todo tipo de inconvenientes en la vida cotidiana, sumado al  deterioro de la cadena productiva, situaci\u00f3n que prevemos se  desencadenar\u00e1 a partir del mes de marzo pr\u00f3ximo\u201d.<br \/>\nEste lunes, adem\u00e1s de la solicitud  planteada por Fedecoba, numerosas cooperativas presentaron notas tanto  en la Gobernaci\u00f3n como en el resto de las dependencias provinciales  involucradas, explicando la dif\u00edcil situaci\u00f3n por la que atraviesan.  Mientras tanto, no hay respuestas desde la Provincia y de acentuarse el  conflicto podr\u00eda hacer colapsar el servicio el\u00e9ctrico.\n<\/div>\n<p>&nbsp;<\/p>\n","protected":false},"excerpt":{"rendered":"<p>El gremio de Luz y Fuerza reclama salarios. Fedecoba sostiene que para otorgar aumentos las entidades deber\u00e1n tener la contrapartida de mayores ingresos. La situaci\u00f3n ya fue advertida a la Provincia en numerosas ocasiones en los \u00faltimos meses. &nbsp; Desde la semana pasada el gremio de Luz y Fuerza lleva adelante en el \u00e1mbito de [&hellip;]<\/p>\n","protected":false},"author":1,"featured_media":0,"comment_status":"closed","ping_status":"open","sticky":false,"template":"","format":"standard","meta":{"footnotes":""},"categories":[51,52],"tags":[],"class_list":["post-10842","post","type-post","status-publish","format-standard","hentry","category-comunidad","category-destacadas"],"yoast_head":"<!-- This site is optimized with the Yoast SEO plugin v19.7.1 - https:\/\/yoast.com\/wordpress\/plugins\/seo\/ -->\n<title>FEDECOBA: MEDIDAS DE FUERZA PARALIZAN ACTIVIDADES EN LAS COOPERATIVAS EL\u00c9CTRICAS - CELTTV<\/title>\n<meta name=\"description\" content=\"Sitio web de noticias de la localidad de Tornquist, provincia de Buenos Aires, Rep\u00fablica Argentina. Contenido propio originado por periodistas de CELTTV, el canal de TV local de la Cooperativa El\u00e9ctrica de Tornquist. Turismo, Pol\u00edtica, Sociedad, Deporte, Cultura y todo el contenido de inter\u00e9s general que la gente del pueblo y la regi\u00f3n debe conocer.\" \/>\n<meta name=\"robots\" content=\"index, follow, max-snippet:-1, max-image-preview:large, max-video-preview:-1\" \/>\n<link rel=\"canonical\" href=\"https:\/\/www.celttv.com.ar\/index.php\/2013\/03\/27\/fedecoba-medidas-de-fuerza-paralizan-actividades-en-las-cooperativas-electricas\/\" \/>\n<meta property=\"og:locale\" content=\"es_ES\" \/>\n<meta property=\"og:type\" content=\"article\" \/>\n<meta property=\"og:title\" content=\"FEDECOBA: MEDIDAS DE FUERZA PARALIZAN ACTIVIDADES EN LAS COOPERATIVAS EL\u00c9CTRICAS - CELTTV\" \/>\n<meta property=\"og:description\" content=\"Sitio web de noticias de la localidad de Tornquist, provincia de Buenos Aires, Rep\u00fablica Argentina. Contenido propio originado por periodistas de CELTTV, el canal de TV local de la Cooperativa El\u00e9ctrica de Tornquist. Turismo, Pol\u00edtica, Sociedad, Deporte, Cultura y todo el contenido de inter\u00e9s general que la gente del pueblo y la regi\u00f3n debe conocer.\" \/>\n<meta property=\"og:url\" content=\"https:\/\/www.celttv.com.ar\/index.php\/2013\/03\/27\/fedecoba-medidas-de-fuerza-paralizan-actividades-en-las-cooperativas-electricas\/\" \/>\n<meta property=\"og:site_name\" content=\"CELTTV\" \/>\n<meta property=\"article:publisher\" content=\"https:\/\/www.facebook.com\/celtTV\/\" \/>\n<meta property=\"article:published_time\" content=\"2013-03-27T21:03:08+00:00\" \/>\n<meta property=\"og:image\" content=\"http:\/\/www.tvcnoticias.com.ar\/wp-content\/uploads\/2013\/03\/poste-de-energi-alectrica-Small.jpg\" \/>\n<meta name=\"author\" content=\"ulises\" \/>\n<meta name=\"twitter:card\" content=\"summary_large_image\" \/>\n<meta name=\"twitter:label1\" content=\"Escrito por\" \/>\n\t<meta name=\"twitter:data1\" content=\"ulises\" \/>\n\t<meta name=\"twitter:label2\" content=\"Tiempo de lectura\" \/>\n\t<meta name=\"twitter:data2\" content=\"2 minutos\" \/>\n<script type=\"application\/ld+json\" class=\"yoast-schema-graph\">{\"@context\":\"https:\/\/schema.org\",\"@graph\":[{\"@type\":\"NewsArticle\",\"@id\":\"https:\/\/www.celttv.com.ar\/index.php\/2013\/03\/27\/fedecoba-medidas-de-fuerza-paralizan-actividades-en-las-cooperativas-electricas\/#article\",\"isPartOf\":{\"@id\":\"https:\/\/www.celttv.com.ar\/index.php\/2013\/03\/27\/fedecoba-medidas-de-fuerza-paralizan-actividades-en-las-cooperativas-electricas\/\"},\"author\":{\"name\":\"ulises\",\"@id\":\"https:\/\/www.celttv.com.ar\/#\/schema\/person\/6d99c072dba59953809c81446e9d0ace\"},\"headline\":\"FEDECOBA: MEDIDAS DE FUERZA PARALIZAN ACTIVIDADES EN LAS COOPERATIVAS EL\u00c9CTRICAS\",\"datePublished\":\"2013-03-27T21:03:08+00:00\",\"dateModified\":\"2013-03-27T21:03:08+00:00\",\"mainEntityOfPage\":{\"@id\":\"https:\/\/www.celttv.com.ar\/index.php\/2013\/03\/27\/fedecoba-medidas-de-fuerza-paralizan-actividades-en-las-cooperativas-electricas\/\"},\"wordCount\":419,\"publisher\":{\"@id\":\"https:\/\/www.celttv.com.ar\/#organization\"},\"articleSection\":[\"Comunidad\",\"Destacadas\"],\"inLanguage\":\"es\"},{\"@type\":\"WebPage\",\"@id\":\"https:\/\/www.celttv.com.ar\/index.php\/2013\/03\/27\/fedecoba-medidas-de-fuerza-paralizan-actividades-en-las-cooperativas-electricas\/\",\"url\":\"https:\/\/www.celttv.com.ar\/index.php\/2013\/03\/27\/fedecoba-medidas-de-fuerza-paralizan-actividades-en-las-cooperativas-electricas\/\",\"name\":\"FEDECOBA: MEDIDAS DE FUERZA PARALIZAN ACTIVIDADES EN LAS COOPERATIVAS EL\u00c9CTRICAS - CELTTV\",\"isPartOf\":{\"@id\":\"https:\/\/www.celttv.com.ar\/#website\"},\"datePublished\":\"2013-03-27T21:03:08+00:00\",\"dateModified\":\"2013-03-27T21:03:08+00:00\",\"description\":\"Sitio web de noticias de la localidad de Tornquist, provincia de Buenos Aires, Rep\u00fablica Argentina. Contenido propio originado por periodistas de CELTTV, el canal de TV local de la Cooperativa El\u00e9ctrica de Tornquist. Turismo, Pol\u00edtica, Sociedad, Deporte, Cultura y todo el contenido de inter\u00e9s general que la gente del pueblo y la regi\u00f3n debe conocer.\",\"breadcrumb\":{\"@id\":\"https:\/\/www.celttv.com.ar\/index.php\/2013\/03\/27\/fedecoba-medidas-de-fuerza-paralizan-actividades-en-las-cooperativas-electricas\/#breadcrumb\"},\"inLanguage\":\"es\",\"potentialAction\":[{\"@type\":\"ReadAction\",\"target\":[\"https:\/\/www.celttv.com.ar\/index.php\/2013\/03\/27\/fedecoba-medidas-de-fuerza-paralizan-actividades-en-las-cooperativas-electricas\/\"]}]},{\"@type\":\"BreadcrumbList\",\"@id\":\"https:\/\/www.celttv.com.ar\/index.php\/2013\/03\/27\/fedecoba-medidas-de-fuerza-paralizan-actividades-en-las-cooperativas-electricas\/#breadcrumb\",\"itemListElement\":[{\"@type\":\"ListItem\",\"position\":1,\"name\":\"Inicio\",\"item\":\"https:\/\/www.celttv.com.ar\/\"},{\"@type\":\"ListItem\",\"position\":2,\"name\":\"FEDECOBA: MEDIDAS DE FUERZA PARALIZAN ACTIVIDADES EN LAS COOPERATIVAS EL\u00c9CTRICAS\"}]},{\"@type\":\"WebSite\",\"@id\":\"https:\/\/www.celttv.com.ar\/#website\",\"url\":\"https:\/\/www.celttv.com.ar\/\",\"name\":\"CELTTV\",\"description\":\"Cooperativa El\u00e9ctrica de Tornquist\",\"publisher\":{\"@id\":\"https:\/\/www.celttv.com.ar\/#organization\"},\"potentialAction\":[{\"@type\":\"SearchAction\",\"target\":{\"@type\":\"EntryPoint\",\"urlTemplate\":\"https:\/\/www.celttv.com.ar\/?s={search_term_string}\"},\"query-input\":\"required name=search_term_string\"}],\"inLanguage\":\"es\"},{\"@type\":\"Organization\",\"@id\":\"https:\/\/www.celttv.com.ar\/#organization\",\"name\":\"CELTTV\",\"url\":\"https:\/\/www.celttv.com.ar\/\",\"sameAs\":[\"https:\/\/www.youtube.com\/channel\/UCz_oIt8Hig64Ub-EmcNPIhg\",\"https:\/\/www.facebook.com\/celtTV\/\"],\"logo\":{\"@type\":\"ImageObject\",\"inLanguage\":\"es\",\"@id\":\"https:\/\/www.celttv.com.ar\/#\/schema\/logo\/image\/\",\"url\":\"http:\/\/www.celttv.com.ar\/wp-content\/uploads\/2022\/08\/logo-1.png\",\"contentUrl\":\"http:\/\/www.celttv.com.ar\/wp-content\/uploads\/2022\/08\/logo-1.png\",\"width\":461,\"height\":159,\"caption\":\"CELTTV\"},\"image\":{\"@id\":\"https:\/\/www.celttv.com.ar\/#\/schema\/logo\/image\/\"}},{\"@type\":\"Person\",\"@id\":\"https:\/\/www.celttv.com.ar\/#\/schema\/person\/6d99c072dba59953809c81446e9d0ace\",\"name\":\"ulises\",\"image\":{\"@type\":\"ImageObject\",\"inLanguage\":\"es\",\"@id\":\"https:\/\/www.celttv.com.ar\/#\/schema\/person\/image\/\",\"url\":\"https:\/\/secure.gravatar.com\/avatar\/7f2c48bdc33b30088f941fb6082e555f2874c98e20cb159d7b92b50eadfce793?s=96&d=mm&r=g\",\"contentUrl\":\"https:\/\/secure.gravatar.com\/avatar\/7f2c48bdc33b30088f941fb6082e555f2874c98e20cb159d7b92b50eadfce793?s=96&d=mm&r=g\",\"caption\":\"ulises\"},\"sameAs\":[\"http:\/\/www.celttv.com.ar\"]}]}<\/script>\n<!-- \/ Yoast SEO plugin. -->","yoast_head_json":{"title":"FEDECOBA: MEDIDAS DE FUERZA PARALIZAN ACTIVIDADES EN LAS COOPERATIVAS EL\u00c9CTRICAS - CELTTV","description":"Sitio web de noticias de la localidad de Tornquist, provincia de Buenos Aires, Rep\u00fablica Argentina. Contenido propio originado por periodistas de CELTTV, el canal de TV local de la Cooperativa El\u00e9ctrica de Tornquist. Turismo, Pol\u00edtica, Sociedad, Deporte, Cultura y todo el contenido de inter\u00e9s general que la gente del pueblo y la regi\u00f3n debe conocer.","robots":{"index":"index","follow":"follow","max-snippet":"max-snippet:-1","max-image-preview":"max-image-preview:large","max-video-preview":"max-video-preview:-1"},"canonical":"https:\/\/www.celttv.com.ar\/index.php\/2013\/03\/27\/fedecoba-medidas-de-fuerza-paralizan-actividades-en-las-cooperativas-electricas\/","og_locale":"es_ES","og_type":"article","og_title":"FEDECOBA: MEDIDAS DE FUERZA PARALIZAN ACTIVIDADES EN LAS COOPERATIVAS EL\u00c9CTRICAS - CELTTV","og_description":"Sitio web de noticias de la localidad de Tornquist, provincia de Buenos Aires, Rep\u00fablica Argentina. Contenido propio originado por periodistas de CELTTV, el canal de TV local de la Cooperativa El\u00e9ctrica de Tornquist. Turismo, Pol\u00edtica, Sociedad, Deporte, Cultura y todo el contenido de inter\u00e9s general que la gente del pueblo y la regi\u00f3n debe conocer.","og_url":"https:\/\/www.celttv.com.ar\/index.php\/2013\/03\/27\/fedecoba-medidas-de-fuerza-paralizan-actividades-en-las-cooperativas-electricas\/","og_site_name":"CELTTV","article_publisher":"https:\/\/www.facebook.com\/celtTV\/","article_published_time":"2013-03-27T21:03:08+00:00","og_image":[{"url":"http:\/\/www.tvcnoticias.com.ar\/wp-content\/uploads\/2013\/03\/poste-de-energi-alectrica-Small.jpg"}],"author":"ulises","twitter_card":"summary_large_image","twitter_misc":{"Escrito por":"ulises","Tiempo de lectura":"2 minutos"},"schema":{"@context":"https:\/\/schema.org","@graph":[{"@type":"NewsArticle","@id":"https:\/\/www.celttv.com.ar\/index.php\/2013\/03\/27\/fedecoba-medidas-de-fuerza-paralizan-actividades-en-las-cooperativas-electricas\/#article","isPartOf":{"@id":"https:\/\/www.celttv.com.ar\/index.php\/2013\/03\/27\/fedecoba-medidas-de-fuerza-paralizan-actividades-en-las-cooperativas-electricas\/"},"author":{"name":"ulises","@id":"https:\/\/www.celttv.com.ar\/#\/schema\/person\/6d99c072dba59953809c81446e9d0ace"},"headline":"FEDECOBA: MEDIDAS DE FUERZA PARALIZAN ACTIVIDADES EN LAS COOPERATIVAS EL\u00c9CTRICAS","datePublished":"2013-03-27T21:03:08+00:00","dateModified":"2013-03-27T21:03:08+00:00","mainEntityOfPage":{"@id":"https:\/\/www.celttv.com.ar\/index.php\/2013\/03\/27\/fedecoba-medidas-de-fuerza-paralizan-actividades-en-las-cooperativas-electricas\/"},"wordCount":419,"publisher":{"@id":"https:\/\/www.celttv.com.ar\/#organization"},"articleSection":["Comunidad","Destacadas"],"inLanguage":"es"},{"@type":"WebPage","@id":"https:\/\/www.celttv.com.ar\/index.php\/2013\/03\/27\/fedecoba-medidas-de-fuerza-paralizan-actividades-en-las-cooperativas-electricas\/","url":"https:\/\/www.celttv.com.ar\/index.php\/2013\/03\/27\/fedecoba-medidas-de-fuerza-paralizan-actividades-en-las-cooperativas-electricas\/","name":"FEDECOBA: MEDIDAS DE FUERZA PARALIZAN ACTIVIDADES EN LAS COOPERATIVAS EL\u00c9CTRICAS - CELTTV","isPartOf":{"@id":"https:\/\/www.celttv.com.ar\/#website"},"datePublished":"2013-03-27T21:03:08+00:00","dateModified":"2013-03-27T21:03:08+00:00","description":"Sitio web de noticias de la localidad de Tornquist, provincia de Buenos Aires, Rep\u00fablica Argentina. Contenido propio originado por periodistas de CELTTV, el canal de TV local de la Cooperativa El\u00e9ctrica de Tornquist. Turismo, Pol\u00edtica, Sociedad, Deporte, Cultura y todo el contenido de inter\u00e9s general que la gente del pueblo y la regi\u00f3n debe conocer.","breadcrumb":{"@id":"https:\/\/www.celttv.com.ar\/index.php\/2013\/03\/27\/fedecoba-medidas-de-fuerza-paralizan-actividades-en-las-cooperativas-electricas\/#breadcrumb"},"inLanguage":"es","potentialAction":[{"@type":"ReadAction","target":["https:\/\/www.celttv.com.ar\/index.php\/2013\/03\/27\/fedecoba-medidas-de-fuerza-paralizan-actividades-en-las-cooperativas-electricas\/"]}]},{"@type":"BreadcrumbList","@id":"https:\/\/www.celttv.com.ar\/index.php\/2013\/03\/27\/fedecoba-medidas-de-fuerza-paralizan-actividades-en-las-cooperativas-electricas\/#breadcrumb","itemListElement":[{"@type":"ListItem","position":1,"name":"Inicio","item":"https:\/\/www.celttv.com.ar\/"},{"@type":"ListItem","position":2,"name":"FEDECOBA: MEDIDAS DE FUERZA PARALIZAN ACTIVIDADES EN LAS COOPERATIVAS EL\u00c9CTRICAS"}]},{"@type":"WebSite","@id":"https:\/\/www.celttv.com.ar\/#website","url":"https:\/\/www.celttv.com.ar\/","name":"CELTTV","description":"Cooperativa El\u00e9ctrica de Tornquist","publisher":{"@id":"https:\/\/www.celttv.com.ar\/#organization"},"potentialAction":[{"@type":"SearchAction","target":{"@type":"EntryPoint","urlTemplate":"https:\/\/www.celttv.com.ar\/?s={search_term_string}"},"query-input":"required name=search_term_string"}],"inLanguage":"es"},{"@type":"Organization","@id":"https:\/\/www.celttv.com.ar\/#organization","name":"CELTTV","url":"https:\/\/www.celttv.com.ar\/","sameAs":["https:\/\/www.youtube.com\/channel\/UCz_oIt8Hig64Ub-EmcNPIhg","https:\/\/www.facebook.com\/celtTV\/"],"logo":{"@type":"ImageObject","inLanguage":"es","@id":"https:\/\/www.celttv.com.ar\/#\/schema\/logo\/image\/","url":"http:\/\/www.celttv.com.ar\/wp-content\/uploads\/2022\/08\/logo-1.png","contentUrl":"http:\/\/www.celttv.com.ar\/wp-content\/uploads\/2022\/08\/logo-1.png","width":461,"height":159,"caption":"CELTTV"},"image":{"@id":"https:\/\/www.celttv.com.ar\/#\/schema\/logo\/image\/"}},{"@type":"Person","@id":"https:\/\/www.celttv.com.ar\/#\/schema\/person\/6d99c072dba59953809c81446e9d0ace","name":"ulises","image":{"@type":"ImageObject","inLanguage":"es","@id":"https:\/\/www.celttv.com.ar\/#\/schema\/person\/image\/","url":"https:\/\/secure.gravatar.com\/avatar\/7f2c48bdc33b30088f941fb6082e555f2874c98e20cb159d7b92b50eadfce793?s=96&d=mm&r=g","contentUrl":"https:\/\/secure.gravatar.com\/avatar\/7f2c48bdc33b30088f941fb6082e555f2874c98e20cb159d7b92b50eadfce793?s=96&d=mm&r=g","caption":"ulises"},"sameAs":["http:\/\/www.celttv.com.ar"]}]}},"_links":{"self":[{"href":"https:\/\/www.celttv.com.ar\/index.php\/wp-json\/wp\/v2\/posts\/10842","targetHints":{"allow":["GET"]}}],"collection":[{"href":"https:\/\/www.celttv.com.ar\/index.php\/wp-json\/wp\/v2\/posts"}],"about":[{"href":"https:\/\/www.celttv.com.ar\/index.php\/wp-json\/wp\/v2\/types\/post"}],"author":[{"embeddable":true,"href":"https:\/\/www.celttv.com.ar\/index.php\/wp-json\/wp\/v2\/users\/1"}],"replies":[{"embeddable":true,"href":"https:\/\/www.celttv.com.ar\/index.php\/wp-json\/wp\/v2\/comments?post=10842"}],"version-history":[{"count":0,"href":"https:\/\/www.celttv.com.ar\/index.php\/wp-json\/wp\/v2\/posts\/10842\/revisions"}],"wp:attachment":[{"href":"https:\/\/www.celttv.com.ar\/index.php\/wp-json\/wp\/v2\/media?parent=10842"}],"wp:term":[{"taxonomy":"category","embeddable":true,"href":"https:\/\/www.celttv.com.ar\/index.php\/wp-json\/wp\/v2\/categories?post=10842"},{"taxonomy":"post_tag","embeddable":true,"href":"https:\/\/www.celttv.com.ar\/index.php\/wp-json\/wp\/v2\/tags?post=10842"}],"curies":[{"name":"wp","href":"https:\/\/api.w.org\/{rel}","templated":true}]}}