{"id":10920,"date":"2013-04-03T19:36:51","date_gmt":"2013-04-03T19:36:51","guid":{"rendered":"http:\/\/www.tvcnoticias.com.ar\/?p=10920"},"modified":"2013-04-03T19:36:51","modified_gmt":"2013-04-03T19:36:51","slug":"los-veteranos-y-caidos-en-malvinas-tuvieron-su-homenaje-fotos","status":"publish","type":"post","link":"https:\/\/www.celttv.com.ar\/index.php\/2013\/04\/03\/los-veteranos-y-caidos-en-malvinas-tuvieron-su-homenaje-fotos\/","title":{"rendered":"LOS VETERANOS Y CAIDOS EN MALVINAS TUVIERON SU HOMENAJE (Fotos)"},"content":{"rendered":"<p><br \/>\nLas sentidas palabras y relatos abordados por cada uno de los oradores, que generaron un inocultable clima emotivo, fue el principal eje del acto por el D\u00eda del Veterano y Ca\u00eddos en la Guerra de Malvinas, que se desarroll\u00f3 en la ma\u00f1ana de hoy en la Plaza \u201cH\u00e9roes de Malvinas\u201d de la ciudad cabecera del distrito.<br \/>\nLa jornada cont\u00f3 con la presencia del intendente municipal, licenciado Gustavo Trankels, integrantes del departamento Ejecutivo, concejales, veteranos de guerra y representantes de instituciones del distrito.<br \/>\nDespu\u00e9s de la entonaci\u00f3n del Himno Nacional, el cura p\u00e1rroco Norberto L\u00f3pez realiz\u00f3 una invocaci\u00f3n religiosa, durante la cual pidi\u00f3 por los combatientes ca\u00eddos durante el conflicto, sus familiares y aquellos que regresaron.<br \/>\n\u201cQue en el marco de una sociedad organizada, puedan encontrar el respaldo y el apoyo que los honre cada d\u00eda, y puedan vivir con dignidad. Que de una vez por todas se repare el sufrimiento que conlleva toda guerra\u201d, resalt\u00f3, para luego cederle la palabra a H\u00e9ctor P\u00e1ez, veterano de guerra y actual pastor.<br \/>\nLuego, el ex combatiente Enrique Cabral asumi\u00f3 la palabra y realiz\u00f3 una cruda descripci\u00f3n de lo que vivieron.<br \/>\n\u201cLos mismos militares que mataron a muchos compa\u00f1eros nuestros durante la dictadura, nos dirigieron en la guerra. Nosotros ten\u00edamos 18 a\u00f1os y no sab\u00edamos nada de armamento, porque tuvimos menos de un mes de instrucci\u00f3n. La guerra fue contra los ingleses y contra nuestros militares, que nos maltrataban. Estamos esperando que les llegue la Justicia\u201d, afirm\u00f3.<br \/>\n\u201cDespu\u00e9s de sufrir tanto, llegamos al continente en medio de la oscuridad\u2026 Fuimos tapados por la dictadura para que nadie nos viera. Ah\u00ed empez\u00f3 el calvario m\u00e1s grande para todo veterano: volver, no ser reconocido, no tener obra social, no tener asistencia m\u00e9dica en un momento en que la hubi\u00e9semos necesitado para evitar los 650 suicidios que se produjeron despu\u00e9s. Mientras tanto, los militares, que eligieron esa carrera, que cobraban por eso, fueron a la guerra, volvieron y continuaron cobrando, con obra social y asistencia m\u00e9dica\u201d, afirm\u00f3.<br \/>\nLos problemas no fueron simples. Al contrario, quienes hab\u00edan entregado todo por su Patria tuvieron que luchar para ser reconocidos como tal.<br \/>\n\u201cNos trataron de zurdos, de locos y a muchos nos expulsaron de nuestros trabajos. Fue pasando el tiempo y recibimos muchos palos, hasta que conseguimos la reivindicaci\u00f3n. A partir de 2003, gracias a Dios, empezamos a ser ciudadanos de primera, fuimos reconocidos por el Estados y la ciudadan\u00eda, y nosotros tambi\u00e9n nos reinventamos\u201d, recalc\u00f3 Cabral.<br \/>\nEl acto continu\u00f3 con las sentidas palabras de Gabriela Garc\u00eda, integrante del taller literario de la Biblioteca Popular Ernesto Tornquist, quien ley\u00f3 un escrito de su propiedad.<br \/>\n\u201cQuiero pedir humildemente perd\u00f3n a todos los soldados que lucharon por una Patria que nos cuesta tanto sostener, a los que nos miran desde la eternidad y a los que nos acompa\u00f1an en este tiempo como monumentos vivientes. Perd\u00f3n por no haber sabido, quiz\u00e1, mitigar sus heridas; no tanto las de su cuerpo como las de su esp\u00edritu. A ustedes debemos nuestra admiraci\u00f3n, nuestro reconocimiento y m\u00e1s que eso, nuestro compromiso de ampararlos en una Patria que ofrezca a todos sus hijos paz, trabajo honrado, educaci\u00f3n, salud y dignidad. Las Malvinas son argentinas, as\u00ed est\u00e9n bajo la bandera celeste y blanca o no. Nuestro deber como ciudadanos es honrar con nuestros actos a quienes las defendieron con lealtad y patriotismo. Si as\u00ed no lo hici\u00e9ramos, que Dios y la Patria nos lo demanden\u201d, cerr\u00f3, antes de recibir un largo aplauso.<br \/>\nEl intendente Trankels, el presidente del Concejo Deliberante, Sergio Bordoni, la concejal Mar\u00eda Ofelia Skolak y el veterano de guerra Jorge Flores, efectuaron la ofrenda florar sobre el monumento que descansa en la plaza.<br \/>\n\u201cSiento una sensaci\u00f3n de congoja por quienes no volvieron, orgullo de tener ex combatientes en el distrito y un espacio p\u00fablico llamado H\u00e9roes de Malvinas en su nombre, y tambi\u00e9n un poco de impotencia cuando ante cada reclamo de di\u00e1logo que hace nuestra presidenta Cristina Fern\u00e1ndez en nombre de todos nosotros, Gran Breta\u00f1a, el invasor, nos responde con agravios y redoblando la apuesta: enviando buques y militarizando nuestro Atl\u00e9ntico Sur\u201d, se\u00f1al\u00f3 V\u00edctor Ant\u00f3n, director de Producci\u00f3n y Medio Ambiente de la Municipalidad de Tornquist.<br \/>\n\u201cTodos los argentinos logramos que esta no sea una causa \u00fanicamente del Estado Argentino, sino una causa de la Patria Grande latinoamericana y hoy el mundo reconoce que Gran Breta\u00f1a debe dialogar sobre la soberan\u00eda de las Islas Malvinas. Estoy convencido que si todos trabajamos y le pedimos a Dios, pronto veremos la celeste y blanca ondeando en nuestro querido territorio\u201d, culmin\u00f3.<br \/>\nEl cierre tuvo su broche de oro: la cantante local Paola Polinori deleit\u00f3 a los presentes entonando la Marcha a las Malvinas. Un lujo para reivindicar la soberan\u00eda sobre las islas.<br \/>\n&nbsp;<\/p>\n","protected":false},"excerpt":{"rendered":"<p>Las sentidas palabras y relatos abordados por cada uno de los oradores, que generaron un inocultable clima emotivo, fue el principal eje del acto por el D\u00eda del Veterano y Ca\u00eddos en la Guerra de Malvinas, que se desarroll\u00f3 en la ma\u00f1ana de hoy en la Plaza \u201cH\u00e9roes de Malvinas\u201d de la ciudad cabecera del [&hellip;]<\/p>\n","protected":false},"author":1,"featured_media":0,"comment_status":"closed","ping_status":"open","sticky":false,"template":"","format":"standard","meta":{"footnotes":""},"categories":[51,52,53],"tags":[],"class_list":["post-10920","post","type-post","status-publish","format-standard","hentry","category-comunidad","category-destacadas","category-politica"],"yoast_head":"<!-- This site is optimized with the Yoast SEO plugin v19.7.1 - https:\/\/yoast.com\/wordpress\/plugins\/seo\/ -->\n<title>LOS VETERANOS Y CAIDOS EN MALVINAS TUVIERON SU HOMENAJE (Fotos) - CELTTV<\/title>\n<meta name=\"description\" content=\"Sitio web de noticias de la localidad de Tornquist, provincia de Buenos Aires, Rep\u00fablica Argentina. Contenido propio originado por periodistas de CELTTV, el canal de TV local de la Cooperativa El\u00e9ctrica de Tornquist. Turismo, Pol\u00edtica, Sociedad, Deporte, Cultura y todo el contenido de inter\u00e9s general que la gente del pueblo y la regi\u00f3n debe conocer.\" \/>\n<meta name=\"robots\" content=\"index, follow, max-snippet:-1, max-image-preview:large, max-video-preview:-1\" \/>\n<link rel=\"canonical\" href=\"https:\/\/www.celttv.com.ar\/index.php\/2013\/04\/03\/los-veteranos-y-caidos-en-malvinas-tuvieron-su-homenaje-fotos\/\" \/>\n<meta property=\"og:locale\" content=\"es_ES\" \/>\n<meta property=\"og:type\" content=\"article\" \/>\n<meta property=\"og:title\" content=\"LOS VETERANOS Y CAIDOS EN MALVINAS TUVIERON SU HOMENAJE (Fotos) - CELTTV\" \/>\n<meta property=\"og:description\" content=\"Sitio web de noticias de la localidad de Tornquist, provincia de Buenos Aires, Rep\u00fablica Argentina. Contenido propio originado por periodistas de CELTTV, el canal de TV local de la Cooperativa El\u00e9ctrica de Tornquist. Turismo, Pol\u00edtica, Sociedad, Deporte, Cultura y todo el contenido de inter\u00e9s general que la gente del pueblo y la regi\u00f3n debe conocer.\" \/>\n<meta property=\"og:url\" content=\"https:\/\/www.celttv.com.ar\/index.php\/2013\/04\/03\/los-veteranos-y-caidos-en-malvinas-tuvieron-su-homenaje-fotos\/\" \/>\n<meta property=\"og:site_name\" content=\"CELTTV\" \/>\n<meta property=\"article:publisher\" content=\"https:\/\/www.facebook.com\/celtTV\/\" \/>\n<meta property=\"article:published_time\" content=\"2013-04-03T19:36:51+00:00\" \/>\n<meta name=\"author\" content=\"ulises\" \/>\n<meta name=\"twitter:card\" content=\"summary_large_image\" \/>\n<meta name=\"twitter:label1\" content=\"Escrito por\" \/>\n\t<meta name=\"twitter:data1\" content=\"ulises\" \/>\n\t<meta name=\"twitter:label2\" content=\"Tiempo de lectura\" \/>\n\t<meta name=\"twitter:data2\" content=\"4 minutos\" \/>\n<script type=\"application\/ld+json\" class=\"yoast-schema-graph\">{\"@context\":\"https:\/\/schema.org\",\"@graph\":[{\"@type\":\"NewsArticle\",\"@id\":\"https:\/\/www.celttv.com.ar\/index.php\/2013\/04\/03\/los-veteranos-y-caidos-en-malvinas-tuvieron-su-homenaje-fotos\/#article\",\"isPartOf\":{\"@id\":\"https:\/\/www.celttv.com.ar\/index.php\/2013\/04\/03\/los-veteranos-y-caidos-en-malvinas-tuvieron-su-homenaje-fotos\/\"},\"author\":{\"name\":\"ulises\",\"@id\":\"https:\/\/www.celttv.com.ar\/#\/schema\/person\/6d99c072dba59953809c81446e9d0ace\"},\"headline\":\"LOS VETERANOS Y CAIDOS EN MALVINAS TUVIERON SU HOMENAJE (Fotos)\",\"datePublished\":\"2013-04-03T19:36:51+00:00\",\"dateModified\":\"2013-04-03T19:36:51+00:00\",\"mainEntityOfPage\":{\"@id\":\"https:\/\/www.celttv.com.ar\/index.php\/2013\/04\/03\/los-veteranos-y-caidos-en-malvinas-tuvieron-su-homenaje-fotos\/\"},\"wordCount\":852,\"publisher\":{\"@id\":\"https:\/\/www.celttv.com.ar\/#organization\"},\"articleSection\":[\"Comunidad\",\"Destacadas\",\"Pol\u00edtica\"],\"inLanguage\":\"es\"},{\"@type\":\"WebPage\",\"@id\":\"https:\/\/www.celttv.com.ar\/index.php\/2013\/04\/03\/los-veteranos-y-caidos-en-malvinas-tuvieron-su-homenaje-fotos\/\",\"url\":\"https:\/\/www.celttv.com.ar\/index.php\/2013\/04\/03\/los-veteranos-y-caidos-en-malvinas-tuvieron-su-homenaje-fotos\/\",\"name\":\"LOS VETERANOS Y CAIDOS EN MALVINAS TUVIERON SU HOMENAJE (Fotos) - CELTTV\",\"isPartOf\":{\"@id\":\"https:\/\/www.celttv.com.ar\/#website\"},\"datePublished\":\"2013-04-03T19:36:51+00:00\",\"dateModified\":\"2013-04-03T19:36:51+00:00\",\"description\":\"Sitio web de noticias de la localidad de Tornquist, provincia de Buenos Aires, Rep\u00fablica Argentina. Contenido propio originado por periodistas de CELTTV, el canal de TV local de la Cooperativa El\u00e9ctrica de Tornquist. Turismo, Pol\u00edtica, Sociedad, Deporte, Cultura y todo el contenido de inter\u00e9s general que la gente del pueblo y la regi\u00f3n debe conocer.\",\"breadcrumb\":{\"@id\":\"https:\/\/www.celttv.com.ar\/index.php\/2013\/04\/03\/los-veteranos-y-caidos-en-malvinas-tuvieron-su-homenaje-fotos\/#breadcrumb\"},\"inLanguage\":\"es\",\"potentialAction\":[{\"@type\":\"ReadAction\",\"target\":[\"https:\/\/www.celttv.com.ar\/index.php\/2013\/04\/03\/los-veteranos-y-caidos-en-malvinas-tuvieron-su-homenaje-fotos\/\"]}]},{\"@type\":\"BreadcrumbList\",\"@id\":\"https:\/\/www.celttv.com.ar\/index.php\/2013\/04\/03\/los-veteranos-y-caidos-en-malvinas-tuvieron-su-homenaje-fotos\/#breadcrumb\",\"itemListElement\":[{\"@type\":\"ListItem\",\"position\":1,\"name\":\"Inicio\",\"item\":\"https:\/\/www.celttv.com.ar\/\"},{\"@type\":\"ListItem\",\"position\":2,\"name\":\"LOS VETERANOS Y CAIDOS EN MALVINAS TUVIERON SU HOMENAJE (Fotos)\"}]},{\"@type\":\"WebSite\",\"@id\":\"https:\/\/www.celttv.com.ar\/#website\",\"url\":\"https:\/\/www.celttv.com.ar\/\",\"name\":\"CELTTV\",\"description\":\"Cooperativa El\u00e9ctrica de Tornquist\",\"publisher\":{\"@id\":\"https:\/\/www.celttv.com.ar\/#organization\"},\"potentialAction\":[{\"@type\":\"SearchAction\",\"target\":{\"@type\":\"EntryPoint\",\"urlTemplate\":\"https:\/\/www.celttv.com.ar\/?s={search_term_string}\"},\"query-input\":\"required name=search_term_string\"}],\"inLanguage\":\"es\"},{\"@type\":\"Organization\",\"@id\":\"https:\/\/www.celttv.com.ar\/#organization\",\"name\":\"CELTTV\",\"url\":\"https:\/\/www.celttv.com.ar\/\",\"sameAs\":[\"https:\/\/www.youtube.com\/channel\/UCz_oIt8Hig64Ub-EmcNPIhg\",\"https:\/\/www.facebook.com\/celtTV\/\"],\"logo\":{\"@type\":\"ImageObject\",\"inLanguage\":\"es\",\"@id\":\"https:\/\/www.celttv.com.ar\/#\/schema\/logo\/image\/\",\"url\":\"http:\/\/www.celttv.com.ar\/wp-content\/uploads\/2022\/08\/logo-1.png\",\"contentUrl\":\"http:\/\/www.celttv.com.ar\/wp-content\/uploads\/2022\/08\/logo-1.png\",\"width\":461,\"height\":159,\"caption\":\"CELTTV\"},\"image\":{\"@id\":\"https:\/\/www.celttv.com.ar\/#\/schema\/logo\/image\/\"}},{\"@type\":\"Person\",\"@id\":\"https:\/\/www.celttv.com.ar\/#\/schema\/person\/6d99c072dba59953809c81446e9d0ace\",\"name\":\"ulises\",\"image\":{\"@type\":\"ImageObject\",\"inLanguage\":\"es\",\"@id\":\"https:\/\/www.celttv.com.ar\/#\/schema\/person\/image\/\",\"url\":\"https:\/\/secure.gravatar.com\/avatar\/7f2c48bdc33b30088f941fb6082e555f2874c98e20cb159d7b92b50eadfce793?s=96&d=mm&r=g\",\"contentUrl\":\"https:\/\/secure.gravatar.com\/avatar\/7f2c48bdc33b30088f941fb6082e555f2874c98e20cb159d7b92b50eadfce793?s=96&d=mm&r=g\",\"caption\":\"ulises\"},\"sameAs\":[\"http:\/\/www.celttv.com.ar\"]}]}<\/script>\n<!-- \/ Yoast SEO plugin. -->","yoast_head_json":{"title":"LOS VETERANOS Y CAIDOS EN MALVINAS TUVIERON SU HOMENAJE (Fotos) - CELTTV","description":"Sitio web de noticias de la localidad de Tornquist, provincia de Buenos Aires, Rep\u00fablica Argentina. Contenido propio originado por periodistas de CELTTV, el canal de TV local de la Cooperativa El\u00e9ctrica de Tornquist. Turismo, Pol\u00edtica, Sociedad, Deporte, Cultura y todo el contenido de inter\u00e9s general que la gente del pueblo y la regi\u00f3n debe conocer.","robots":{"index":"index","follow":"follow","max-snippet":"max-snippet:-1","max-image-preview":"max-image-preview:large","max-video-preview":"max-video-preview:-1"},"canonical":"https:\/\/www.celttv.com.ar\/index.php\/2013\/04\/03\/los-veteranos-y-caidos-en-malvinas-tuvieron-su-homenaje-fotos\/","og_locale":"es_ES","og_type":"article","og_title":"LOS VETERANOS Y CAIDOS EN MALVINAS TUVIERON SU HOMENAJE (Fotos) - CELTTV","og_description":"Sitio web de noticias de la localidad de Tornquist, provincia de Buenos Aires, Rep\u00fablica Argentina. Contenido propio originado por periodistas de CELTTV, el canal de TV local de la Cooperativa El\u00e9ctrica de Tornquist. Turismo, Pol\u00edtica, Sociedad, Deporte, Cultura y todo el contenido de inter\u00e9s general que la gente del pueblo y la regi\u00f3n debe conocer.","og_url":"https:\/\/www.celttv.com.ar\/index.php\/2013\/04\/03\/los-veteranos-y-caidos-en-malvinas-tuvieron-su-homenaje-fotos\/","og_site_name":"CELTTV","article_publisher":"https:\/\/www.facebook.com\/celtTV\/","article_published_time":"2013-04-03T19:36:51+00:00","author":"ulises","twitter_card":"summary_large_image","twitter_misc":{"Escrito por":"ulises","Tiempo de lectura":"4 minutos"},"schema":{"@context":"https:\/\/schema.org","@graph":[{"@type":"NewsArticle","@id":"https:\/\/www.celttv.com.ar\/index.php\/2013\/04\/03\/los-veteranos-y-caidos-en-malvinas-tuvieron-su-homenaje-fotos\/#article","isPartOf":{"@id":"https:\/\/www.celttv.com.ar\/index.php\/2013\/04\/03\/los-veteranos-y-caidos-en-malvinas-tuvieron-su-homenaje-fotos\/"},"author":{"name":"ulises","@id":"https:\/\/www.celttv.com.ar\/#\/schema\/person\/6d99c072dba59953809c81446e9d0ace"},"headline":"LOS VETERANOS Y CAIDOS EN MALVINAS TUVIERON SU HOMENAJE (Fotos)","datePublished":"2013-04-03T19:36:51+00:00","dateModified":"2013-04-03T19:36:51+00:00","mainEntityOfPage":{"@id":"https:\/\/www.celttv.com.ar\/index.php\/2013\/04\/03\/los-veteranos-y-caidos-en-malvinas-tuvieron-su-homenaje-fotos\/"},"wordCount":852,"publisher":{"@id":"https:\/\/www.celttv.com.ar\/#organization"},"articleSection":["Comunidad","Destacadas","Pol\u00edtica"],"inLanguage":"es"},{"@type":"WebPage","@id":"https:\/\/www.celttv.com.ar\/index.php\/2013\/04\/03\/los-veteranos-y-caidos-en-malvinas-tuvieron-su-homenaje-fotos\/","url":"https:\/\/www.celttv.com.ar\/index.php\/2013\/04\/03\/los-veteranos-y-caidos-en-malvinas-tuvieron-su-homenaje-fotos\/","name":"LOS VETERANOS Y CAIDOS EN MALVINAS TUVIERON SU HOMENAJE (Fotos) - CELTTV","isPartOf":{"@id":"https:\/\/www.celttv.com.ar\/#website"},"datePublished":"2013-04-03T19:36:51+00:00","dateModified":"2013-04-03T19:36:51+00:00","description":"Sitio web de noticias de la localidad de Tornquist, provincia de Buenos Aires, Rep\u00fablica Argentina. Contenido propio originado por periodistas de CELTTV, el canal de TV local de la Cooperativa El\u00e9ctrica de Tornquist. Turismo, Pol\u00edtica, Sociedad, Deporte, Cultura y todo el contenido de inter\u00e9s general que la gente del pueblo y la regi\u00f3n debe conocer.","breadcrumb":{"@id":"https:\/\/www.celttv.com.ar\/index.php\/2013\/04\/03\/los-veteranos-y-caidos-en-malvinas-tuvieron-su-homenaje-fotos\/#breadcrumb"},"inLanguage":"es","potentialAction":[{"@type":"ReadAction","target":["https:\/\/www.celttv.com.ar\/index.php\/2013\/04\/03\/los-veteranos-y-caidos-en-malvinas-tuvieron-su-homenaje-fotos\/"]}]},{"@type":"BreadcrumbList","@id":"https:\/\/www.celttv.com.ar\/index.php\/2013\/04\/03\/los-veteranos-y-caidos-en-malvinas-tuvieron-su-homenaje-fotos\/#breadcrumb","itemListElement":[{"@type":"ListItem","position":1,"name":"Inicio","item":"https:\/\/www.celttv.com.ar\/"},{"@type":"ListItem","position":2,"name":"LOS VETERANOS Y CAIDOS EN MALVINAS TUVIERON SU HOMENAJE (Fotos)"}]},{"@type":"WebSite","@id":"https:\/\/www.celttv.com.ar\/#website","url":"https:\/\/www.celttv.com.ar\/","name":"CELTTV","description":"Cooperativa El\u00e9ctrica de Tornquist","publisher":{"@id":"https:\/\/www.celttv.com.ar\/#organization"},"potentialAction":[{"@type":"SearchAction","target":{"@type":"EntryPoint","urlTemplate":"https:\/\/www.celttv.com.ar\/?s={search_term_string}"},"query-input":"required name=search_term_string"}],"inLanguage":"es"},{"@type":"Organization","@id":"https:\/\/www.celttv.com.ar\/#organization","name":"CELTTV","url":"https:\/\/www.celttv.com.ar\/","sameAs":["https:\/\/www.youtube.com\/channel\/UCz_oIt8Hig64Ub-EmcNPIhg","https:\/\/www.facebook.com\/celtTV\/"],"logo":{"@type":"ImageObject","inLanguage":"es","@id":"https:\/\/www.celttv.com.ar\/#\/schema\/logo\/image\/","url":"http:\/\/www.celttv.com.ar\/wp-content\/uploads\/2022\/08\/logo-1.png","contentUrl":"http:\/\/www.celttv.com.ar\/wp-content\/uploads\/2022\/08\/logo-1.png","width":461,"height":159,"caption":"CELTTV"},"image":{"@id":"https:\/\/www.celttv.com.ar\/#\/schema\/logo\/image\/"}},{"@type":"Person","@id":"https:\/\/www.celttv.com.ar\/#\/schema\/person\/6d99c072dba59953809c81446e9d0ace","name":"ulises","image":{"@type":"ImageObject","inLanguage":"es","@id":"https:\/\/www.celttv.com.ar\/#\/schema\/person\/image\/","url":"https:\/\/secure.gravatar.com\/avatar\/7f2c48bdc33b30088f941fb6082e555f2874c98e20cb159d7b92b50eadfce793?s=96&d=mm&r=g","contentUrl":"https:\/\/secure.gravatar.com\/avatar\/7f2c48bdc33b30088f941fb6082e555f2874c98e20cb159d7b92b50eadfce793?s=96&d=mm&r=g","caption":"ulises"},"sameAs":["http:\/\/www.celttv.com.ar"]}]}},"_links":{"self":[{"href":"https:\/\/www.celttv.com.ar\/index.php\/wp-json\/wp\/v2\/posts\/10920","targetHints":{"allow":["GET"]}}],"collection":[{"href":"https:\/\/www.celttv.com.ar\/index.php\/wp-json\/wp\/v2\/posts"}],"about":[{"href":"https:\/\/www.celttv.com.ar\/index.php\/wp-json\/wp\/v2\/types\/post"}],"author":[{"embeddable":true,"href":"https:\/\/www.celttv.com.ar\/index.php\/wp-json\/wp\/v2\/users\/1"}],"replies":[{"embeddable":true,"href":"https:\/\/www.celttv.com.ar\/index.php\/wp-json\/wp\/v2\/comments?post=10920"}],"version-history":[{"count":0,"href":"https:\/\/www.celttv.com.ar\/index.php\/wp-json\/wp\/v2\/posts\/10920\/revisions"}],"wp:attachment":[{"href":"https:\/\/www.celttv.com.ar\/index.php\/wp-json\/wp\/v2\/media?parent=10920"}],"wp:term":[{"taxonomy":"category","embeddable":true,"href":"https:\/\/www.celttv.com.ar\/index.php\/wp-json\/wp\/v2\/categories?post=10920"},{"taxonomy":"post_tag","embeddable":true,"href":"https:\/\/www.celttv.com.ar\/index.php\/wp-json\/wp\/v2\/tags?post=10920"}],"curies":[{"name":"wp","href":"https:\/\/api.w.org\/{rel}","templated":true}]}}