{"id":10980,"date":"2013-04-07T00:00:56","date_gmt":"2013-04-07T00:00:56","guid":{"rendered":"http:\/\/www.tvcnoticias.com.ar\/?p=10980"},"modified":"2013-04-07T00:00:56","modified_gmt":"2013-04-07T00:00:56","slug":"hcd-se-dio-inicio-a-un-nuevo-periodo-de-sesiones-ordinarias-video-y-videoentrevistas","status":"publish","type":"post","link":"https:\/\/www.celttv.com.ar\/index.php\/2013\/04\/07\/hcd-se-dio-inicio-a-un-nuevo-periodo-de-sesiones-ordinarias-video-y-videoentrevistas\/","title":{"rendered":"HCD.:SE DIO INICIO A UN NUEVO PERIODO DE SESIONES ORDINARIAS (video y videoentrevistas)"},"content":{"rendered":"<p><a href=\"http:\/\/www.youtube.com\/watch?v=w82qf1R5FMc\"><\/a><a href=\"http:\/\/www.youtube.com\/watch?v=w82qf1R5FMc\">httpv:\/\/www.youtube.com\/watch?v=w82qf1R5FMc<\/a><br \/>\n<a href=\"http:\/\/www.youtube.com\/watch?v=VSKByYD7f0c\"><\/a><a href=\"http:\/\/www.youtube.com\/watch?v=VSKByYD7f0c\">httpv:\/\/www.youtube.com\/watch?v=VSKByYD7f0c<\/a><br \/>\n<a href=\"http:\/\/www.youtube.com\/watch?v=tp_UzJSosps\">httpv:\/\/www.youtube.com\/watch?v=tp_UzJSosps<\/a><br \/>\n<a href=\"http:\/\/www.youtube.com\/watch?v=qZqFRRWRlAM\"><\/a><a href=\"http:\/\/www.youtube.com\/watch?v=qZqFRRWRlAM\">httpv:\/\/www.youtube.com\/watch?v=qZqFRRWRlAM<\/a><br \/>\n<a href=\"http:\/\/www.youtube.com\/watch?v=7VkfXjgVb5Y\"><\/a><a href=\"http:\/\/www.youtube.com\/watch?v=7VkfXjgVb5Y\">httpv:\/\/www.youtube.com\/watch?v=7VkfXjgVb5Y<\/a><br \/>\n<a href=\"http:\/\/www.youtube.com\/watch?v=secS6gw9Rew\"><\/a><a href=\"http:\/\/www.youtube.com\/watch?v=secS6gw9Rew\">httpv:\/\/www.youtube.com\/watch?v=secS6gw9Rew<\/a><br \/>\n<a href=\"http:\/\/www.youtube.com\/watch?v=c1r2r9W5tTU\"><\/a><a href=\"http:\/\/www.youtube.com\/watch?v=c1r2r9W5tTU\">httpv:\/\/www.youtube.com\/watch?v=c1r2r9W5tTU<\/a><br \/>\nLa futura conformaci\u00f3n de un fondo de obra p\u00fablica, los avances en materia de reciclado de residuos s\u00f3lidos urbanos, las acciones que se vienen efectuando en pos de solucionar el d\u00e9ficit habitacional del distrito, los trabajos de infraestructura que se est\u00e1n ejecutando y algunos temas pendientes por resolver, fueron algunos de los ejes abordados por el intendente municipal, licenciado Gustavo Trankels, durante el discurso que dej\u00f3 inaugurado el per\u00edodo de sesiones ordinarias del Concejo Deliberante.<br \/>\nDespu\u00e9s de solidarizare con los familiares de las v\u00edctimas de las inundaciones que afectaron a Buenos Aires, Gran Buenos Aires y La Plata, el jefe comunal recalc\u00f3 las importantes acciones ya concretadas en el transcurso del presente a\u00f1o, como la adquisici\u00f3n del edificio de la Casa de Mar\u00eda Auxiliadora, el inicio de la obra de desag\u00fces cloacales en Sierra de la Ventana, la construcci\u00f3n de la planta de gas en Villa Ventana y la futura pavimentaci\u00f3n de m\u00e1s de 30 cuadras en Tornquist.<br \/>\n\u201cDe una manera u otra hemos encontrado la forma de avanzar. Vamos a conformar un fondo de obra p\u00fablica, que permitir\u00e1 que quien gobierne tenga recursos propios para poder afrontar distintos trabajos. Esa es una gran noticia para todos\u201d, resalt\u00f3 Trankels.<br \/>\n\u201cMuchas veces, la acci\u00f3n de gobierno se convierte en pol\u00edtica de Estado y eso le asegura continuidad en el tiempo. En el mismo sentido podemos hablar de lo ocurrido con el tratamiento de los residuos s\u00f3lidos urbanos, otro de los grandes temas y desaf\u00edos que tenemos en el distrito, para lograr lo que todos anhelamos: que se desarrolle de manera amigable con el medio ambiente. Por supuesto que falta mucho, pues tenemos todav\u00eda pendiente la eliminaci\u00f3n de los basureros a cielo abierto, pero podemos enumerar una gran cantidad de pasos que se han dado hacia ese objetivo que todos deseamos\u201d, recalc\u00f3.<br \/>\nTrankels mencion\u00f3 otras acciones que acompa\u00f1an este objetivo.<br \/>\n\u201cEn este sentido, propiciamos la eliminaci\u00f3n de las bolsas camiseta, que surgi\u00f3 de la inquietud de los propios vecinos y que hoy es una ordenanza ejemplo en la provincia. Tambi\u00e9n buscaremos avanzar sin parar en el programa Puntos Limpios y en una nueva etapa de Tu Manzana Recicla\u201d, se\u00f1al\u00f3.<br \/>\nEl intendente se\u00f1al\u00f3 al programa de usucapi\u00f3n administrativo, que le permite al Estado municipal adquirir tierras con un fin social, como un elemento de suma importancia.<br \/>\n\u201cOtro de los grandes objetivos es ir tratando de solucionar el d\u00e9ficit habitacional que existe en el distrito. Estamos interviniendo en m\u00e1s de 180 soluciones habitacionales, entre viviendas nuevas y reparaciones de otras tantas que estaban en malas condiciones, comprendidas dentro del Plan Ah\u00ed del Ministerio de Desarrollo Social de la Naci\u00f3n. Tambi\u00e9n contamos con el Plan Procrear, al cual pudieron acceder varios tornquistenses. Por supuesto que todav\u00eda falta mucho por recorrer\u201d, manifest\u00f3.<br \/>\nTrankels recalc\u00f3 que para el presente a\u00f1o se tienen proyectadas acciones para cada una de las localidades de distrito y se refiri\u00f3 especialmente al tema agroqu\u00edmicos, que se encuentra pendiente de resoluci\u00f3n.<br \/>\n\u201cEl mismo amerita una intervenci\u00f3n interdisciplinaria de distintas \u00e1reas y profesionales. Ojal\u00e1 que Dios nos ilumine a todos para que podamos lograr una ordenanza que no sea vista como el triunfo de ning\u00fan sector pol\u00edtico, sino como el triunfo de la comunidad de un distrito organizado, que sepa generar una ordenanza que nos haga desarrollarnos, pero con salud y una mejor calidad de vida para todos\u201d, afirm\u00f3.<br \/>\n\u201cAnte los grandes desaf\u00edos, es importante que encaremos las cosas con alegr\u00eda. Como dec\u00eda Jauretche, nada grande se puede hacer sin alegr\u00eda\u201d, a\u00f1adi\u00f3.<br \/>\nDurante su discurso, el intendente Trankels destac\u00f3 el acompa\u00f1amiento de su familia y agradeci\u00f3 a quienes colaboran de una u otra manera.<br \/>\n\u201cQuiero agradecerles de coraz\u00f3n a todos los que nos acompa\u00f1an d\u00eda a d\u00eda en la gesti\u00f3n, sin importar la fuerza pol\u00edtica o el cargo que ocupan; muchas veces son vecinos que se acercan con una necesidad o llegan con una cr\u00edtica constructiva\u201d, dijo.<br \/>\n\u201cTambi\u00e9n a todos los que nos dieron una mano de los distintos estamentos. A nuestra presidenta Cristina Fern\u00e1ndez, con un modelo econ\u00f3mico que permiti\u00f3 que peque\u00f1os distritos como el nuestro hayan podido encarar obras que de otra manera hubiesen sido imposible; al gobernador Daniel Scioli, que puso a Tornquist en uno de los primeros lugares de su agenda de trabajo y eso se tradujo en important\u00edsimas acciones de gobierno; y por supuesto, en muchas ocasiones, el acompa\u00f1amiento de este propio Concejo Deliberante\u201d, se\u00f1al\u00f3.<br \/>\n&nbsp;<br \/>\n&nbsp;<\/p>\n","protected":false},"excerpt":{"rendered":"<p>httpv:\/\/www.youtube.com\/watch?v=w82qf1R5FMc httpv:\/\/www.youtube.com\/watch?v=VSKByYD7f0c httpv:\/\/www.youtube.com\/watch?v=tp_UzJSosps httpv:\/\/www.youtube.com\/watch?v=qZqFRRWRlAM httpv:\/\/www.youtube.com\/watch?v=7VkfXjgVb5Y httpv:\/\/www.youtube.com\/watch?v=secS6gw9Rew httpv:\/\/www.youtube.com\/watch?v=c1r2r9W5tTU La futura conformaci\u00f3n de un fondo de obra p\u00fablica, los avances en materia de reciclado de residuos s\u00f3lidos urbanos, las acciones que se vienen efectuando en pos de solucionar el d\u00e9ficit habitacional del distrito, los trabajos de infraestructura que se est\u00e1n ejecutando y algunos temas pendientes por resolver, [&hellip;]<\/p>\n","protected":false},"author":1,"featured_media":0,"comment_status":"closed","ping_status":"open","sticky":false,"template":"","format":"standard","meta":{"footnotes":""},"categories":[51,52,53,64],"tags":[],"class_list":["post-10980","post","type-post","status-publish","format-standard","hentry","category-comunidad","category-destacadas","category-politica","category-videos-destacados"],"yoast_head":"<!-- This site is optimized with the Yoast SEO plugin v19.7.1 - https:\/\/yoast.com\/wordpress\/plugins\/seo\/ -->\n<title>HCD.:SE DIO INICIO A UN NUEVO PERIODO DE SESIONES ORDINARIAS (video y videoentrevistas) - CELTTV<\/title>\n<meta name=\"description\" content=\"Sitio web de noticias de la localidad de Tornquist, provincia de Buenos Aires, Rep\u00fablica Argentina. Contenido propio originado por periodistas de CELTTV, el canal de TV local de la Cooperativa El\u00e9ctrica de Tornquist. Turismo, Pol\u00edtica, Sociedad, Deporte, Cultura y todo el contenido de inter\u00e9s general que la gente del pueblo y la regi\u00f3n debe conocer.\" \/>\n<meta name=\"robots\" content=\"index, follow, max-snippet:-1, max-image-preview:large, max-video-preview:-1\" \/>\n<link rel=\"canonical\" href=\"https:\/\/www.celttv.com.ar\/index.php\/2013\/04\/07\/hcd-se-dio-inicio-a-un-nuevo-periodo-de-sesiones-ordinarias-video-y-videoentrevistas\/\" \/>\n<meta property=\"og:locale\" content=\"es_ES\" \/>\n<meta property=\"og:type\" content=\"article\" \/>\n<meta property=\"og:title\" content=\"HCD.:SE DIO INICIO A UN NUEVO PERIODO DE SESIONES ORDINARIAS (video y videoentrevistas) - CELTTV\" \/>\n<meta property=\"og:description\" content=\"Sitio web de noticias de la localidad de Tornquist, provincia de Buenos Aires, Rep\u00fablica Argentina. Contenido propio originado por periodistas de CELTTV, el canal de TV local de la Cooperativa El\u00e9ctrica de Tornquist. Turismo, Pol\u00edtica, Sociedad, Deporte, Cultura y todo el contenido de inter\u00e9s general que la gente del pueblo y la regi\u00f3n debe conocer.\" \/>\n<meta property=\"og:url\" content=\"https:\/\/www.celttv.com.ar\/index.php\/2013\/04\/07\/hcd-se-dio-inicio-a-un-nuevo-periodo-de-sesiones-ordinarias-video-y-videoentrevistas\/\" \/>\n<meta property=\"og:site_name\" content=\"CELTTV\" \/>\n<meta property=\"article:publisher\" content=\"https:\/\/www.facebook.com\/celtTV\/\" \/>\n<meta property=\"article:published_time\" content=\"2013-04-07T00:00:56+00:00\" \/>\n<meta name=\"author\" content=\"ulises\" \/>\n<meta name=\"twitter:card\" content=\"summary_large_image\" \/>\n<meta name=\"twitter:label1\" content=\"Escrito por\" \/>\n\t<meta name=\"twitter:data1\" content=\"ulises\" \/>\n\t<meta name=\"twitter:label2\" content=\"Tiempo de lectura\" \/>\n\t<meta name=\"twitter:data2\" content=\"4 minutos\" \/>\n<script type=\"application\/ld+json\" class=\"yoast-schema-graph\">{\"@context\":\"https:\/\/schema.org\",\"@graph\":[{\"@type\":\"NewsArticle\",\"@id\":\"https:\/\/www.celttv.com.ar\/index.php\/2013\/04\/07\/hcd-se-dio-inicio-a-un-nuevo-periodo-de-sesiones-ordinarias-video-y-videoentrevistas\/#article\",\"isPartOf\":{\"@id\":\"https:\/\/www.celttv.com.ar\/index.php\/2013\/04\/07\/hcd-se-dio-inicio-a-un-nuevo-periodo-de-sesiones-ordinarias-video-y-videoentrevistas\/\"},\"author\":{\"name\":\"ulises\",\"@id\":\"https:\/\/www.celttv.com.ar\/#\/schema\/person\/6d99c072dba59953809c81446e9d0ace\"},\"headline\":\"HCD.:SE DIO INICIO A UN NUEVO PERIODO DE SESIONES ORDINARIAS (video y videoentrevistas)\",\"datePublished\":\"2013-04-07T00:00:56+00:00\",\"dateModified\":\"2013-04-07T00:00:56+00:00\",\"mainEntityOfPage\":{\"@id\":\"https:\/\/www.celttv.com.ar\/index.php\/2013\/04\/07\/hcd-se-dio-inicio-a-un-nuevo-periodo-de-sesiones-ordinarias-video-y-videoentrevistas\/\"},\"wordCount\":861,\"publisher\":{\"@id\":\"https:\/\/www.celttv.com.ar\/#organization\"},\"articleSection\":[\"Comunidad\",\"Destacadas\",\"Pol\u00edtica\",\"Videos Destacados\"],\"inLanguage\":\"es\"},{\"@type\":\"WebPage\",\"@id\":\"https:\/\/www.celttv.com.ar\/index.php\/2013\/04\/07\/hcd-se-dio-inicio-a-un-nuevo-periodo-de-sesiones-ordinarias-video-y-videoentrevistas\/\",\"url\":\"https:\/\/www.celttv.com.ar\/index.php\/2013\/04\/07\/hcd-se-dio-inicio-a-un-nuevo-periodo-de-sesiones-ordinarias-video-y-videoentrevistas\/\",\"name\":\"HCD.:SE DIO INICIO A UN NUEVO PERIODO DE SESIONES ORDINARIAS (video y videoentrevistas) - CELTTV\",\"isPartOf\":{\"@id\":\"https:\/\/www.celttv.com.ar\/#website\"},\"datePublished\":\"2013-04-07T00:00:56+00:00\",\"dateModified\":\"2013-04-07T00:00:56+00:00\",\"description\":\"Sitio web de noticias de la localidad de Tornquist, provincia de Buenos Aires, Rep\u00fablica Argentina. Contenido propio originado por periodistas de CELTTV, el canal de TV local de la Cooperativa El\u00e9ctrica de Tornquist. Turismo, Pol\u00edtica, Sociedad, Deporte, Cultura y todo el contenido de inter\u00e9s general que la gente del pueblo y la regi\u00f3n debe conocer.\",\"breadcrumb\":{\"@id\":\"https:\/\/www.celttv.com.ar\/index.php\/2013\/04\/07\/hcd-se-dio-inicio-a-un-nuevo-periodo-de-sesiones-ordinarias-video-y-videoentrevistas\/#breadcrumb\"},\"inLanguage\":\"es\",\"potentialAction\":[{\"@type\":\"ReadAction\",\"target\":[\"https:\/\/www.celttv.com.ar\/index.php\/2013\/04\/07\/hcd-se-dio-inicio-a-un-nuevo-periodo-de-sesiones-ordinarias-video-y-videoentrevistas\/\"]}]},{\"@type\":\"BreadcrumbList\",\"@id\":\"https:\/\/www.celttv.com.ar\/index.php\/2013\/04\/07\/hcd-se-dio-inicio-a-un-nuevo-periodo-de-sesiones-ordinarias-video-y-videoentrevistas\/#breadcrumb\",\"itemListElement\":[{\"@type\":\"ListItem\",\"position\":1,\"name\":\"Inicio\",\"item\":\"https:\/\/www.celttv.com.ar\/\"},{\"@type\":\"ListItem\",\"position\":2,\"name\":\"HCD.:SE DIO INICIO A UN NUEVO PERIODO DE SESIONES ORDINARIAS (video y videoentrevistas)\"}]},{\"@type\":\"WebSite\",\"@id\":\"https:\/\/www.celttv.com.ar\/#website\",\"url\":\"https:\/\/www.celttv.com.ar\/\",\"name\":\"CELTTV\",\"description\":\"Cooperativa El\u00e9ctrica de Tornquist\",\"publisher\":{\"@id\":\"https:\/\/www.celttv.com.ar\/#organization\"},\"potentialAction\":[{\"@type\":\"SearchAction\",\"target\":{\"@type\":\"EntryPoint\",\"urlTemplate\":\"https:\/\/www.celttv.com.ar\/?s={search_term_string}\"},\"query-input\":\"required name=search_term_string\"}],\"inLanguage\":\"es\"},{\"@type\":\"Organization\",\"@id\":\"https:\/\/www.celttv.com.ar\/#organization\",\"name\":\"CELTTV\",\"url\":\"https:\/\/www.celttv.com.ar\/\",\"sameAs\":[\"https:\/\/www.youtube.com\/channel\/UCz_oIt8Hig64Ub-EmcNPIhg\",\"https:\/\/www.facebook.com\/celtTV\/\"],\"logo\":{\"@type\":\"ImageObject\",\"inLanguage\":\"es\",\"@id\":\"https:\/\/www.celttv.com.ar\/#\/schema\/logo\/image\/\",\"url\":\"http:\/\/www.celttv.com.ar\/wp-content\/uploads\/2022\/08\/logo-1.png\",\"contentUrl\":\"http:\/\/www.celttv.com.ar\/wp-content\/uploads\/2022\/08\/logo-1.png\",\"width\":461,\"height\":159,\"caption\":\"CELTTV\"},\"image\":{\"@id\":\"https:\/\/www.celttv.com.ar\/#\/schema\/logo\/image\/\"}},{\"@type\":\"Person\",\"@id\":\"https:\/\/www.celttv.com.ar\/#\/schema\/person\/6d99c072dba59953809c81446e9d0ace\",\"name\":\"ulises\",\"image\":{\"@type\":\"ImageObject\",\"inLanguage\":\"es\",\"@id\":\"https:\/\/www.celttv.com.ar\/#\/schema\/person\/image\/\",\"url\":\"https:\/\/secure.gravatar.com\/avatar\/7f2c48bdc33b30088f941fb6082e555f2874c98e20cb159d7b92b50eadfce793?s=96&d=mm&r=g\",\"contentUrl\":\"https:\/\/secure.gravatar.com\/avatar\/7f2c48bdc33b30088f941fb6082e555f2874c98e20cb159d7b92b50eadfce793?s=96&d=mm&r=g\",\"caption\":\"ulises\"},\"sameAs\":[\"http:\/\/www.celttv.com.ar\"]}]}<\/script>\n<!-- \/ Yoast SEO plugin. -->","yoast_head_json":{"title":"HCD.:SE DIO INICIO A UN NUEVO PERIODO DE SESIONES ORDINARIAS (video y videoentrevistas) - CELTTV","description":"Sitio web de noticias de la localidad de Tornquist, provincia de Buenos Aires, Rep\u00fablica Argentina. Contenido propio originado por periodistas de CELTTV, el canal de TV local de la Cooperativa El\u00e9ctrica de Tornquist. Turismo, Pol\u00edtica, Sociedad, Deporte, Cultura y todo el contenido de inter\u00e9s general que la gente del pueblo y la regi\u00f3n debe conocer.","robots":{"index":"index","follow":"follow","max-snippet":"max-snippet:-1","max-image-preview":"max-image-preview:large","max-video-preview":"max-video-preview:-1"},"canonical":"https:\/\/www.celttv.com.ar\/index.php\/2013\/04\/07\/hcd-se-dio-inicio-a-un-nuevo-periodo-de-sesiones-ordinarias-video-y-videoentrevistas\/","og_locale":"es_ES","og_type":"article","og_title":"HCD.:SE DIO INICIO A UN NUEVO PERIODO DE SESIONES ORDINARIAS (video y videoentrevistas) - CELTTV","og_description":"Sitio web de noticias de la localidad de Tornquist, provincia de Buenos Aires, Rep\u00fablica Argentina. Contenido propio originado por periodistas de CELTTV, el canal de TV local de la Cooperativa El\u00e9ctrica de Tornquist. Turismo, Pol\u00edtica, Sociedad, Deporte, Cultura y todo el contenido de inter\u00e9s general que la gente del pueblo y la regi\u00f3n debe conocer.","og_url":"https:\/\/www.celttv.com.ar\/index.php\/2013\/04\/07\/hcd-se-dio-inicio-a-un-nuevo-periodo-de-sesiones-ordinarias-video-y-videoentrevistas\/","og_site_name":"CELTTV","article_publisher":"https:\/\/www.facebook.com\/celtTV\/","article_published_time":"2013-04-07T00:00:56+00:00","author":"ulises","twitter_card":"summary_large_image","twitter_misc":{"Escrito por":"ulises","Tiempo de lectura":"4 minutos"},"schema":{"@context":"https:\/\/schema.org","@graph":[{"@type":"NewsArticle","@id":"https:\/\/www.celttv.com.ar\/index.php\/2013\/04\/07\/hcd-se-dio-inicio-a-un-nuevo-periodo-de-sesiones-ordinarias-video-y-videoentrevistas\/#article","isPartOf":{"@id":"https:\/\/www.celttv.com.ar\/index.php\/2013\/04\/07\/hcd-se-dio-inicio-a-un-nuevo-periodo-de-sesiones-ordinarias-video-y-videoentrevistas\/"},"author":{"name":"ulises","@id":"https:\/\/www.celttv.com.ar\/#\/schema\/person\/6d99c072dba59953809c81446e9d0ace"},"headline":"HCD.:SE DIO INICIO A UN NUEVO PERIODO DE SESIONES ORDINARIAS (video y videoentrevistas)","datePublished":"2013-04-07T00:00:56+00:00","dateModified":"2013-04-07T00:00:56+00:00","mainEntityOfPage":{"@id":"https:\/\/www.celttv.com.ar\/index.php\/2013\/04\/07\/hcd-se-dio-inicio-a-un-nuevo-periodo-de-sesiones-ordinarias-video-y-videoentrevistas\/"},"wordCount":861,"publisher":{"@id":"https:\/\/www.celttv.com.ar\/#organization"},"articleSection":["Comunidad","Destacadas","Pol\u00edtica","Videos Destacados"],"inLanguage":"es"},{"@type":"WebPage","@id":"https:\/\/www.celttv.com.ar\/index.php\/2013\/04\/07\/hcd-se-dio-inicio-a-un-nuevo-periodo-de-sesiones-ordinarias-video-y-videoentrevistas\/","url":"https:\/\/www.celttv.com.ar\/index.php\/2013\/04\/07\/hcd-se-dio-inicio-a-un-nuevo-periodo-de-sesiones-ordinarias-video-y-videoentrevistas\/","name":"HCD.:SE DIO INICIO A UN NUEVO PERIODO DE SESIONES ORDINARIAS (video y videoentrevistas) - CELTTV","isPartOf":{"@id":"https:\/\/www.celttv.com.ar\/#website"},"datePublished":"2013-04-07T00:00:56+00:00","dateModified":"2013-04-07T00:00:56+00:00","description":"Sitio web de noticias de la localidad de Tornquist, provincia de Buenos Aires, Rep\u00fablica Argentina. Contenido propio originado por periodistas de CELTTV, el canal de TV local de la Cooperativa El\u00e9ctrica de Tornquist. Turismo, Pol\u00edtica, Sociedad, Deporte, Cultura y todo el contenido de inter\u00e9s general que la gente del pueblo y la regi\u00f3n debe conocer.","breadcrumb":{"@id":"https:\/\/www.celttv.com.ar\/index.php\/2013\/04\/07\/hcd-se-dio-inicio-a-un-nuevo-periodo-de-sesiones-ordinarias-video-y-videoentrevistas\/#breadcrumb"},"inLanguage":"es","potentialAction":[{"@type":"ReadAction","target":["https:\/\/www.celttv.com.ar\/index.php\/2013\/04\/07\/hcd-se-dio-inicio-a-un-nuevo-periodo-de-sesiones-ordinarias-video-y-videoentrevistas\/"]}]},{"@type":"BreadcrumbList","@id":"https:\/\/www.celttv.com.ar\/index.php\/2013\/04\/07\/hcd-se-dio-inicio-a-un-nuevo-periodo-de-sesiones-ordinarias-video-y-videoentrevistas\/#breadcrumb","itemListElement":[{"@type":"ListItem","position":1,"name":"Inicio","item":"https:\/\/www.celttv.com.ar\/"},{"@type":"ListItem","position":2,"name":"HCD.:SE DIO INICIO A UN NUEVO PERIODO DE SESIONES ORDINARIAS (video y videoentrevistas)"}]},{"@type":"WebSite","@id":"https:\/\/www.celttv.com.ar\/#website","url":"https:\/\/www.celttv.com.ar\/","name":"CELTTV","description":"Cooperativa El\u00e9ctrica de Tornquist","publisher":{"@id":"https:\/\/www.celttv.com.ar\/#organization"},"potentialAction":[{"@type":"SearchAction","target":{"@type":"EntryPoint","urlTemplate":"https:\/\/www.celttv.com.ar\/?s={search_term_string}"},"query-input":"required name=search_term_string"}],"inLanguage":"es"},{"@type":"Organization","@id":"https:\/\/www.celttv.com.ar\/#organization","name":"CELTTV","url":"https:\/\/www.celttv.com.ar\/","sameAs":["https:\/\/www.youtube.com\/channel\/UCz_oIt8Hig64Ub-EmcNPIhg","https:\/\/www.facebook.com\/celtTV\/"],"logo":{"@type":"ImageObject","inLanguage":"es","@id":"https:\/\/www.celttv.com.ar\/#\/schema\/logo\/image\/","url":"http:\/\/www.celttv.com.ar\/wp-content\/uploads\/2022\/08\/logo-1.png","contentUrl":"http:\/\/www.celttv.com.ar\/wp-content\/uploads\/2022\/08\/logo-1.png","width":461,"height":159,"caption":"CELTTV"},"image":{"@id":"https:\/\/www.celttv.com.ar\/#\/schema\/logo\/image\/"}},{"@type":"Person","@id":"https:\/\/www.celttv.com.ar\/#\/schema\/person\/6d99c072dba59953809c81446e9d0ace","name":"ulises","image":{"@type":"ImageObject","inLanguage":"es","@id":"https:\/\/www.celttv.com.ar\/#\/schema\/person\/image\/","url":"https:\/\/secure.gravatar.com\/avatar\/7f2c48bdc33b30088f941fb6082e555f2874c98e20cb159d7b92b50eadfce793?s=96&d=mm&r=g","contentUrl":"https:\/\/secure.gravatar.com\/avatar\/7f2c48bdc33b30088f941fb6082e555f2874c98e20cb159d7b92b50eadfce793?s=96&d=mm&r=g","caption":"ulises"},"sameAs":["http:\/\/www.celttv.com.ar"]}]}},"_links":{"self":[{"href":"https:\/\/www.celttv.com.ar\/index.php\/wp-json\/wp\/v2\/posts\/10980","targetHints":{"allow":["GET"]}}],"collection":[{"href":"https:\/\/www.celttv.com.ar\/index.php\/wp-json\/wp\/v2\/posts"}],"about":[{"href":"https:\/\/www.celttv.com.ar\/index.php\/wp-json\/wp\/v2\/types\/post"}],"author":[{"embeddable":true,"href":"https:\/\/www.celttv.com.ar\/index.php\/wp-json\/wp\/v2\/users\/1"}],"replies":[{"embeddable":true,"href":"https:\/\/www.celttv.com.ar\/index.php\/wp-json\/wp\/v2\/comments?post=10980"}],"version-history":[{"count":0,"href":"https:\/\/www.celttv.com.ar\/index.php\/wp-json\/wp\/v2\/posts\/10980\/revisions"}],"wp:attachment":[{"href":"https:\/\/www.celttv.com.ar\/index.php\/wp-json\/wp\/v2\/media?parent=10980"}],"wp:term":[{"taxonomy":"category","embeddable":true,"href":"https:\/\/www.celttv.com.ar\/index.php\/wp-json\/wp\/v2\/categories?post=10980"},{"taxonomy":"post_tag","embeddable":true,"href":"https:\/\/www.celttv.com.ar\/index.php\/wp-json\/wp\/v2\/tags?post=10980"}],"curies":[{"name":"wp","href":"https:\/\/api.w.org\/{rel}","templated":true}]}}