{"id":10988,"date":"2013-04-09T23:17:28","date_gmt":"2013-04-09T23:17:28","guid":{"rendered":"http:\/\/www.tvcnoticias.com.ar\/?p=10988"},"modified":"2013-04-09T23:17:28","modified_gmt":"2013-04-09T23:17:28","slug":"campana-por-los-inundados-conmovedora-respuesta-solidaria-en-el-distrito","status":"publish","type":"post","link":"https:\/\/www.celttv.com.ar\/index.php\/2013\/04\/09\/campana-por-los-inundados-conmovedora-respuesta-solidaria-en-el-distrito\/","title":{"rendered":"CAMPA\u00d1A POR LOS INUNDADOS: CONMOVEDORA RESPUESTA SOLIDARIA EN EL DISTRITO"},"content":{"rendered":"<p>La iniciativa parti\u00f3 de los j\u00f3venes de los partidos pol\u00edticos y no pocos vecinos que se acercaron para extender su mano y hacer que la noble tarea resulte mas llevadera.La comunidad del distrito de Tornquist ha respondido de tal manera que result\u00f3 conmovedor ver tantos brazos trabajando y observar \u00a0la cantidad de alimentos, agua, ropa y m\u00e1s de sesenta colchones que fueron destinados a las familias inundadas de la ciudad de La Plata y sus alrededores ayudando a paliar el sufrimiento de muchas familias.\u00a0\u00a0 \u00a0El pasado s\u00e1bado llegaron camiones con mercader\u00eda desde Villa Ventana, Saldungaray y Sierra de la Ventana y en horas de la tarde se lograron completar dos camiones, de las empresas Minuj\u00edn y Hnos Schaffner quienes gentilmente se ofrecieron para trasladar todo lo reunido hasta la ciudad de La Plata.\u00a0\u00a0 Desde Tornquist se articul\u00f3 todo lo necesario como para asegurarse el destino de todo lo reunido en nuestro distrito y el d\u00eda domingo ya se estaba distribuyendo en la ciudad de las diagonales.<br \/>\n<a href=\"http:\/\/www.youtube.com\/watch?v=fYV9wg_-KwA\"><a href=\"http:\/\/www.youtube.com\/watch?v=fYV9wg_-KwA\">httpv:\/\/www.youtube.com\/watch?v=fYV9wg_-KwA<\/a><\/a><br \/>\n<a href=\"http:\/\/www.youtube.com\/watch?v=_XkuGyafWGY\"><a href=\"http:\/\/www.youtube.com\/watch?v=_XkuGyafWGY\">httpv:\/\/www.youtube.com\/watch?v=_XkuGyafWGY<\/a><\/a><br \/>\n<a href=\"http:\/\/www.youtube.com\/watch?v=ohrg02YbYg4\"><a href=\"http:\/\/www.youtube.com\/watch?v=ohrg02YbYg4\">httpv:\/\/www.youtube.com\/watch?v=ohrg02YbYg4<\/a><\/a><br \/>\n<a href=\"http:\/\/www.youtube.com\/watch?v=Nzc5ZHzOloA\"><a href=\"http:\/\/www.youtube.com\/watch?v=Nzc5ZHzOloA\">httpv:\/\/www.youtube.com\/watch?v=Nzc5ZHzOloA<\/a><\/a><br \/>\n<a href=\"http:\/\/www.youtube.com\/watch?v=3G3VBASP1R8\"><a href=\"http:\/\/www.youtube.com\/watch?v=3G3VBASP1R8\">httpv:\/\/www.youtube.com\/watch?v=3G3VBASP1R8<\/a><\/a><br \/>\n<a href=\"http:\/\/www.youtube.com\/watch?v=pW2nLXGKxnA\"><a href=\"http:\/\/www.youtube.com\/watch?v=pW2nLXGKxnA\">httpv:\/\/www.youtube.com\/watch?v=pW2nLXGKxnA<\/a><\/a><br \/>\n&nbsp;<br \/>\n&nbsp;<\/p>\n","protected":false},"excerpt":{"rendered":"<p>La iniciativa parti\u00f3 de los j\u00f3venes de los partidos pol\u00edticos y no pocos vecinos que se acercaron para extender su mano y hacer que la noble tarea resulte mas llevadera.La comunidad del distrito de Tornquist ha respondido de tal manera que result\u00f3 conmovedor ver tantos brazos trabajando y observar \u00a0la cantidad de alimentos, agua, ropa [&hellip;]<\/p>\n","protected":false},"author":1,"featured_media":0,"comment_status":"closed","ping_status":"open","sticky":false,"template":"","format":"standard","meta":{"footnotes":""},"categories":[51,52,64],"tags":[],"class_list":["post-10988","post","type-post","status-publish","format-standard","hentry","category-comunidad","category-destacadas","category-videos-destacados"],"yoast_head":"<!-- This site is optimized with the Yoast SEO plugin v19.7.1 - https:\/\/yoast.com\/wordpress\/plugins\/seo\/ -->\n<title>CAMPA\u00d1A POR LOS INUNDADOS: CONMOVEDORA RESPUESTA SOLIDARIA EN EL DISTRITO - CELTTV<\/title>\n<meta name=\"description\" content=\"Sitio web de noticias de la localidad de Tornquist, provincia de Buenos Aires, Rep\u00fablica Argentina. Contenido propio originado por periodistas de CELTTV, el canal de TV local de la Cooperativa El\u00e9ctrica de Tornquist. Turismo, Pol\u00edtica, Sociedad, Deporte, Cultura y todo el contenido de inter\u00e9s general que la gente del pueblo y la regi\u00f3n debe conocer.\" \/>\n<meta name=\"robots\" content=\"index, follow, max-snippet:-1, max-image-preview:large, max-video-preview:-1\" \/>\n<link rel=\"canonical\" href=\"https:\/\/www.celttv.com.ar\/index.php\/2013\/04\/09\/campana-por-los-inundados-conmovedora-respuesta-solidaria-en-el-distrito\/\" \/>\n<meta property=\"og:locale\" content=\"es_ES\" \/>\n<meta property=\"og:type\" content=\"article\" \/>\n<meta property=\"og:title\" content=\"CAMPA\u00d1A POR LOS INUNDADOS: CONMOVEDORA RESPUESTA SOLIDARIA EN EL DISTRITO - CELTTV\" \/>\n<meta property=\"og:description\" content=\"Sitio web de noticias de la localidad de Tornquist, provincia de Buenos Aires, Rep\u00fablica Argentina. Contenido propio originado por periodistas de CELTTV, el canal de TV local de la Cooperativa El\u00e9ctrica de Tornquist. Turismo, Pol\u00edtica, Sociedad, Deporte, Cultura y todo el contenido de inter\u00e9s general que la gente del pueblo y la regi\u00f3n debe conocer.\" \/>\n<meta property=\"og:url\" content=\"https:\/\/www.celttv.com.ar\/index.php\/2013\/04\/09\/campana-por-los-inundados-conmovedora-respuesta-solidaria-en-el-distrito\/\" \/>\n<meta property=\"og:site_name\" content=\"CELTTV\" \/>\n<meta property=\"article:publisher\" content=\"https:\/\/www.facebook.com\/celtTV\/\" \/>\n<meta property=\"article:published_time\" content=\"2013-04-09T23:17:28+00:00\" \/>\n<meta name=\"author\" content=\"ulises\" \/>\n<meta name=\"twitter:card\" content=\"summary_large_image\" \/>\n<meta name=\"twitter:label1\" content=\"Escrito por\" \/>\n\t<meta name=\"twitter:data1\" content=\"ulises\" \/>\n\t<meta name=\"twitter:label2\" content=\"Tiempo de lectura\" \/>\n\t<meta name=\"twitter:data2\" content=\"1 minuto\" \/>\n<script type=\"application\/ld+json\" class=\"yoast-schema-graph\">{\"@context\":\"https:\/\/schema.org\",\"@graph\":[{\"@type\":\"NewsArticle\",\"@id\":\"https:\/\/www.celttv.com.ar\/index.php\/2013\/04\/09\/campana-por-los-inundados-conmovedora-respuesta-solidaria-en-el-distrito\/#article\",\"isPartOf\":{\"@id\":\"https:\/\/www.celttv.com.ar\/index.php\/2013\/04\/09\/campana-por-los-inundados-conmovedora-respuesta-solidaria-en-el-distrito\/\"},\"author\":{\"name\":\"ulises\",\"@id\":\"https:\/\/www.celttv.com.ar\/#\/schema\/person\/6d99c072dba59953809c81446e9d0ace\"},\"headline\":\"CAMPA\u00d1A POR LOS INUNDADOS: CONMOVEDORA RESPUESTA SOLIDARIA EN EL DISTRITO\",\"datePublished\":\"2013-04-09T23:17:28+00:00\",\"dateModified\":\"2013-04-09T23:17:28+00:00\",\"mainEntityOfPage\":{\"@id\":\"https:\/\/www.celttv.com.ar\/index.php\/2013\/04\/09\/campana-por-los-inundados-conmovedora-respuesta-solidaria-en-el-distrito\/\"},\"wordCount\":236,\"publisher\":{\"@id\":\"https:\/\/www.celttv.com.ar\/#organization\"},\"articleSection\":[\"Comunidad\",\"Destacadas\",\"Videos Destacados\"],\"inLanguage\":\"es\"},{\"@type\":\"WebPage\",\"@id\":\"https:\/\/www.celttv.com.ar\/index.php\/2013\/04\/09\/campana-por-los-inundados-conmovedora-respuesta-solidaria-en-el-distrito\/\",\"url\":\"https:\/\/www.celttv.com.ar\/index.php\/2013\/04\/09\/campana-por-los-inundados-conmovedora-respuesta-solidaria-en-el-distrito\/\",\"name\":\"CAMPA\u00d1A POR LOS INUNDADOS: CONMOVEDORA RESPUESTA SOLIDARIA EN EL DISTRITO - CELTTV\",\"isPartOf\":{\"@id\":\"https:\/\/www.celttv.com.ar\/#website\"},\"datePublished\":\"2013-04-09T23:17:28+00:00\",\"dateModified\":\"2013-04-09T23:17:28+00:00\",\"description\":\"Sitio web de noticias de la localidad de Tornquist, provincia de Buenos Aires, Rep\u00fablica Argentina. Contenido propio originado por periodistas de CELTTV, el canal de TV local de la Cooperativa El\u00e9ctrica de Tornquist. Turismo, Pol\u00edtica, Sociedad, Deporte, Cultura y todo el contenido de inter\u00e9s general que la gente del pueblo y la regi\u00f3n debe conocer.\",\"breadcrumb\":{\"@id\":\"https:\/\/www.celttv.com.ar\/index.php\/2013\/04\/09\/campana-por-los-inundados-conmovedora-respuesta-solidaria-en-el-distrito\/#breadcrumb\"},\"inLanguage\":\"es\",\"potentialAction\":[{\"@type\":\"ReadAction\",\"target\":[\"https:\/\/www.celttv.com.ar\/index.php\/2013\/04\/09\/campana-por-los-inundados-conmovedora-respuesta-solidaria-en-el-distrito\/\"]}]},{\"@type\":\"BreadcrumbList\",\"@id\":\"https:\/\/www.celttv.com.ar\/index.php\/2013\/04\/09\/campana-por-los-inundados-conmovedora-respuesta-solidaria-en-el-distrito\/#breadcrumb\",\"itemListElement\":[{\"@type\":\"ListItem\",\"position\":1,\"name\":\"Inicio\",\"item\":\"https:\/\/www.celttv.com.ar\/\"},{\"@type\":\"ListItem\",\"position\":2,\"name\":\"CAMPA\u00d1A POR LOS INUNDADOS: CONMOVEDORA RESPUESTA SOLIDARIA EN EL DISTRITO\"}]},{\"@type\":\"WebSite\",\"@id\":\"https:\/\/www.celttv.com.ar\/#website\",\"url\":\"https:\/\/www.celttv.com.ar\/\",\"name\":\"CELTTV\",\"description\":\"Cooperativa El\u00e9ctrica de Tornquist\",\"publisher\":{\"@id\":\"https:\/\/www.celttv.com.ar\/#organization\"},\"potentialAction\":[{\"@type\":\"SearchAction\",\"target\":{\"@type\":\"EntryPoint\",\"urlTemplate\":\"https:\/\/www.celttv.com.ar\/?s={search_term_string}\"},\"query-input\":\"required name=search_term_string\"}],\"inLanguage\":\"es\"},{\"@type\":\"Organization\",\"@id\":\"https:\/\/www.celttv.com.ar\/#organization\",\"name\":\"CELTTV\",\"url\":\"https:\/\/www.celttv.com.ar\/\",\"sameAs\":[\"https:\/\/www.youtube.com\/channel\/UCz_oIt8Hig64Ub-EmcNPIhg\",\"https:\/\/www.facebook.com\/celtTV\/\"],\"logo\":{\"@type\":\"ImageObject\",\"inLanguage\":\"es\",\"@id\":\"https:\/\/www.celttv.com.ar\/#\/schema\/logo\/image\/\",\"url\":\"http:\/\/www.celttv.com.ar\/wp-content\/uploads\/2022\/08\/logo-1.png\",\"contentUrl\":\"http:\/\/www.celttv.com.ar\/wp-content\/uploads\/2022\/08\/logo-1.png\",\"width\":461,\"height\":159,\"caption\":\"CELTTV\"},\"image\":{\"@id\":\"https:\/\/www.celttv.com.ar\/#\/schema\/logo\/image\/\"}},{\"@type\":\"Person\",\"@id\":\"https:\/\/www.celttv.com.ar\/#\/schema\/person\/6d99c072dba59953809c81446e9d0ace\",\"name\":\"ulises\",\"image\":{\"@type\":\"ImageObject\",\"inLanguage\":\"es\",\"@id\":\"https:\/\/www.celttv.com.ar\/#\/schema\/person\/image\/\",\"url\":\"https:\/\/secure.gravatar.com\/avatar\/7f2c48bdc33b30088f941fb6082e555f2874c98e20cb159d7b92b50eadfce793?s=96&d=mm&r=g\",\"contentUrl\":\"https:\/\/secure.gravatar.com\/avatar\/7f2c48bdc33b30088f941fb6082e555f2874c98e20cb159d7b92b50eadfce793?s=96&d=mm&r=g\",\"caption\":\"ulises\"},\"sameAs\":[\"http:\/\/www.celttv.com.ar\"]}]}<\/script>\n<!-- \/ Yoast SEO plugin. -->","yoast_head_json":{"title":"CAMPA\u00d1A POR LOS INUNDADOS: CONMOVEDORA RESPUESTA SOLIDARIA EN EL DISTRITO - CELTTV","description":"Sitio web de noticias de la localidad de Tornquist, provincia de Buenos Aires, Rep\u00fablica Argentina. Contenido propio originado por periodistas de CELTTV, el canal de TV local de la Cooperativa El\u00e9ctrica de Tornquist. Turismo, Pol\u00edtica, Sociedad, Deporte, Cultura y todo el contenido de inter\u00e9s general que la gente del pueblo y la regi\u00f3n debe conocer.","robots":{"index":"index","follow":"follow","max-snippet":"max-snippet:-1","max-image-preview":"max-image-preview:large","max-video-preview":"max-video-preview:-1"},"canonical":"https:\/\/www.celttv.com.ar\/index.php\/2013\/04\/09\/campana-por-los-inundados-conmovedora-respuesta-solidaria-en-el-distrito\/","og_locale":"es_ES","og_type":"article","og_title":"CAMPA\u00d1A POR LOS INUNDADOS: CONMOVEDORA RESPUESTA SOLIDARIA EN EL DISTRITO - CELTTV","og_description":"Sitio web de noticias de la localidad de Tornquist, provincia de Buenos Aires, Rep\u00fablica Argentina. Contenido propio originado por periodistas de CELTTV, el canal de TV local de la Cooperativa El\u00e9ctrica de Tornquist. Turismo, Pol\u00edtica, Sociedad, Deporte, Cultura y todo el contenido de inter\u00e9s general que la gente del pueblo y la regi\u00f3n debe conocer.","og_url":"https:\/\/www.celttv.com.ar\/index.php\/2013\/04\/09\/campana-por-los-inundados-conmovedora-respuesta-solidaria-en-el-distrito\/","og_site_name":"CELTTV","article_publisher":"https:\/\/www.facebook.com\/celtTV\/","article_published_time":"2013-04-09T23:17:28+00:00","author":"ulises","twitter_card":"summary_large_image","twitter_misc":{"Escrito por":"ulises","Tiempo de lectura":"1 minuto"},"schema":{"@context":"https:\/\/schema.org","@graph":[{"@type":"NewsArticle","@id":"https:\/\/www.celttv.com.ar\/index.php\/2013\/04\/09\/campana-por-los-inundados-conmovedora-respuesta-solidaria-en-el-distrito\/#article","isPartOf":{"@id":"https:\/\/www.celttv.com.ar\/index.php\/2013\/04\/09\/campana-por-los-inundados-conmovedora-respuesta-solidaria-en-el-distrito\/"},"author":{"name":"ulises","@id":"https:\/\/www.celttv.com.ar\/#\/schema\/person\/6d99c072dba59953809c81446e9d0ace"},"headline":"CAMPA\u00d1A POR LOS INUNDADOS: CONMOVEDORA RESPUESTA SOLIDARIA EN EL DISTRITO","datePublished":"2013-04-09T23:17:28+00:00","dateModified":"2013-04-09T23:17:28+00:00","mainEntityOfPage":{"@id":"https:\/\/www.celttv.com.ar\/index.php\/2013\/04\/09\/campana-por-los-inundados-conmovedora-respuesta-solidaria-en-el-distrito\/"},"wordCount":236,"publisher":{"@id":"https:\/\/www.celttv.com.ar\/#organization"},"articleSection":["Comunidad","Destacadas","Videos Destacados"],"inLanguage":"es"},{"@type":"WebPage","@id":"https:\/\/www.celttv.com.ar\/index.php\/2013\/04\/09\/campana-por-los-inundados-conmovedora-respuesta-solidaria-en-el-distrito\/","url":"https:\/\/www.celttv.com.ar\/index.php\/2013\/04\/09\/campana-por-los-inundados-conmovedora-respuesta-solidaria-en-el-distrito\/","name":"CAMPA\u00d1A POR LOS INUNDADOS: CONMOVEDORA RESPUESTA SOLIDARIA EN EL DISTRITO - CELTTV","isPartOf":{"@id":"https:\/\/www.celttv.com.ar\/#website"},"datePublished":"2013-04-09T23:17:28+00:00","dateModified":"2013-04-09T23:17:28+00:00","description":"Sitio web de noticias de la localidad de Tornquist, provincia de Buenos Aires, Rep\u00fablica Argentina. Contenido propio originado por periodistas de CELTTV, el canal de TV local de la Cooperativa El\u00e9ctrica de Tornquist. Turismo, Pol\u00edtica, Sociedad, Deporte, Cultura y todo el contenido de inter\u00e9s general que la gente del pueblo y la regi\u00f3n debe conocer.","breadcrumb":{"@id":"https:\/\/www.celttv.com.ar\/index.php\/2013\/04\/09\/campana-por-los-inundados-conmovedora-respuesta-solidaria-en-el-distrito\/#breadcrumb"},"inLanguage":"es","potentialAction":[{"@type":"ReadAction","target":["https:\/\/www.celttv.com.ar\/index.php\/2013\/04\/09\/campana-por-los-inundados-conmovedora-respuesta-solidaria-en-el-distrito\/"]}]},{"@type":"BreadcrumbList","@id":"https:\/\/www.celttv.com.ar\/index.php\/2013\/04\/09\/campana-por-los-inundados-conmovedora-respuesta-solidaria-en-el-distrito\/#breadcrumb","itemListElement":[{"@type":"ListItem","position":1,"name":"Inicio","item":"https:\/\/www.celttv.com.ar\/"},{"@type":"ListItem","position":2,"name":"CAMPA\u00d1A POR LOS INUNDADOS: CONMOVEDORA RESPUESTA SOLIDARIA EN EL DISTRITO"}]},{"@type":"WebSite","@id":"https:\/\/www.celttv.com.ar\/#website","url":"https:\/\/www.celttv.com.ar\/","name":"CELTTV","description":"Cooperativa El\u00e9ctrica de Tornquist","publisher":{"@id":"https:\/\/www.celttv.com.ar\/#organization"},"potentialAction":[{"@type":"SearchAction","target":{"@type":"EntryPoint","urlTemplate":"https:\/\/www.celttv.com.ar\/?s={search_term_string}"},"query-input":"required name=search_term_string"}],"inLanguage":"es"},{"@type":"Organization","@id":"https:\/\/www.celttv.com.ar\/#organization","name":"CELTTV","url":"https:\/\/www.celttv.com.ar\/","sameAs":["https:\/\/www.youtube.com\/channel\/UCz_oIt8Hig64Ub-EmcNPIhg","https:\/\/www.facebook.com\/celtTV\/"],"logo":{"@type":"ImageObject","inLanguage":"es","@id":"https:\/\/www.celttv.com.ar\/#\/schema\/logo\/image\/","url":"http:\/\/www.celttv.com.ar\/wp-content\/uploads\/2022\/08\/logo-1.png","contentUrl":"http:\/\/www.celttv.com.ar\/wp-content\/uploads\/2022\/08\/logo-1.png","width":461,"height":159,"caption":"CELTTV"},"image":{"@id":"https:\/\/www.celttv.com.ar\/#\/schema\/logo\/image\/"}},{"@type":"Person","@id":"https:\/\/www.celttv.com.ar\/#\/schema\/person\/6d99c072dba59953809c81446e9d0ace","name":"ulises","image":{"@type":"ImageObject","inLanguage":"es","@id":"https:\/\/www.celttv.com.ar\/#\/schema\/person\/image\/","url":"https:\/\/secure.gravatar.com\/avatar\/7f2c48bdc33b30088f941fb6082e555f2874c98e20cb159d7b92b50eadfce793?s=96&d=mm&r=g","contentUrl":"https:\/\/secure.gravatar.com\/avatar\/7f2c48bdc33b30088f941fb6082e555f2874c98e20cb159d7b92b50eadfce793?s=96&d=mm&r=g","caption":"ulises"},"sameAs":["http:\/\/www.celttv.com.ar"]}]}},"_links":{"self":[{"href":"https:\/\/www.celttv.com.ar\/index.php\/wp-json\/wp\/v2\/posts\/10988","targetHints":{"allow":["GET"]}}],"collection":[{"href":"https:\/\/www.celttv.com.ar\/index.php\/wp-json\/wp\/v2\/posts"}],"about":[{"href":"https:\/\/www.celttv.com.ar\/index.php\/wp-json\/wp\/v2\/types\/post"}],"author":[{"embeddable":true,"href":"https:\/\/www.celttv.com.ar\/index.php\/wp-json\/wp\/v2\/users\/1"}],"replies":[{"embeddable":true,"href":"https:\/\/www.celttv.com.ar\/index.php\/wp-json\/wp\/v2\/comments?post=10988"}],"version-history":[{"count":0,"href":"https:\/\/www.celttv.com.ar\/index.php\/wp-json\/wp\/v2\/posts\/10988\/revisions"}],"wp:attachment":[{"href":"https:\/\/www.celttv.com.ar\/index.php\/wp-json\/wp\/v2\/media?parent=10988"}],"wp:term":[{"taxonomy":"category","embeddable":true,"href":"https:\/\/www.celttv.com.ar\/index.php\/wp-json\/wp\/v2\/categories?post=10988"},{"taxonomy":"post_tag","embeddable":true,"href":"https:\/\/www.celttv.com.ar\/index.php\/wp-json\/wp\/v2\/tags?post=10988"}],"curies":[{"name":"wp","href":"https:\/\/api.w.org\/{rel}","templated":true}]}}