{"id":10994,"date":"2013-04-09T23:37:02","date_gmt":"2013-04-09T23:37:02","guid":{"rendered":"http:\/\/www.tvcnoticias.com.ar\/?p=10994"},"modified":"2013-04-09T23:37:02","modified_gmt":"2013-04-09T23:37:02","slug":"turismo-nacional-clase-3-sergio-torres-nuevamente-en-la-parte-alta-del-podio-video-de-la-carrera-y-videoentrevista","status":"publish","type":"post","link":"https:\/\/www.celttv.com.ar\/index.php\/2013\/04\/09\/turismo-nacional-clase-3-sergio-torres-nuevamente-en-la-parte-alta-del-podio-video-de-la-carrera-y-videoentrevista\/","title":{"rendered":"TURISMO NACIONAL Clase 3: SERGIO TORRES NUEVAMENTE EN LA PARTE ALTA DEL PODIO (video de la carrera y videoentrevista)"},"content":{"rendered":"<p><a href=\"http:\/\/www.youtube.com\/watch?v=EZJjX6IP-0Q\"><a href=\"http:\/\/www.youtube.com\/watch?v=EZJjX6IP-0Q\">httpv:\/\/www.youtube.com\/watch?v=EZJjX6IP-0Q<\/a><\/a><br \/>\n<a href=\"http:\/\/www.youtube.com\/watch?v=7BKpDRBag68\"><a href=\"http:\/\/www.youtube.com\/watch?v=7BKpDRBag68\">httpv:\/\/www.youtube.com\/watch?v=7BKpDRBag68<\/a><\/a><br \/>\nFue una carrera muy luchada, con todas las alternativas que se necesitan para brindar un excelente espect\u00e1culo que disfrutaron las quince mil personas que se acercaron al Parque Aut\u00f3dromo de Concordia, donde se disput\u00f3 la 3\u00b0 fecha del Campeonato Argentino 2013 de Turismo Nacional.<br \/>\nJuan Pipkin (Cruze) pic\u00f3 en punta y la supo mantener por sobre un Mat\u00edas Rossi (C4) que lo acos\u00f3 desde la misma largada. Ten\u00edamos un auto que iba de m\u00e1s a menos. Pude escaparme en las primeras vueltas, pero Mat\u00edas comenz\u00f3 a acercarse. En una muy buena maniobra logr\u00f3 superarme, y yo creo que ten\u00eda resto como para pelearlo. En el momento del egreso del Auto de Seguridad, el auto respondi\u00f3 de maravillas y pude hacer una diferencia tranquilizadora, que me permiti\u00f3 ganar mi segunda carrera. El bahiense emple\u00f3 un tiempo de 30m33s571, a un promedio de 140.892 km\/h.<br \/>\nAriel Michieletto (Lancer) fue su escolta, a 0s296, mientras que Guillermo Ortelli (Fluence), a 0s739 , ocup\u00f3 el tercer escal\u00f3n del podio. El auto funcion\u00f3 excelente durante todo el fin de semana. Quiz\u00e1s los respet\u00e9 mucho en las primeras vueltas, pero no ve\u00eda clara la maniobra, por lo que prefer\u00ed no arriesgar. Este resultado me permite estar segundo en el campeonato, lo cual es muy importante para m\u00ed, explic\u00f3 el sure\u00f1o mientras que Guillermo Ortelli manifest\u00f3 que est\u00e1n teniendo dificultades a la hora de entrenar y clasificar, por lo que luego se les dificulta el trabajo en carrera. El auto ten\u00eda un nivel superlativo. Me permit\u00eda avanzar sin problemas. Dir\u00eda que crece el rendimiento con el correr de las vueltas. Nos vamos primeros en el campeonato de un circuito que no nos favorece. Ha sido un fin de semana redondo, culmin\u00f3.<br \/>\nCuarta colocaci\u00f3n para un enorme Bruno Bosio (Focus) a 1s357 y quinto termin\u00f3 Pablo Piumetto (Focus) a 1s729. Ambos lucharon intensamente por esas posiciones y el piloto de Almafuerte aprovech\u00f3 un \u00faltimo intento de su coterr\u00e1neo por capturar el segundo lugar, en una maniobra que no le sali\u00f3 y por la cual retrocedi\u00f3 hasta la quinta posici\u00f3n. La sexta posici\u00f3n qued\u00f3 en manos de Pablo Otero (Megane II)a 6s030. Un trabajo excelso, ya que el piloto de la zona sur de Buenos Aires larg\u00f3 desde la 17\u00b0. Por detr\u00e1s arrib\u00f3 Ezequiel Bosio (308) a 7s120, mientras que Pedro Pisandelli (Bora) finaliz\u00f3 octavo a 7s724. La novena colocaci\u00f3n qued\u00f3 en manos de Carlos Okulovich (Fluence) a 9s964 y Fabricio Pezzini (Astra ) se adue\u00f1\u00f3 de la d\u00e9cima colocaci\u00f3n a 11s717.<br \/>\nCon estos resultados, el campeonato de Clase 3 es encabezado por Guillermo Ortelli con 62 puntos, seguido por Ariel Michieletto con 56, tercero es Marcelo Gonz\u00e1lez con 53 y cuarto el ganador de hoy, Juan Pipkin con 52 puntos.<br \/>\nLa pr\u00f3xima fecha del Campeonato Argentino 2013 de Turismo Nacional ser\u00e1 los d\u00edas 3, 4 y 5 de Mayo en el Aut\u00f3dromo Provincia de La Pampa.<br \/>\nLos tiempos de la Final de la Clase 2 son:<br \/>\n1\u00b0) Pipkin (Cruze) 30m33s571 a 140.892 km\/h.2\u00b0) Michieletto (Lancer) a 0s2963\u00b0) Ortelli (Fluence) a 0s7394\u00b0) Bosio B. (Focus) a 1s3575\u00b0) Piumetto (Focus) a 1s7296\u00b0) Otero (Megane II) a 6s0307\u00b0) Bosio E. (308) a 7s1208\u00b0) Pisandelli P. (Bora) a 7s7249\u00b0) Okulovich (Fluence) a 9s69410\u00b0) Pezzini (Astra) a 11s717<\/p>\n","protected":false},"excerpt":{"rendered":"<p>httpv:\/\/www.youtube.com\/watch?v=EZJjX6IP-0Q httpv:\/\/www.youtube.com\/watch?v=7BKpDRBag68 Fue una carrera muy luchada, con todas las alternativas que se necesitan para brindar un excelente espect\u00e1culo que disfrutaron las quince mil personas que se acercaron al Parque Aut\u00f3dromo de Concordia, donde se disput\u00f3 la 3\u00b0 fecha del Campeonato Argentino 2013 de Turismo Nacional. Juan Pipkin (Cruze) pic\u00f3 en punta y la supo [&hellip;]<\/p>\n","protected":false},"author":1,"featured_media":0,"comment_status":"closed","ping_status":"open","sticky":false,"template":"","format":"standard","meta":{"footnotes":""},"categories":[51,60,52,64],"tags":[],"class_list":["post-10994","post","type-post","status-publish","format-standard","hentry","category-comunidad","category-deporte","category-destacadas","category-videos-destacados"],"yoast_head":"<!-- This site is optimized with the Yoast SEO plugin v19.7.1 - https:\/\/yoast.com\/wordpress\/plugins\/seo\/ -->\n<title>TURISMO NACIONAL Clase 3: SERGIO TORRES NUEVAMENTE EN LA PARTE ALTA DEL PODIO (video de la carrera y videoentrevista) - CELTTV<\/title>\n<meta name=\"description\" content=\"Sitio web de noticias de la localidad de Tornquist, provincia de Buenos Aires, Rep\u00fablica Argentina. Contenido propio originado por periodistas de CELTTV, el canal de TV local de la Cooperativa El\u00e9ctrica de Tornquist. Turismo, Pol\u00edtica, Sociedad, Deporte, Cultura y todo el contenido de inter\u00e9s general que la gente del pueblo y la regi\u00f3n debe conocer.\" \/>\n<meta name=\"robots\" content=\"index, follow, max-snippet:-1, max-image-preview:large, max-video-preview:-1\" \/>\n<link rel=\"canonical\" href=\"https:\/\/www.celttv.com.ar\/index.php\/2013\/04\/09\/turismo-nacional-clase-3-sergio-torres-nuevamente-en-la-parte-alta-del-podio-video-de-la-carrera-y-videoentrevista\/\" \/>\n<meta property=\"og:locale\" content=\"es_ES\" \/>\n<meta property=\"og:type\" content=\"article\" \/>\n<meta property=\"og:title\" content=\"TURISMO NACIONAL Clase 3: SERGIO TORRES NUEVAMENTE EN LA PARTE ALTA DEL PODIO (video de la carrera y videoentrevista) - CELTTV\" \/>\n<meta property=\"og:description\" content=\"Sitio web de noticias de la localidad de Tornquist, provincia de Buenos Aires, Rep\u00fablica Argentina. Contenido propio originado por periodistas de CELTTV, el canal de TV local de la Cooperativa El\u00e9ctrica de Tornquist. Turismo, Pol\u00edtica, Sociedad, Deporte, Cultura y todo el contenido de inter\u00e9s general que la gente del pueblo y la regi\u00f3n debe conocer.\" \/>\n<meta property=\"og:url\" content=\"https:\/\/www.celttv.com.ar\/index.php\/2013\/04\/09\/turismo-nacional-clase-3-sergio-torres-nuevamente-en-la-parte-alta-del-podio-video-de-la-carrera-y-videoentrevista\/\" \/>\n<meta property=\"og:site_name\" content=\"CELTTV\" \/>\n<meta property=\"article:publisher\" content=\"https:\/\/www.facebook.com\/celtTV\/\" \/>\n<meta property=\"article:published_time\" content=\"2013-04-09T23:37:02+00:00\" \/>\n<meta name=\"author\" content=\"ulises\" \/>\n<meta name=\"twitter:card\" content=\"summary_large_image\" \/>\n<meta name=\"twitter:label1\" content=\"Escrito por\" \/>\n\t<meta name=\"twitter:data1\" content=\"ulises\" \/>\n\t<meta name=\"twitter:label2\" content=\"Tiempo de lectura\" \/>\n\t<meta name=\"twitter:data2\" content=\"3 minutos\" \/>\n<script type=\"application\/ld+json\" class=\"yoast-schema-graph\">{\"@context\":\"https:\/\/schema.org\",\"@graph\":[{\"@type\":\"NewsArticle\",\"@id\":\"https:\/\/www.celttv.com.ar\/index.php\/2013\/04\/09\/turismo-nacional-clase-3-sergio-torres-nuevamente-en-la-parte-alta-del-podio-video-de-la-carrera-y-videoentrevista\/#article\",\"isPartOf\":{\"@id\":\"https:\/\/www.celttv.com.ar\/index.php\/2013\/04\/09\/turismo-nacional-clase-3-sergio-torres-nuevamente-en-la-parte-alta-del-podio-video-de-la-carrera-y-videoentrevista\/\"},\"author\":{\"name\":\"ulises\",\"@id\":\"https:\/\/www.celttv.com.ar\/#\/schema\/person\/6d99c072dba59953809c81446e9d0ace\"},\"headline\":\"TURISMO NACIONAL Clase 3: SERGIO TORRES NUEVAMENTE EN LA PARTE ALTA DEL PODIO (video de la carrera y videoentrevista)\",\"datePublished\":\"2013-04-09T23:37:02+00:00\",\"dateModified\":\"2013-04-09T23:37:02+00:00\",\"mainEntityOfPage\":{\"@id\":\"https:\/\/www.celttv.com.ar\/index.php\/2013\/04\/09\/turismo-nacional-clase-3-sergio-torres-nuevamente-en-la-parte-alta-del-podio-video-de-la-carrera-y-videoentrevista\/\"},\"wordCount\":581,\"publisher\":{\"@id\":\"https:\/\/www.celttv.com.ar\/#organization\"},\"articleSection\":[\"Comunidad\",\"Deporte\",\"Destacadas\",\"Videos Destacados\"],\"inLanguage\":\"es\"},{\"@type\":\"WebPage\",\"@id\":\"https:\/\/www.celttv.com.ar\/index.php\/2013\/04\/09\/turismo-nacional-clase-3-sergio-torres-nuevamente-en-la-parte-alta-del-podio-video-de-la-carrera-y-videoentrevista\/\",\"url\":\"https:\/\/www.celttv.com.ar\/index.php\/2013\/04\/09\/turismo-nacional-clase-3-sergio-torres-nuevamente-en-la-parte-alta-del-podio-video-de-la-carrera-y-videoentrevista\/\",\"name\":\"TURISMO NACIONAL Clase 3: SERGIO TORRES NUEVAMENTE EN LA PARTE ALTA DEL PODIO (video de la carrera y videoentrevista) - CELTTV\",\"isPartOf\":{\"@id\":\"https:\/\/www.celttv.com.ar\/#website\"},\"datePublished\":\"2013-04-09T23:37:02+00:00\",\"dateModified\":\"2013-04-09T23:37:02+00:00\",\"description\":\"Sitio web de noticias de la localidad de Tornquist, provincia de Buenos Aires, Rep\u00fablica Argentina. Contenido propio originado por periodistas de CELTTV, el canal de TV local de la Cooperativa El\u00e9ctrica de Tornquist. Turismo, Pol\u00edtica, Sociedad, Deporte, Cultura y todo el contenido de inter\u00e9s general que la gente del pueblo y la regi\u00f3n debe conocer.\",\"breadcrumb\":{\"@id\":\"https:\/\/www.celttv.com.ar\/index.php\/2013\/04\/09\/turismo-nacional-clase-3-sergio-torres-nuevamente-en-la-parte-alta-del-podio-video-de-la-carrera-y-videoentrevista\/#breadcrumb\"},\"inLanguage\":\"es\",\"potentialAction\":[{\"@type\":\"ReadAction\",\"target\":[\"https:\/\/www.celttv.com.ar\/index.php\/2013\/04\/09\/turismo-nacional-clase-3-sergio-torres-nuevamente-en-la-parte-alta-del-podio-video-de-la-carrera-y-videoentrevista\/\"]}]},{\"@type\":\"BreadcrumbList\",\"@id\":\"https:\/\/www.celttv.com.ar\/index.php\/2013\/04\/09\/turismo-nacional-clase-3-sergio-torres-nuevamente-en-la-parte-alta-del-podio-video-de-la-carrera-y-videoentrevista\/#breadcrumb\",\"itemListElement\":[{\"@type\":\"ListItem\",\"position\":1,\"name\":\"Inicio\",\"item\":\"https:\/\/www.celttv.com.ar\/\"},{\"@type\":\"ListItem\",\"position\":2,\"name\":\"TURISMO NACIONAL Clase 3: SERGIO TORRES NUEVAMENTE EN LA PARTE ALTA DEL PODIO (video de la carrera y videoentrevista)\"}]},{\"@type\":\"WebSite\",\"@id\":\"https:\/\/www.celttv.com.ar\/#website\",\"url\":\"https:\/\/www.celttv.com.ar\/\",\"name\":\"CELTTV\",\"description\":\"Cooperativa El\u00e9ctrica de Tornquist\",\"publisher\":{\"@id\":\"https:\/\/www.celttv.com.ar\/#organization\"},\"potentialAction\":[{\"@type\":\"SearchAction\",\"target\":{\"@type\":\"EntryPoint\",\"urlTemplate\":\"https:\/\/www.celttv.com.ar\/?s={search_term_string}\"},\"query-input\":\"required name=search_term_string\"}],\"inLanguage\":\"es\"},{\"@type\":\"Organization\",\"@id\":\"https:\/\/www.celttv.com.ar\/#organization\",\"name\":\"CELTTV\",\"url\":\"https:\/\/www.celttv.com.ar\/\",\"sameAs\":[\"https:\/\/www.youtube.com\/channel\/UCz_oIt8Hig64Ub-EmcNPIhg\",\"https:\/\/www.facebook.com\/celtTV\/\"],\"logo\":{\"@type\":\"ImageObject\",\"inLanguage\":\"es\",\"@id\":\"https:\/\/www.celttv.com.ar\/#\/schema\/logo\/image\/\",\"url\":\"http:\/\/www.celttv.com.ar\/wp-content\/uploads\/2022\/08\/logo-1.png\",\"contentUrl\":\"http:\/\/www.celttv.com.ar\/wp-content\/uploads\/2022\/08\/logo-1.png\",\"width\":461,\"height\":159,\"caption\":\"CELTTV\"},\"image\":{\"@id\":\"https:\/\/www.celttv.com.ar\/#\/schema\/logo\/image\/\"}},{\"@type\":\"Person\",\"@id\":\"https:\/\/www.celttv.com.ar\/#\/schema\/person\/6d99c072dba59953809c81446e9d0ace\",\"name\":\"ulises\",\"image\":{\"@type\":\"ImageObject\",\"inLanguage\":\"es\",\"@id\":\"https:\/\/www.celttv.com.ar\/#\/schema\/person\/image\/\",\"url\":\"https:\/\/secure.gravatar.com\/avatar\/7f2c48bdc33b30088f941fb6082e555f2874c98e20cb159d7b92b50eadfce793?s=96&d=mm&r=g\",\"contentUrl\":\"https:\/\/secure.gravatar.com\/avatar\/7f2c48bdc33b30088f941fb6082e555f2874c98e20cb159d7b92b50eadfce793?s=96&d=mm&r=g\",\"caption\":\"ulises\"},\"sameAs\":[\"http:\/\/www.celttv.com.ar\"]}]}<\/script>\n<!-- \/ Yoast SEO plugin. -->","yoast_head_json":{"title":"TURISMO NACIONAL Clase 3: SERGIO TORRES NUEVAMENTE EN LA PARTE ALTA DEL PODIO (video de la carrera y videoentrevista) - CELTTV","description":"Sitio web de noticias de la localidad de Tornquist, provincia de Buenos Aires, Rep\u00fablica Argentina. Contenido propio originado por periodistas de CELTTV, el canal de TV local de la Cooperativa El\u00e9ctrica de Tornquist. Turismo, Pol\u00edtica, Sociedad, Deporte, Cultura y todo el contenido de inter\u00e9s general que la gente del pueblo y la regi\u00f3n debe conocer.","robots":{"index":"index","follow":"follow","max-snippet":"max-snippet:-1","max-image-preview":"max-image-preview:large","max-video-preview":"max-video-preview:-1"},"canonical":"https:\/\/www.celttv.com.ar\/index.php\/2013\/04\/09\/turismo-nacional-clase-3-sergio-torres-nuevamente-en-la-parte-alta-del-podio-video-de-la-carrera-y-videoentrevista\/","og_locale":"es_ES","og_type":"article","og_title":"TURISMO NACIONAL Clase 3: SERGIO TORRES NUEVAMENTE EN LA PARTE ALTA DEL PODIO (video de la carrera y videoentrevista) - CELTTV","og_description":"Sitio web de noticias de la localidad de Tornquist, provincia de Buenos Aires, Rep\u00fablica Argentina. Contenido propio originado por periodistas de CELTTV, el canal de TV local de la Cooperativa El\u00e9ctrica de Tornquist. Turismo, Pol\u00edtica, Sociedad, Deporte, Cultura y todo el contenido de inter\u00e9s general que la gente del pueblo y la regi\u00f3n debe conocer.","og_url":"https:\/\/www.celttv.com.ar\/index.php\/2013\/04\/09\/turismo-nacional-clase-3-sergio-torres-nuevamente-en-la-parte-alta-del-podio-video-de-la-carrera-y-videoentrevista\/","og_site_name":"CELTTV","article_publisher":"https:\/\/www.facebook.com\/celtTV\/","article_published_time":"2013-04-09T23:37:02+00:00","author":"ulises","twitter_card":"summary_large_image","twitter_misc":{"Escrito por":"ulises","Tiempo de lectura":"3 minutos"},"schema":{"@context":"https:\/\/schema.org","@graph":[{"@type":"NewsArticle","@id":"https:\/\/www.celttv.com.ar\/index.php\/2013\/04\/09\/turismo-nacional-clase-3-sergio-torres-nuevamente-en-la-parte-alta-del-podio-video-de-la-carrera-y-videoentrevista\/#article","isPartOf":{"@id":"https:\/\/www.celttv.com.ar\/index.php\/2013\/04\/09\/turismo-nacional-clase-3-sergio-torres-nuevamente-en-la-parte-alta-del-podio-video-de-la-carrera-y-videoentrevista\/"},"author":{"name":"ulises","@id":"https:\/\/www.celttv.com.ar\/#\/schema\/person\/6d99c072dba59953809c81446e9d0ace"},"headline":"TURISMO NACIONAL Clase 3: SERGIO TORRES NUEVAMENTE EN LA PARTE ALTA DEL PODIO (video de la carrera y videoentrevista)","datePublished":"2013-04-09T23:37:02+00:00","dateModified":"2013-04-09T23:37:02+00:00","mainEntityOfPage":{"@id":"https:\/\/www.celttv.com.ar\/index.php\/2013\/04\/09\/turismo-nacional-clase-3-sergio-torres-nuevamente-en-la-parte-alta-del-podio-video-de-la-carrera-y-videoentrevista\/"},"wordCount":581,"publisher":{"@id":"https:\/\/www.celttv.com.ar\/#organization"},"articleSection":["Comunidad","Deporte","Destacadas","Videos Destacados"],"inLanguage":"es"},{"@type":"WebPage","@id":"https:\/\/www.celttv.com.ar\/index.php\/2013\/04\/09\/turismo-nacional-clase-3-sergio-torres-nuevamente-en-la-parte-alta-del-podio-video-de-la-carrera-y-videoentrevista\/","url":"https:\/\/www.celttv.com.ar\/index.php\/2013\/04\/09\/turismo-nacional-clase-3-sergio-torres-nuevamente-en-la-parte-alta-del-podio-video-de-la-carrera-y-videoentrevista\/","name":"TURISMO NACIONAL Clase 3: SERGIO TORRES NUEVAMENTE EN LA PARTE ALTA DEL PODIO (video de la carrera y videoentrevista) - CELTTV","isPartOf":{"@id":"https:\/\/www.celttv.com.ar\/#website"},"datePublished":"2013-04-09T23:37:02+00:00","dateModified":"2013-04-09T23:37:02+00:00","description":"Sitio web de noticias de la localidad de Tornquist, provincia de Buenos Aires, Rep\u00fablica Argentina. Contenido propio originado por periodistas de CELTTV, el canal de TV local de la Cooperativa El\u00e9ctrica de Tornquist. Turismo, Pol\u00edtica, Sociedad, Deporte, Cultura y todo el contenido de inter\u00e9s general que la gente del pueblo y la regi\u00f3n debe conocer.","breadcrumb":{"@id":"https:\/\/www.celttv.com.ar\/index.php\/2013\/04\/09\/turismo-nacional-clase-3-sergio-torres-nuevamente-en-la-parte-alta-del-podio-video-de-la-carrera-y-videoentrevista\/#breadcrumb"},"inLanguage":"es","potentialAction":[{"@type":"ReadAction","target":["https:\/\/www.celttv.com.ar\/index.php\/2013\/04\/09\/turismo-nacional-clase-3-sergio-torres-nuevamente-en-la-parte-alta-del-podio-video-de-la-carrera-y-videoentrevista\/"]}]},{"@type":"BreadcrumbList","@id":"https:\/\/www.celttv.com.ar\/index.php\/2013\/04\/09\/turismo-nacional-clase-3-sergio-torres-nuevamente-en-la-parte-alta-del-podio-video-de-la-carrera-y-videoentrevista\/#breadcrumb","itemListElement":[{"@type":"ListItem","position":1,"name":"Inicio","item":"https:\/\/www.celttv.com.ar\/"},{"@type":"ListItem","position":2,"name":"TURISMO NACIONAL Clase 3: SERGIO TORRES NUEVAMENTE EN LA PARTE ALTA DEL PODIO (video de la carrera y videoentrevista)"}]},{"@type":"WebSite","@id":"https:\/\/www.celttv.com.ar\/#website","url":"https:\/\/www.celttv.com.ar\/","name":"CELTTV","description":"Cooperativa El\u00e9ctrica de Tornquist","publisher":{"@id":"https:\/\/www.celttv.com.ar\/#organization"},"potentialAction":[{"@type":"SearchAction","target":{"@type":"EntryPoint","urlTemplate":"https:\/\/www.celttv.com.ar\/?s={search_term_string}"},"query-input":"required name=search_term_string"}],"inLanguage":"es"},{"@type":"Organization","@id":"https:\/\/www.celttv.com.ar\/#organization","name":"CELTTV","url":"https:\/\/www.celttv.com.ar\/","sameAs":["https:\/\/www.youtube.com\/channel\/UCz_oIt8Hig64Ub-EmcNPIhg","https:\/\/www.facebook.com\/celtTV\/"],"logo":{"@type":"ImageObject","inLanguage":"es","@id":"https:\/\/www.celttv.com.ar\/#\/schema\/logo\/image\/","url":"http:\/\/www.celttv.com.ar\/wp-content\/uploads\/2022\/08\/logo-1.png","contentUrl":"http:\/\/www.celttv.com.ar\/wp-content\/uploads\/2022\/08\/logo-1.png","width":461,"height":159,"caption":"CELTTV"},"image":{"@id":"https:\/\/www.celttv.com.ar\/#\/schema\/logo\/image\/"}},{"@type":"Person","@id":"https:\/\/www.celttv.com.ar\/#\/schema\/person\/6d99c072dba59953809c81446e9d0ace","name":"ulises","image":{"@type":"ImageObject","inLanguage":"es","@id":"https:\/\/www.celttv.com.ar\/#\/schema\/person\/image\/","url":"https:\/\/secure.gravatar.com\/avatar\/7f2c48bdc33b30088f941fb6082e555f2874c98e20cb159d7b92b50eadfce793?s=96&d=mm&r=g","contentUrl":"https:\/\/secure.gravatar.com\/avatar\/7f2c48bdc33b30088f941fb6082e555f2874c98e20cb159d7b92b50eadfce793?s=96&d=mm&r=g","caption":"ulises"},"sameAs":["http:\/\/www.celttv.com.ar"]}]}},"_links":{"self":[{"href":"https:\/\/www.celttv.com.ar\/index.php\/wp-json\/wp\/v2\/posts\/10994","targetHints":{"allow":["GET"]}}],"collection":[{"href":"https:\/\/www.celttv.com.ar\/index.php\/wp-json\/wp\/v2\/posts"}],"about":[{"href":"https:\/\/www.celttv.com.ar\/index.php\/wp-json\/wp\/v2\/types\/post"}],"author":[{"embeddable":true,"href":"https:\/\/www.celttv.com.ar\/index.php\/wp-json\/wp\/v2\/users\/1"}],"replies":[{"embeddable":true,"href":"https:\/\/www.celttv.com.ar\/index.php\/wp-json\/wp\/v2\/comments?post=10994"}],"version-history":[{"count":0,"href":"https:\/\/www.celttv.com.ar\/index.php\/wp-json\/wp\/v2\/posts\/10994\/revisions"}],"wp:attachment":[{"href":"https:\/\/www.celttv.com.ar\/index.php\/wp-json\/wp\/v2\/media?parent=10994"}],"wp:term":[{"taxonomy":"category","embeddable":true,"href":"https:\/\/www.celttv.com.ar\/index.php\/wp-json\/wp\/v2\/categories?post=10994"},{"taxonomy":"post_tag","embeddable":true,"href":"https:\/\/www.celttv.com.ar\/index.php\/wp-json\/wp\/v2\/tags?post=10994"}],"curies":[{"name":"wp","href":"https:\/\/api.w.org\/{rel}","templated":true}]}}