{"id":11055,"date":"2013-04-12T21:12:50","date_gmt":"2013-04-12T21:12:50","guid":{"rendered":"http:\/\/www.tvcnoticias.com.ar\/?p=11055"},"modified":"2013-04-12T21:12:50","modified_gmt":"2013-04-12T21:12:50","slug":"se-realizo-una-nueva-reunion-para-la-revision-del-plan-de-ordenamiento-territorial","status":"publish","type":"post","link":"https:\/\/www.celttv.com.ar\/index.php\/2013\/04\/12\/se-realizo-una-nueva-reunion-para-la-revision-del-plan-de-ordenamiento-territorial\/","title":{"rendered":"SE REALIZO UNA NUEVA REUNION PARA LA REVISION DEL PLAN DE ORDENAMIENTO TERRITORIAL"},"content":{"rendered":"<p><a rel=\"attachment wp-att-11056\" href=\"http:\/\/www.tvcnoticias.com.ar\/?attachment_id=11056\"><img loading=\"lazy\" decoding=\"async\" class=\"aligncenter size-full wp-image-11056\" title=\"1409 - ORDENAMIENTO TERRITORIAL (Small)\" src=\"http:\/\/www.tvcnoticias.com.ar\/wp-content\/uploads\/2013\/04\/1409-ORDENAMIENTO-TERRITORIAL-Small.jpg\" alt=\"\" width=\"640\" height=\"355\" \/><\/a><br \/>\nEl Departamento Ejecutivo contin\u00faa trabajando en la revisi\u00f3n del Plan de Ordenamiento Territorial de la Comarca de la Sierra de la Ventana. Esta terea, que debe ser abarcativa, involucra a diferentes \u00e1reas del Estado municipal, instituciones y comunidad en general.<br \/>\nPara abordar la tem\u00e1tica, la secretaria de Obras y Servicios P\u00fablicos, arquitecta Anabella Madue\u00f1a, y la directora de Turismo, licenciada Yanina Torres, se reunieron en la v\u00edspera con los arquitectos Luis Caporossi y Mario Marraffini.<br \/>\nComo tema principal de la reuni\u00f3n, que se extendi\u00f3 por espacio de cuatro horas, se avanz\u00f3 en el relevamiento de los puntos de inter\u00e9s tur\u00edstico del distrito, con el objetivo de incorporarlos como eje de desarrollo tur\u00edstico tanto a nivel local como su inserci\u00f3n en el \u00e1mbito regional.<br \/>\nAsimismo, se trabaj\u00f3 sobre datos estad\u00edsticos, que servir\u00e1n como base de referencia para dirigir las futuras inversiones en sector de la econom\u00eda distrital.<br \/>\nEstas reuniones de trabajo con los arquitectos Caporossi y Marraffini continuar\u00e1n con diferentes tem\u00e1ticas. Por ejemplo, la pr\u00f3xima semana se abordar\u00e1n ejes vinculados a la producci\u00f3n, medio ambiente, comercio e industria.<br \/>\n&nbsp;<br \/>\n&nbsp;<\/p>\n","protected":false},"excerpt":{"rendered":"<p>El Departamento Ejecutivo contin\u00faa trabajando en la revisi\u00f3n del Plan de Ordenamiento Territorial de la Comarca de la Sierra de la Ventana. Esta terea, que debe ser abarcativa, involucra a diferentes \u00e1reas del Estado municipal, instituciones y comunidad en general. Para abordar la tem\u00e1tica, la secretaria de Obras y Servicios P\u00fablicos, arquitecta Anabella Madue\u00f1a, y [&hellip;]<\/p>\n","protected":false},"author":1,"featured_media":0,"comment_status":"closed","ping_status":"open","sticky":false,"template":"","format":"standard","meta":{"footnotes":""},"categories":[51,52,53],"tags":[],"class_list":["post-11055","post","type-post","status-publish","format-standard","hentry","category-comunidad","category-destacadas","category-politica"],"yoast_head":"<!-- This site is optimized with the Yoast SEO plugin v19.7.1 - https:\/\/yoast.com\/wordpress\/plugins\/seo\/ -->\n<title>SE REALIZO UNA NUEVA REUNION PARA LA REVISION DEL PLAN DE ORDENAMIENTO TERRITORIAL - CELTTV<\/title>\n<meta name=\"description\" content=\"Sitio web de noticias de la localidad de Tornquist, provincia de Buenos Aires, Rep\u00fablica Argentina. Contenido propio originado por periodistas de CELTTV, el canal de TV local de la Cooperativa El\u00e9ctrica de Tornquist. Turismo, Pol\u00edtica, Sociedad, Deporte, Cultura y todo el contenido de inter\u00e9s general que la gente del pueblo y la regi\u00f3n debe conocer.\" \/>\n<meta name=\"robots\" content=\"index, follow, max-snippet:-1, max-image-preview:large, max-video-preview:-1\" \/>\n<link rel=\"canonical\" href=\"https:\/\/www.celttv.com.ar\/index.php\/2013\/04\/12\/se-realizo-una-nueva-reunion-para-la-revision-del-plan-de-ordenamiento-territorial\/\" \/>\n<meta property=\"og:locale\" content=\"es_ES\" \/>\n<meta property=\"og:type\" content=\"article\" \/>\n<meta property=\"og:title\" content=\"SE REALIZO UNA NUEVA REUNION PARA LA REVISION DEL PLAN DE ORDENAMIENTO TERRITORIAL - CELTTV\" \/>\n<meta property=\"og:description\" content=\"Sitio web de noticias de la localidad de Tornquist, provincia de Buenos Aires, Rep\u00fablica Argentina. Contenido propio originado por periodistas de CELTTV, el canal de TV local de la Cooperativa El\u00e9ctrica de Tornquist. Turismo, Pol\u00edtica, Sociedad, Deporte, Cultura y todo el contenido de inter\u00e9s general que la gente del pueblo y la regi\u00f3n debe conocer.\" \/>\n<meta property=\"og:url\" content=\"https:\/\/www.celttv.com.ar\/index.php\/2013\/04\/12\/se-realizo-una-nueva-reunion-para-la-revision-del-plan-de-ordenamiento-territorial\/\" \/>\n<meta property=\"og:site_name\" content=\"CELTTV\" \/>\n<meta property=\"article:publisher\" content=\"https:\/\/www.facebook.com\/celtTV\/\" \/>\n<meta property=\"article:published_time\" content=\"2013-04-12T21:12:50+00:00\" \/>\n<meta property=\"og:image\" content=\"http:\/\/www.tvcnoticias.com.ar\/wp-content\/uploads\/2013\/04\/1409-ORDENAMIENTO-TERRITORIAL-Small.jpg\" \/>\n<meta name=\"author\" content=\"ulises\" \/>\n<meta name=\"twitter:card\" content=\"summary_large_image\" \/>\n<meta name=\"twitter:label1\" content=\"Escrito por\" \/>\n\t<meta name=\"twitter:data1\" content=\"ulises\" \/>\n\t<meta name=\"twitter:label2\" content=\"Tiempo de lectura\" \/>\n\t<meta name=\"twitter:data2\" content=\"1 minuto\" \/>\n<script type=\"application\/ld+json\" class=\"yoast-schema-graph\">{\"@context\":\"https:\/\/schema.org\",\"@graph\":[{\"@type\":\"NewsArticle\",\"@id\":\"https:\/\/www.celttv.com.ar\/index.php\/2013\/04\/12\/se-realizo-una-nueva-reunion-para-la-revision-del-plan-de-ordenamiento-territorial\/#article\",\"isPartOf\":{\"@id\":\"https:\/\/www.celttv.com.ar\/index.php\/2013\/04\/12\/se-realizo-una-nueva-reunion-para-la-revision-del-plan-de-ordenamiento-territorial\/\"},\"author\":{\"name\":\"ulises\",\"@id\":\"https:\/\/www.celttv.com.ar\/#\/schema\/person\/6d99c072dba59953809c81446e9d0ace\"},\"headline\":\"SE REALIZO UNA NUEVA REUNION PARA LA REVISION DEL PLAN DE ORDENAMIENTO TERRITORIAL\",\"datePublished\":\"2013-04-12T21:12:50+00:00\",\"dateModified\":\"2013-04-12T21:12:50+00:00\",\"mainEntityOfPage\":{\"@id\":\"https:\/\/www.celttv.com.ar\/index.php\/2013\/04\/12\/se-realizo-una-nueva-reunion-para-la-revision-del-plan-de-ordenamiento-territorial\/\"},\"wordCount\":211,\"publisher\":{\"@id\":\"https:\/\/www.celttv.com.ar\/#organization\"},\"articleSection\":[\"Comunidad\",\"Destacadas\",\"Pol\u00edtica\"],\"inLanguage\":\"es\"},{\"@type\":\"WebPage\",\"@id\":\"https:\/\/www.celttv.com.ar\/index.php\/2013\/04\/12\/se-realizo-una-nueva-reunion-para-la-revision-del-plan-de-ordenamiento-territorial\/\",\"url\":\"https:\/\/www.celttv.com.ar\/index.php\/2013\/04\/12\/se-realizo-una-nueva-reunion-para-la-revision-del-plan-de-ordenamiento-territorial\/\",\"name\":\"SE REALIZO UNA NUEVA REUNION PARA LA REVISION DEL PLAN DE ORDENAMIENTO TERRITORIAL - CELTTV\",\"isPartOf\":{\"@id\":\"https:\/\/www.celttv.com.ar\/#website\"},\"datePublished\":\"2013-04-12T21:12:50+00:00\",\"dateModified\":\"2013-04-12T21:12:50+00:00\",\"description\":\"Sitio web de noticias de la localidad de Tornquist, provincia de Buenos Aires, Rep\u00fablica Argentina. Contenido propio originado por periodistas de CELTTV, el canal de TV local de la Cooperativa El\u00e9ctrica de Tornquist. Turismo, Pol\u00edtica, Sociedad, Deporte, Cultura y todo el contenido de inter\u00e9s general que la gente del pueblo y la regi\u00f3n debe conocer.\",\"breadcrumb\":{\"@id\":\"https:\/\/www.celttv.com.ar\/index.php\/2013\/04\/12\/se-realizo-una-nueva-reunion-para-la-revision-del-plan-de-ordenamiento-territorial\/#breadcrumb\"},\"inLanguage\":\"es\",\"potentialAction\":[{\"@type\":\"ReadAction\",\"target\":[\"https:\/\/www.celttv.com.ar\/index.php\/2013\/04\/12\/se-realizo-una-nueva-reunion-para-la-revision-del-plan-de-ordenamiento-territorial\/\"]}]},{\"@type\":\"BreadcrumbList\",\"@id\":\"https:\/\/www.celttv.com.ar\/index.php\/2013\/04\/12\/se-realizo-una-nueva-reunion-para-la-revision-del-plan-de-ordenamiento-territorial\/#breadcrumb\",\"itemListElement\":[{\"@type\":\"ListItem\",\"position\":1,\"name\":\"Inicio\",\"item\":\"https:\/\/www.celttv.com.ar\/\"},{\"@type\":\"ListItem\",\"position\":2,\"name\":\"SE REALIZO UNA NUEVA REUNION PARA LA REVISION DEL PLAN DE ORDENAMIENTO TERRITORIAL\"}]},{\"@type\":\"WebSite\",\"@id\":\"https:\/\/www.celttv.com.ar\/#website\",\"url\":\"https:\/\/www.celttv.com.ar\/\",\"name\":\"CELTTV\",\"description\":\"Cooperativa El\u00e9ctrica de Tornquist\",\"publisher\":{\"@id\":\"https:\/\/www.celttv.com.ar\/#organization\"},\"potentialAction\":[{\"@type\":\"SearchAction\",\"target\":{\"@type\":\"EntryPoint\",\"urlTemplate\":\"https:\/\/www.celttv.com.ar\/?s={search_term_string}\"},\"query-input\":\"required name=search_term_string\"}],\"inLanguage\":\"es\"},{\"@type\":\"Organization\",\"@id\":\"https:\/\/www.celttv.com.ar\/#organization\",\"name\":\"CELTTV\",\"url\":\"https:\/\/www.celttv.com.ar\/\",\"sameAs\":[\"https:\/\/www.youtube.com\/channel\/UCz_oIt8Hig64Ub-EmcNPIhg\",\"https:\/\/www.facebook.com\/celtTV\/\"],\"logo\":{\"@type\":\"ImageObject\",\"inLanguage\":\"es\",\"@id\":\"https:\/\/www.celttv.com.ar\/#\/schema\/logo\/image\/\",\"url\":\"http:\/\/www.celttv.com.ar\/wp-content\/uploads\/2022\/08\/logo-1.png\",\"contentUrl\":\"http:\/\/www.celttv.com.ar\/wp-content\/uploads\/2022\/08\/logo-1.png\",\"width\":461,\"height\":159,\"caption\":\"CELTTV\"},\"image\":{\"@id\":\"https:\/\/www.celttv.com.ar\/#\/schema\/logo\/image\/\"}},{\"@type\":\"Person\",\"@id\":\"https:\/\/www.celttv.com.ar\/#\/schema\/person\/6d99c072dba59953809c81446e9d0ace\",\"name\":\"ulises\",\"image\":{\"@type\":\"ImageObject\",\"inLanguage\":\"es\",\"@id\":\"https:\/\/www.celttv.com.ar\/#\/schema\/person\/image\/\",\"url\":\"https:\/\/secure.gravatar.com\/avatar\/7f2c48bdc33b30088f941fb6082e555f2874c98e20cb159d7b92b50eadfce793?s=96&d=mm&r=g\",\"contentUrl\":\"https:\/\/secure.gravatar.com\/avatar\/7f2c48bdc33b30088f941fb6082e555f2874c98e20cb159d7b92b50eadfce793?s=96&d=mm&r=g\",\"caption\":\"ulises\"},\"sameAs\":[\"http:\/\/www.celttv.com.ar\"]}]}<\/script>\n<!-- \/ Yoast SEO plugin. -->","yoast_head_json":{"title":"SE REALIZO UNA NUEVA REUNION PARA LA REVISION DEL PLAN DE ORDENAMIENTO TERRITORIAL - CELTTV","description":"Sitio web de noticias de la localidad de Tornquist, provincia de Buenos Aires, Rep\u00fablica Argentina. Contenido propio originado por periodistas de CELTTV, el canal de TV local de la Cooperativa El\u00e9ctrica de Tornquist. Turismo, Pol\u00edtica, Sociedad, Deporte, Cultura y todo el contenido de inter\u00e9s general que la gente del pueblo y la regi\u00f3n debe conocer.","robots":{"index":"index","follow":"follow","max-snippet":"max-snippet:-1","max-image-preview":"max-image-preview:large","max-video-preview":"max-video-preview:-1"},"canonical":"https:\/\/www.celttv.com.ar\/index.php\/2013\/04\/12\/se-realizo-una-nueva-reunion-para-la-revision-del-plan-de-ordenamiento-territorial\/","og_locale":"es_ES","og_type":"article","og_title":"SE REALIZO UNA NUEVA REUNION PARA LA REVISION DEL PLAN DE ORDENAMIENTO TERRITORIAL - CELTTV","og_description":"Sitio web de noticias de la localidad de Tornquist, provincia de Buenos Aires, Rep\u00fablica Argentina. Contenido propio originado por periodistas de CELTTV, el canal de TV local de la Cooperativa El\u00e9ctrica de Tornquist. Turismo, Pol\u00edtica, Sociedad, Deporte, Cultura y todo el contenido de inter\u00e9s general que la gente del pueblo y la regi\u00f3n debe conocer.","og_url":"https:\/\/www.celttv.com.ar\/index.php\/2013\/04\/12\/se-realizo-una-nueva-reunion-para-la-revision-del-plan-de-ordenamiento-territorial\/","og_site_name":"CELTTV","article_publisher":"https:\/\/www.facebook.com\/celtTV\/","article_published_time":"2013-04-12T21:12:50+00:00","og_image":[{"url":"http:\/\/www.tvcnoticias.com.ar\/wp-content\/uploads\/2013\/04\/1409-ORDENAMIENTO-TERRITORIAL-Small.jpg"}],"author":"ulises","twitter_card":"summary_large_image","twitter_misc":{"Escrito por":"ulises","Tiempo de lectura":"1 minuto"},"schema":{"@context":"https:\/\/schema.org","@graph":[{"@type":"NewsArticle","@id":"https:\/\/www.celttv.com.ar\/index.php\/2013\/04\/12\/se-realizo-una-nueva-reunion-para-la-revision-del-plan-de-ordenamiento-territorial\/#article","isPartOf":{"@id":"https:\/\/www.celttv.com.ar\/index.php\/2013\/04\/12\/se-realizo-una-nueva-reunion-para-la-revision-del-plan-de-ordenamiento-territorial\/"},"author":{"name":"ulises","@id":"https:\/\/www.celttv.com.ar\/#\/schema\/person\/6d99c072dba59953809c81446e9d0ace"},"headline":"SE REALIZO UNA NUEVA REUNION PARA LA REVISION DEL PLAN DE ORDENAMIENTO TERRITORIAL","datePublished":"2013-04-12T21:12:50+00:00","dateModified":"2013-04-12T21:12:50+00:00","mainEntityOfPage":{"@id":"https:\/\/www.celttv.com.ar\/index.php\/2013\/04\/12\/se-realizo-una-nueva-reunion-para-la-revision-del-plan-de-ordenamiento-territorial\/"},"wordCount":211,"publisher":{"@id":"https:\/\/www.celttv.com.ar\/#organization"},"articleSection":["Comunidad","Destacadas","Pol\u00edtica"],"inLanguage":"es"},{"@type":"WebPage","@id":"https:\/\/www.celttv.com.ar\/index.php\/2013\/04\/12\/se-realizo-una-nueva-reunion-para-la-revision-del-plan-de-ordenamiento-territorial\/","url":"https:\/\/www.celttv.com.ar\/index.php\/2013\/04\/12\/se-realizo-una-nueva-reunion-para-la-revision-del-plan-de-ordenamiento-territorial\/","name":"SE REALIZO UNA NUEVA REUNION PARA LA REVISION DEL PLAN DE ORDENAMIENTO TERRITORIAL - CELTTV","isPartOf":{"@id":"https:\/\/www.celttv.com.ar\/#website"},"datePublished":"2013-04-12T21:12:50+00:00","dateModified":"2013-04-12T21:12:50+00:00","description":"Sitio web de noticias de la localidad de Tornquist, provincia de Buenos Aires, Rep\u00fablica Argentina. Contenido propio originado por periodistas de CELTTV, el canal de TV local de la Cooperativa El\u00e9ctrica de Tornquist. Turismo, Pol\u00edtica, Sociedad, Deporte, Cultura y todo el contenido de inter\u00e9s general que la gente del pueblo y la regi\u00f3n debe conocer.","breadcrumb":{"@id":"https:\/\/www.celttv.com.ar\/index.php\/2013\/04\/12\/se-realizo-una-nueva-reunion-para-la-revision-del-plan-de-ordenamiento-territorial\/#breadcrumb"},"inLanguage":"es","potentialAction":[{"@type":"ReadAction","target":["https:\/\/www.celttv.com.ar\/index.php\/2013\/04\/12\/se-realizo-una-nueva-reunion-para-la-revision-del-plan-de-ordenamiento-territorial\/"]}]},{"@type":"BreadcrumbList","@id":"https:\/\/www.celttv.com.ar\/index.php\/2013\/04\/12\/se-realizo-una-nueva-reunion-para-la-revision-del-plan-de-ordenamiento-territorial\/#breadcrumb","itemListElement":[{"@type":"ListItem","position":1,"name":"Inicio","item":"https:\/\/www.celttv.com.ar\/"},{"@type":"ListItem","position":2,"name":"SE REALIZO UNA NUEVA REUNION PARA LA REVISION DEL PLAN DE ORDENAMIENTO TERRITORIAL"}]},{"@type":"WebSite","@id":"https:\/\/www.celttv.com.ar\/#website","url":"https:\/\/www.celttv.com.ar\/","name":"CELTTV","description":"Cooperativa El\u00e9ctrica de Tornquist","publisher":{"@id":"https:\/\/www.celttv.com.ar\/#organization"},"potentialAction":[{"@type":"SearchAction","target":{"@type":"EntryPoint","urlTemplate":"https:\/\/www.celttv.com.ar\/?s={search_term_string}"},"query-input":"required name=search_term_string"}],"inLanguage":"es"},{"@type":"Organization","@id":"https:\/\/www.celttv.com.ar\/#organization","name":"CELTTV","url":"https:\/\/www.celttv.com.ar\/","sameAs":["https:\/\/www.youtube.com\/channel\/UCz_oIt8Hig64Ub-EmcNPIhg","https:\/\/www.facebook.com\/celtTV\/"],"logo":{"@type":"ImageObject","inLanguage":"es","@id":"https:\/\/www.celttv.com.ar\/#\/schema\/logo\/image\/","url":"http:\/\/www.celttv.com.ar\/wp-content\/uploads\/2022\/08\/logo-1.png","contentUrl":"http:\/\/www.celttv.com.ar\/wp-content\/uploads\/2022\/08\/logo-1.png","width":461,"height":159,"caption":"CELTTV"},"image":{"@id":"https:\/\/www.celttv.com.ar\/#\/schema\/logo\/image\/"}},{"@type":"Person","@id":"https:\/\/www.celttv.com.ar\/#\/schema\/person\/6d99c072dba59953809c81446e9d0ace","name":"ulises","image":{"@type":"ImageObject","inLanguage":"es","@id":"https:\/\/www.celttv.com.ar\/#\/schema\/person\/image\/","url":"https:\/\/secure.gravatar.com\/avatar\/7f2c48bdc33b30088f941fb6082e555f2874c98e20cb159d7b92b50eadfce793?s=96&d=mm&r=g","contentUrl":"https:\/\/secure.gravatar.com\/avatar\/7f2c48bdc33b30088f941fb6082e555f2874c98e20cb159d7b92b50eadfce793?s=96&d=mm&r=g","caption":"ulises"},"sameAs":["http:\/\/www.celttv.com.ar"]}]}},"_links":{"self":[{"href":"https:\/\/www.celttv.com.ar\/index.php\/wp-json\/wp\/v2\/posts\/11055","targetHints":{"allow":["GET"]}}],"collection":[{"href":"https:\/\/www.celttv.com.ar\/index.php\/wp-json\/wp\/v2\/posts"}],"about":[{"href":"https:\/\/www.celttv.com.ar\/index.php\/wp-json\/wp\/v2\/types\/post"}],"author":[{"embeddable":true,"href":"https:\/\/www.celttv.com.ar\/index.php\/wp-json\/wp\/v2\/users\/1"}],"replies":[{"embeddable":true,"href":"https:\/\/www.celttv.com.ar\/index.php\/wp-json\/wp\/v2\/comments?post=11055"}],"version-history":[{"count":0,"href":"https:\/\/www.celttv.com.ar\/index.php\/wp-json\/wp\/v2\/posts\/11055\/revisions"}],"wp:attachment":[{"href":"https:\/\/www.celttv.com.ar\/index.php\/wp-json\/wp\/v2\/media?parent=11055"}],"wp:term":[{"taxonomy":"category","embeddable":true,"href":"https:\/\/www.celttv.com.ar\/index.php\/wp-json\/wp\/v2\/categories?post=11055"},{"taxonomy":"post_tag","embeddable":true,"href":"https:\/\/www.celttv.com.ar\/index.php\/wp-json\/wp\/v2\/tags?post=11055"}],"curies":[{"name":"wp","href":"https:\/\/api.w.org\/{rel}","templated":true}]}}