{"id":11091,"date":"2013-04-16T20:28:11","date_gmt":"2013-04-16T20:28:11","guid":{"rendered":"http:\/\/www.tvcnoticias.com.ar\/?p=11091"},"modified":"2013-04-16T20:28:11","modified_gmt":"2013-04-16T20:28:11","slug":"se-realizo-en-tornquist-un-congreso-provincial-de-la-coalicion-civica","status":"publish","type":"post","link":"https:\/\/www.celttv.com.ar\/index.php\/2013\/04\/16\/se-realizo-en-tornquist-un-congreso-provincial-de-la-coalicion-civica\/","title":{"rendered":"SE REALIZO EN TORNQUIST UN CONGRESO PROVINCIAL DE LA COALICION CIVICA"},"content":{"rendered":"<p>En el fog\u00f3n del Automoto Club, se realiz\u00f3 el pasado s\u00e1bado la Jornada Provincial de Trabajo de la Coalici\u00f3n C\u00edvica donde asistieron representantes de varios distritos, entre ellos, Almirante Brown, Avellaneda, Azul, Berazategui, Chivilcoy, Coronel Dorrego, Coronel Suarez, Carhue, Florenco Varela, General Rodriguez, Indio Rico, La Matanza, La Plata, Lan\u00fas, Luj\u00e1n, Mercedes, Monte Grande, Moreno, Olavarr\u00eda, Pigue, Puan, Quilmes, San Fernando, San Mart\u00edn, San Miguel, San Vicente, Tornquist, Tres Arroyos, Vicente Lopez, Villa Ballester.\u00a0 \u00a0 \u00a0 Adem\u00e1s estuvo presente \u00a0la Senadora provincial Mar\u00eda Isabel Gainza, \u00a0Susana Moledo Vpte. CC Provincia, la Diputada Provincial Marcela Guido, el candidato a Diputado Nacional Adri\u00e1n Perez y el anfitri\u00f3n el Presidente del HCD Sergio Bordoni.\u00a0Bordoni, en su calidad de anfitri\u00f3n, \u00a0destac\u00f3 la presencia de todos los dirigentes y afirm\u00f3 que seguramente van a pelear nuevamente por el municipio en 2015.<br \/>\n<a href=\"http:\/\/www.youtube.com\/watch?v=EUsI2HyQbmE\"><a href=\"http:\/\/www.youtube.com\/watch?v=EUsI2HyQbmE\">httpv:\/\/www.youtube.com\/watch?v=EUsI2HyQbmE<\/a><\/a><br \/>\n<a href=\"http:\/\/www.youtube.com\/watch?v=wQbp2vaThTs\"><a href=\"http:\/\/www.youtube.com\/watch?v=wQbp2vaThTs\">httpv:\/\/www.youtube.com\/watch?v=wQbp2vaThTs<\/a><\/a><br \/>\n<a href=\"http:\/\/www.youtube.com\/watch?v=4FR2zros_Fs\"><a href=\"http:\/\/www.youtube.com\/watch?v=4FR2zros_Fs\">httpv:\/\/www.youtube.com\/watch?v=4FR2zros_Fs<\/a><\/a><br \/>\n<a href=\"http:\/\/www.youtube.com\/watch?v=HIp0g23Hqg8\"><a href=\"http:\/\/www.youtube.com\/watch?v=HIp0g23Hqg8\">httpv:\/\/www.youtube.com\/watch?v=HIp0g23Hqg8<\/a><\/a><\/p>\n","protected":false},"excerpt":{"rendered":"<p>En el fog\u00f3n del Automoto Club, se realiz\u00f3 el pasado s\u00e1bado la Jornada Provincial de Trabajo de la Coalici\u00f3n C\u00edvica donde asistieron representantes de varios distritos, entre ellos, Almirante Brown, Avellaneda, Azul, Berazategui, Chivilcoy, Coronel Dorrego, Coronel Suarez, Carhue, Florenco Varela, General Rodriguez, Indio Rico, La Matanza, La Plata, Lan\u00fas, Luj\u00e1n, Mercedes, Monte Grande, Moreno, [&hellip;]<\/p>\n","protected":false},"author":1,"featured_media":0,"comment_status":"closed","ping_status":"open","sticky":false,"template":"","format":"standard","meta":{"footnotes":""},"categories":[52,53,64],"tags":[],"class_list":["post-11091","post","type-post","status-publish","format-standard","hentry","category-destacadas","category-politica","category-videos-destacados"],"yoast_head":"<!-- This site is optimized with the Yoast SEO plugin v19.7.1 - https:\/\/yoast.com\/wordpress\/plugins\/seo\/ -->\n<title>SE REALIZO EN TORNQUIST UN CONGRESO PROVINCIAL DE LA COALICION CIVICA - CELTTV<\/title>\n<meta name=\"description\" content=\"Sitio web de noticias de la localidad de Tornquist, provincia de Buenos Aires, Rep\u00fablica Argentina. Contenido propio originado por periodistas de CELTTV, el canal de TV local de la Cooperativa El\u00e9ctrica de Tornquist. Turismo, Pol\u00edtica, Sociedad, Deporte, Cultura y todo el contenido de inter\u00e9s general que la gente del pueblo y la regi\u00f3n debe conocer.\" \/>\n<meta name=\"robots\" content=\"index, follow, max-snippet:-1, max-image-preview:large, max-video-preview:-1\" \/>\n<link rel=\"canonical\" href=\"https:\/\/www.celttv.com.ar\/index.php\/2013\/04\/16\/se-realizo-en-tornquist-un-congreso-provincial-de-la-coalicion-civica\/\" \/>\n<meta property=\"og:locale\" content=\"es_ES\" \/>\n<meta property=\"og:type\" content=\"article\" \/>\n<meta property=\"og:title\" content=\"SE REALIZO EN TORNQUIST UN CONGRESO PROVINCIAL DE LA COALICION CIVICA - CELTTV\" \/>\n<meta property=\"og:description\" content=\"Sitio web de noticias de la localidad de Tornquist, provincia de Buenos Aires, Rep\u00fablica Argentina. Contenido propio originado por periodistas de CELTTV, el canal de TV local de la Cooperativa El\u00e9ctrica de Tornquist. Turismo, Pol\u00edtica, Sociedad, Deporte, Cultura y todo el contenido de inter\u00e9s general que la gente del pueblo y la regi\u00f3n debe conocer.\" \/>\n<meta property=\"og:url\" content=\"https:\/\/www.celttv.com.ar\/index.php\/2013\/04\/16\/se-realizo-en-tornquist-un-congreso-provincial-de-la-coalicion-civica\/\" \/>\n<meta property=\"og:site_name\" content=\"CELTTV\" \/>\n<meta property=\"article:publisher\" content=\"https:\/\/www.facebook.com\/celtTV\/\" \/>\n<meta property=\"article:published_time\" content=\"2013-04-16T20:28:11+00:00\" \/>\n<meta name=\"author\" content=\"ulises\" \/>\n<meta name=\"twitter:card\" content=\"summary_large_image\" \/>\n<meta name=\"twitter:label1\" content=\"Escrito por\" \/>\n\t<meta name=\"twitter:data1\" content=\"ulises\" \/>\n\t<meta name=\"twitter:label2\" content=\"Tiempo de lectura\" \/>\n\t<meta name=\"twitter:data2\" content=\"1 minuto\" \/>\n<script type=\"application\/ld+json\" class=\"yoast-schema-graph\">{\"@context\":\"https:\/\/schema.org\",\"@graph\":[{\"@type\":\"NewsArticle\",\"@id\":\"https:\/\/www.celttv.com.ar\/index.php\/2013\/04\/16\/se-realizo-en-tornquist-un-congreso-provincial-de-la-coalicion-civica\/#article\",\"isPartOf\":{\"@id\":\"https:\/\/www.celttv.com.ar\/index.php\/2013\/04\/16\/se-realizo-en-tornquist-un-congreso-provincial-de-la-coalicion-civica\/\"},\"author\":{\"name\":\"ulises\",\"@id\":\"https:\/\/www.celttv.com.ar\/#\/schema\/person\/6d99c072dba59953809c81446e9d0ace\"},\"headline\":\"SE REALIZO EN TORNQUIST UN CONGRESO PROVINCIAL DE LA COALICION CIVICA\",\"datePublished\":\"2013-04-16T20:28:11+00:00\",\"dateModified\":\"2013-04-16T20:28:11+00:00\",\"mainEntityOfPage\":{\"@id\":\"https:\/\/www.celttv.com.ar\/index.php\/2013\/04\/16\/se-realizo-en-tornquist-un-congreso-provincial-de-la-coalicion-civica\/\"},\"wordCount\":192,\"publisher\":{\"@id\":\"https:\/\/www.celttv.com.ar\/#organization\"},\"articleSection\":[\"Destacadas\",\"Pol\u00edtica\",\"Videos Destacados\"],\"inLanguage\":\"es\"},{\"@type\":\"WebPage\",\"@id\":\"https:\/\/www.celttv.com.ar\/index.php\/2013\/04\/16\/se-realizo-en-tornquist-un-congreso-provincial-de-la-coalicion-civica\/\",\"url\":\"https:\/\/www.celttv.com.ar\/index.php\/2013\/04\/16\/se-realizo-en-tornquist-un-congreso-provincial-de-la-coalicion-civica\/\",\"name\":\"SE REALIZO EN TORNQUIST UN CONGRESO PROVINCIAL DE LA COALICION CIVICA - CELTTV\",\"isPartOf\":{\"@id\":\"https:\/\/www.celttv.com.ar\/#website\"},\"datePublished\":\"2013-04-16T20:28:11+00:00\",\"dateModified\":\"2013-04-16T20:28:11+00:00\",\"description\":\"Sitio web de noticias de la localidad de Tornquist, provincia de Buenos Aires, Rep\u00fablica Argentina. Contenido propio originado por periodistas de CELTTV, el canal de TV local de la Cooperativa El\u00e9ctrica de Tornquist. Turismo, Pol\u00edtica, Sociedad, Deporte, Cultura y todo el contenido de inter\u00e9s general que la gente del pueblo y la regi\u00f3n debe conocer.\",\"breadcrumb\":{\"@id\":\"https:\/\/www.celttv.com.ar\/index.php\/2013\/04\/16\/se-realizo-en-tornquist-un-congreso-provincial-de-la-coalicion-civica\/#breadcrumb\"},\"inLanguage\":\"es\",\"potentialAction\":[{\"@type\":\"ReadAction\",\"target\":[\"https:\/\/www.celttv.com.ar\/index.php\/2013\/04\/16\/se-realizo-en-tornquist-un-congreso-provincial-de-la-coalicion-civica\/\"]}]},{\"@type\":\"BreadcrumbList\",\"@id\":\"https:\/\/www.celttv.com.ar\/index.php\/2013\/04\/16\/se-realizo-en-tornquist-un-congreso-provincial-de-la-coalicion-civica\/#breadcrumb\",\"itemListElement\":[{\"@type\":\"ListItem\",\"position\":1,\"name\":\"Inicio\",\"item\":\"https:\/\/www.celttv.com.ar\/\"},{\"@type\":\"ListItem\",\"position\":2,\"name\":\"SE REALIZO EN TORNQUIST UN CONGRESO PROVINCIAL DE LA COALICION CIVICA\"}]},{\"@type\":\"WebSite\",\"@id\":\"https:\/\/www.celttv.com.ar\/#website\",\"url\":\"https:\/\/www.celttv.com.ar\/\",\"name\":\"CELTTV\",\"description\":\"Cooperativa El\u00e9ctrica de Tornquist\",\"publisher\":{\"@id\":\"https:\/\/www.celttv.com.ar\/#organization\"},\"potentialAction\":[{\"@type\":\"SearchAction\",\"target\":{\"@type\":\"EntryPoint\",\"urlTemplate\":\"https:\/\/www.celttv.com.ar\/?s={search_term_string}\"},\"query-input\":\"required name=search_term_string\"}],\"inLanguage\":\"es\"},{\"@type\":\"Organization\",\"@id\":\"https:\/\/www.celttv.com.ar\/#organization\",\"name\":\"CELTTV\",\"url\":\"https:\/\/www.celttv.com.ar\/\",\"sameAs\":[\"https:\/\/www.youtube.com\/channel\/UCz_oIt8Hig64Ub-EmcNPIhg\",\"https:\/\/www.facebook.com\/celtTV\/\"],\"logo\":{\"@type\":\"ImageObject\",\"inLanguage\":\"es\",\"@id\":\"https:\/\/www.celttv.com.ar\/#\/schema\/logo\/image\/\",\"url\":\"http:\/\/www.celttv.com.ar\/wp-content\/uploads\/2022\/08\/logo-1.png\",\"contentUrl\":\"http:\/\/www.celttv.com.ar\/wp-content\/uploads\/2022\/08\/logo-1.png\",\"width\":461,\"height\":159,\"caption\":\"CELTTV\"},\"image\":{\"@id\":\"https:\/\/www.celttv.com.ar\/#\/schema\/logo\/image\/\"}},{\"@type\":\"Person\",\"@id\":\"https:\/\/www.celttv.com.ar\/#\/schema\/person\/6d99c072dba59953809c81446e9d0ace\",\"name\":\"ulises\",\"image\":{\"@type\":\"ImageObject\",\"inLanguage\":\"es\",\"@id\":\"https:\/\/www.celttv.com.ar\/#\/schema\/person\/image\/\",\"url\":\"https:\/\/secure.gravatar.com\/avatar\/7f2c48bdc33b30088f941fb6082e555f2874c98e20cb159d7b92b50eadfce793?s=96&d=mm&r=g\",\"contentUrl\":\"https:\/\/secure.gravatar.com\/avatar\/7f2c48bdc33b30088f941fb6082e555f2874c98e20cb159d7b92b50eadfce793?s=96&d=mm&r=g\",\"caption\":\"ulises\"},\"sameAs\":[\"http:\/\/www.celttv.com.ar\"]}]}<\/script>\n<!-- \/ Yoast SEO plugin. -->","yoast_head_json":{"title":"SE REALIZO EN TORNQUIST UN CONGRESO PROVINCIAL DE LA COALICION CIVICA - CELTTV","description":"Sitio web de noticias de la localidad de Tornquist, provincia de Buenos Aires, Rep\u00fablica Argentina. Contenido propio originado por periodistas de CELTTV, el canal de TV local de la Cooperativa El\u00e9ctrica de Tornquist. Turismo, Pol\u00edtica, Sociedad, Deporte, Cultura y todo el contenido de inter\u00e9s general que la gente del pueblo y la regi\u00f3n debe conocer.","robots":{"index":"index","follow":"follow","max-snippet":"max-snippet:-1","max-image-preview":"max-image-preview:large","max-video-preview":"max-video-preview:-1"},"canonical":"https:\/\/www.celttv.com.ar\/index.php\/2013\/04\/16\/se-realizo-en-tornquist-un-congreso-provincial-de-la-coalicion-civica\/","og_locale":"es_ES","og_type":"article","og_title":"SE REALIZO EN TORNQUIST UN CONGRESO PROVINCIAL DE LA COALICION CIVICA - CELTTV","og_description":"Sitio web de noticias de la localidad de Tornquist, provincia de Buenos Aires, Rep\u00fablica Argentina. Contenido propio originado por periodistas de CELTTV, el canal de TV local de la Cooperativa El\u00e9ctrica de Tornquist. Turismo, Pol\u00edtica, Sociedad, Deporte, Cultura y todo el contenido de inter\u00e9s general que la gente del pueblo y la regi\u00f3n debe conocer.","og_url":"https:\/\/www.celttv.com.ar\/index.php\/2013\/04\/16\/se-realizo-en-tornquist-un-congreso-provincial-de-la-coalicion-civica\/","og_site_name":"CELTTV","article_publisher":"https:\/\/www.facebook.com\/celtTV\/","article_published_time":"2013-04-16T20:28:11+00:00","author":"ulises","twitter_card":"summary_large_image","twitter_misc":{"Escrito por":"ulises","Tiempo de lectura":"1 minuto"},"schema":{"@context":"https:\/\/schema.org","@graph":[{"@type":"NewsArticle","@id":"https:\/\/www.celttv.com.ar\/index.php\/2013\/04\/16\/se-realizo-en-tornquist-un-congreso-provincial-de-la-coalicion-civica\/#article","isPartOf":{"@id":"https:\/\/www.celttv.com.ar\/index.php\/2013\/04\/16\/se-realizo-en-tornquist-un-congreso-provincial-de-la-coalicion-civica\/"},"author":{"name":"ulises","@id":"https:\/\/www.celttv.com.ar\/#\/schema\/person\/6d99c072dba59953809c81446e9d0ace"},"headline":"SE REALIZO EN TORNQUIST UN CONGRESO PROVINCIAL DE LA COALICION CIVICA","datePublished":"2013-04-16T20:28:11+00:00","dateModified":"2013-04-16T20:28:11+00:00","mainEntityOfPage":{"@id":"https:\/\/www.celttv.com.ar\/index.php\/2013\/04\/16\/se-realizo-en-tornquist-un-congreso-provincial-de-la-coalicion-civica\/"},"wordCount":192,"publisher":{"@id":"https:\/\/www.celttv.com.ar\/#organization"},"articleSection":["Destacadas","Pol\u00edtica","Videos Destacados"],"inLanguage":"es"},{"@type":"WebPage","@id":"https:\/\/www.celttv.com.ar\/index.php\/2013\/04\/16\/se-realizo-en-tornquist-un-congreso-provincial-de-la-coalicion-civica\/","url":"https:\/\/www.celttv.com.ar\/index.php\/2013\/04\/16\/se-realizo-en-tornquist-un-congreso-provincial-de-la-coalicion-civica\/","name":"SE REALIZO EN TORNQUIST UN CONGRESO PROVINCIAL DE LA COALICION CIVICA - CELTTV","isPartOf":{"@id":"https:\/\/www.celttv.com.ar\/#website"},"datePublished":"2013-04-16T20:28:11+00:00","dateModified":"2013-04-16T20:28:11+00:00","description":"Sitio web de noticias de la localidad de Tornquist, provincia de Buenos Aires, Rep\u00fablica Argentina. Contenido propio originado por periodistas de CELTTV, el canal de TV local de la Cooperativa El\u00e9ctrica de Tornquist. Turismo, Pol\u00edtica, Sociedad, Deporte, Cultura y todo el contenido de inter\u00e9s general que la gente del pueblo y la regi\u00f3n debe conocer.","breadcrumb":{"@id":"https:\/\/www.celttv.com.ar\/index.php\/2013\/04\/16\/se-realizo-en-tornquist-un-congreso-provincial-de-la-coalicion-civica\/#breadcrumb"},"inLanguage":"es","potentialAction":[{"@type":"ReadAction","target":["https:\/\/www.celttv.com.ar\/index.php\/2013\/04\/16\/se-realizo-en-tornquist-un-congreso-provincial-de-la-coalicion-civica\/"]}]},{"@type":"BreadcrumbList","@id":"https:\/\/www.celttv.com.ar\/index.php\/2013\/04\/16\/se-realizo-en-tornquist-un-congreso-provincial-de-la-coalicion-civica\/#breadcrumb","itemListElement":[{"@type":"ListItem","position":1,"name":"Inicio","item":"https:\/\/www.celttv.com.ar\/"},{"@type":"ListItem","position":2,"name":"SE REALIZO EN TORNQUIST UN CONGRESO PROVINCIAL DE LA COALICION CIVICA"}]},{"@type":"WebSite","@id":"https:\/\/www.celttv.com.ar\/#website","url":"https:\/\/www.celttv.com.ar\/","name":"CELTTV","description":"Cooperativa El\u00e9ctrica de Tornquist","publisher":{"@id":"https:\/\/www.celttv.com.ar\/#organization"},"potentialAction":[{"@type":"SearchAction","target":{"@type":"EntryPoint","urlTemplate":"https:\/\/www.celttv.com.ar\/?s={search_term_string}"},"query-input":"required name=search_term_string"}],"inLanguage":"es"},{"@type":"Organization","@id":"https:\/\/www.celttv.com.ar\/#organization","name":"CELTTV","url":"https:\/\/www.celttv.com.ar\/","sameAs":["https:\/\/www.youtube.com\/channel\/UCz_oIt8Hig64Ub-EmcNPIhg","https:\/\/www.facebook.com\/celtTV\/"],"logo":{"@type":"ImageObject","inLanguage":"es","@id":"https:\/\/www.celttv.com.ar\/#\/schema\/logo\/image\/","url":"http:\/\/www.celttv.com.ar\/wp-content\/uploads\/2022\/08\/logo-1.png","contentUrl":"http:\/\/www.celttv.com.ar\/wp-content\/uploads\/2022\/08\/logo-1.png","width":461,"height":159,"caption":"CELTTV"},"image":{"@id":"https:\/\/www.celttv.com.ar\/#\/schema\/logo\/image\/"}},{"@type":"Person","@id":"https:\/\/www.celttv.com.ar\/#\/schema\/person\/6d99c072dba59953809c81446e9d0ace","name":"ulises","image":{"@type":"ImageObject","inLanguage":"es","@id":"https:\/\/www.celttv.com.ar\/#\/schema\/person\/image\/","url":"https:\/\/secure.gravatar.com\/avatar\/7f2c48bdc33b30088f941fb6082e555f2874c98e20cb159d7b92b50eadfce793?s=96&d=mm&r=g","contentUrl":"https:\/\/secure.gravatar.com\/avatar\/7f2c48bdc33b30088f941fb6082e555f2874c98e20cb159d7b92b50eadfce793?s=96&d=mm&r=g","caption":"ulises"},"sameAs":["http:\/\/www.celttv.com.ar"]}]}},"_links":{"self":[{"href":"https:\/\/www.celttv.com.ar\/index.php\/wp-json\/wp\/v2\/posts\/11091","targetHints":{"allow":["GET"]}}],"collection":[{"href":"https:\/\/www.celttv.com.ar\/index.php\/wp-json\/wp\/v2\/posts"}],"about":[{"href":"https:\/\/www.celttv.com.ar\/index.php\/wp-json\/wp\/v2\/types\/post"}],"author":[{"embeddable":true,"href":"https:\/\/www.celttv.com.ar\/index.php\/wp-json\/wp\/v2\/users\/1"}],"replies":[{"embeddable":true,"href":"https:\/\/www.celttv.com.ar\/index.php\/wp-json\/wp\/v2\/comments?post=11091"}],"version-history":[{"count":0,"href":"https:\/\/www.celttv.com.ar\/index.php\/wp-json\/wp\/v2\/posts\/11091\/revisions"}],"wp:attachment":[{"href":"https:\/\/www.celttv.com.ar\/index.php\/wp-json\/wp\/v2\/media?parent=11091"}],"wp:term":[{"taxonomy":"category","embeddable":true,"href":"https:\/\/www.celttv.com.ar\/index.php\/wp-json\/wp\/v2\/categories?post=11091"},{"taxonomy":"post_tag","embeddable":true,"href":"https:\/\/www.celttv.com.ar\/index.php\/wp-json\/wp\/v2\/tags?post=11091"}],"curies":[{"name":"wp","href":"https:\/\/api.w.org\/{rel}","templated":true}]}}