{"id":11094,"date":"2013-04-17T13:35:18","date_gmt":"2013-04-17T13:35:18","guid":{"rendered":"http:\/\/www.tvcnoticias.com.ar\/?p=11094"},"modified":"2013-04-17T13:35:18","modified_gmt":"2013-04-17T13:35:18","slug":"superioridad-azulgrana-en-el-clasico-de-las-menores-videos-e-informe-deportornquist","status":"publish","type":"post","link":"https:\/\/www.celttv.com.ar\/index.php\/2013\/04\/17\/superioridad-azulgrana-en-el-clasico-de-las-menores-videos-e-informe-deportornquist\/","title":{"rendered":"SUPERIORIDAD AZULGRANA EN EL CLASICO DE LAS MENORES (Videos e informe Deportornquist)"},"content":{"rendered":"<p><a href=\"http:\/\/www.youtube.com\/watch?v=Kx4K6jkjxiQ\"><a href=\"http:\/\/www.youtube.com\/watch?v=Kx4K6jkjxiQ\">httpv:\/\/www.youtube.com\/watch?v=Kx4K6jkjxiQ<\/a><\/a><br \/>\nCon el cl\u00e1sico de nuestro f\u00fatbol, jugado en el Juan Jos\u00e9 Bolletta, comenz\u00f3 el pasado s\u00e1bado el campeonato Apertura en divisiones inferiores de la Liga Regional de F\u00fatbol.<br \/>\nA primera hora y en octava divisi\u00f3n fue victoria azulgrana por 3 a 0. Emanuel Abreg\u00fa, en dos ocasiones, y Benjamin Pallero fueron los autores de los tantos.<br \/>\nUNION 0: Gast\u00f3n G\u00f3mez, Santino Di Biase, Braian Aguayo, Laureano Salazar, Augusto L\u00f3pez, Eitan Castro, Kevin Aguado, Diego Piedrabuena, Francisco Herrera, Franco Marconi y Gast\u00f3n Gallastegui. Suplentes: Valentin Musso, Bautista Neudert, Nahuel Schwab, Nicol\u00e1s Marconi y Francisco Callava. DT: Facundo Martinez.<br \/>\nAUTOMOTO 3: Branco Polak, Benjamin Scharff, Nestor Martinez, Alexander Pintos, Emiliano Saraiva, Matias Rosseti, Paul Rond\u00e1n, Benjamin Rodriguez, Josias Figueroa, Emanuel Abreg\u00fa y Benjamin Pallero. Suplentes: Francisco Von Wernich, Maximiliano Gonzalez, Giorgio Eyerabide, Benjamin C\u00f3nsoli y Leonel Maier. DT: Guillermo Gatti.<br \/>\nMismo marcador e igual ganador en s\u00e9ptima gracias a las conquistas de Joaqu\u00edn Bay\u00f3n que hizo dos goles e Ismael Aguado que marc\u00f3 el restante.<br \/>\nUNION 0: Valentin Musso, Axel L\u00f3pez Tourn, Elias Iriarte, Bruno Alvarez, Valentin Lencina, Franco Palacio, Yago Tulio, Patricio Montero, Bautista Echeguia, Jos\u00e9 Chena y Diego Le\u00f3n. Suplentes: Henry Sanabria, Juan Cruz Marcolini, Juan Pablo Palavecino, Matias Biondi y Matias Botto. DT: Facundo Martinez.<br \/>\nAUTOMOTO 3: Benjamin Aldaz, Joaquin Bayon, Ignacio Gonda, Enzo Soto, Yago Cartuccia, Ivo Lascalea, Antonio Janyistauro, Juan Milivinti, Enzo Urquiza y Joaquin Alchao. Suplentes: Ezequiel Santana, Ger\u00f3nimo Bucchi, Agustin Sep\u00falveda e Ismael Aguado. DT: Guillermo Gatti.<br \/>\nEl partidazo de sexta divisi\u00f3n tambi\u00e9n fue victoria visitante. Alexis Sandoval y Lucio Verdinelli, mediante penal, aventajaban a Automoto pero Maximiliano Meriggi descontaba para el due\u00f1o de casa. Ezequiel San Martin establecia otro gol de ventaja para el azulgrana, siendo Lucas Dobal el que sell\u00f3 el marcador anotando el tres a dos definitivo.<br \/>\nUNION 2: William Kees, Juan Ignacio Sard, Dylan Kloster, Nahuel Sanabria, Santiago Martinez, Erick Castro, Mauricio Arce, Maximiliano Meriggi, Cristian Leon, Matias Beilman y Nazareno Torres. Suplentes: Orlando Lloret, Lucas Dobal, Bruno Levriza y Bruno Buschi. DT: Silvio Mosegui.<br \/>\nAUTOMOTO 3: Thiago Lencina, Mateo Minujin, Laureano Chuliver, Alexis Sandoval, Facundo Quiroga, Agustin Mazzarini, Ayrton Nu\u00f1ez, Ger\u00f3nimo Rodriguez, Lucio Verdinelli, Ezequiel San Martin y Nahuel Abildgaard. Suplentes: Juan Olivera, Damian Chavarria, Juan Cabrera, Braian Garrido, Joaquin Marconi y Lautaro Lanaro. DT: Hern\u00e1n Bilbao.<br \/>\nEn quinta y con varios jugadores que tienen minutos en reserva y primera divisi\u00f3n todo termin\u00f3 en tablas. El ingresado Blas Piedrabuena adelantaba en el marcador el due\u00f1o de casa cuando promediaba el complemento pero a poco del final fue Mariano Egler el que establecio el 1 a 1 final.<br \/>\nUNION 1: Pablo Delpino, Alexis Heiland, Edgar Sanabria, Fernando Salazar, Tom\u00e1s Terrugi, Sergio Bartolini, Brian Lascalea, Braian Salazar, Juan Ignacio Meder, Facundo Labat y Luciano Rodriguez. Suplentes: Juan Ortiz, Germ\u00e1n Davico, Arturo Samaniego, Lisandro Grahl y Blas Piedrabuena. DT: Silvio Mosegui.<br \/>\nAUTOMOTO 1: Elias Tombesi, Gabriel Vila, Alexis Catalan, Tom\u00e1s Danei, Mariano Egler, Gianfranco Di Biase, Lucas Pallero, Joaquin Leuke, Ignacio Wendorff, Fermin Zas y Francisco Maidana. Suplentes: Adrian Sep\u00falveda, Braian C\u00f3nsoli, Erick Jara, Hugo Pastor y Manuel Davos. DT: Guillermo Gatti.<\/p>\n","protected":false},"excerpt":{"rendered":"<p>httpv:\/\/www.youtube.com\/watch?v=Kx4K6jkjxiQ Con el cl\u00e1sico de nuestro f\u00fatbol, jugado en el Juan Jos\u00e9 Bolletta, comenz\u00f3 el pasado s\u00e1bado el campeonato Apertura en divisiones inferiores de la Liga Regional de F\u00fatbol. A primera hora y en octava divisi\u00f3n fue victoria azulgrana por 3 a 0. Emanuel Abreg\u00fa, en dos ocasiones, y Benjamin Pallero fueron los autores de [&hellip;]<\/p>\n","protected":false},"author":1,"featured_media":0,"comment_status":"closed","ping_status":"open","sticky":false,"template":"","format":"standard","meta":{"footnotes":""},"categories":[60,52,64],"tags":[],"class_list":["post-11094","post","type-post","status-publish","format-standard","hentry","category-deporte","category-destacadas","category-videos-destacados"],"yoast_head":"<!-- This site is optimized with the Yoast SEO plugin v19.7.1 - https:\/\/yoast.com\/wordpress\/plugins\/seo\/ -->\n<title>SUPERIORIDAD AZULGRANA EN EL CLASICO DE LAS MENORES (Videos e informe Deportornquist) - CELTTV<\/title>\n<meta name=\"description\" content=\"Sitio web de noticias de la localidad de Tornquist, provincia de Buenos Aires, Rep\u00fablica Argentina. Contenido propio originado por periodistas de CELTTV, el canal de TV local de la Cooperativa El\u00e9ctrica de Tornquist. Turismo, Pol\u00edtica, Sociedad, Deporte, Cultura y todo el contenido de inter\u00e9s general que la gente del pueblo y la regi\u00f3n debe conocer.\" \/>\n<meta name=\"robots\" content=\"index, follow, max-snippet:-1, max-image-preview:large, max-video-preview:-1\" \/>\n<link rel=\"canonical\" href=\"https:\/\/www.celttv.com.ar\/index.php\/2013\/04\/17\/superioridad-azulgrana-en-el-clasico-de-las-menores-videos-e-informe-deportornquist\/\" \/>\n<meta property=\"og:locale\" content=\"es_ES\" \/>\n<meta property=\"og:type\" content=\"article\" \/>\n<meta property=\"og:title\" content=\"SUPERIORIDAD AZULGRANA EN EL CLASICO DE LAS MENORES (Videos e informe Deportornquist) - CELTTV\" \/>\n<meta property=\"og:description\" content=\"Sitio web de noticias de la localidad de Tornquist, provincia de Buenos Aires, Rep\u00fablica Argentina. Contenido propio originado por periodistas de CELTTV, el canal de TV local de la Cooperativa El\u00e9ctrica de Tornquist. Turismo, Pol\u00edtica, Sociedad, Deporte, Cultura y todo el contenido de inter\u00e9s general que la gente del pueblo y la regi\u00f3n debe conocer.\" \/>\n<meta property=\"og:url\" content=\"https:\/\/www.celttv.com.ar\/index.php\/2013\/04\/17\/superioridad-azulgrana-en-el-clasico-de-las-menores-videos-e-informe-deportornquist\/\" \/>\n<meta property=\"og:site_name\" content=\"CELTTV\" \/>\n<meta property=\"article:publisher\" content=\"https:\/\/www.facebook.com\/celtTV\/\" \/>\n<meta property=\"article:published_time\" content=\"2013-04-17T13:35:18+00:00\" \/>\n<meta name=\"author\" content=\"ulises\" \/>\n<meta name=\"twitter:card\" content=\"summary_large_image\" \/>\n<meta name=\"twitter:label1\" content=\"Escrito por\" \/>\n\t<meta name=\"twitter:data1\" content=\"ulises\" \/>\n\t<meta name=\"twitter:label2\" content=\"Tiempo de lectura\" \/>\n\t<meta name=\"twitter:data2\" content=\"3 minutos\" \/>\n<script type=\"application\/ld+json\" class=\"yoast-schema-graph\">{\"@context\":\"https:\/\/schema.org\",\"@graph\":[{\"@type\":\"NewsArticle\",\"@id\":\"https:\/\/www.celttv.com.ar\/index.php\/2013\/04\/17\/superioridad-azulgrana-en-el-clasico-de-las-menores-videos-e-informe-deportornquist\/#article\",\"isPartOf\":{\"@id\":\"https:\/\/www.celttv.com.ar\/index.php\/2013\/04\/17\/superioridad-azulgrana-en-el-clasico-de-las-menores-videos-e-informe-deportornquist\/\"},\"author\":{\"name\":\"ulises\",\"@id\":\"https:\/\/www.celttv.com.ar\/#\/schema\/person\/6d99c072dba59953809c81446e9d0ace\"},\"headline\":\"SUPERIORIDAD AZULGRANA EN EL CLASICO DE LAS MENORES (Videos e informe Deportornquist)\",\"datePublished\":\"2013-04-17T13:35:18+00:00\",\"dateModified\":\"2013-04-17T13:35:18+00:00\",\"mainEntityOfPage\":{\"@id\":\"https:\/\/www.celttv.com.ar\/index.php\/2013\/04\/17\/superioridad-azulgrana-en-el-clasico-de-las-menores-videos-e-informe-deportornquist\/\"},\"wordCount\":550,\"publisher\":{\"@id\":\"https:\/\/www.celttv.com.ar\/#organization\"},\"articleSection\":[\"Deporte\",\"Destacadas\",\"Videos Destacados\"],\"inLanguage\":\"es\"},{\"@type\":\"WebPage\",\"@id\":\"https:\/\/www.celttv.com.ar\/index.php\/2013\/04\/17\/superioridad-azulgrana-en-el-clasico-de-las-menores-videos-e-informe-deportornquist\/\",\"url\":\"https:\/\/www.celttv.com.ar\/index.php\/2013\/04\/17\/superioridad-azulgrana-en-el-clasico-de-las-menores-videos-e-informe-deportornquist\/\",\"name\":\"SUPERIORIDAD AZULGRANA EN EL CLASICO DE LAS MENORES (Videos e informe Deportornquist) - CELTTV\",\"isPartOf\":{\"@id\":\"https:\/\/www.celttv.com.ar\/#website\"},\"datePublished\":\"2013-04-17T13:35:18+00:00\",\"dateModified\":\"2013-04-17T13:35:18+00:00\",\"description\":\"Sitio web de noticias de la localidad de Tornquist, provincia de Buenos Aires, Rep\u00fablica Argentina. Contenido propio originado por periodistas de CELTTV, el canal de TV local de la Cooperativa El\u00e9ctrica de Tornquist. Turismo, Pol\u00edtica, Sociedad, Deporte, Cultura y todo el contenido de inter\u00e9s general que la gente del pueblo y la regi\u00f3n debe conocer.\",\"breadcrumb\":{\"@id\":\"https:\/\/www.celttv.com.ar\/index.php\/2013\/04\/17\/superioridad-azulgrana-en-el-clasico-de-las-menores-videos-e-informe-deportornquist\/#breadcrumb\"},\"inLanguage\":\"es\",\"potentialAction\":[{\"@type\":\"ReadAction\",\"target\":[\"https:\/\/www.celttv.com.ar\/index.php\/2013\/04\/17\/superioridad-azulgrana-en-el-clasico-de-las-menores-videos-e-informe-deportornquist\/\"]}]},{\"@type\":\"BreadcrumbList\",\"@id\":\"https:\/\/www.celttv.com.ar\/index.php\/2013\/04\/17\/superioridad-azulgrana-en-el-clasico-de-las-menores-videos-e-informe-deportornquist\/#breadcrumb\",\"itemListElement\":[{\"@type\":\"ListItem\",\"position\":1,\"name\":\"Inicio\",\"item\":\"https:\/\/www.celttv.com.ar\/\"},{\"@type\":\"ListItem\",\"position\":2,\"name\":\"SUPERIORIDAD AZULGRANA EN EL CLASICO DE LAS MENORES (Videos e informe Deportornquist)\"}]},{\"@type\":\"WebSite\",\"@id\":\"https:\/\/www.celttv.com.ar\/#website\",\"url\":\"https:\/\/www.celttv.com.ar\/\",\"name\":\"CELTTV\",\"description\":\"Cooperativa El\u00e9ctrica de Tornquist\",\"publisher\":{\"@id\":\"https:\/\/www.celttv.com.ar\/#organization\"},\"potentialAction\":[{\"@type\":\"SearchAction\",\"target\":{\"@type\":\"EntryPoint\",\"urlTemplate\":\"https:\/\/www.celttv.com.ar\/?s={search_term_string}\"},\"query-input\":\"required name=search_term_string\"}],\"inLanguage\":\"es\"},{\"@type\":\"Organization\",\"@id\":\"https:\/\/www.celttv.com.ar\/#organization\",\"name\":\"CELTTV\",\"url\":\"https:\/\/www.celttv.com.ar\/\",\"sameAs\":[\"https:\/\/www.youtube.com\/channel\/UCz_oIt8Hig64Ub-EmcNPIhg\",\"https:\/\/www.facebook.com\/celtTV\/\"],\"logo\":{\"@type\":\"ImageObject\",\"inLanguage\":\"es\",\"@id\":\"https:\/\/www.celttv.com.ar\/#\/schema\/logo\/image\/\",\"url\":\"http:\/\/www.celttv.com.ar\/wp-content\/uploads\/2022\/08\/logo-1.png\",\"contentUrl\":\"http:\/\/www.celttv.com.ar\/wp-content\/uploads\/2022\/08\/logo-1.png\",\"width\":461,\"height\":159,\"caption\":\"CELTTV\"},\"image\":{\"@id\":\"https:\/\/www.celttv.com.ar\/#\/schema\/logo\/image\/\"}},{\"@type\":\"Person\",\"@id\":\"https:\/\/www.celttv.com.ar\/#\/schema\/person\/6d99c072dba59953809c81446e9d0ace\",\"name\":\"ulises\",\"image\":{\"@type\":\"ImageObject\",\"inLanguage\":\"es\",\"@id\":\"https:\/\/www.celttv.com.ar\/#\/schema\/person\/image\/\",\"url\":\"https:\/\/secure.gravatar.com\/avatar\/7f2c48bdc33b30088f941fb6082e555f2874c98e20cb159d7b92b50eadfce793?s=96&d=mm&r=g\",\"contentUrl\":\"https:\/\/secure.gravatar.com\/avatar\/7f2c48bdc33b30088f941fb6082e555f2874c98e20cb159d7b92b50eadfce793?s=96&d=mm&r=g\",\"caption\":\"ulises\"},\"sameAs\":[\"http:\/\/www.celttv.com.ar\"]}]}<\/script>\n<!-- \/ Yoast SEO plugin. -->","yoast_head_json":{"title":"SUPERIORIDAD AZULGRANA EN EL CLASICO DE LAS MENORES (Videos e informe Deportornquist) - CELTTV","description":"Sitio web de noticias de la localidad de Tornquist, provincia de Buenos Aires, Rep\u00fablica Argentina. Contenido propio originado por periodistas de CELTTV, el canal de TV local de la Cooperativa El\u00e9ctrica de Tornquist. Turismo, Pol\u00edtica, Sociedad, Deporte, Cultura y todo el contenido de inter\u00e9s general que la gente del pueblo y la regi\u00f3n debe conocer.","robots":{"index":"index","follow":"follow","max-snippet":"max-snippet:-1","max-image-preview":"max-image-preview:large","max-video-preview":"max-video-preview:-1"},"canonical":"https:\/\/www.celttv.com.ar\/index.php\/2013\/04\/17\/superioridad-azulgrana-en-el-clasico-de-las-menores-videos-e-informe-deportornquist\/","og_locale":"es_ES","og_type":"article","og_title":"SUPERIORIDAD AZULGRANA EN EL CLASICO DE LAS MENORES (Videos e informe Deportornquist) - CELTTV","og_description":"Sitio web de noticias de la localidad de Tornquist, provincia de Buenos Aires, Rep\u00fablica Argentina. Contenido propio originado por periodistas de CELTTV, el canal de TV local de la Cooperativa El\u00e9ctrica de Tornquist. Turismo, Pol\u00edtica, Sociedad, Deporte, Cultura y todo el contenido de inter\u00e9s general que la gente del pueblo y la regi\u00f3n debe conocer.","og_url":"https:\/\/www.celttv.com.ar\/index.php\/2013\/04\/17\/superioridad-azulgrana-en-el-clasico-de-las-menores-videos-e-informe-deportornquist\/","og_site_name":"CELTTV","article_publisher":"https:\/\/www.facebook.com\/celtTV\/","article_published_time":"2013-04-17T13:35:18+00:00","author":"ulises","twitter_card":"summary_large_image","twitter_misc":{"Escrito por":"ulises","Tiempo de lectura":"3 minutos"},"schema":{"@context":"https:\/\/schema.org","@graph":[{"@type":"NewsArticle","@id":"https:\/\/www.celttv.com.ar\/index.php\/2013\/04\/17\/superioridad-azulgrana-en-el-clasico-de-las-menores-videos-e-informe-deportornquist\/#article","isPartOf":{"@id":"https:\/\/www.celttv.com.ar\/index.php\/2013\/04\/17\/superioridad-azulgrana-en-el-clasico-de-las-menores-videos-e-informe-deportornquist\/"},"author":{"name":"ulises","@id":"https:\/\/www.celttv.com.ar\/#\/schema\/person\/6d99c072dba59953809c81446e9d0ace"},"headline":"SUPERIORIDAD AZULGRANA EN EL CLASICO DE LAS MENORES (Videos e informe Deportornquist)","datePublished":"2013-04-17T13:35:18+00:00","dateModified":"2013-04-17T13:35:18+00:00","mainEntityOfPage":{"@id":"https:\/\/www.celttv.com.ar\/index.php\/2013\/04\/17\/superioridad-azulgrana-en-el-clasico-de-las-menores-videos-e-informe-deportornquist\/"},"wordCount":550,"publisher":{"@id":"https:\/\/www.celttv.com.ar\/#organization"},"articleSection":["Deporte","Destacadas","Videos Destacados"],"inLanguage":"es"},{"@type":"WebPage","@id":"https:\/\/www.celttv.com.ar\/index.php\/2013\/04\/17\/superioridad-azulgrana-en-el-clasico-de-las-menores-videos-e-informe-deportornquist\/","url":"https:\/\/www.celttv.com.ar\/index.php\/2013\/04\/17\/superioridad-azulgrana-en-el-clasico-de-las-menores-videos-e-informe-deportornquist\/","name":"SUPERIORIDAD AZULGRANA EN EL CLASICO DE LAS MENORES (Videos e informe Deportornquist) - CELTTV","isPartOf":{"@id":"https:\/\/www.celttv.com.ar\/#website"},"datePublished":"2013-04-17T13:35:18+00:00","dateModified":"2013-04-17T13:35:18+00:00","description":"Sitio web de noticias de la localidad de Tornquist, provincia de Buenos Aires, Rep\u00fablica Argentina. Contenido propio originado por periodistas de CELTTV, el canal de TV local de la Cooperativa El\u00e9ctrica de Tornquist. Turismo, Pol\u00edtica, Sociedad, Deporte, Cultura y todo el contenido de inter\u00e9s general que la gente del pueblo y la regi\u00f3n debe conocer.","breadcrumb":{"@id":"https:\/\/www.celttv.com.ar\/index.php\/2013\/04\/17\/superioridad-azulgrana-en-el-clasico-de-las-menores-videos-e-informe-deportornquist\/#breadcrumb"},"inLanguage":"es","potentialAction":[{"@type":"ReadAction","target":["https:\/\/www.celttv.com.ar\/index.php\/2013\/04\/17\/superioridad-azulgrana-en-el-clasico-de-las-menores-videos-e-informe-deportornquist\/"]}]},{"@type":"BreadcrumbList","@id":"https:\/\/www.celttv.com.ar\/index.php\/2013\/04\/17\/superioridad-azulgrana-en-el-clasico-de-las-menores-videos-e-informe-deportornquist\/#breadcrumb","itemListElement":[{"@type":"ListItem","position":1,"name":"Inicio","item":"https:\/\/www.celttv.com.ar\/"},{"@type":"ListItem","position":2,"name":"SUPERIORIDAD AZULGRANA EN EL CLASICO DE LAS MENORES (Videos e informe Deportornquist)"}]},{"@type":"WebSite","@id":"https:\/\/www.celttv.com.ar\/#website","url":"https:\/\/www.celttv.com.ar\/","name":"CELTTV","description":"Cooperativa El\u00e9ctrica de Tornquist","publisher":{"@id":"https:\/\/www.celttv.com.ar\/#organization"},"potentialAction":[{"@type":"SearchAction","target":{"@type":"EntryPoint","urlTemplate":"https:\/\/www.celttv.com.ar\/?s={search_term_string}"},"query-input":"required name=search_term_string"}],"inLanguage":"es"},{"@type":"Organization","@id":"https:\/\/www.celttv.com.ar\/#organization","name":"CELTTV","url":"https:\/\/www.celttv.com.ar\/","sameAs":["https:\/\/www.youtube.com\/channel\/UCz_oIt8Hig64Ub-EmcNPIhg","https:\/\/www.facebook.com\/celtTV\/"],"logo":{"@type":"ImageObject","inLanguage":"es","@id":"https:\/\/www.celttv.com.ar\/#\/schema\/logo\/image\/","url":"http:\/\/www.celttv.com.ar\/wp-content\/uploads\/2022\/08\/logo-1.png","contentUrl":"http:\/\/www.celttv.com.ar\/wp-content\/uploads\/2022\/08\/logo-1.png","width":461,"height":159,"caption":"CELTTV"},"image":{"@id":"https:\/\/www.celttv.com.ar\/#\/schema\/logo\/image\/"}},{"@type":"Person","@id":"https:\/\/www.celttv.com.ar\/#\/schema\/person\/6d99c072dba59953809c81446e9d0ace","name":"ulises","image":{"@type":"ImageObject","inLanguage":"es","@id":"https:\/\/www.celttv.com.ar\/#\/schema\/person\/image\/","url":"https:\/\/secure.gravatar.com\/avatar\/7f2c48bdc33b30088f941fb6082e555f2874c98e20cb159d7b92b50eadfce793?s=96&d=mm&r=g","contentUrl":"https:\/\/secure.gravatar.com\/avatar\/7f2c48bdc33b30088f941fb6082e555f2874c98e20cb159d7b92b50eadfce793?s=96&d=mm&r=g","caption":"ulises"},"sameAs":["http:\/\/www.celttv.com.ar"]}]}},"_links":{"self":[{"href":"https:\/\/www.celttv.com.ar\/index.php\/wp-json\/wp\/v2\/posts\/11094","targetHints":{"allow":["GET"]}}],"collection":[{"href":"https:\/\/www.celttv.com.ar\/index.php\/wp-json\/wp\/v2\/posts"}],"about":[{"href":"https:\/\/www.celttv.com.ar\/index.php\/wp-json\/wp\/v2\/types\/post"}],"author":[{"embeddable":true,"href":"https:\/\/www.celttv.com.ar\/index.php\/wp-json\/wp\/v2\/users\/1"}],"replies":[{"embeddable":true,"href":"https:\/\/www.celttv.com.ar\/index.php\/wp-json\/wp\/v2\/comments?post=11094"}],"version-history":[{"count":0,"href":"https:\/\/www.celttv.com.ar\/index.php\/wp-json\/wp\/v2\/posts\/11094\/revisions"}],"wp:attachment":[{"href":"https:\/\/www.celttv.com.ar\/index.php\/wp-json\/wp\/v2\/media?parent=11094"}],"wp:term":[{"taxonomy":"category","embeddable":true,"href":"https:\/\/www.celttv.com.ar\/index.php\/wp-json\/wp\/v2\/categories?post=11094"},{"taxonomy":"post_tag","embeddable":true,"href":"https:\/\/www.celttv.com.ar\/index.php\/wp-json\/wp\/v2\/tags?post=11094"}],"curies":[{"name":"wp","href":"https:\/\/api.w.org\/{rel}","templated":true}]}}