{"id":11100,"date":"2013-04-17T13:52:00","date_gmt":"2013-04-17T13:52:00","guid":{"rendered":"http:\/\/www.tvcnoticias.com.ar\/?p=11100"},"modified":"2013-04-17T13:52:00","modified_gmt":"2013-04-17T13:52:00","slug":"nuestra-gente-predicar-con-el-ejemplo-nota-yamila-pena","status":"publish","type":"post","link":"https:\/\/www.celttv.com.ar\/index.php\/2013\/04\/17\/nuestra-gente-predicar-con-el-ejemplo-nota-yamila-pena\/","title":{"rendered":"NUESTRA GENTE: PREDICAR CON EL EJEMPLO (Nota: Yamila Pe\u00f1a)"},"content":{"rendered":"<p><a rel=\"attachment wp-att-11101\" href=\"http:\/\/www.tvcnoticias.com.ar\/?attachment_id=11101\"><img loading=\"lazy\" decoding=\"async\" class=\"aligncenter size-full wp-image-11101\" title=\"1407 - JOVENES POLITICOS (Small)\" src=\"http:\/\/www.tvcnoticias.com.ar\/wp-content\/uploads\/2013\/04\/1407-JOVENES-POLITICOS-Small.jpg\" alt=\"\" width=\"640\" height=\"480\" \/><\/a><br \/>\nMucho se habla por estos tiempos, del trillado \u201ctrabajo en conjunto\u201d.\u00a0Trabajo en conjunto que, en vistas de los claros ejemplos de los hechos que acontecen, no queda demasiado de manifiesto. En las horas pol\u00edticas que se viven en el municipio de Tornquist, se puede comprobar, a\u00fan sin ser un erudito en la materia, que ocurre todo lo contrario. Los dos partidos pol\u00edticos con m\u00e1s representatividad, hablamos de la UCR y el FpV-PJ, a menudo incursionan en la chicana de ocasi\u00f3n, la pirotecnia verbal, claramente orientada en desmedro del eventual adversario, y los cascotazos de dudoso fundamento, a fin de lograr un titular en alg\u00fan medio, o s\u00f3lo por el simple hecho de \u201cdecir algo\u201d.Por fortuna, en los \u00faltimos d\u00edas, la noticia fue otra.Y lo llamativo del caso es que, los protagonistas de la misma, fueron, parad\u00f3gicamente, los m\u00e1s inexpertos en el tema, si de pol\u00edtica partidaria hablamos.Juventud. De un lado, y del otro.Ayudar, el objetivo en com\u00fan.En virtud de los hechos acaecidos en la ciudad de La Plata, tras la inundaci\u00f3n, que dej\u00f3 literalmente sin nada a miles de argentinos, y en consonancia con lo que se ven\u00eda dando a lo largo y a lo ancho del pa\u00eds, aqu\u00ed, en este punto del mapa, los que se subieron las mangas, y se pusieron a trabajar, con un grado de compromiso destacable, fueron los m\u00e1s jovencitos.Ellos tomaron la posta, y no se quisieron quedar de brazos cruzados, ante tama\u00f1a necesidad.Para \u00e9sto, como es l\u00f3gico, y hasta impensado si se quiere, varias cuestiones debieron quedar de lado, en pos de una meta conjunta, en principio, sus diferencias ideol\u00f3gicas.La solidaridad los uni\u00f3, y el objetivo, se cumpli\u00f3.Manuel Castro, presidente de la Juventud Radical del Tornquist, Iv\u00e1n Bonifacich, referente de la Juventud Peronista, secundados por Nadia Muscillo, y Sebasti\u00e1n Mena, en el caso de la JP, y Cristian Raising, y Leandro Echevarr\u00eda, por la JR, nos recibieron en lo que fue la previa a otro hecho destacable, un tentador asado que tambi\u00e9n compartieron, el pasado martes en horas de la noche, a fin de festejar el \u00e9xito de la labor.Al ser consultados al respecto, para saber c\u00f3mo surgi\u00f3 la iniciativa, Bonifacich adelant\u00f3 que, tras la convocatoria, que surgi\u00f3 del parte del Patricia Fern\u00e1ndez Steimbach, quien les acerc\u00f3 la idea, y en vistas del impacto que observaron \u00e9sto hab\u00eda tenido en las redes sociales, \u201cnos organizamos, con el apoyo del nuestros respectivos partidos, tras lo cu\u00e1l se fueron sumando otras instituciones, como los bomberos, de Tornquist y de las localidades vecinas, las distintas iglesias, Caritas, Jefatura Distrital, el intendente, el Concejo Deliberante, los comercios locales, y la comunidad en general, que respondi\u00f3 del la mejor manera\u201d, ampli\u00f3 el referente del la Juventud Peronista.Por su parte, Cristian Raising dijo que cuando la idea se charl\u00f3 en el seno del Comit\u00e9, se pens\u00f3 en \u201chacerlo bien abierto, para que tuviera la mayor convocatoria posible. Sab\u00edamos que era una necesidad, tambi\u00e9n, as\u00ed que no hab\u00eda mucho para pensar. Nos pusimos a trabajar todos en comuni\u00f3n\u201d, se\u00f1al\u00f3 el joven dirigente.Nadia Muscillo, la \u00fanica integrante femenina de la charla, subray\u00f3 que \u201cpara m\u00ed, en lo personal \u00e9sto es s\u00faper-positivo, porque es la primera vez que las dos juventudes estamos en una jornada conjunta, y es muy enriquecedor, porque m\u00e1s all\u00e1 de las ideolog\u00edas que cada uno tiene, el objetivo de la juventud es la mejora del pueblo, y la mejora del la sociedad, as\u00ed que fue muy fruct\u00edfera esta jornada conjunta\u201d, confi\u00f3 la integrante de la JP.En tanto, Sebasti\u00e1n Mena, adjetiv\u00f3 como \u201cun paso adelante\u201d, que dos ideolog\u00edas, que son tan antag\u00f3nicas, pudieran trabajar juntas, sin que surgiera en el medio ning\u00fan otro debate, que no fuera trabajar en beneficio del la comunidad.Echevarr\u00eda, a su turno, destac\u00f3 que el hecho de \u201chaber podido reunirnos, para dar una mano,estamos felices, por haber podido reunirnos a trabajar en conjunto, y lo bueno es que la solidaridad argentina ha salido a la luz una vez mas.Yo por suerte me he podido comunicar con gente de La Plata, y sabemos que el cargamento que enviamos lleg\u00f3 bien, se pudo distribuir, con la ayuda de muchos chicos de ac\u00e1, que est\u00e1n viviendo all\u00e1. La verdad,sabemos lo mal que la est\u00e1 pasando la gente de La Plata, y es reconfortante saber que al menos en algo hemos podido ayudar\u201d, analiz\u00f3 el integrante de la J.R.\u00a0Consultados los chicos, respecto al an\u00e1lisis que destacaba cada uno, en particular, con respecto a la lectura que pod\u00edahacer la sociedad en su conjunto, luego de lo logrado por ellos, desde sus espacios, Manuel Castro asever\u00f3 que \u201cla comunidad se vi\u00f3 sorprendida\u201d, al tratarse este de un hecho aislado, que no ocurre todos los d\u00edas, y que llama m\u00e1s la atenci\u00f3n al tratarse de dos partidos pol\u00edticos, que fueron capaces de olvidarse, al menos por unos d\u00edas, de sus bander\u00edas pol\u00edticas, y encolumnarse todos detr\u00e1s de tan loable tarea, como fue anteponer la solidaridad, a sus hist\u00f3ricasrivalidades ideol\u00f3gicas. Castro subray\u00f3 en todo momento que la iniciativa haya nacido de la juventud, y que \u201csali\u00f3 mejor de lo que pens\u00e1bamos. Nunca nos imaginamos que iba a acercarse tanta gente, ni que iban a ser tantas las donaciones. Creo que este es un mensaje que dejamos en la comunidad, para que reflexionemos un poco, y nos demoscuenta que a veces es necesario que dejemos un poco el odio de lado, las diferencias, y sali\u00f3 algo muy bueno, en beneficio de la gente de La Plata, ese fue el mensaje.\u201d \u00a0Asimismo, y en el mismo orden, Bonifacich asegur\u00f3 no haber esperado tantas repercuciones, en todos los \u00e1mbitos, al respecto, y dijo verse sorprendido, tambi\u00e9n por el gran volumen de elementos acercados por los tornquinstenses hasta el sal\u00f3n parroquial, como as\u00ed por el importante n\u00famero de personas que, voluntariamente se sumaron a colaborar con las distintas tareas, los comerciantes de nuestra localidad, que tambi\u00e9n se hicieron presentes aportan lo suyo, \u201cnunca pensamos que iba a tener tanto impacto, y tanto apoyo\u201d, finaliz\u00f3.\u00a0Coincidieron, los representantes de ambos movimientos, en haber recibido las felicitaciones del caso, por parte de los adultos, que dirigen e integran ambos partidos pol\u00edticos, y no descartaron que se trate \u00e9sto del puntapi\u00e9 inicial, para que futuros proyectos puedan encontrarlos trabajando juntos, porque \u201c\u00e9sto sent\u00f3 un precedente, y como bien dijimos ac\u00e1, entre todos, que fue algo productivo y sano para la comunidad, l\u00f3gicamente que si surge algo en com\u00fan, lo vamos allevar a cabo\u201d, opin\u00f3 Bonifacich, a lo que Muscillo agreg\u00f3 que \u201ccualquier actividad que sea para el bien de la comunidad, el compromiso es trabajar con la juventud en general, m\u00e1s all\u00e1 de la ideolog\u00eda que tengan, estoy segura que el fin lo justifica\u201d.\u00a0Los j\u00f3venes se mostraron m\u00e1s que conformes con el trabajo realizado, y orgullosos de ser, de alguna manera, un ejemplo a seguir, por parte de quienes tienen otras responsabilidades, y en este sentido, Echevarr\u00eda agreg\u00f3 que demostraron con este hecho que no es nada dif\u00edcil trabajar en conjunto, y si bien \u201cno hay que ser ingenuos, y reconocer que hay obviamente diferencias ideol\u00f3gicas, y a la hora de debatir situaciones m\u00e1s complejas, est\u00e1 claro que en muchas cosasvamos a estar en desacuerdo, como en tantas otras tenemos toda la libertad de coincidir, pero situaciones como esta merecen que miremos los objetivos, y nos olvidemos de los inter\u00e9s de cada uno. S\u00f3lo esperoque en el futuro sepamos verlas, antes que a las banderas\u201d, puntualiz\u00f3. Recordando adem\u00e1s, Mena, que si bien los distintos partidos pol\u00edticos son instituciones, y se deben a las personas, en este caso, tanto el radicalismo como el peronismo tienen sus diferencias ideol\u00f3gicas, y \u201cpudimos demostrar, en esta jornada, que ambas instituciones se pueden conjugar, para el bien com\u00fan\u201d.\u00a0Esta pareci\u00f3 ser la consigna, ya que todos los integrantes coincidieron en este punto, y destacaron estar predispuestos, cuando las circunstancias as\u00ed lo requieran, a seguir trabajando de esta manera.\u00a0\u201cNo habr\u00e1 ni radicales, ni antiradicales, ni peronistas, ni anti<br \/>\nperonistas. Somos todos argentinos\u201d, cit\u00f3 Manuel Castro, presidente de la JR, tras lo que asever\u00f3 que \u201cuna desgracia como la de La Plata nos puede pasar a cualquiera, y somos todos argentinos, la idea es entender que unidos podemos hacer mucho m\u00e1s, y obtener mejores resultados, como pas\u00f3 ac\u00e1 con esta colecta. Los dirigentes pol\u00edticos tendr\u00edan que ponerse a pensar en eso, que hay que trabajar para la gente, dejando de lado las ambiciones personales\u201d.\u00a0Raising, a su turno, no dud\u00f3 en asegurar que \u201ccon \u00e9sto le hemos demostrado a los grandes que cuando se quiere, sepuede,y que por mas que la vida nos haya puesto en veredas enfrentadas, no somos enemigos, sino adversarios pol\u00edticos, y est\u00e1 siempre por encima de cualquier bandera, el bien com\u00fan de la gente, as\u00ed que espero que \u00e9sto puedan entender, y verlo como un primer paso, para futuros proyectos que podamos concretar\u201d.\u00a0Finalmente resaltaron todos el acompa\u00f1amiento que tuvieron a lo largo de los tres d\u00edas, por parte de la comunidad toda, y de los comercios de nuestra ciudad, que hicieron lo suyo tambi\u00e9n, como adem\u00e1s quienes se ocuparon deltransporte de todo lo recaudado, hasta el destino final, all\u00ed donde la solidaridad no debe tener signo pol\u00edtico, ante tanta necesidad y urgencia.\u00a0All\u00ed la noticia era otra, no obstante, en este punto de la geograf\u00eda bonaerense, afortunadamente, daba cuenta de la otra cara, de una realidad bien distinta, de un grupo de j\u00f3venes de nuestras comunidades, tornquinstenses todos ellos, que, m\u00e1s all\u00e1 de sentirse identificados y militar dentro de distintos espacios, supieron olvidarse de sus intereses, supieron bajar sus banderas, y estar a la altura de las circunstancias, sirviendo de lecci\u00f3n, con un claro mensaje, expl\u00edcito eimpl\u00edcito, a los m\u00e1s grandes, a aquellos a quienes el concepto de \u201ctrabajo en conjunto\u201d m\u00e1s de una vez se les olvida en el discurso ocasional. Radicales y peronistas, peronistas y radicales, todos j\u00f3venes, con las ganas intactas, demostraron que, cuando la iniciativa est\u00e1, las ganas sobran, y que valen siempre m\u00e1s los hechos, cuando se trata de predicar con el ejemplo.-<br \/>\nNota: Yamila Pe\u00f1ayamilapedroluro@gmail.com<br \/>\n&nbsp;<\/p>\n","protected":false},"excerpt":{"rendered":"<p>Mucho se habla por estos tiempos, del trillado \u201ctrabajo en conjunto\u201d.\u00a0Trabajo en conjunto que, en vistas de los claros ejemplos de los hechos que acontecen, no queda demasiado de manifiesto. En las horas pol\u00edticas que se viven en el municipio de Tornquist, se puede comprobar, a\u00fan sin ser un erudito en la materia, que ocurre [&hellip;]<\/p>\n","protected":false},"author":1,"featured_media":0,"comment_status":"closed","ping_status":"open","sticky":false,"template":"","format":"standard","meta":{"footnotes":""},"categories":[51,52,53],"tags":[],"class_list":["post-11100","post","type-post","status-publish","format-standard","hentry","category-comunidad","category-destacadas","category-politica"],"yoast_head":"<!-- This site is optimized with the Yoast SEO plugin v19.7.1 - https:\/\/yoast.com\/wordpress\/plugins\/seo\/ -->\n<title>NUESTRA GENTE: PREDICAR CON EL EJEMPLO (Nota: Yamila Pe\u00f1a) - CELTTV<\/title>\n<meta name=\"description\" content=\"Sitio web de noticias de la localidad de Tornquist, provincia de Buenos Aires, Rep\u00fablica Argentina. Contenido propio originado por periodistas de CELTTV, el canal de TV local de la Cooperativa El\u00e9ctrica de Tornquist. Turismo, Pol\u00edtica, Sociedad, Deporte, Cultura y todo el contenido de inter\u00e9s general que la gente del pueblo y la regi\u00f3n debe conocer.\" \/>\n<meta name=\"robots\" content=\"index, follow, max-snippet:-1, max-image-preview:large, max-video-preview:-1\" \/>\n<link rel=\"canonical\" href=\"https:\/\/www.celttv.com.ar\/index.php\/2013\/04\/17\/nuestra-gente-predicar-con-el-ejemplo-nota-yamila-pena\/\" \/>\n<meta property=\"og:locale\" content=\"es_ES\" \/>\n<meta property=\"og:type\" content=\"article\" \/>\n<meta property=\"og:title\" content=\"NUESTRA GENTE: PREDICAR CON EL EJEMPLO (Nota: Yamila Pe\u00f1a) - CELTTV\" \/>\n<meta property=\"og:description\" content=\"Sitio web de noticias de la localidad de Tornquist, provincia de Buenos Aires, Rep\u00fablica Argentina. Contenido propio originado por periodistas de CELTTV, el canal de TV local de la Cooperativa El\u00e9ctrica de Tornquist. Turismo, Pol\u00edtica, Sociedad, Deporte, Cultura y todo el contenido de inter\u00e9s general que la gente del pueblo y la regi\u00f3n debe conocer.\" \/>\n<meta property=\"og:url\" content=\"https:\/\/www.celttv.com.ar\/index.php\/2013\/04\/17\/nuestra-gente-predicar-con-el-ejemplo-nota-yamila-pena\/\" \/>\n<meta property=\"og:site_name\" content=\"CELTTV\" \/>\n<meta property=\"article:publisher\" content=\"https:\/\/www.facebook.com\/celtTV\/\" \/>\n<meta property=\"article:published_time\" content=\"2013-04-17T13:52:00+00:00\" \/>\n<meta property=\"og:image\" content=\"http:\/\/www.tvcnoticias.com.ar\/wp-content\/uploads\/2013\/04\/1407-JOVENES-POLITICOS-Small.jpg\" \/>\n<meta name=\"author\" content=\"ulises\" \/>\n<meta name=\"twitter:card\" content=\"summary_large_image\" \/>\n<meta name=\"twitter:label1\" content=\"Escrito por\" \/>\n\t<meta name=\"twitter:data1\" content=\"ulises\" \/>\n\t<meta name=\"twitter:label2\" content=\"Tiempo de lectura\" \/>\n\t<meta name=\"twitter:data2\" content=\"9 minutos\" \/>\n<script type=\"application\/ld+json\" class=\"yoast-schema-graph\">{\"@context\":\"https:\/\/schema.org\",\"@graph\":[{\"@type\":\"NewsArticle\",\"@id\":\"https:\/\/www.celttv.com.ar\/index.php\/2013\/04\/17\/nuestra-gente-predicar-con-el-ejemplo-nota-yamila-pena\/#article\",\"isPartOf\":{\"@id\":\"https:\/\/www.celttv.com.ar\/index.php\/2013\/04\/17\/nuestra-gente-predicar-con-el-ejemplo-nota-yamila-pena\/\"},\"author\":{\"name\":\"ulises\",\"@id\":\"https:\/\/www.celttv.com.ar\/#\/schema\/person\/6d99c072dba59953809c81446e9d0ace\"},\"headline\":\"NUESTRA GENTE: PREDICAR CON EL EJEMPLO (Nota: Yamila Pe\u00f1a)\",\"datePublished\":\"2013-04-17T13:52:00+00:00\",\"dateModified\":\"2013-04-17T13:52:00+00:00\",\"mainEntityOfPage\":{\"@id\":\"https:\/\/www.celttv.com.ar\/index.php\/2013\/04\/17\/nuestra-gente-predicar-con-el-ejemplo-nota-yamila-pena\/\"},\"wordCount\":1792,\"publisher\":{\"@id\":\"https:\/\/www.celttv.com.ar\/#organization\"},\"articleSection\":[\"Comunidad\",\"Destacadas\",\"Pol\u00edtica\"],\"inLanguage\":\"es\"},{\"@type\":\"WebPage\",\"@id\":\"https:\/\/www.celttv.com.ar\/index.php\/2013\/04\/17\/nuestra-gente-predicar-con-el-ejemplo-nota-yamila-pena\/\",\"url\":\"https:\/\/www.celttv.com.ar\/index.php\/2013\/04\/17\/nuestra-gente-predicar-con-el-ejemplo-nota-yamila-pena\/\",\"name\":\"NUESTRA GENTE: PREDICAR CON EL EJEMPLO (Nota: Yamila Pe\u00f1a) - CELTTV\",\"isPartOf\":{\"@id\":\"https:\/\/www.celttv.com.ar\/#website\"},\"datePublished\":\"2013-04-17T13:52:00+00:00\",\"dateModified\":\"2013-04-17T13:52:00+00:00\",\"description\":\"Sitio web de noticias de la localidad de Tornquist, provincia de Buenos Aires, Rep\u00fablica Argentina. Contenido propio originado por periodistas de CELTTV, el canal de TV local de la Cooperativa El\u00e9ctrica de Tornquist. Turismo, Pol\u00edtica, Sociedad, Deporte, Cultura y todo el contenido de inter\u00e9s general que la gente del pueblo y la regi\u00f3n debe conocer.\",\"breadcrumb\":{\"@id\":\"https:\/\/www.celttv.com.ar\/index.php\/2013\/04\/17\/nuestra-gente-predicar-con-el-ejemplo-nota-yamila-pena\/#breadcrumb\"},\"inLanguage\":\"es\",\"potentialAction\":[{\"@type\":\"ReadAction\",\"target\":[\"https:\/\/www.celttv.com.ar\/index.php\/2013\/04\/17\/nuestra-gente-predicar-con-el-ejemplo-nota-yamila-pena\/\"]}]},{\"@type\":\"BreadcrumbList\",\"@id\":\"https:\/\/www.celttv.com.ar\/index.php\/2013\/04\/17\/nuestra-gente-predicar-con-el-ejemplo-nota-yamila-pena\/#breadcrumb\",\"itemListElement\":[{\"@type\":\"ListItem\",\"position\":1,\"name\":\"Inicio\",\"item\":\"https:\/\/www.celttv.com.ar\/\"},{\"@type\":\"ListItem\",\"position\":2,\"name\":\"NUESTRA GENTE: PREDICAR CON EL EJEMPLO (Nota: Yamila Pe\u00f1a)\"}]},{\"@type\":\"WebSite\",\"@id\":\"https:\/\/www.celttv.com.ar\/#website\",\"url\":\"https:\/\/www.celttv.com.ar\/\",\"name\":\"CELTTV\",\"description\":\"Cooperativa El\u00e9ctrica de Tornquist\",\"publisher\":{\"@id\":\"https:\/\/www.celttv.com.ar\/#organization\"},\"potentialAction\":[{\"@type\":\"SearchAction\",\"target\":{\"@type\":\"EntryPoint\",\"urlTemplate\":\"https:\/\/www.celttv.com.ar\/?s={search_term_string}\"},\"query-input\":\"required name=search_term_string\"}],\"inLanguage\":\"es\"},{\"@type\":\"Organization\",\"@id\":\"https:\/\/www.celttv.com.ar\/#organization\",\"name\":\"CELTTV\",\"url\":\"https:\/\/www.celttv.com.ar\/\",\"sameAs\":[\"https:\/\/www.youtube.com\/channel\/UCz_oIt8Hig64Ub-EmcNPIhg\",\"https:\/\/www.facebook.com\/celtTV\/\"],\"logo\":{\"@type\":\"ImageObject\",\"inLanguage\":\"es\",\"@id\":\"https:\/\/www.celttv.com.ar\/#\/schema\/logo\/image\/\",\"url\":\"http:\/\/www.celttv.com.ar\/wp-content\/uploads\/2022\/08\/logo-1.png\",\"contentUrl\":\"http:\/\/www.celttv.com.ar\/wp-content\/uploads\/2022\/08\/logo-1.png\",\"width\":461,\"height\":159,\"caption\":\"CELTTV\"},\"image\":{\"@id\":\"https:\/\/www.celttv.com.ar\/#\/schema\/logo\/image\/\"}},{\"@type\":\"Person\",\"@id\":\"https:\/\/www.celttv.com.ar\/#\/schema\/person\/6d99c072dba59953809c81446e9d0ace\",\"name\":\"ulises\",\"image\":{\"@type\":\"ImageObject\",\"inLanguage\":\"es\",\"@id\":\"https:\/\/www.celttv.com.ar\/#\/schema\/person\/image\/\",\"url\":\"https:\/\/secure.gravatar.com\/avatar\/7f2c48bdc33b30088f941fb6082e555f2874c98e20cb159d7b92b50eadfce793?s=96&d=mm&r=g\",\"contentUrl\":\"https:\/\/secure.gravatar.com\/avatar\/7f2c48bdc33b30088f941fb6082e555f2874c98e20cb159d7b92b50eadfce793?s=96&d=mm&r=g\",\"caption\":\"ulises\"},\"sameAs\":[\"http:\/\/www.celttv.com.ar\"]}]}<\/script>\n<!-- \/ Yoast SEO plugin. -->","yoast_head_json":{"title":"NUESTRA GENTE: PREDICAR CON EL EJEMPLO (Nota: Yamila Pe\u00f1a) - CELTTV","description":"Sitio web de noticias de la localidad de Tornquist, provincia de Buenos Aires, Rep\u00fablica Argentina. Contenido propio originado por periodistas de CELTTV, el canal de TV local de la Cooperativa El\u00e9ctrica de Tornquist. Turismo, Pol\u00edtica, Sociedad, Deporte, Cultura y todo el contenido de inter\u00e9s general que la gente del pueblo y la regi\u00f3n debe conocer.","robots":{"index":"index","follow":"follow","max-snippet":"max-snippet:-1","max-image-preview":"max-image-preview:large","max-video-preview":"max-video-preview:-1"},"canonical":"https:\/\/www.celttv.com.ar\/index.php\/2013\/04\/17\/nuestra-gente-predicar-con-el-ejemplo-nota-yamila-pena\/","og_locale":"es_ES","og_type":"article","og_title":"NUESTRA GENTE: PREDICAR CON EL EJEMPLO (Nota: Yamila Pe\u00f1a) - CELTTV","og_description":"Sitio web de noticias de la localidad de Tornquist, provincia de Buenos Aires, Rep\u00fablica Argentina. Contenido propio originado por periodistas de CELTTV, el canal de TV local de la Cooperativa El\u00e9ctrica de Tornquist. Turismo, Pol\u00edtica, Sociedad, Deporte, Cultura y todo el contenido de inter\u00e9s general que la gente del pueblo y la regi\u00f3n debe conocer.","og_url":"https:\/\/www.celttv.com.ar\/index.php\/2013\/04\/17\/nuestra-gente-predicar-con-el-ejemplo-nota-yamila-pena\/","og_site_name":"CELTTV","article_publisher":"https:\/\/www.facebook.com\/celtTV\/","article_published_time":"2013-04-17T13:52:00+00:00","og_image":[{"url":"http:\/\/www.tvcnoticias.com.ar\/wp-content\/uploads\/2013\/04\/1407-JOVENES-POLITICOS-Small.jpg"}],"author":"ulises","twitter_card":"summary_large_image","twitter_misc":{"Escrito por":"ulises","Tiempo de lectura":"9 minutos"},"schema":{"@context":"https:\/\/schema.org","@graph":[{"@type":"NewsArticle","@id":"https:\/\/www.celttv.com.ar\/index.php\/2013\/04\/17\/nuestra-gente-predicar-con-el-ejemplo-nota-yamila-pena\/#article","isPartOf":{"@id":"https:\/\/www.celttv.com.ar\/index.php\/2013\/04\/17\/nuestra-gente-predicar-con-el-ejemplo-nota-yamila-pena\/"},"author":{"name":"ulises","@id":"https:\/\/www.celttv.com.ar\/#\/schema\/person\/6d99c072dba59953809c81446e9d0ace"},"headline":"NUESTRA GENTE: PREDICAR CON EL EJEMPLO (Nota: Yamila Pe\u00f1a)","datePublished":"2013-04-17T13:52:00+00:00","dateModified":"2013-04-17T13:52:00+00:00","mainEntityOfPage":{"@id":"https:\/\/www.celttv.com.ar\/index.php\/2013\/04\/17\/nuestra-gente-predicar-con-el-ejemplo-nota-yamila-pena\/"},"wordCount":1792,"publisher":{"@id":"https:\/\/www.celttv.com.ar\/#organization"},"articleSection":["Comunidad","Destacadas","Pol\u00edtica"],"inLanguage":"es"},{"@type":"WebPage","@id":"https:\/\/www.celttv.com.ar\/index.php\/2013\/04\/17\/nuestra-gente-predicar-con-el-ejemplo-nota-yamila-pena\/","url":"https:\/\/www.celttv.com.ar\/index.php\/2013\/04\/17\/nuestra-gente-predicar-con-el-ejemplo-nota-yamila-pena\/","name":"NUESTRA GENTE: PREDICAR CON EL EJEMPLO (Nota: Yamila Pe\u00f1a) - CELTTV","isPartOf":{"@id":"https:\/\/www.celttv.com.ar\/#website"},"datePublished":"2013-04-17T13:52:00+00:00","dateModified":"2013-04-17T13:52:00+00:00","description":"Sitio web de noticias de la localidad de Tornquist, provincia de Buenos Aires, Rep\u00fablica Argentina. Contenido propio originado por periodistas de CELTTV, el canal de TV local de la Cooperativa El\u00e9ctrica de Tornquist. Turismo, Pol\u00edtica, Sociedad, Deporte, Cultura y todo el contenido de inter\u00e9s general que la gente del pueblo y la regi\u00f3n debe conocer.","breadcrumb":{"@id":"https:\/\/www.celttv.com.ar\/index.php\/2013\/04\/17\/nuestra-gente-predicar-con-el-ejemplo-nota-yamila-pena\/#breadcrumb"},"inLanguage":"es","potentialAction":[{"@type":"ReadAction","target":["https:\/\/www.celttv.com.ar\/index.php\/2013\/04\/17\/nuestra-gente-predicar-con-el-ejemplo-nota-yamila-pena\/"]}]},{"@type":"BreadcrumbList","@id":"https:\/\/www.celttv.com.ar\/index.php\/2013\/04\/17\/nuestra-gente-predicar-con-el-ejemplo-nota-yamila-pena\/#breadcrumb","itemListElement":[{"@type":"ListItem","position":1,"name":"Inicio","item":"https:\/\/www.celttv.com.ar\/"},{"@type":"ListItem","position":2,"name":"NUESTRA GENTE: PREDICAR CON EL EJEMPLO (Nota: Yamila Pe\u00f1a)"}]},{"@type":"WebSite","@id":"https:\/\/www.celttv.com.ar\/#website","url":"https:\/\/www.celttv.com.ar\/","name":"CELTTV","description":"Cooperativa El\u00e9ctrica de Tornquist","publisher":{"@id":"https:\/\/www.celttv.com.ar\/#organization"},"potentialAction":[{"@type":"SearchAction","target":{"@type":"EntryPoint","urlTemplate":"https:\/\/www.celttv.com.ar\/?s={search_term_string}"},"query-input":"required name=search_term_string"}],"inLanguage":"es"},{"@type":"Organization","@id":"https:\/\/www.celttv.com.ar\/#organization","name":"CELTTV","url":"https:\/\/www.celttv.com.ar\/","sameAs":["https:\/\/www.youtube.com\/channel\/UCz_oIt8Hig64Ub-EmcNPIhg","https:\/\/www.facebook.com\/celtTV\/"],"logo":{"@type":"ImageObject","inLanguage":"es","@id":"https:\/\/www.celttv.com.ar\/#\/schema\/logo\/image\/","url":"http:\/\/www.celttv.com.ar\/wp-content\/uploads\/2022\/08\/logo-1.png","contentUrl":"http:\/\/www.celttv.com.ar\/wp-content\/uploads\/2022\/08\/logo-1.png","width":461,"height":159,"caption":"CELTTV"},"image":{"@id":"https:\/\/www.celttv.com.ar\/#\/schema\/logo\/image\/"}},{"@type":"Person","@id":"https:\/\/www.celttv.com.ar\/#\/schema\/person\/6d99c072dba59953809c81446e9d0ace","name":"ulises","image":{"@type":"ImageObject","inLanguage":"es","@id":"https:\/\/www.celttv.com.ar\/#\/schema\/person\/image\/","url":"https:\/\/secure.gravatar.com\/avatar\/7f2c48bdc33b30088f941fb6082e555f2874c98e20cb159d7b92b50eadfce793?s=96&d=mm&r=g","contentUrl":"https:\/\/secure.gravatar.com\/avatar\/7f2c48bdc33b30088f941fb6082e555f2874c98e20cb159d7b92b50eadfce793?s=96&d=mm&r=g","caption":"ulises"},"sameAs":["http:\/\/www.celttv.com.ar"]}]}},"_links":{"self":[{"href":"https:\/\/www.celttv.com.ar\/index.php\/wp-json\/wp\/v2\/posts\/11100","targetHints":{"allow":["GET"]}}],"collection":[{"href":"https:\/\/www.celttv.com.ar\/index.php\/wp-json\/wp\/v2\/posts"}],"about":[{"href":"https:\/\/www.celttv.com.ar\/index.php\/wp-json\/wp\/v2\/types\/post"}],"author":[{"embeddable":true,"href":"https:\/\/www.celttv.com.ar\/index.php\/wp-json\/wp\/v2\/users\/1"}],"replies":[{"embeddable":true,"href":"https:\/\/www.celttv.com.ar\/index.php\/wp-json\/wp\/v2\/comments?post=11100"}],"version-history":[{"count":0,"href":"https:\/\/www.celttv.com.ar\/index.php\/wp-json\/wp\/v2\/posts\/11100\/revisions"}],"wp:attachment":[{"href":"https:\/\/www.celttv.com.ar\/index.php\/wp-json\/wp\/v2\/media?parent=11100"}],"wp:term":[{"taxonomy":"category","embeddable":true,"href":"https:\/\/www.celttv.com.ar\/index.php\/wp-json\/wp\/v2\/categories?post=11100"},{"taxonomy":"post_tag","embeddable":true,"href":"https:\/\/www.celttv.com.ar\/index.php\/wp-json\/wp\/v2\/tags?post=11100"}],"curies":[{"name":"wp","href":"https:\/\/api.w.org\/{rel}","templated":true}]}}