{"id":11149,"date":"2013-04-18T18:44:22","date_gmt":"2013-04-18T18:44:22","guid":{"rendered":"http:\/\/www.tvcnoticias.com.ar\/?p=11149"},"modified":"2013-04-18T18:44:22","modified_gmt":"2013-04-18T18:44:22","slug":"tornquist-vivio-una-intensa-actividad-deportiva-el-fin-de-semana","status":"publish","type":"post","link":"https:\/\/www.celttv.com.ar\/index.php\/2013\/04\/18\/tornquist-vivio-una-intensa-actividad-deportiva-el-fin-de-semana\/","title":{"rendered":"TORNQUIST VIVIO UNA INTENSA ACTIVIDAD DEPORTIVA EL FIN DE SEMANA"},"content":{"rendered":"<p><br \/>\nUna intensa actividad deportiva vivi\u00f3 el distrito de Tornquist el pasado fin de semana, que abarc\u00f3 desde una traves\u00eda en kayak hasta un campus de gimnasia deportiva. El detalle es el siguiente:<br \/>\n<strong>Kayak<\/strong><br \/>\nUn total de 43 personas participaron de la 1\u00aa Eco Traves\u00eda de Kayak, recorriendo aproximadamente 13 kil\u00f3metros por el r\u00edo Sauce Grande, desde el Parador Los Angelitos hasta el Balneario Saldungaray.<br \/>\n<strong>Carrera<\/strong><br \/>\nVarios atletas de nuestra ciudad, que forman parte del grupo de entrenamiento de la Direcci\u00f3n de Deportes de la Municipalidad de Tornquist, participaron en Bah\u00eda Blanca de la prueba de 10K. En total, 1.300 participantes recorrieron las principales calles del sector alto de la ciudad y el barrio Patagonia, con inicio en el sector de la Avenida Cabrera y Fragata Sarmiento.<br \/>\nRepresentado a Tornquist, Omar Mold\u00fa se qued\u00f3 con la mejor posici\u00f3n del equipo arribando en el puesto 16, con un tiempo de 39 minutos y 2 segundos, seguido por Walter Prieto\u00a0 92\u00ba, Miguel Castro 130\u00b0, Cristian Belachur\u00a0 365\u00b0, Sergio Rossini\u00a0 443\u00b0, Diego Catani 516\u00b0 y Walter Wallace 562\u00b0. V\u00edctor Leal, de Villa Serrana La Gruta,\u00a0 tambi\u00e9n form\u00f3 parte de la competencia.<br \/>\nEntre las mujeres, Mar\u00eda Gabriela Pel\u00e1ez lleg\u00f3 15a, con un tiempo de 50 minutos y 13 segundos, luego finalizaron Laura Krieger 20\u00aa, Sonia Gonz\u00e1lez 35\u00aa, Romina Pettinari 64\u00aa y Claudia Marcos 81\u00aa.<br \/>\n<strong>B\u00e1squetbol<\/strong><br \/>\nLa Escuela Municipal de B\u00e1squet realizo el pasado domingo un encuentro con el Club Velocidad y Resistencia de Bah\u00eda Blanca, con el objetivo de mejorar la performance.<br \/>\nPor otro lado, ayer se desarroll\u00f3 un encuentro con todos los alumnos de la Escuela Municipal (Tornquist, Villa Ventana, Sierra de la Ventana y Saldungaray), en adhesi\u00f3n a los festejos por el Aniversario de Tornquist.<br \/>\n<strong>Taekwon-do<\/strong><br \/>\n<strong> <\/strong>La Escuela Municipal de Taekwon-do APAT (Asociaci\u00f3n Practicantes Argentinos de Taekwon-do), filial Tornquist,\u00a0 tuvo el honor de recibir al sabonim Ricardo Rieiro, 6to. Dan de taekwon-do ITF,\u00a0 presidente de la entidad m\u00e1s prestigiosa del deporte, quien tras arribar a la ciudad de Buenos Aires inici\u00f3 un recorrido por distintas ciudades de la zona (Pig\u00fce, Saavedra, Laprida, Coronel Su\u00e1rez y Tornquist).<br \/>\nEl objetivo fue brindar una clase a los cinturones de colores y, espec\u00edficamente a los cinturones negros, para que estos transmitan a sus alumnos el mejor taekwon-do.<br \/>\nEn cuanto a la actividad a nivel local, la misma se desarrolla en el Gimnasio Municipal los d\u00edas martes de 19.30 a 21 y jueves de 18.30 a 20 horas, y se encuentra a cargo de la profesora Georgina Egoburo, 1er. Dan.<br \/>\n<strong>Gimnasia artistica<\/strong><br \/>\nEl pasado fin de semana, el entrenador nacional Dar\u00edo Guevara dict\u00f3 el 1\u00ba Campus de Entrenamiento de Gimnasia Art\u00edstica para ni\u00f1as en la ciudad de Tornquist. El evento fue organizado por la Direcci\u00f3n de Deportes de la Municipalidad de Tornquist y el Gimnasio Ed\u00e9n.<br \/>\nParticiparon del encuentro aproximadamente 25 gimnastas y 10 entrenadores de las ciudades de Punta Alta (Centro Gimn\u00e1stico 3D), Coronel Pringles (Sociedad Cosmopolita), Carmen de Patagones (Escuela de Gimnasia Acuarel) y Tornquist (Gimnasio Ed\u00e9n y el C.E.F N\u00ba 9).<br \/>\nEl objetivo del campus era que compartieran y disfrutaran de una jornada gimn\u00e1stica conociendo y aprendiendo elementos en diferentes aparatos, adem\u00e1s de socializar con los restantes participantes en el momento del entrenamiento, aprovechando la experiencia de una gran persona y entrenador nacional como Dar\u00edo Guevara.<br \/>\n&nbsp;<\/p>\n","protected":false},"excerpt":{"rendered":"<p>Una intensa actividad deportiva vivi\u00f3 el distrito de Tornquist el pasado fin de semana, que abarc\u00f3 desde una traves\u00eda en kayak hasta un campus de gimnasia deportiva. El detalle es el siguiente: Kayak Un total de 43 personas participaron de la 1\u00aa Eco Traves\u00eda de Kayak, recorriendo aproximadamente 13 kil\u00f3metros por el r\u00edo Sauce Grande, [&hellip;]<\/p>\n","protected":false},"author":1,"featured_media":0,"comment_status":"closed","ping_status":"open","sticky":false,"template":"","format":"standard","meta":{"footnotes":""},"categories":[51,60,52,53],"tags":[],"class_list":["post-11149","post","type-post","status-publish","format-standard","hentry","category-comunidad","category-deporte","category-destacadas","category-politica"],"yoast_head":"<!-- This site is optimized with the Yoast SEO plugin v19.7.1 - https:\/\/yoast.com\/wordpress\/plugins\/seo\/ -->\n<title>TORNQUIST VIVIO UNA INTENSA ACTIVIDAD DEPORTIVA EL FIN DE SEMANA - CELTTV<\/title>\n<meta name=\"description\" content=\"Sitio web de noticias de la localidad de Tornquist, provincia de Buenos Aires, Rep\u00fablica Argentina. Contenido propio originado por periodistas de CELTTV, el canal de TV local de la Cooperativa El\u00e9ctrica de Tornquist. Turismo, Pol\u00edtica, Sociedad, Deporte, Cultura y todo el contenido de inter\u00e9s general que la gente del pueblo y la regi\u00f3n debe conocer.\" \/>\n<meta name=\"robots\" content=\"index, follow, max-snippet:-1, max-image-preview:large, max-video-preview:-1\" \/>\n<link rel=\"canonical\" href=\"https:\/\/www.celttv.com.ar\/index.php\/2013\/04\/18\/tornquist-vivio-una-intensa-actividad-deportiva-el-fin-de-semana\/\" \/>\n<meta property=\"og:locale\" content=\"es_ES\" \/>\n<meta property=\"og:type\" content=\"article\" \/>\n<meta property=\"og:title\" content=\"TORNQUIST VIVIO UNA INTENSA ACTIVIDAD DEPORTIVA EL FIN DE SEMANA - CELTTV\" \/>\n<meta property=\"og:description\" content=\"Sitio web de noticias de la localidad de Tornquist, provincia de Buenos Aires, Rep\u00fablica Argentina. Contenido propio originado por periodistas de CELTTV, el canal de TV local de la Cooperativa El\u00e9ctrica de Tornquist. Turismo, Pol\u00edtica, Sociedad, Deporte, Cultura y todo el contenido de inter\u00e9s general que la gente del pueblo y la regi\u00f3n debe conocer.\" \/>\n<meta property=\"og:url\" content=\"https:\/\/www.celttv.com.ar\/index.php\/2013\/04\/18\/tornquist-vivio-una-intensa-actividad-deportiva-el-fin-de-semana\/\" \/>\n<meta property=\"og:site_name\" content=\"CELTTV\" \/>\n<meta property=\"article:publisher\" content=\"https:\/\/www.facebook.com\/celtTV\/\" \/>\n<meta property=\"article:published_time\" content=\"2013-04-18T18:44:22+00:00\" \/>\n<meta name=\"author\" content=\"ulises\" \/>\n<meta name=\"twitter:card\" content=\"summary_large_image\" \/>\n<meta name=\"twitter:label1\" content=\"Escrito por\" \/>\n\t<meta name=\"twitter:data1\" content=\"ulises\" \/>\n\t<meta name=\"twitter:label2\" content=\"Tiempo de lectura\" \/>\n\t<meta name=\"twitter:data2\" content=\"3 minutos\" \/>\n<script type=\"application\/ld+json\" class=\"yoast-schema-graph\">{\"@context\":\"https:\/\/schema.org\",\"@graph\":[{\"@type\":\"NewsArticle\",\"@id\":\"https:\/\/www.celttv.com.ar\/index.php\/2013\/04\/18\/tornquist-vivio-una-intensa-actividad-deportiva-el-fin-de-semana\/#article\",\"isPartOf\":{\"@id\":\"https:\/\/www.celttv.com.ar\/index.php\/2013\/04\/18\/tornquist-vivio-una-intensa-actividad-deportiva-el-fin-de-semana\/\"},\"author\":{\"name\":\"ulises\",\"@id\":\"https:\/\/www.celttv.com.ar\/#\/schema\/person\/6d99c072dba59953809c81446e9d0ace\"},\"headline\":\"TORNQUIST VIVIO UNA INTENSA ACTIVIDAD DEPORTIVA EL FIN DE SEMANA\",\"datePublished\":\"2013-04-18T18:44:22+00:00\",\"dateModified\":\"2013-04-18T18:44:22+00:00\",\"mainEntityOfPage\":{\"@id\":\"https:\/\/www.celttv.com.ar\/index.php\/2013\/04\/18\/tornquist-vivio-una-intensa-actividad-deportiva-el-fin-de-semana\/\"},\"wordCount\":563,\"publisher\":{\"@id\":\"https:\/\/www.celttv.com.ar\/#organization\"},\"articleSection\":[\"Comunidad\",\"Deporte\",\"Destacadas\",\"Pol\u00edtica\"],\"inLanguage\":\"es\"},{\"@type\":\"WebPage\",\"@id\":\"https:\/\/www.celttv.com.ar\/index.php\/2013\/04\/18\/tornquist-vivio-una-intensa-actividad-deportiva-el-fin-de-semana\/\",\"url\":\"https:\/\/www.celttv.com.ar\/index.php\/2013\/04\/18\/tornquist-vivio-una-intensa-actividad-deportiva-el-fin-de-semana\/\",\"name\":\"TORNQUIST VIVIO UNA INTENSA ACTIVIDAD DEPORTIVA EL FIN DE SEMANA - CELTTV\",\"isPartOf\":{\"@id\":\"https:\/\/www.celttv.com.ar\/#website\"},\"datePublished\":\"2013-04-18T18:44:22+00:00\",\"dateModified\":\"2013-04-18T18:44:22+00:00\",\"description\":\"Sitio web de noticias de la localidad de Tornquist, provincia de Buenos Aires, Rep\u00fablica Argentina. Contenido propio originado por periodistas de CELTTV, el canal de TV local de la Cooperativa El\u00e9ctrica de Tornquist. Turismo, Pol\u00edtica, Sociedad, Deporte, Cultura y todo el contenido de inter\u00e9s general que la gente del pueblo y la regi\u00f3n debe conocer.\",\"breadcrumb\":{\"@id\":\"https:\/\/www.celttv.com.ar\/index.php\/2013\/04\/18\/tornquist-vivio-una-intensa-actividad-deportiva-el-fin-de-semana\/#breadcrumb\"},\"inLanguage\":\"es\",\"potentialAction\":[{\"@type\":\"ReadAction\",\"target\":[\"https:\/\/www.celttv.com.ar\/index.php\/2013\/04\/18\/tornquist-vivio-una-intensa-actividad-deportiva-el-fin-de-semana\/\"]}]},{\"@type\":\"BreadcrumbList\",\"@id\":\"https:\/\/www.celttv.com.ar\/index.php\/2013\/04\/18\/tornquist-vivio-una-intensa-actividad-deportiva-el-fin-de-semana\/#breadcrumb\",\"itemListElement\":[{\"@type\":\"ListItem\",\"position\":1,\"name\":\"Inicio\",\"item\":\"https:\/\/www.celttv.com.ar\/\"},{\"@type\":\"ListItem\",\"position\":2,\"name\":\"TORNQUIST VIVIO UNA INTENSA ACTIVIDAD DEPORTIVA EL FIN DE SEMANA\"}]},{\"@type\":\"WebSite\",\"@id\":\"https:\/\/www.celttv.com.ar\/#website\",\"url\":\"https:\/\/www.celttv.com.ar\/\",\"name\":\"CELTTV\",\"description\":\"Cooperativa El\u00e9ctrica de Tornquist\",\"publisher\":{\"@id\":\"https:\/\/www.celttv.com.ar\/#organization\"},\"potentialAction\":[{\"@type\":\"SearchAction\",\"target\":{\"@type\":\"EntryPoint\",\"urlTemplate\":\"https:\/\/www.celttv.com.ar\/?s={search_term_string}\"},\"query-input\":\"required name=search_term_string\"}],\"inLanguage\":\"es\"},{\"@type\":\"Organization\",\"@id\":\"https:\/\/www.celttv.com.ar\/#organization\",\"name\":\"CELTTV\",\"url\":\"https:\/\/www.celttv.com.ar\/\",\"sameAs\":[\"https:\/\/www.youtube.com\/channel\/UCz_oIt8Hig64Ub-EmcNPIhg\",\"https:\/\/www.facebook.com\/celtTV\/\"],\"logo\":{\"@type\":\"ImageObject\",\"inLanguage\":\"es\",\"@id\":\"https:\/\/www.celttv.com.ar\/#\/schema\/logo\/image\/\",\"url\":\"http:\/\/www.celttv.com.ar\/wp-content\/uploads\/2022\/08\/logo-1.png\",\"contentUrl\":\"http:\/\/www.celttv.com.ar\/wp-content\/uploads\/2022\/08\/logo-1.png\",\"width\":461,\"height\":159,\"caption\":\"CELTTV\"},\"image\":{\"@id\":\"https:\/\/www.celttv.com.ar\/#\/schema\/logo\/image\/\"}},{\"@type\":\"Person\",\"@id\":\"https:\/\/www.celttv.com.ar\/#\/schema\/person\/6d99c072dba59953809c81446e9d0ace\",\"name\":\"ulises\",\"image\":{\"@type\":\"ImageObject\",\"inLanguage\":\"es\",\"@id\":\"https:\/\/www.celttv.com.ar\/#\/schema\/person\/image\/\",\"url\":\"https:\/\/secure.gravatar.com\/avatar\/7f2c48bdc33b30088f941fb6082e555f2874c98e20cb159d7b92b50eadfce793?s=96&d=mm&r=g\",\"contentUrl\":\"https:\/\/secure.gravatar.com\/avatar\/7f2c48bdc33b30088f941fb6082e555f2874c98e20cb159d7b92b50eadfce793?s=96&d=mm&r=g\",\"caption\":\"ulises\"},\"sameAs\":[\"http:\/\/www.celttv.com.ar\"]}]}<\/script>\n<!-- \/ Yoast SEO plugin. -->","yoast_head_json":{"title":"TORNQUIST VIVIO UNA INTENSA ACTIVIDAD DEPORTIVA EL FIN DE SEMANA - CELTTV","description":"Sitio web de noticias de la localidad de Tornquist, provincia de Buenos Aires, Rep\u00fablica Argentina. Contenido propio originado por periodistas de CELTTV, el canal de TV local de la Cooperativa El\u00e9ctrica de Tornquist. Turismo, Pol\u00edtica, Sociedad, Deporte, Cultura y todo el contenido de inter\u00e9s general que la gente del pueblo y la regi\u00f3n debe conocer.","robots":{"index":"index","follow":"follow","max-snippet":"max-snippet:-1","max-image-preview":"max-image-preview:large","max-video-preview":"max-video-preview:-1"},"canonical":"https:\/\/www.celttv.com.ar\/index.php\/2013\/04\/18\/tornquist-vivio-una-intensa-actividad-deportiva-el-fin-de-semana\/","og_locale":"es_ES","og_type":"article","og_title":"TORNQUIST VIVIO UNA INTENSA ACTIVIDAD DEPORTIVA EL FIN DE SEMANA - CELTTV","og_description":"Sitio web de noticias de la localidad de Tornquist, provincia de Buenos Aires, Rep\u00fablica Argentina. Contenido propio originado por periodistas de CELTTV, el canal de TV local de la Cooperativa El\u00e9ctrica de Tornquist. Turismo, Pol\u00edtica, Sociedad, Deporte, Cultura y todo el contenido de inter\u00e9s general que la gente del pueblo y la regi\u00f3n debe conocer.","og_url":"https:\/\/www.celttv.com.ar\/index.php\/2013\/04\/18\/tornquist-vivio-una-intensa-actividad-deportiva-el-fin-de-semana\/","og_site_name":"CELTTV","article_publisher":"https:\/\/www.facebook.com\/celtTV\/","article_published_time":"2013-04-18T18:44:22+00:00","author":"ulises","twitter_card":"summary_large_image","twitter_misc":{"Escrito por":"ulises","Tiempo de lectura":"3 minutos"},"schema":{"@context":"https:\/\/schema.org","@graph":[{"@type":"NewsArticle","@id":"https:\/\/www.celttv.com.ar\/index.php\/2013\/04\/18\/tornquist-vivio-una-intensa-actividad-deportiva-el-fin-de-semana\/#article","isPartOf":{"@id":"https:\/\/www.celttv.com.ar\/index.php\/2013\/04\/18\/tornquist-vivio-una-intensa-actividad-deportiva-el-fin-de-semana\/"},"author":{"name":"ulises","@id":"https:\/\/www.celttv.com.ar\/#\/schema\/person\/6d99c072dba59953809c81446e9d0ace"},"headline":"TORNQUIST VIVIO UNA INTENSA ACTIVIDAD DEPORTIVA EL FIN DE SEMANA","datePublished":"2013-04-18T18:44:22+00:00","dateModified":"2013-04-18T18:44:22+00:00","mainEntityOfPage":{"@id":"https:\/\/www.celttv.com.ar\/index.php\/2013\/04\/18\/tornquist-vivio-una-intensa-actividad-deportiva-el-fin-de-semana\/"},"wordCount":563,"publisher":{"@id":"https:\/\/www.celttv.com.ar\/#organization"},"articleSection":["Comunidad","Deporte","Destacadas","Pol\u00edtica"],"inLanguage":"es"},{"@type":"WebPage","@id":"https:\/\/www.celttv.com.ar\/index.php\/2013\/04\/18\/tornquist-vivio-una-intensa-actividad-deportiva-el-fin-de-semana\/","url":"https:\/\/www.celttv.com.ar\/index.php\/2013\/04\/18\/tornquist-vivio-una-intensa-actividad-deportiva-el-fin-de-semana\/","name":"TORNQUIST VIVIO UNA INTENSA ACTIVIDAD DEPORTIVA EL FIN DE SEMANA - CELTTV","isPartOf":{"@id":"https:\/\/www.celttv.com.ar\/#website"},"datePublished":"2013-04-18T18:44:22+00:00","dateModified":"2013-04-18T18:44:22+00:00","description":"Sitio web de noticias de la localidad de Tornquist, provincia de Buenos Aires, Rep\u00fablica Argentina. Contenido propio originado por periodistas de CELTTV, el canal de TV local de la Cooperativa El\u00e9ctrica de Tornquist. Turismo, Pol\u00edtica, Sociedad, Deporte, Cultura y todo el contenido de inter\u00e9s general que la gente del pueblo y la regi\u00f3n debe conocer.","breadcrumb":{"@id":"https:\/\/www.celttv.com.ar\/index.php\/2013\/04\/18\/tornquist-vivio-una-intensa-actividad-deportiva-el-fin-de-semana\/#breadcrumb"},"inLanguage":"es","potentialAction":[{"@type":"ReadAction","target":["https:\/\/www.celttv.com.ar\/index.php\/2013\/04\/18\/tornquist-vivio-una-intensa-actividad-deportiva-el-fin-de-semana\/"]}]},{"@type":"BreadcrumbList","@id":"https:\/\/www.celttv.com.ar\/index.php\/2013\/04\/18\/tornquist-vivio-una-intensa-actividad-deportiva-el-fin-de-semana\/#breadcrumb","itemListElement":[{"@type":"ListItem","position":1,"name":"Inicio","item":"https:\/\/www.celttv.com.ar\/"},{"@type":"ListItem","position":2,"name":"TORNQUIST VIVIO UNA INTENSA ACTIVIDAD DEPORTIVA EL FIN DE SEMANA"}]},{"@type":"WebSite","@id":"https:\/\/www.celttv.com.ar\/#website","url":"https:\/\/www.celttv.com.ar\/","name":"CELTTV","description":"Cooperativa El\u00e9ctrica de Tornquist","publisher":{"@id":"https:\/\/www.celttv.com.ar\/#organization"},"potentialAction":[{"@type":"SearchAction","target":{"@type":"EntryPoint","urlTemplate":"https:\/\/www.celttv.com.ar\/?s={search_term_string}"},"query-input":"required name=search_term_string"}],"inLanguage":"es"},{"@type":"Organization","@id":"https:\/\/www.celttv.com.ar\/#organization","name":"CELTTV","url":"https:\/\/www.celttv.com.ar\/","sameAs":["https:\/\/www.youtube.com\/channel\/UCz_oIt8Hig64Ub-EmcNPIhg","https:\/\/www.facebook.com\/celtTV\/"],"logo":{"@type":"ImageObject","inLanguage":"es","@id":"https:\/\/www.celttv.com.ar\/#\/schema\/logo\/image\/","url":"http:\/\/www.celttv.com.ar\/wp-content\/uploads\/2022\/08\/logo-1.png","contentUrl":"http:\/\/www.celttv.com.ar\/wp-content\/uploads\/2022\/08\/logo-1.png","width":461,"height":159,"caption":"CELTTV"},"image":{"@id":"https:\/\/www.celttv.com.ar\/#\/schema\/logo\/image\/"}},{"@type":"Person","@id":"https:\/\/www.celttv.com.ar\/#\/schema\/person\/6d99c072dba59953809c81446e9d0ace","name":"ulises","image":{"@type":"ImageObject","inLanguage":"es","@id":"https:\/\/www.celttv.com.ar\/#\/schema\/person\/image\/","url":"https:\/\/secure.gravatar.com\/avatar\/7f2c48bdc33b30088f941fb6082e555f2874c98e20cb159d7b92b50eadfce793?s=96&d=mm&r=g","contentUrl":"https:\/\/secure.gravatar.com\/avatar\/7f2c48bdc33b30088f941fb6082e555f2874c98e20cb159d7b92b50eadfce793?s=96&d=mm&r=g","caption":"ulises"},"sameAs":["http:\/\/www.celttv.com.ar"]}]}},"_links":{"self":[{"href":"https:\/\/www.celttv.com.ar\/index.php\/wp-json\/wp\/v2\/posts\/11149","targetHints":{"allow":["GET"]}}],"collection":[{"href":"https:\/\/www.celttv.com.ar\/index.php\/wp-json\/wp\/v2\/posts"}],"about":[{"href":"https:\/\/www.celttv.com.ar\/index.php\/wp-json\/wp\/v2\/types\/post"}],"author":[{"embeddable":true,"href":"https:\/\/www.celttv.com.ar\/index.php\/wp-json\/wp\/v2\/users\/1"}],"replies":[{"embeddable":true,"href":"https:\/\/www.celttv.com.ar\/index.php\/wp-json\/wp\/v2\/comments?post=11149"}],"version-history":[{"count":0,"href":"https:\/\/www.celttv.com.ar\/index.php\/wp-json\/wp\/v2\/posts\/11149\/revisions"}],"wp:attachment":[{"href":"https:\/\/www.celttv.com.ar\/index.php\/wp-json\/wp\/v2\/media?parent=11149"}],"wp:term":[{"taxonomy":"category","embeddable":true,"href":"https:\/\/www.celttv.com.ar\/index.php\/wp-json\/wp\/v2\/categories?post=11149"},{"taxonomy":"post_tag","embeddable":true,"href":"https:\/\/www.celttv.com.ar\/index.php\/wp-json\/wp\/v2\/tags?post=11149"}],"curies":[{"name":"wp","href":"https:\/\/api.w.org\/{rel}","templated":true}]}}