{"id":11200,"date":"2013-04-20T18:16:26","date_gmt":"2013-04-20T18:16:26","guid":{"rendered":"http:\/\/www.tvcnoticias.com.ar\/?p=11200"},"modified":"2013-04-20T18:16:26","modified_gmt":"2013-04-20T18:16:26","slug":"alrededor-de-60-personas-adhirieron-a-la-movilizacion-del-18a-en-tornquist-videoentrevistas","status":"publish","type":"post","link":"https:\/\/www.celttv.com.ar\/index.php\/2013\/04\/20\/alrededor-de-60-personas-adhirieron-a-la-movilizacion-del-18a-en-tornquist-videoentrevistas\/","title":{"rendered":"ALREDEDOR DE 60 PERSONAS ADHIRIERON A LA MOVILIZACION DEL 18A EN TORNQUIST (videoentrevistas)"},"content":{"rendered":"<p><a href=\"http:\/\/www.youtube.com\/watch?v=mU13-8u_6Ws\"><a href=\"http:\/\/www.youtube.com\/watch?v=mU13-8u_6Ws\">httpv:\/\/www.youtube.com\/watch?v=mU13-8u_6Ws<\/a><\/a><br \/>\n<a href=\"http:\/\/www.youtube.com\/watch?v=xQ9H6Zwx2mA\"><a href=\"http:\/\/www.youtube.com\/watch?v=xQ9H6Zwx2mA\">http:\/\/www.youtube.com\/watch?v=xQ9H6Zwx2mA<\/a><\/a><br \/>\n<span style=\"font-size: x-small;\"><span style=\"font-family: Verdana, Arial, Helvetica, sans-serif;\">\u201cBasta de Corrupci\u00f3n\u201d, \u201cTerminen de robarles al pueblo\u201d, \u201cLa educaci\u00f3n una inversi\u00f3n ac\u00e1 no la vemos\u201d \u201cEn la Argentina reina la impunidad\u201d \u201cBasta de mentiras y corrupci\u00f3n\u201d \u201cSin Justicia no hay futuro\u201d \u201c No queremos m\u00e1s dictadores queremos vivir en democracia\u201d fueron algunos de los carteles que exhibieron las personas que se movilizaron frente a la municipalidad, en conjunto con representantes del concejo como concejales de la oposici\u00f3n entre ellos Gustavo Moroncini,Sergio Bordoni y Horacio Buitrago , adem\u00e1s de un grueso de la UCR que ya hab\u00eda adelantado su adhesi\u00f3n a la marcha.<\/span><\/span><br \/>\n<span style=\"font-size: x-small;\"><span style=\"font-family: Verdana, Arial, Helvetica, sans-serif;\">Contra la democratizaci\u00f3n de la justicia se pronunciaron varios de los entrevistados por nuestro medio. No tuvo la misma repercusi\u00f3n en cuanto a cantidad de gente que el 8 N, donde m\u00e1s de 200 personas bajo la lluvia se hab\u00edan manifestado en nuestra ciudad.<\/span><\/span><br \/>\n<span style=\"font-size: x-small;\"><span style=\"font-family: Verdana, Arial, Helvetica, sans-serif;\">M\u00e1s all\u00e1 de que estaba estipulado en todo el pa\u00eds, no hubo convocatoria por los medios como\u00a0se hizo\u00a0en otra oportunidad.<\/span><\/span><br \/>\n&nbsp;<\/p>\n","protected":false},"excerpt":{"rendered":"<p>httpv:\/\/www.youtube.com\/watch?v=mU13-8u_6Ws http:\/\/www.youtube.com\/watch?v=xQ9H6Zwx2mA \u201cBasta de Corrupci\u00f3n\u201d, \u201cTerminen de robarles al pueblo\u201d, \u201cLa educaci\u00f3n una inversi\u00f3n ac\u00e1 no la vemos\u201d \u201cEn la Argentina reina la impunidad\u201d \u201cBasta de mentiras y corrupci\u00f3n\u201d \u201cSin Justicia no hay futuro\u201d \u201c No queremos m\u00e1s dictadores queremos vivir en democracia\u201d fueron algunos de los carteles que exhibieron las personas que se movilizaron [&hellip;]<\/p>\n","protected":false},"author":1,"featured_media":0,"comment_status":"closed","ping_status":"open","sticky":false,"template":"","format":"standard","meta":{"footnotes":""},"categories":[51,52,53,64],"tags":[],"class_list":["post-11200","post","type-post","status-publish","format-standard","hentry","category-comunidad","category-destacadas","category-politica","category-videos-destacados"],"yoast_head":"<!-- This site is optimized with the Yoast SEO plugin v19.7.1 - https:\/\/yoast.com\/wordpress\/plugins\/seo\/ -->\n<title>ALREDEDOR DE 60 PERSONAS ADHIRIERON A LA MOVILIZACION DEL 18A EN TORNQUIST (videoentrevistas) - CELTTV<\/title>\n<meta name=\"description\" content=\"Sitio web de noticias de la localidad de Tornquist, provincia de Buenos Aires, Rep\u00fablica Argentina. Contenido propio originado por periodistas de CELTTV, el canal de TV local de la Cooperativa El\u00e9ctrica de Tornquist. Turismo, Pol\u00edtica, Sociedad, Deporte, Cultura y todo el contenido de inter\u00e9s general que la gente del pueblo y la regi\u00f3n debe conocer.\" \/>\n<meta name=\"robots\" content=\"index, follow, max-snippet:-1, max-image-preview:large, max-video-preview:-1\" \/>\n<link rel=\"canonical\" href=\"https:\/\/www.celttv.com.ar\/index.php\/2013\/04\/20\/alrededor-de-60-personas-adhirieron-a-la-movilizacion-del-18a-en-tornquist-videoentrevistas\/\" \/>\n<meta property=\"og:locale\" content=\"es_ES\" \/>\n<meta property=\"og:type\" content=\"article\" \/>\n<meta property=\"og:title\" content=\"ALREDEDOR DE 60 PERSONAS ADHIRIERON A LA MOVILIZACION DEL 18A EN TORNQUIST (videoentrevistas) - CELTTV\" \/>\n<meta property=\"og:description\" content=\"Sitio web de noticias de la localidad de Tornquist, provincia de Buenos Aires, Rep\u00fablica Argentina. Contenido propio originado por periodistas de CELTTV, el canal de TV local de la Cooperativa El\u00e9ctrica de Tornquist. Turismo, Pol\u00edtica, Sociedad, Deporte, Cultura y todo el contenido de inter\u00e9s general que la gente del pueblo y la regi\u00f3n debe conocer.\" \/>\n<meta property=\"og:url\" content=\"https:\/\/www.celttv.com.ar\/index.php\/2013\/04\/20\/alrededor-de-60-personas-adhirieron-a-la-movilizacion-del-18a-en-tornquist-videoentrevistas\/\" \/>\n<meta property=\"og:site_name\" content=\"CELTTV\" \/>\n<meta property=\"article:publisher\" content=\"https:\/\/www.facebook.com\/celtTV\/\" \/>\n<meta property=\"article:published_time\" content=\"2013-04-20T18:16:26+00:00\" \/>\n<meta name=\"author\" content=\"ulises\" \/>\n<meta name=\"twitter:card\" content=\"summary_large_image\" \/>\n<meta name=\"twitter:label1\" content=\"Escrito por\" \/>\n\t<meta name=\"twitter:data1\" content=\"ulises\" \/>\n\t<meta name=\"twitter:label2\" content=\"Tiempo de lectura\" \/>\n\t<meta name=\"twitter:data2\" content=\"1 minuto\" \/>\n<script type=\"application\/ld+json\" class=\"yoast-schema-graph\">{\"@context\":\"https:\/\/schema.org\",\"@graph\":[{\"@type\":\"NewsArticle\",\"@id\":\"https:\/\/www.celttv.com.ar\/index.php\/2013\/04\/20\/alrededor-de-60-personas-adhirieron-a-la-movilizacion-del-18a-en-tornquist-videoentrevistas\/#article\",\"isPartOf\":{\"@id\":\"https:\/\/www.celttv.com.ar\/index.php\/2013\/04\/20\/alrededor-de-60-personas-adhirieron-a-la-movilizacion-del-18a-en-tornquist-videoentrevistas\/\"},\"author\":{\"name\":\"ulises\",\"@id\":\"https:\/\/www.celttv.com.ar\/#\/schema\/person\/6d99c072dba59953809c81446e9d0ace\"},\"headline\":\"ALREDEDOR DE 60 PERSONAS ADHIRIERON A LA MOVILIZACION DEL 18A EN TORNQUIST (videoentrevistas)\",\"datePublished\":\"2013-04-20T18:16:26+00:00\",\"dateModified\":\"2013-04-20T18:16:26+00:00\",\"mainEntityOfPage\":{\"@id\":\"https:\/\/www.celttv.com.ar\/index.php\/2013\/04\/20\/alrededor-de-60-personas-adhirieron-a-la-movilizacion-del-18a-en-tornquist-videoentrevistas\/\"},\"wordCount\":204,\"publisher\":{\"@id\":\"https:\/\/www.celttv.com.ar\/#organization\"},\"articleSection\":[\"Comunidad\",\"Destacadas\",\"Pol\u00edtica\",\"Videos Destacados\"],\"inLanguage\":\"es\"},{\"@type\":\"WebPage\",\"@id\":\"https:\/\/www.celttv.com.ar\/index.php\/2013\/04\/20\/alrededor-de-60-personas-adhirieron-a-la-movilizacion-del-18a-en-tornquist-videoentrevistas\/\",\"url\":\"https:\/\/www.celttv.com.ar\/index.php\/2013\/04\/20\/alrededor-de-60-personas-adhirieron-a-la-movilizacion-del-18a-en-tornquist-videoentrevistas\/\",\"name\":\"ALREDEDOR DE 60 PERSONAS ADHIRIERON A LA MOVILIZACION DEL 18A EN TORNQUIST (videoentrevistas) - CELTTV\",\"isPartOf\":{\"@id\":\"https:\/\/www.celttv.com.ar\/#website\"},\"datePublished\":\"2013-04-20T18:16:26+00:00\",\"dateModified\":\"2013-04-20T18:16:26+00:00\",\"description\":\"Sitio web de noticias de la localidad de Tornquist, provincia de Buenos Aires, Rep\u00fablica Argentina. Contenido propio originado por periodistas de CELTTV, el canal de TV local de la Cooperativa El\u00e9ctrica de Tornquist. Turismo, Pol\u00edtica, Sociedad, Deporte, Cultura y todo el contenido de inter\u00e9s general que la gente del pueblo y la regi\u00f3n debe conocer.\",\"breadcrumb\":{\"@id\":\"https:\/\/www.celttv.com.ar\/index.php\/2013\/04\/20\/alrededor-de-60-personas-adhirieron-a-la-movilizacion-del-18a-en-tornquist-videoentrevistas\/#breadcrumb\"},\"inLanguage\":\"es\",\"potentialAction\":[{\"@type\":\"ReadAction\",\"target\":[\"https:\/\/www.celttv.com.ar\/index.php\/2013\/04\/20\/alrededor-de-60-personas-adhirieron-a-la-movilizacion-del-18a-en-tornquist-videoentrevistas\/\"]}]},{\"@type\":\"BreadcrumbList\",\"@id\":\"https:\/\/www.celttv.com.ar\/index.php\/2013\/04\/20\/alrededor-de-60-personas-adhirieron-a-la-movilizacion-del-18a-en-tornquist-videoentrevistas\/#breadcrumb\",\"itemListElement\":[{\"@type\":\"ListItem\",\"position\":1,\"name\":\"Inicio\",\"item\":\"https:\/\/www.celttv.com.ar\/\"},{\"@type\":\"ListItem\",\"position\":2,\"name\":\"ALREDEDOR DE 60 PERSONAS ADHIRIERON A LA MOVILIZACION DEL 18A EN TORNQUIST (videoentrevistas)\"}]},{\"@type\":\"WebSite\",\"@id\":\"https:\/\/www.celttv.com.ar\/#website\",\"url\":\"https:\/\/www.celttv.com.ar\/\",\"name\":\"CELTTV\",\"description\":\"Cooperativa El\u00e9ctrica de Tornquist\",\"publisher\":{\"@id\":\"https:\/\/www.celttv.com.ar\/#organization\"},\"potentialAction\":[{\"@type\":\"SearchAction\",\"target\":{\"@type\":\"EntryPoint\",\"urlTemplate\":\"https:\/\/www.celttv.com.ar\/?s={search_term_string}\"},\"query-input\":\"required name=search_term_string\"}],\"inLanguage\":\"es\"},{\"@type\":\"Organization\",\"@id\":\"https:\/\/www.celttv.com.ar\/#organization\",\"name\":\"CELTTV\",\"url\":\"https:\/\/www.celttv.com.ar\/\",\"sameAs\":[\"https:\/\/www.youtube.com\/channel\/UCz_oIt8Hig64Ub-EmcNPIhg\",\"https:\/\/www.facebook.com\/celtTV\/\"],\"logo\":{\"@type\":\"ImageObject\",\"inLanguage\":\"es\",\"@id\":\"https:\/\/www.celttv.com.ar\/#\/schema\/logo\/image\/\",\"url\":\"http:\/\/www.celttv.com.ar\/wp-content\/uploads\/2022\/08\/logo-1.png\",\"contentUrl\":\"http:\/\/www.celttv.com.ar\/wp-content\/uploads\/2022\/08\/logo-1.png\",\"width\":461,\"height\":159,\"caption\":\"CELTTV\"},\"image\":{\"@id\":\"https:\/\/www.celttv.com.ar\/#\/schema\/logo\/image\/\"}},{\"@type\":\"Person\",\"@id\":\"https:\/\/www.celttv.com.ar\/#\/schema\/person\/6d99c072dba59953809c81446e9d0ace\",\"name\":\"ulises\",\"image\":{\"@type\":\"ImageObject\",\"inLanguage\":\"es\",\"@id\":\"https:\/\/www.celttv.com.ar\/#\/schema\/person\/image\/\",\"url\":\"https:\/\/secure.gravatar.com\/avatar\/7f2c48bdc33b30088f941fb6082e555f2874c98e20cb159d7b92b50eadfce793?s=96&d=mm&r=g\",\"contentUrl\":\"https:\/\/secure.gravatar.com\/avatar\/7f2c48bdc33b30088f941fb6082e555f2874c98e20cb159d7b92b50eadfce793?s=96&d=mm&r=g\",\"caption\":\"ulises\"},\"sameAs\":[\"http:\/\/www.celttv.com.ar\"]}]}<\/script>\n<!-- \/ Yoast SEO plugin. -->","yoast_head_json":{"title":"ALREDEDOR DE 60 PERSONAS ADHIRIERON A LA MOVILIZACION DEL 18A EN TORNQUIST (videoentrevistas) - CELTTV","description":"Sitio web de noticias de la localidad de Tornquist, provincia de Buenos Aires, Rep\u00fablica Argentina. Contenido propio originado por periodistas de CELTTV, el canal de TV local de la Cooperativa El\u00e9ctrica de Tornquist. Turismo, Pol\u00edtica, Sociedad, Deporte, Cultura y todo el contenido de inter\u00e9s general que la gente del pueblo y la regi\u00f3n debe conocer.","robots":{"index":"index","follow":"follow","max-snippet":"max-snippet:-1","max-image-preview":"max-image-preview:large","max-video-preview":"max-video-preview:-1"},"canonical":"https:\/\/www.celttv.com.ar\/index.php\/2013\/04\/20\/alrededor-de-60-personas-adhirieron-a-la-movilizacion-del-18a-en-tornquist-videoentrevistas\/","og_locale":"es_ES","og_type":"article","og_title":"ALREDEDOR DE 60 PERSONAS ADHIRIERON A LA MOVILIZACION DEL 18A EN TORNQUIST (videoentrevistas) - CELTTV","og_description":"Sitio web de noticias de la localidad de Tornquist, provincia de Buenos Aires, Rep\u00fablica Argentina. Contenido propio originado por periodistas de CELTTV, el canal de TV local de la Cooperativa El\u00e9ctrica de Tornquist. Turismo, Pol\u00edtica, Sociedad, Deporte, Cultura y todo el contenido de inter\u00e9s general que la gente del pueblo y la regi\u00f3n debe conocer.","og_url":"https:\/\/www.celttv.com.ar\/index.php\/2013\/04\/20\/alrededor-de-60-personas-adhirieron-a-la-movilizacion-del-18a-en-tornquist-videoentrevistas\/","og_site_name":"CELTTV","article_publisher":"https:\/\/www.facebook.com\/celtTV\/","article_published_time":"2013-04-20T18:16:26+00:00","author":"ulises","twitter_card":"summary_large_image","twitter_misc":{"Escrito por":"ulises","Tiempo de lectura":"1 minuto"},"schema":{"@context":"https:\/\/schema.org","@graph":[{"@type":"NewsArticle","@id":"https:\/\/www.celttv.com.ar\/index.php\/2013\/04\/20\/alrededor-de-60-personas-adhirieron-a-la-movilizacion-del-18a-en-tornquist-videoentrevistas\/#article","isPartOf":{"@id":"https:\/\/www.celttv.com.ar\/index.php\/2013\/04\/20\/alrededor-de-60-personas-adhirieron-a-la-movilizacion-del-18a-en-tornquist-videoentrevistas\/"},"author":{"name":"ulises","@id":"https:\/\/www.celttv.com.ar\/#\/schema\/person\/6d99c072dba59953809c81446e9d0ace"},"headline":"ALREDEDOR DE 60 PERSONAS ADHIRIERON A LA MOVILIZACION DEL 18A EN TORNQUIST (videoentrevistas)","datePublished":"2013-04-20T18:16:26+00:00","dateModified":"2013-04-20T18:16:26+00:00","mainEntityOfPage":{"@id":"https:\/\/www.celttv.com.ar\/index.php\/2013\/04\/20\/alrededor-de-60-personas-adhirieron-a-la-movilizacion-del-18a-en-tornquist-videoentrevistas\/"},"wordCount":204,"publisher":{"@id":"https:\/\/www.celttv.com.ar\/#organization"},"articleSection":["Comunidad","Destacadas","Pol\u00edtica","Videos Destacados"],"inLanguage":"es"},{"@type":"WebPage","@id":"https:\/\/www.celttv.com.ar\/index.php\/2013\/04\/20\/alrededor-de-60-personas-adhirieron-a-la-movilizacion-del-18a-en-tornquist-videoentrevistas\/","url":"https:\/\/www.celttv.com.ar\/index.php\/2013\/04\/20\/alrededor-de-60-personas-adhirieron-a-la-movilizacion-del-18a-en-tornquist-videoentrevistas\/","name":"ALREDEDOR DE 60 PERSONAS ADHIRIERON A LA MOVILIZACION DEL 18A EN TORNQUIST (videoentrevistas) - CELTTV","isPartOf":{"@id":"https:\/\/www.celttv.com.ar\/#website"},"datePublished":"2013-04-20T18:16:26+00:00","dateModified":"2013-04-20T18:16:26+00:00","description":"Sitio web de noticias de la localidad de Tornquist, provincia de Buenos Aires, Rep\u00fablica Argentina. Contenido propio originado por periodistas de CELTTV, el canal de TV local de la Cooperativa El\u00e9ctrica de Tornquist. Turismo, Pol\u00edtica, Sociedad, Deporte, Cultura y todo el contenido de inter\u00e9s general que la gente del pueblo y la regi\u00f3n debe conocer.","breadcrumb":{"@id":"https:\/\/www.celttv.com.ar\/index.php\/2013\/04\/20\/alrededor-de-60-personas-adhirieron-a-la-movilizacion-del-18a-en-tornquist-videoentrevistas\/#breadcrumb"},"inLanguage":"es","potentialAction":[{"@type":"ReadAction","target":["https:\/\/www.celttv.com.ar\/index.php\/2013\/04\/20\/alrededor-de-60-personas-adhirieron-a-la-movilizacion-del-18a-en-tornquist-videoentrevistas\/"]}]},{"@type":"BreadcrumbList","@id":"https:\/\/www.celttv.com.ar\/index.php\/2013\/04\/20\/alrededor-de-60-personas-adhirieron-a-la-movilizacion-del-18a-en-tornquist-videoentrevistas\/#breadcrumb","itemListElement":[{"@type":"ListItem","position":1,"name":"Inicio","item":"https:\/\/www.celttv.com.ar\/"},{"@type":"ListItem","position":2,"name":"ALREDEDOR DE 60 PERSONAS ADHIRIERON A LA MOVILIZACION DEL 18A EN TORNQUIST (videoentrevistas)"}]},{"@type":"WebSite","@id":"https:\/\/www.celttv.com.ar\/#website","url":"https:\/\/www.celttv.com.ar\/","name":"CELTTV","description":"Cooperativa El\u00e9ctrica de Tornquist","publisher":{"@id":"https:\/\/www.celttv.com.ar\/#organization"},"potentialAction":[{"@type":"SearchAction","target":{"@type":"EntryPoint","urlTemplate":"https:\/\/www.celttv.com.ar\/?s={search_term_string}"},"query-input":"required name=search_term_string"}],"inLanguage":"es"},{"@type":"Organization","@id":"https:\/\/www.celttv.com.ar\/#organization","name":"CELTTV","url":"https:\/\/www.celttv.com.ar\/","sameAs":["https:\/\/www.youtube.com\/channel\/UCz_oIt8Hig64Ub-EmcNPIhg","https:\/\/www.facebook.com\/celtTV\/"],"logo":{"@type":"ImageObject","inLanguage":"es","@id":"https:\/\/www.celttv.com.ar\/#\/schema\/logo\/image\/","url":"http:\/\/www.celttv.com.ar\/wp-content\/uploads\/2022\/08\/logo-1.png","contentUrl":"http:\/\/www.celttv.com.ar\/wp-content\/uploads\/2022\/08\/logo-1.png","width":461,"height":159,"caption":"CELTTV"},"image":{"@id":"https:\/\/www.celttv.com.ar\/#\/schema\/logo\/image\/"}},{"@type":"Person","@id":"https:\/\/www.celttv.com.ar\/#\/schema\/person\/6d99c072dba59953809c81446e9d0ace","name":"ulises","image":{"@type":"ImageObject","inLanguage":"es","@id":"https:\/\/www.celttv.com.ar\/#\/schema\/person\/image\/","url":"https:\/\/secure.gravatar.com\/avatar\/7f2c48bdc33b30088f941fb6082e555f2874c98e20cb159d7b92b50eadfce793?s=96&d=mm&r=g","contentUrl":"https:\/\/secure.gravatar.com\/avatar\/7f2c48bdc33b30088f941fb6082e555f2874c98e20cb159d7b92b50eadfce793?s=96&d=mm&r=g","caption":"ulises"},"sameAs":["http:\/\/www.celttv.com.ar"]}]}},"_links":{"self":[{"href":"https:\/\/www.celttv.com.ar\/index.php\/wp-json\/wp\/v2\/posts\/11200","targetHints":{"allow":["GET"]}}],"collection":[{"href":"https:\/\/www.celttv.com.ar\/index.php\/wp-json\/wp\/v2\/posts"}],"about":[{"href":"https:\/\/www.celttv.com.ar\/index.php\/wp-json\/wp\/v2\/types\/post"}],"author":[{"embeddable":true,"href":"https:\/\/www.celttv.com.ar\/index.php\/wp-json\/wp\/v2\/users\/1"}],"replies":[{"embeddable":true,"href":"https:\/\/www.celttv.com.ar\/index.php\/wp-json\/wp\/v2\/comments?post=11200"}],"version-history":[{"count":0,"href":"https:\/\/www.celttv.com.ar\/index.php\/wp-json\/wp\/v2\/posts\/11200\/revisions"}],"wp:attachment":[{"href":"https:\/\/www.celttv.com.ar\/index.php\/wp-json\/wp\/v2\/media?parent=11200"}],"wp:term":[{"taxonomy":"category","embeddable":true,"href":"https:\/\/www.celttv.com.ar\/index.php\/wp-json\/wp\/v2\/categories?post=11200"},{"taxonomy":"post_tag","embeddable":true,"href":"https:\/\/www.celttv.com.ar\/index.php\/wp-json\/wp\/v2\/tags?post=11200"}],"curies":[{"name":"wp","href":"https:\/\/api.w.org\/{rel}","templated":true}]}}