{"id":11203,"date":"2013-04-20T19:10:05","date_gmt":"2013-04-20T19:10:05","guid":{"rendered":"http:\/\/www.tvcnoticias.com.ar\/?p=11203"},"modified":"2013-04-20T19:10:05","modified_gmt":"2013-04-20T19:10:05","slug":"el-cerro-tres-picos-patrimonio-provincial-opinan-los-concejales-skolak-buitrago-y-bordoni","status":"publish","type":"post","link":"https:\/\/www.celttv.com.ar\/index.php\/2013\/04\/20\/el-cerro-tres-picos-patrimonio-provincial-opinan-los-concejales-skolak-buitrago-y-bordoni\/","title":{"rendered":"EL CERRO TRES PICOS PATRIMONIO PROVINCIAL..? (Opinan los concejales Skolak, Buitrago y Bordoni)"},"content":{"rendered":"<p><a href=\"http:\/\/www.youtube.com\/watch?v=4PblahzeNIo\"><\/a><a href=\"http:\/\/www.youtube.com\/watch?v=4PblahzeNIo\">httpv:\/\/www.youtube.com\/watch?v=4PblahzeNIo<\/a><br \/>\n<a href=\"http:\/\/www.youtube.com\/watch?v=GWWujszz6W4\"><\/a><a href=\"http:\/\/www.youtube.com\/watch?v=GWWujszz6W4\">httpv:\/\/www.youtube.com\/watch?v=GWWujszz6W4<\/a><br \/>\n<a href=\"http:\/\/www.youtube.com\/watch?v=HG0aMYZEPV0\"><\/a><a href=\"http:\/\/www.youtube.com\/watch?v=HG0aMYZEPV0\">httpv:\/\/www.youtube.com\/watch?v=HG0aMYZEPV0<\/a><br \/>\nEl Frente Amplio Progresista de la ciudad de Bah\u00eda Blanca, en conferencia de prensa, inform\u00f3 que presentar\u00e1 en la C\u00e1mara de Diputados de la Provincia un proyecto para que el Cerro Tres Picos sea patrimonio provincial.<br \/>\nLa iniciativa apunta a que el lugar pueda ser visitado por todos y se propondr\u00eda la expropiaci\u00f3n del Proyecto Funke y el amplio predio que lo rodea, para incorporarlo al patrimonio del Parque Provincial Ernesto Tornquist.<br \/>\nLos concejales del distrito de Tornquist Horacio Buitrago, Sergio Bordoni y Mar\u00eda Ofelia Skolak se informaron del proyecto a traves de los medios, ya que en el cuerpo deliberativo, como asi tambien en el Ejecutivo, no se recibi\u00f3 ninguna informaci\u00f3n al respecto.<br \/>\n&nbsp;<br \/>\n&nbsp;<\/p>\n","protected":false},"excerpt":{"rendered":"<p>httpv:\/\/www.youtube.com\/watch?v=4PblahzeNIo httpv:\/\/www.youtube.com\/watch?v=GWWujszz6W4 httpv:\/\/www.youtube.com\/watch?v=HG0aMYZEPV0 El Frente Amplio Progresista de la ciudad de Bah\u00eda Blanca, en conferencia de prensa, inform\u00f3 que presentar\u00e1 en la C\u00e1mara de Diputados de la Provincia un proyecto para que el Cerro Tres Picos sea patrimonio provincial. La iniciativa apunta a que el lugar pueda ser visitado por todos y se propondr\u00eda la [&hellip;]<\/p>\n","protected":false},"author":1,"featured_media":0,"comment_status":"closed","ping_status":"open","sticky":false,"template":"","format":"standard","meta":{"footnotes":""},"categories":[51,52,53,64],"tags":[],"class_list":["post-11203","post","type-post","status-publish","format-standard","hentry","category-comunidad","category-destacadas","category-politica","category-videos-destacados"],"yoast_head":"<!-- This site is optimized with the Yoast SEO plugin v19.7.1 - https:\/\/yoast.com\/wordpress\/plugins\/seo\/ -->\n<title>EL CERRO TRES PICOS PATRIMONIO PROVINCIAL..? (Opinan los concejales Skolak, Buitrago y Bordoni) - CELTTV<\/title>\n<meta name=\"description\" content=\"Sitio web de noticias de la localidad de Tornquist, provincia de Buenos Aires, Rep\u00fablica Argentina. Contenido propio originado por periodistas de CELTTV, el canal de TV local de la Cooperativa El\u00e9ctrica de Tornquist. Turismo, Pol\u00edtica, Sociedad, Deporte, Cultura y todo el contenido de inter\u00e9s general que la gente del pueblo y la regi\u00f3n debe conocer.\" \/>\n<meta name=\"robots\" content=\"index, follow, max-snippet:-1, max-image-preview:large, max-video-preview:-1\" \/>\n<link rel=\"canonical\" href=\"https:\/\/www.celttv.com.ar\/index.php\/2013\/04\/20\/el-cerro-tres-picos-patrimonio-provincial-opinan-los-concejales-skolak-buitrago-y-bordoni\/\" \/>\n<meta property=\"og:locale\" content=\"es_ES\" \/>\n<meta property=\"og:type\" content=\"article\" \/>\n<meta property=\"og:title\" content=\"EL CERRO TRES PICOS PATRIMONIO PROVINCIAL..? (Opinan los concejales Skolak, Buitrago y Bordoni) - CELTTV\" \/>\n<meta property=\"og:description\" content=\"Sitio web de noticias de la localidad de Tornquist, provincia de Buenos Aires, Rep\u00fablica Argentina. Contenido propio originado por periodistas de CELTTV, el canal de TV local de la Cooperativa El\u00e9ctrica de Tornquist. Turismo, Pol\u00edtica, Sociedad, Deporte, Cultura y todo el contenido de inter\u00e9s general que la gente del pueblo y la regi\u00f3n debe conocer.\" \/>\n<meta property=\"og:url\" content=\"https:\/\/www.celttv.com.ar\/index.php\/2013\/04\/20\/el-cerro-tres-picos-patrimonio-provincial-opinan-los-concejales-skolak-buitrago-y-bordoni\/\" \/>\n<meta property=\"og:site_name\" content=\"CELTTV\" \/>\n<meta property=\"article:publisher\" content=\"https:\/\/www.facebook.com\/celtTV\/\" \/>\n<meta property=\"article:published_time\" content=\"2013-04-20T19:10:05+00:00\" \/>\n<meta name=\"author\" content=\"ulises\" \/>\n<meta name=\"twitter:card\" content=\"summary_large_image\" \/>\n<meta name=\"twitter:label1\" content=\"Escrito por\" \/>\n\t<meta name=\"twitter:data1\" content=\"ulises\" \/>\n\t<meta name=\"twitter:label2\" content=\"Tiempo de lectura\" \/>\n\t<meta name=\"twitter:data2\" content=\"1 minuto\" \/>\n<script type=\"application\/ld+json\" class=\"yoast-schema-graph\">{\"@context\":\"https:\/\/schema.org\",\"@graph\":[{\"@type\":\"NewsArticle\",\"@id\":\"https:\/\/www.celttv.com.ar\/index.php\/2013\/04\/20\/el-cerro-tres-picos-patrimonio-provincial-opinan-los-concejales-skolak-buitrago-y-bordoni\/#article\",\"isPartOf\":{\"@id\":\"https:\/\/www.celttv.com.ar\/index.php\/2013\/04\/20\/el-cerro-tres-picos-patrimonio-provincial-opinan-los-concejales-skolak-buitrago-y-bordoni\/\"},\"author\":{\"name\":\"ulises\",\"@id\":\"https:\/\/www.celttv.com.ar\/#\/schema\/person\/6d99c072dba59953809c81446e9d0ace\"},\"headline\":\"EL CERRO TRES PICOS PATRIMONIO PROVINCIAL..? (Opinan los concejales Skolak, Buitrago y Bordoni)\",\"datePublished\":\"2013-04-20T19:10:05+00:00\",\"dateModified\":\"2013-04-20T19:10:05+00:00\",\"mainEntityOfPage\":{\"@id\":\"https:\/\/www.celttv.com.ar\/index.php\/2013\/04\/20\/el-cerro-tres-picos-patrimonio-provincial-opinan-los-concejales-skolak-buitrago-y-bordoni\/\"},\"wordCount\":158,\"publisher\":{\"@id\":\"https:\/\/www.celttv.com.ar\/#organization\"},\"articleSection\":[\"Comunidad\",\"Destacadas\",\"Pol\u00edtica\",\"Videos Destacados\"],\"inLanguage\":\"es\"},{\"@type\":\"WebPage\",\"@id\":\"https:\/\/www.celttv.com.ar\/index.php\/2013\/04\/20\/el-cerro-tres-picos-patrimonio-provincial-opinan-los-concejales-skolak-buitrago-y-bordoni\/\",\"url\":\"https:\/\/www.celttv.com.ar\/index.php\/2013\/04\/20\/el-cerro-tres-picos-patrimonio-provincial-opinan-los-concejales-skolak-buitrago-y-bordoni\/\",\"name\":\"EL CERRO TRES PICOS PATRIMONIO PROVINCIAL..? (Opinan los concejales Skolak, Buitrago y Bordoni) - CELTTV\",\"isPartOf\":{\"@id\":\"https:\/\/www.celttv.com.ar\/#website\"},\"datePublished\":\"2013-04-20T19:10:05+00:00\",\"dateModified\":\"2013-04-20T19:10:05+00:00\",\"description\":\"Sitio web de noticias de la localidad de Tornquist, provincia de Buenos Aires, Rep\u00fablica Argentina. Contenido propio originado por periodistas de CELTTV, el canal de TV local de la Cooperativa El\u00e9ctrica de Tornquist. Turismo, Pol\u00edtica, Sociedad, Deporte, Cultura y todo el contenido de inter\u00e9s general que la gente del pueblo y la regi\u00f3n debe conocer.\",\"breadcrumb\":{\"@id\":\"https:\/\/www.celttv.com.ar\/index.php\/2013\/04\/20\/el-cerro-tres-picos-patrimonio-provincial-opinan-los-concejales-skolak-buitrago-y-bordoni\/#breadcrumb\"},\"inLanguage\":\"es\",\"potentialAction\":[{\"@type\":\"ReadAction\",\"target\":[\"https:\/\/www.celttv.com.ar\/index.php\/2013\/04\/20\/el-cerro-tres-picos-patrimonio-provincial-opinan-los-concejales-skolak-buitrago-y-bordoni\/\"]}]},{\"@type\":\"BreadcrumbList\",\"@id\":\"https:\/\/www.celttv.com.ar\/index.php\/2013\/04\/20\/el-cerro-tres-picos-patrimonio-provincial-opinan-los-concejales-skolak-buitrago-y-bordoni\/#breadcrumb\",\"itemListElement\":[{\"@type\":\"ListItem\",\"position\":1,\"name\":\"Inicio\",\"item\":\"https:\/\/www.celttv.com.ar\/\"},{\"@type\":\"ListItem\",\"position\":2,\"name\":\"EL CERRO TRES PICOS PATRIMONIO PROVINCIAL..? (Opinan los concejales Skolak, Buitrago y Bordoni)\"}]},{\"@type\":\"WebSite\",\"@id\":\"https:\/\/www.celttv.com.ar\/#website\",\"url\":\"https:\/\/www.celttv.com.ar\/\",\"name\":\"CELTTV\",\"description\":\"Cooperativa El\u00e9ctrica de Tornquist\",\"publisher\":{\"@id\":\"https:\/\/www.celttv.com.ar\/#organization\"},\"potentialAction\":[{\"@type\":\"SearchAction\",\"target\":{\"@type\":\"EntryPoint\",\"urlTemplate\":\"https:\/\/www.celttv.com.ar\/?s={search_term_string}\"},\"query-input\":\"required name=search_term_string\"}],\"inLanguage\":\"es\"},{\"@type\":\"Organization\",\"@id\":\"https:\/\/www.celttv.com.ar\/#organization\",\"name\":\"CELTTV\",\"url\":\"https:\/\/www.celttv.com.ar\/\",\"sameAs\":[\"https:\/\/www.youtube.com\/channel\/UCz_oIt8Hig64Ub-EmcNPIhg\",\"https:\/\/www.facebook.com\/celtTV\/\"],\"logo\":{\"@type\":\"ImageObject\",\"inLanguage\":\"es\",\"@id\":\"https:\/\/www.celttv.com.ar\/#\/schema\/logo\/image\/\",\"url\":\"http:\/\/www.celttv.com.ar\/wp-content\/uploads\/2022\/08\/logo-1.png\",\"contentUrl\":\"http:\/\/www.celttv.com.ar\/wp-content\/uploads\/2022\/08\/logo-1.png\",\"width\":461,\"height\":159,\"caption\":\"CELTTV\"},\"image\":{\"@id\":\"https:\/\/www.celttv.com.ar\/#\/schema\/logo\/image\/\"}},{\"@type\":\"Person\",\"@id\":\"https:\/\/www.celttv.com.ar\/#\/schema\/person\/6d99c072dba59953809c81446e9d0ace\",\"name\":\"ulises\",\"image\":{\"@type\":\"ImageObject\",\"inLanguage\":\"es\",\"@id\":\"https:\/\/www.celttv.com.ar\/#\/schema\/person\/image\/\",\"url\":\"https:\/\/secure.gravatar.com\/avatar\/7f2c48bdc33b30088f941fb6082e555f2874c98e20cb159d7b92b50eadfce793?s=96&d=mm&r=g\",\"contentUrl\":\"https:\/\/secure.gravatar.com\/avatar\/7f2c48bdc33b30088f941fb6082e555f2874c98e20cb159d7b92b50eadfce793?s=96&d=mm&r=g\",\"caption\":\"ulises\"},\"sameAs\":[\"http:\/\/www.celttv.com.ar\"]}]}<\/script>\n<!-- \/ Yoast SEO plugin. -->","yoast_head_json":{"title":"EL CERRO TRES PICOS PATRIMONIO PROVINCIAL..? (Opinan los concejales Skolak, Buitrago y Bordoni) - CELTTV","description":"Sitio web de noticias de la localidad de Tornquist, provincia de Buenos Aires, Rep\u00fablica Argentina. Contenido propio originado por periodistas de CELTTV, el canal de TV local de la Cooperativa El\u00e9ctrica de Tornquist. Turismo, Pol\u00edtica, Sociedad, Deporte, Cultura y todo el contenido de inter\u00e9s general que la gente del pueblo y la regi\u00f3n debe conocer.","robots":{"index":"index","follow":"follow","max-snippet":"max-snippet:-1","max-image-preview":"max-image-preview:large","max-video-preview":"max-video-preview:-1"},"canonical":"https:\/\/www.celttv.com.ar\/index.php\/2013\/04\/20\/el-cerro-tres-picos-patrimonio-provincial-opinan-los-concejales-skolak-buitrago-y-bordoni\/","og_locale":"es_ES","og_type":"article","og_title":"EL CERRO TRES PICOS PATRIMONIO PROVINCIAL..? (Opinan los concejales Skolak, Buitrago y Bordoni) - CELTTV","og_description":"Sitio web de noticias de la localidad de Tornquist, provincia de Buenos Aires, Rep\u00fablica Argentina. Contenido propio originado por periodistas de CELTTV, el canal de TV local de la Cooperativa El\u00e9ctrica de Tornquist. Turismo, Pol\u00edtica, Sociedad, Deporte, Cultura y todo el contenido de inter\u00e9s general que la gente del pueblo y la regi\u00f3n debe conocer.","og_url":"https:\/\/www.celttv.com.ar\/index.php\/2013\/04\/20\/el-cerro-tres-picos-patrimonio-provincial-opinan-los-concejales-skolak-buitrago-y-bordoni\/","og_site_name":"CELTTV","article_publisher":"https:\/\/www.facebook.com\/celtTV\/","article_published_time":"2013-04-20T19:10:05+00:00","author":"ulises","twitter_card":"summary_large_image","twitter_misc":{"Escrito por":"ulises","Tiempo de lectura":"1 minuto"},"schema":{"@context":"https:\/\/schema.org","@graph":[{"@type":"NewsArticle","@id":"https:\/\/www.celttv.com.ar\/index.php\/2013\/04\/20\/el-cerro-tres-picos-patrimonio-provincial-opinan-los-concejales-skolak-buitrago-y-bordoni\/#article","isPartOf":{"@id":"https:\/\/www.celttv.com.ar\/index.php\/2013\/04\/20\/el-cerro-tres-picos-patrimonio-provincial-opinan-los-concejales-skolak-buitrago-y-bordoni\/"},"author":{"name":"ulises","@id":"https:\/\/www.celttv.com.ar\/#\/schema\/person\/6d99c072dba59953809c81446e9d0ace"},"headline":"EL CERRO TRES PICOS PATRIMONIO PROVINCIAL..? (Opinan los concejales Skolak, Buitrago y Bordoni)","datePublished":"2013-04-20T19:10:05+00:00","dateModified":"2013-04-20T19:10:05+00:00","mainEntityOfPage":{"@id":"https:\/\/www.celttv.com.ar\/index.php\/2013\/04\/20\/el-cerro-tres-picos-patrimonio-provincial-opinan-los-concejales-skolak-buitrago-y-bordoni\/"},"wordCount":158,"publisher":{"@id":"https:\/\/www.celttv.com.ar\/#organization"},"articleSection":["Comunidad","Destacadas","Pol\u00edtica","Videos Destacados"],"inLanguage":"es"},{"@type":"WebPage","@id":"https:\/\/www.celttv.com.ar\/index.php\/2013\/04\/20\/el-cerro-tres-picos-patrimonio-provincial-opinan-los-concejales-skolak-buitrago-y-bordoni\/","url":"https:\/\/www.celttv.com.ar\/index.php\/2013\/04\/20\/el-cerro-tres-picos-patrimonio-provincial-opinan-los-concejales-skolak-buitrago-y-bordoni\/","name":"EL CERRO TRES PICOS PATRIMONIO PROVINCIAL..? (Opinan los concejales Skolak, Buitrago y Bordoni) - CELTTV","isPartOf":{"@id":"https:\/\/www.celttv.com.ar\/#website"},"datePublished":"2013-04-20T19:10:05+00:00","dateModified":"2013-04-20T19:10:05+00:00","description":"Sitio web de noticias de la localidad de Tornquist, provincia de Buenos Aires, Rep\u00fablica Argentina. Contenido propio originado por periodistas de CELTTV, el canal de TV local de la Cooperativa El\u00e9ctrica de Tornquist. Turismo, Pol\u00edtica, Sociedad, Deporte, Cultura y todo el contenido de inter\u00e9s general que la gente del pueblo y la regi\u00f3n debe conocer.","breadcrumb":{"@id":"https:\/\/www.celttv.com.ar\/index.php\/2013\/04\/20\/el-cerro-tres-picos-patrimonio-provincial-opinan-los-concejales-skolak-buitrago-y-bordoni\/#breadcrumb"},"inLanguage":"es","potentialAction":[{"@type":"ReadAction","target":["https:\/\/www.celttv.com.ar\/index.php\/2013\/04\/20\/el-cerro-tres-picos-patrimonio-provincial-opinan-los-concejales-skolak-buitrago-y-bordoni\/"]}]},{"@type":"BreadcrumbList","@id":"https:\/\/www.celttv.com.ar\/index.php\/2013\/04\/20\/el-cerro-tres-picos-patrimonio-provincial-opinan-los-concejales-skolak-buitrago-y-bordoni\/#breadcrumb","itemListElement":[{"@type":"ListItem","position":1,"name":"Inicio","item":"https:\/\/www.celttv.com.ar\/"},{"@type":"ListItem","position":2,"name":"EL CERRO TRES PICOS PATRIMONIO PROVINCIAL..? (Opinan los concejales Skolak, Buitrago y Bordoni)"}]},{"@type":"WebSite","@id":"https:\/\/www.celttv.com.ar\/#website","url":"https:\/\/www.celttv.com.ar\/","name":"CELTTV","description":"Cooperativa El\u00e9ctrica de Tornquist","publisher":{"@id":"https:\/\/www.celttv.com.ar\/#organization"},"potentialAction":[{"@type":"SearchAction","target":{"@type":"EntryPoint","urlTemplate":"https:\/\/www.celttv.com.ar\/?s={search_term_string}"},"query-input":"required name=search_term_string"}],"inLanguage":"es"},{"@type":"Organization","@id":"https:\/\/www.celttv.com.ar\/#organization","name":"CELTTV","url":"https:\/\/www.celttv.com.ar\/","sameAs":["https:\/\/www.youtube.com\/channel\/UCz_oIt8Hig64Ub-EmcNPIhg","https:\/\/www.facebook.com\/celtTV\/"],"logo":{"@type":"ImageObject","inLanguage":"es","@id":"https:\/\/www.celttv.com.ar\/#\/schema\/logo\/image\/","url":"http:\/\/www.celttv.com.ar\/wp-content\/uploads\/2022\/08\/logo-1.png","contentUrl":"http:\/\/www.celttv.com.ar\/wp-content\/uploads\/2022\/08\/logo-1.png","width":461,"height":159,"caption":"CELTTV"},"image":{"@id":"https:\/\/www.celttv.com.ar\/#\/schema\/logo\/image\/"}},{"@type":"Person","@id":"https:\/\/www.celttv.com.ar\/#\/schema\/person\/6d99c072dba59953809c81446e9d0ace","name":"ulises","image":{"@type":"ImageObject","inLanguage":"es","@id":"https:\/\/www.celttv.com.ar\/#\/schema\/person\/image\/","url":"https:\/\/secure.gravatar.com\/avatar\/7f2c48bdc33b30088f941fb6082e555f2874c98e20cb159d7b92b50eadfce793?s=96&d=mm&r=g","contentUrl":"https:\/\/secure.gravatar.com\/avatar\/7f2c48bdc33b30088f941fb6082e555f2874c98e20cb159d7b92b50eadfce793?s=96&d=mm&r=g","caption":"ulises"},"sameAs":["http:\/\/www.celttv.com.ar"]}]}},"_links":{"self":[{"href":"https:\/\/www.celttv.com.ar\/index.php\/wp-json\/wp\/v2\/posts\/11203","targetHints":{"allow":["GET"]}}],"collection":[{"href":"https:\/\/www.celttv.com.ar\/index.php\/wp-json\/wp\/v2\/posts"}],"about":[{"href":"https:\/\/www.celttv.com.ar\/index.php\/wp-json\/wp\/v2\/types\/post"}],"author":[{"embeddable":true,"href":"https:\/\/www.celttv.com.ar\/index.php\/wp-json\/wp\/v2\/users\/1"}],"replies":[{"embeddable":true,"href":"https:\/\/www.celttv.com.ar\/index.php\/wp-json\/wp\/v2\/comments?post=11203"}],"version-history":[{"count":0,"href":"https:\/\/www.celttv.com.ar\/index.php\/wp-json\/wp\/v2\/posts\/11203\/revisions"}],"wp:attachment":[{"href":"https:\/\/www.celttv.com.ar\/index.php\/wp-json\/wp\/v2\/media?parent=11203"}],"wp:term":[{"taxonomy":"category","embeddable":true,"href":"https:\/\/www.celttv.com.ar\/index.php\/wp-json\/wp\/v2\/categories?post=11203"},{"taxonomy":"post_tag","embeddable":true,"href":"https:\/\/www.celttv.com.ar\/index.php\/wp-json\/wp\/v2\/tags?post=11203"}],"curies":[{"name":"wp","href":"https:\/\/api.w.org\/{rel}","templated":true}]}}