{"id":11215,"date":"2013-04-22T14:35:13","date_gmt":"2013-04-22T14:35:13","guid":{"rendered":"http:\/\/www.tvcnoticias.com.ar\/?p=11215"},"modified":"2013-04-22T14:35:13","modified_gmt":"2013-04-22T14:35:13","slug":"ambiente-comarca-presento-un-proyecto-para-el-manejo-de-residuos-de-poda-y-obra","status":"publish","type":"post","link":"https:\/\/www.celttv.com.ar\/index.php\/2013\/04\/22\/ambiente-comarca-presento-un-proyecto-para-el-manejo-de-residuos-de-poda-y-obra\/","title":{"rendered":"AMBIENTE COMARCA PRESENTO UN PROYECTO PARA EL MANEJO DE RESIDUOS DE PODA Y OBRA"},"content":{"rendered":"<p><br \/>\nLa ONG Ambiente Comarca envi\u00f3 al Concejo Deliberante de Tornquist un proyecto de ordenanza para contribuir al ordenamiento y deposici\u00f3n final \u00a0de los \u00a0Residuos y materiales de parques y obras en la v\u00eda p\u00fablica.<br \/>\nTextualmente publicamos el contenido de la nota enviada al cuerpo deliberativo<br \/>\nDe nuestra consideraci\u00f3n:<br \/>\nSeguramente Usted, al igual que nosotros, ha notado como a\u00f1o tras a\u00f1o mucha gente de otras localidades eligen nuestra comarca serrana como lugar para vivir en forma definitiva o transitoria, atra\u00eddos por la favorable calidad de vida que se disfruta aqu\u00ed. Esto ha generado la puesta en marcha en forma ininterrumpida de obras en construcci\u00f3n, gestadas por las inversiones de vecinos ya arraigados, como as\u00ed tambi\u00e9n de nuevos habitantes. Este fen\u00f3meno de crecimiento, indiscutiblemente beneficioso en algunos aspectos -por ejemplo los laborales y \u00a0econ\u00f3micos-, tambi\u00e9n puede transformarse en desfavorable si no es acompa\u00f1ado con legislaci\u00f3n municipal que regule los aspectos negativos generados por la actividad misma.<br \/>\nUna de las consecuencias negativas que ya se viene observando regularmente y con notorio crecimiento, es la utilizaci\u00f3n de la v\u00eda p\u00fablica como lugar para libre disposici\u00f3n de residuos generales de poda y limpieza de terrenos, como as\u00ed tambi\u00e9n el acopio de materiales de construcci\u00f3n y los escombros que de la edificaci\u00f3n se genera. La proliferaci\u00f3n de este tipo de materiales en veredas, esquinas y bald\u00edos, ocasiona diversos aspectos problem\u00e1ticos relacionados con la salubridad p\u00fablica, la libre circulaci\u00f3n y el impacto visual.<br \/>\nA ra\u00edz de esto, hemos elaborado una propuesta que acercamos a continuaci\u00f3n, la cual redactamos y estructuramos con un formato de proyecto de ordenanza con el solo objetivo de facilitar la transmisi\u00f3n de la proposici\u00f3n, sabiendo que, necesariamente, la misma deber\u00e1 ser en primera instancia considerada v\u00e1lida, para luego ser adaptada, \u00a0corregida y tratada desde el cuerpo deliberante que Usted preside.<br \/>\nParte de esta propuesta fue elaborada a partir de observaciones de la realidad en otros distritos vecinos y pensamos que la misma puede ser un anexo u ampliaci\u00f3n de \u00a0las ordenanzas N\u00b0 75 y 999\/94, ambas ya en vigencia en nuestro Municipio de Tornquist.<br \/>\nGabriela Tramontini<br \/>\nSecretaria<br \/>\nHugo Kloster<br \/>\nPresidente<br \/>\nVISTO:<br \/>\nLa necesidad de controlar el correcto manejo, disposici\u00f3n y ruta de los residuos generales que los habitantes generan y depositan en las esquinas, veredas, terrenos bald\u00edos, etc.<br \/>\nQue por distintas causas se ha generado una mala costumbre de arrojar desperdicios de parques y de obras en la v\u00eda p\u00fablica, como as\u00ed tambi\u00e9n el acopio de materiales nuevos para la construcci\u00f3n.<br \/>\nQue existe una situaci\u00f3n desordenada en la materia, dado que no se ofrece otra opci\u00f3n, y<br \/>\nCONSIDERANDO:<br \/>\nQue el objetivo de la presente propuesta tiene propensi\u00f3n a optimizar los escasos recursos presupuestarios, de mano de obra, maquinaria y gastos varios del Municipio; a la buena imagen de la localidad hacia los pobladores y turistas; a la protecci\u00f3n de la salud humana, de los ecosistemas, a la disminuci\u00f3n de los elementos contaminantes del medio ambiente y a la concientizaci\u00f3n necesaria de que cada integrante de la comunidad es responsable de los residuos que genera; y que el municipio tiene la obligaci\u00f3n, como contraprestaci\u00f3n de lo recaudado por ABL, de recolectar solamente los residuos hogare\u00f1os y previamente separados en bolsas de distintos colores para su reciclado,<br \/>\nPOR ELLO:<br \/>\nSe propone al HONORABLE CONCEJO DELIBERANTE de Tornquist lo siguiente:<br \/>\n\u00b7 \u00a0 \u00a0 \u00a0 \u00a0 Promover en nuestro Distrito el servicio de alquiler de contenedores volquetes, teniendo en cuenta distintas medidas seg\u00fan la necesidad del vecino solicitante, ya sea por volumen \u00f3 tipo de residuo a transportar, haciendo obligatorio el uso de los mismos para el almacenamiento transitorio en la v\u00eda p\u00fablica de residuos de parques y obras, resultantes de tareas de limpieza de terrenos y construcci\u00f3n de obras.<br \/>\n\u00b7 \u00a0 Los proveedores del servicio deber\u00e1n estar registrados en la municipalidad e instruidos para la ubicaci\u00f3n de los contenedores, ruta y disposici\u00f3n final de los residuos, controlando el Municipio que cada tipo de residuo es transportado al lugar determinado para tal fin.<br \/>\n\u00b7 \u00a0El precio del alquiler ser\u00e1 acorde y en consonancia con el mercado comercial regional de estos servicios.<br \/>\n\u00b7 \u00a0Para aquel vecino, organismo de bien p\u00fablico o entidad social que demostrara dificultad econ\u00f3mica o se caracterice como entidad sin fines de lucro y no cuente con los recursos econ\u00f3micos necesarios, el municipio ofrecer\u00e1 el servicio en forma gratuita mediante la realizaci\u00f3n de un tr\u00e1mite establecido a tal efecto.<br \/>\n\u00b7 Prohibir el acopio de materiales para la construcci\u00f3n en las veredas o calles que afecten la libre circulaci\u00f3n de peatones y veh\u00edculos. Exigir la valla y se\u00f1alizaci\u00f3n necesaria para que evitar obstrucciones y prevenir accidentes.<br \/>\nDel aprovechamiento de los residuos:<br \/>\n\u00b7 \u00a0Los residuos de poda se procesar\u00e1n con una chipeadora para reducir volumen y poder usar el material resultante para distintos usos (abono, fabricaci\u00f3n de briquetas, etc.).<br \/>\n\u00b7 \u00a0El desecho de obras (escombros) se podr\u00e1 usar para el relleno o mejoras de calles, (previamente tratado con una moledora), o para la venta a obras que necesitan de este material.<br \/>\n\u00b7 \u00a0Los residuos met\u00e1licos se clasificaran para su comercializaci\u00f3n.<br \/>\nDe los residuos en la v\u00eda p\u00fablica en general:<br \/>\nProhibir la quema de ramas, hojas u otros residuos en cualquier sector, para evitar molestias a los vecinos y deterioro del medio ambiente.\u00a0Hacer exigible la colocaci\u00f3n de canastos, cestos o basuriles en el frente de cada domicilio, sean estos hogares, caba\u00f1as, hoteles, restaurantes, etc., para el dep\u00f3sito de los residuos s\u00f3lidos urbanos generados mediante la separaci\u00f3n en origen, hasta el momento de la recolecci\u00f3n, prohibiendo el acopio de bolsas directamente en el suelo, las que frecuentemente terminan da\u00f1adas por animales y su contenido esparcido en la v\u00eda p\u00fablica.\u00a0Los canastos, cestos o basuriles deber\u00e1n respetar normas b\u00e1sicas de construcci\u00f3n (por ejemplo tener una tapa adecuada) seg\u00fan dise\u00f1o a proponer por el municipio.\u00a0De la difusi\u00f3n de esta normativa:<br \/>\n\u00b7 \u00a0 \u00a0 \u00a0 \u00a0 Esta ordenanza deber\u00e1 estar acompa\u00f1ada por difusi\u00f3n en los medios, inclusive con volantes en el impuesto abl, aclarando las multas aplicables por el incumplimiento de la normativa.<br \/>\n\u00b7 \u00a0 \u00a0 \u00a0 \u00a0 Tambi\u00e9n se colocar\u00e1n carteles en los lugares acostumbrados a la acumulaci\u00f3n indebida de residuos en la v\u00eda p\u00fablica con las nuevas indicaciones y las multas correspondientes.<br \/>\nDe la aplicaci\u00f3n, control y sanciones de la normativa:<br \/>\n\u00b7 \u00a0 \u00a0 \u00a0 \u00a0 El Municipio realizar\u00e1 el control necesario de lo normado en la presente, mediante la asistencia de inspectores motorizados para informar, persuadir, apercibir y\/o multar ante el incumplimiento de las normas establecidas.<br \/>\n\u00b7 \u00a0 \u00a0 \u00a0 \u00a0 El no cumplimiento de lo dispuesto por la presente normativa, determinar\u00e1 una multa equivalente al 20% (veinte por ciento) del sueldo m\u00ednimo municipal vigente.<br \/>\n\u00b7 \u00a0 \u00a0 \u00a0 \u00a0 El Municipio establecer\u00e1 un sistema de recepci\u00f3n de denuncias an\u00f3nimas para optimizar el control y evitar posibles conflictos entre vecinos.<br \/>\nPara todos los efectos detallados en la presente normativa se determina que:<br \/>\n\u00b7 \u00a0 \u00a0 \u00a0 \u00a0 Se entiende por residuos de parques a las ramas, troncos, hojas, ra\u00edces, pasto, c\u00e9sped, \u00e1rbolearbustos u otros elementos, resultantes de la poda, mantenimiento y\/o limpieza de jardines, terrenos bald\u00edos y veredas.<br \/>\n\u00b7 \u00a0 \u00a0 \u00a0 \u00a0 Se entiende por residuos de obras a los escombros, restos de mamposter\u00eda, maderas, metales, envases de productos de construcci\u00f3n y otros, resultantes de cualquier actividad relacionada con la construcci\u00f3n o demolici\u00f3n de viviendas u otras obras de infraestructura.<\/p>\n","protected":false},"excerpt":{"rendered":"<p>La ONG Ambiente Comarca envi\u00f3 al Concejo Deliberante de Tornquist un proyecto de ordenanza para contribuir al ordenamiento y deposici\u00f3n final \u00a0de los \u00a0Residuos y materiales de parques y obras en la v\u00eda p\u00fablica. Textualmente publicamos el contenido de la nota enviada al cuerpo deliberativo De nuestra consideraci\u00f3n: Seguramente Usted, al igual que nosotros, ha [&hellip;]<\/p>\n","protected":false},"author":1,"featured_media":0,"comment_status":"closed","ping_status":"open","sticky":false,"template":"","format":"standard","meta":{"footnotes":""},"categories":[51,52,53],"tags":[],"class_list":["post-11215","post","type-post","status-publish","format-standard","hentry","category-comunidad","category-destacadas","category-politica"],"yoast_head":"<!-- This site is optimized with the Yoast SEO plugin v19.7.1 - https:\/\/yoast.com\/wordpress\/plugins\/seo\/ -->\n<title>AMBIENTE COMARCA PRESENTO UN PROYECTO PARA EL MANEJO DE RESIDUOS DE PODA Y OBRA - CELTTV<\/title>\n<meta name=\"description\" content=\"Sitio web de noticias de la localidad de Tornquist, provincia de Buenos Aires, Rep\u00fablica Argentina. Contenido propio originado por periodistas de CELTTV, el canal de TV local de la Cooperativa El\u00e9ctrica de Tornquist. Turismo, Pol\u00edtica, Sociedad, Deporte, Cultura y todo el contenido de inter\u00e9s general que la gente del pueblo y la regi\u00f3n debe conocer.\" \/>\n<meta name=\"robots\" content=\"index, follow, max-snippet:-1, max-image-preview:large, max-video-preview:-1\" \/>\n<link rel=\"canonical\" href=\"https:\/\/www.celttv.com.ar\/index.php\/2013\/04\/22\/ambiente-comarca-presento-un-proyecto-para-el-manejo-de-residuos-de-poda-y-obra\/\" \/>\n<meta property=\"og:locale\" content=\"es_ES\" \/>\n<meta property=\"og:type\" content=\"article\" \/>\n<meta property=\"og:title\" content=\"AMBIENTE COMARCA PRESENTO UN PROYECTO PARA EL MANEJO DE RESIDUOS DE PODA Y OBRA - CELTTV\" \/>\n<meta property=\"og:description\" content=\"Sitio web de noticias de la localidad de Tornquist, provincia de Buenos Aires, Rep\u00fablica Argentina. Contenido propio originado por periodistas de CELTTV, el canal de TV local de la Cooperativa El\u00e9ctrica de Tornquist. Turismo, Pol\u00edtica, Sociedad, Deporte, Cultura y todo el contenido de inter\u00e9s general que la gente del pueblo y la regi\u00f3n debe conocer.\" \/>\n<meta property=\"og:url\" content=\"https:\/\/www.celttv.com.ar\/index.php\/2013\/04\/22\/ambiente-comarca-presento-un-proyecto-para-el-manejo-de-residuos-de-poda-y-obra\/\" \/>\n<meta property=\"og:site_name\" content=\"CELTTV\" \/>\n<meta property=\"article:publisher\" content=\"https:\/\/www.facebook.com\/celtTV\/\" \/>\n<meta property=\"article:published_time\" content=\"2013-04-22T14:35:13+00:00\" \/>\n<meta name=\"author\" content=\"ulises\" \/>\n<meta name=\"twitter:card\" content=\"summary_large_image\" \/>\n<meta name=\"twitter:label1\" content=\"Escrito por\" \/>\n\t<meta name=\"twitter:data1\" content=\"ulises\" \/>\n\t<meta name=\"twitter:label2\" content=\"Tiempo de lectura\" \/>\n\t<meta name=\"twitter:data2\" content=\"6 minutos\" \/>\n<script type=\"application\/ld+json\" class=\"yoast-schema-graph\">{\"@context\":\"https:\/\/schema.org\",\"@graph\":[{\"@type\":\"NewsArticle\",\"@id\":\"https:\/\/www.celttv.com.ar\/index.php\/2013\/04\/22\/ambiente-comarca-presento-un-proyecto-para-el-manejo-de-residuos-de-poda-y-obra\/#article\",\"isPartOf\":{\"@id\":\"https:\/\/www.celttv.com.ar\/index.php\/2013\/04\/22\/ambiente-comarca-presento-un-proyecto-para-el-manejo-de-residuos-de-poda-y-obra\/\"},\"author\":{\"name\":\"ulises\",\"@id\":\"https:\/\/www.celttv.com.ar\/#\/schema\/person\/6d99c072dba59953809c81446e9d0ace\"},\"headline\":\"AMBIENTE COMARCA PRESENTO UN PROYECTO PARA EL MANEJO DE RESIDUOS DE PODA Y OBRA\",\"datePublished\":\"2013-04-22T14:35:13+00:00\",\"dateModified\":\"2013-04-22T14:35:13+00:00\",\"mainEntityOfPage\":{\"@id\":\"https:\/\/www.celttv.com.ar\/index.php\/2013\/04\/22\/ambiente-comarca-presento-un-proyecto-para-el-manejo-de-residuos-de-poda-y-obra\/\"},\"wordCount\":1285,\"publisher\":{\"@id\":\"https:\/\/www.celttv.com.ar\/#organization\"},\"articleSection\":[\"Comunidad\",\"Destacadas\",\"Pol\u00edtica\"],\"inLanguage\":\"es\"},{\"@type\":\"WebPage\",\"@id\":\"https:\/\/www.celttv.com.ar\/index.php\/2013\/04\/22\/ambiente-comarca-presento-un-proyecto-para-el-manejo-de-residuos-de-poda-y-obra\/\",\"url\":\"https:\/\/www.celttv.com.ar\/index.php\/2013\/04\/22\/ambiente-comarca-presento-un-proyecto-para-el-manejo-de-residuos-de-poda-y-obra\/\",\"name\":\"AMBIENTE COMARCA PRESENTO UN PROYECTO PARA EL MANEJO DE RESIDUOS DE PODA Y OBRA - CELTTV\",\"isPartOf\":{\"@id\":\"https:\/\/www.celttv.com.ar\/#website\"},\"datePublished\":\"2013-04-22T14:35:13+00:00\",\"dateModified\":\"2013-04-22T14:35:13+00:00\",\"description\":\"Sitio web de noticias de la localidad de Tornquist, provincia de Buenos Aires, Rep\u00fablica Argentina. Contenido propio originado por periodistas de CELTTV, el canal de TV local de la Cooperativa El\u00e9ctrica de Tornquist. Turismo, Pol\u00edtica, Sociedad, Deporte, Cultura y todo el contenido de inter\u00e9s general que la gente del pueblo y la regi\u00f3n debe conocer.\",\"breadcrumb\":{\"@id\":\"https:\/\/www.celttv.com.ar\/index.php\/2013\/04\/22\/ambiente-comarca-presento-un-proyecto-para-el-manejo-de-residuos-de-poda-y-obra\/#breadcrumb\"},\"inLanguage\":\"es\",\"potentialAction\":[{\"@type\":\"ReadAction\",\"target\":[\"https:\/\/www.celttv.com.ar\/index.php\/2013\/04\/22\/ambiente-comarca-presento-un-proyecto-para-el-manejo-de-residuos-de-poda-y-obra\/\"]}]},{\"@type\":\"BreadcrumbList\",\"@id\":\"https:\/\/www.celttv.com.ar\/index.php\/2013\/04\/22\/ambiente-comarca-presento-un-proyecto-para-el-manejo-de-residuos-de-poda-y-obra\/#breadcrumb\",\"itemListElement\":[{\"@type\":\"ListItem\",\"position\":1,\"name\":\"Inicio\",\"item\":\"https:\/\/www.celttv.com.ar\/\"},{\"@type\":\"ListItem\",\"position\":2,\"name\":\"AMBIENTE COMARCA PRESENTO UN PROYECTO PARA EL MANEJO DE RESIDUOS DE PODA Y OBRA\"}]},{\"@type\":\"WebSite\",\"@id\":\"https:\/\/www.celttv.com.ar\/#website\",\"url\":\"https:\/\/www.celttv.com.ar\/\",\"name\":\"CELTTV\",\"description\":\"Cooperativa El\u00e9ctrica de Tornquist\",\"publisher\":{\"@id\":\"https:\/\/www.celttv.com.ar\/#organization\"},\"potentialAction\":[{\"@type\":\"SearchAction\",\"target\":{\"@type\":\"EntryPoint\",\"urlTemplate\":\"https:\/\/www.celttv.com.ar\/?s={search_term_string}\"},\"query-input\":\"required name=search_term_string\"}],\"inLanguage\":\"es\"},{\"@type\":\"Organization\",\"@id\":\"https:\/\/www.celttv.com.ar\/#organization\",\"name\":\"CELTTV\",\"url\":\"https:\/\/www.celttv.com.ar\/\",\"sameAs\":[\"https:\/\/www.youtube.com\/channel\/UCz_oIt8Hig64Ub-EmcNPIhg\",\"https:\/\/www.facebook.com\/celtTV\/\"],\"logo\":{\"@type\":\"ImageObject\",\"inLanguage\":\"es\",\"@id\":\"https:\/\/www.celttv.com.ar\/#\/schema\/logo\/image\/\",\"url\":\"http:\/\/www.celttv.com.ar\/wp-content\/uploads\/2022\/08\/logo-1.png\",\"contentUrl\":\"http:\/\/www.celttv.com.ar\/wp-content\/uploads\/2022\/08\/logo-1.png\",\"width\":461,\"height\":159,\"caption\":\"CELTTV\"},\"image\":{\"@id\":\"https:\/\/www.celttv.com.ar\/#\/schema\/logo\/image\/\"}},{\"@type\":\"Person\",\"@id\":\"https:\/\/www.celttv.com.ar\/#\/schema\/person\/6d99c072dba59953809c81446e9d0ace\",\"name\":\"ulises\",\"image\":{\"@type\":\"ImageObject\",\"inLanguage\":\"es\",\"@id\":\"https:\/\/www.celttv.com.ar\/#\/schema\/person\/image\/\",\"url\":\"https:\/\/secure.gravatar.com\/avatar\/7f2c48bdc33b30088f941fb6082e555f2874c98e20cb159d7b92b50eadfce793?s=96&d=mm&r=g\",\"contentUrl\":\"https:\/\/secure.gravatar.com\/avatar\/7f2c48bdc33b30088f941fb6082e555f2874c98e20cb159d7b92b50eadfce793?s=96&d=mm&r=g\",\"caption\":\"ulises\"},\"sameAs\":[\"http:\/\/www.celttv.com.ar\"]}]}<\/script>\n<!-- \/ Yoast SEO plugin. -->","yoast_head_json":{"title":"AMBIENTE COMARCA PRESENTO UN PROYECTO PARA EL MANEJO DE RESIDUOS DE PODA Y OBRA - CELTTV","description":"Sitio web de noticias de la localidad de Tornquist, provincia de Buenos Aires, Rep\u00fablica Argentina. Contenido propio originado por periodistas de CELTTV, el canal de TV local de la Cooperativa El\u00e9ctrica de Tornquist. Turismo, Pol\u00edtica, Sociedad, Deporte, Cultura y todo el contenido de inter\u00e9s general que la gente del pueblo y la regi\u00f3n debe conocer.","robots":{"index":"index","follow":"follow","max-snippet":"max-snippet:-1","max-image-preview":"max-image-preview:large","max-video-preview":"max-video-preview:-1"},"canonical":"https:\/\/www.celttv.com.ar\/index.php\/2013\/04\/22\/ambiente-comarca-presento-un-proyecto-para-el-manejo-de-residuos-de-poda-y-obra\/","og_locale":"es_ES","og_type":"article","og_title":"AMBIENTE COMARCA PRESENTO UN PROYECTO PARA EL MANEJO DE RESIDUOS DE PODA Y OBRA - CELTTV","og_description":"Sitio web de noticias de la localidad de Tornquist, provincia de Buenos Aires, Rep\u00fablica Argentina. Contenido propio originado por periodistas de CELTTV, el canal de TV local de la Cooperativa El\u00e9ctrica de Tornquist. Turismo, Pol\u00edtica, Sociedad, Deporte, Cultura y todo el contenido de inter\u00e9s general que la gente del pueblo y la regi\u00f3n debe conocer.","og_url":"https:\/\/www.celttv.com.ar\/index.php\/2013\/04\/22\/ambiente-comarca-presento-un-proyecto-para-el-manejo-de-residuos-de-poda-y-obra\/","og_site_name":"CELTTV","article_publisher":"https:\/\/www.facebook.com\/celtTV\/","article_published_time":"2013-04-22T14:35:13+00:00","author":"ulises","twitter_card":"summary_large_image","twitter_misc":{"Escrito por":"ulises","Tiempo de lectura":"6 minutos"},"schema":{"@context":"https:\/\/schema.org","@graph":[{"@type":"NewsArticle","@id":"https:\/\/www.celttv.com.ar\/index.php\/2013\/04\/22\/ambiente-comarca-presento-un-proyecto-para-el-manejo-de-residuos-de-poda-y-obra\/#article","isPartOf":{"@id":"https:\/\/www.celttv.com.ar\/index.php\/2013\/04\/22\/ambiente-comarca-presento-un-proyecto-para-el-manejo-de-residuos-de-poda-y-obra\/"},"author":{"name":"ulises","@id":"https:\/\/www.celttv.com.ar\/#\/schema\/person\/6d99c072dba59953809c81446e9d0ace"},"headline":"AMBIENTE COMARCA PRESENTO UN PROYECTO PARA EL MANEJO DE RESIDUOS DE PODA Y OBRA","datePublished":"2013-04-22T14:35:13+00:00","dateModified":"2013-04-22T14:35:13+00:00","mainEntityOfPage":{"@id":"https:\/\/www.celttv.com.ar\/index.php\/2013\/04\/22\/ambiente-comarca-presento-un-proyecto-para-el-manejo-de-residuos-de-poda-y-obra\/"},"wordCount":1285,"publisher":{"@id":"https:\/\/www.celttv.com.ar\/#organization"},"articleSection":["Comunidad","Destacadas","Pol\u00edtica"],"inLanguage":"es"},{"@type":"WebPage","@id":"https:\/\/www.celttv.com.ar\/index.php\/2013\/04\/22\/ambiente-comarca-presento-un-proyecto-para-el-manejo-de-residuos-de-poda-y-obra\/","url":"https:\/\/www.celttv.com.ar\/index.php\/2013\/04\/22\/ambiente-comarca-presento-un-proyecto-para-el-manejo-de-residuos-de-poda-y-obra\/","name":"AMBIENTE COMARCA PRESENTO UN PROYECTO PARA EL MANEJO DE RESIDUOS DE PODA Y OBRA - CELTTV","isPartOf":{"@id":"https:\/\/www.celttv.com.ar\/#website"},"datePublished":"2013-04-22T14:35:13+00:00","dateModified":"2013-04-22T14:35:13+00:00","description":"Sitio web de noticias de la localidad de Tornquist, provincia de Buenos Aires, Rep\u00fablica Argentina. Contenido propio originado por periodistas de CELTTV, el canal de TV local de la Cooperativa El\u00e9ctrica de Tornquist. Turismo, Pol\u00edtica, Sociedad, Deporte, Cultura y todo el contenido de inter\u00e9s general que la gente del pueblo y la regi\u00f3n debe conocer.","breadcrumb":{"@id":"https:\/\/www.celttv.com.ar\/index.php\/2013\/04\/22\/ambiente-comarca-presento-un-proyecto-para-el-manejo-de-residuos-de-poda-y-obra\/#breadcrumb"},"inLanguage":"es","potentialAction":[{"@type":"ReadAction","target":["https:\/\/www.celttv.com.ar\/index.php\/2013\/04\/22\/ambiente-comarca-presento-un-proyecto-para-el-manejo-de-residuos-de-poda-y-obra\/"]}]},{"@type":"BreadcrumbList","@id":"https:\/\/www.celttv.com.ar\/index.php\/2013\/04\/22\/ambiente-comarca-presento-un-proyecto-para-el-manejo-de-residuos-de-poda-y-obra\/#breadcrumb","itemListElement":[{"@type":"ListItem","position":1,"name":"Inicio","item":"https:\/\/www.celttv.com.ar\/"},{"@type":"ListItem","position":2,"name":"AMBIENTE COMARCA PRESENTO UN PROYECTO PARA EL MANEJO DE RESIDUOS DE PODA Y OBRA"}]},{"@type":"WebSite","@id":"https:\/\/www.celttv.com.ar\/#website","url":"https:\/\/www.celttv.com.ar\/","name":"CELTTV","description":"Cooperativa El\u00e9ctrica de Tornquist","publisher":{"@id":"https:\/\/www.celttv.com.ar\/#organization"},"potentialAction":[{"@type":"SearchAction","target":{"@type":"EntryPoint","urlTemplate":"https:\/\/www.celttv.com.ar\/?s={search_term_string}"},"query-input":"required name=search_term_string"}],"inLanguage":"es"},{"@type":"Organization","@id":"https:\/\/www.celttv.com.ar\/#organization","name":"CELTTV","url":"https:\/\/www.celttv.com.ar\/","sameAs":["https:\/\/www.youtube.com\/channel\/UCz_oIt8Hig64Ub-EmcNPIhg","https:\/\/www.facebook.com\/celtTV\/"],"logo":{"@type":"ImageObject","inLanguage":"es","@id":"https:\/\/www.celttv.com.ar\/#\/schema\/logo\/image\/","url":"http:\/\/www.celttv.com.ar\/wp-content\/uploads\/2022\/08\/logo-1.png","contentUrl":"http:\/\/www.celttv.com.ar\/wp-content\/uploads\/2022\/08\/logo-1.png","width":461,"height":159,"caption":"CELTTV"},"image":{"@id":"https:\/\/www.celttv.com.ar\/#\/schema\/logo\/image\/"}},{"@type":"Person","@id":"https:\/\/www.celttv.com.ar\/#\/schema\/person\/6d99c072dba59953809c81446e9d0ace","name":"ulises","image":{"@type":"ImageObject","inLanguage":"es","@id":"https:\/\/www.celttv.com.ar\/#\/schema\/person\/image\/","url":"https:\/\/secure.gravatar.com\/avatar\/7f2c48bdc33b30088f941fb6082e555f2874c98e20cb159d7b92b50eadfce793?s=96&d=mm&r=g","contentUrl":"https:\/\/secure.gravatar.com\/avatar\/7f2c48bdc33b30088f941fb6082e555f2874c98e20cb159d7b92b50eadfce793?s=96&d=mm&r=g","caption":"ulises"},"sameAs":["http:\/\/www.celttv.com.ar"]}]}},"_links":{"self":[{"href":"https:\/\/www.celttv.com.ar\/index.php\/wp-json\/wp\/v2\/posts\/11215","targetHints":{"allow":["GET"]}}],"collection":[{"href":"https:\/\/www.celttv.com.ar\/index.php\/wp-json\/wp\/v2\/posts"}],"about":[{"href":"https:\/\/www.celttv.com.ar\/index.php\/wp-json\/wp\/v2\/types\/post"}],"author":[{"embeddable":true,"href":"https:\/\/www.celttv.com.ar\/index.php\/wp-json\/wp\/v2\/users\/1"}],"replies":[{"embeddable":true,"href":"https:\/\/www.celttv.com.ar\/index.php\/wp-json\/wp\/v2\/comments?post=11215"}],"version-history":[{"count":0,"href":"https:\/\/www.celttv.com.ar\/index.php\/wp-json\/wp\/v2\/posts\/11215\/revisions"}],"wp:attachment":[{"href":"https:\/\/www.celttv.com.ar\/index.php\/wp-json\/wp\/v2\/media?parent=11215"}],"wp:term":[{"taxonomy":"category","embeddable":true,"href":"https:\/\/www.celttv.com.ar\/index.php\/wp-json\/wp\/v2\/categories?post=11215"},{"taxonomy":"post_tag","embeddable":true,"href":"https:\/\/www.celttv.com.ar\/index.php\/wp-json\/wp\/v2\/tags?post=11215"}],"curies":[{"name":"wp","href":"https:\/\/api.w.org\/{rel}","templated":true}]}}