{"id":11254,"date":"2013-04-24T15:34:25","date_gmt":"2013-04-24T15:34:25","guid":{"rendered":"http:\/\/www.tvcnoticias.com.ar\/?p=11254"},"modified":"2013-04-24T15:34:25","modified_gmt":"2013-04-24T15:34:25","slug":"creador-de-los-simuladores-dirige-en-sierra-un-film-de-darin-y-sbaraglia","status":"publish","type":"post","link":"https:\/\/www.celttv.com.ar\/index.php\/2013\/04\/24\/creador-de-los-simuladores-dirige-en-sierra-un-film-de-darin-y-sbaraglia\/","title":{"rendered":"Creador de Los Simuladores dirige en Sierra un film de Dar\u00edn y Sbaraglia"},"content":{"rendered":"<p><a rel=\"attachment wp-att-11255\" href=\"http:\/\/www.tvcnoticias.com.ar\/?attachment_id=11255\"><img loading=\"lazy\" decoding=\"async\" class=\"aligncenter size-full wp-image-11255\" title=\"LOS SIMULADORES (Small)\" src=\"http:\/\/www.tvcnoticias.com.ar\/wp-content\/uploads\/2013\/04\/LOS-SIMULADORES-Small.jpg\" alt=\"\" width=\"640\" height=\"469\" \/><\/a><br \/>\nCon un elenco de figuras consagradas, el director de \u201cLos Simuladores\u201d, Dami\u00e1n Szifr\u00f3n, desembarca en Sierra de la Ventana para filmar \u201cRelatos Salvajes\u201d, su nueva pel\u00edcula que protagonizan Ricardo Dar\u00edn, Leonardo Sbaraglia y Oscar Mart\u00ednez.<br \/>\nLa productora a cargo del largometraje ya reserv\u00f3 once\u00a0caba\u00f1as en zona cercana al complejo de golf para desarrollar el rodaje durante el fin de semana largo por el feriado del 20 de junio.<br \/>\nSe trata de una pel\u00edcula de las denominadas \u201ccoral\u201d (varias historias que se cruzan en un punto en com\u00fan) por lo que a\u00fan se desconoce a qu\u00e9 actor le corresponder\u00e1 protagonizar la parte del relato que se rodar\u00e1 en la comarca.<br \/>\nPor el momento, s\u00f3lo se sabe que no ser\u00e1 Ricardo Dar\u00edn, ya que su participaci\u00f3n termin\u00f3 de filmarse la semana pasada en Capital Federal.<br \/>\n\u201cRelatos salvajes\u201d son seis historias independientes que transcurren en distintos puntos de la argentina y que combinan suspenso, humor y violencia. Y seg\u00fan anticipan los productores, las escenas son un verdadero espect\u00e1culo visual y narrativo.<br \/>\nAdem\u00e1s de Sbaraglia, Dar\u00edn y Martinez, el elenco se completa con Dar\u00edo Grandinetti, Nancy Dupla\u00e1 y Rita Cortese, entre otros.<br \/>\nEl proyecto cuenta con la producci\u00f3n de Hugo Sigman, Pedro Almod\u00f3var, Agust\u00edn Almod\u00f3var y Esther Garc\u00eda; Y es co-producida por Telef\u00e9, mientras que su distribuci\u00f3n quedar\u00e1 a cargo de Warner Bros\u00a0Pictures.<br \/>\nLa banda sonora estar\u00e1 a cargo de Alberto Iglesias, compositor habitual de Pedro Almod\u00f3var y tres veces nominado al Oscar por El jardinero fiel (The Constant Gardener), Cometas en el cielo (The Kite Runner) y El topo (Tinker Tailor Soldier Spy).<br \/>\nEl rodaje comenz\u00f3 el 8 de abril y se extender\u00e1 hasta los primeros d\u00edas de junio en diversas locaciones de Buenos Aires, Salta y Jujuy.<br \/>\n&nbsp;<br \/>\nFuente: La Brujula.com<br \/>\n&nbsp;<\/p>\n","protected":false},"excerpt":{"rendered":"<p>Con un elenco de figuras consagradas, el director de \u201cLos Simuladores\u201d, Dami\u00e1n Szifr\u00f3n, desembarca en Sierra de la Ventana para filmar \u201cRelatos Salvajes\u201d, su nueva pel\u00edcula que protagonizan Ricardo Dar\u00edn, Leonardo Sbaraglia y Oscar Mart\u00ednez. La productora a cargo del largometraje ya reserv\u00f3 once\u00a0caba\u00f1as en zona cercana al complejo de golf para desarrollar el rodaje [&hellip;]<\/p>\n","protected":false},"author":1,"featured_media":0,"comment_status":"closed","ping_status":"open","sticky":false,"template":"","format":"standard","meta":{"footnotes":""},"categories":[51,52,56],"tags":[],"class_list":["post-11254","post","type-post","status-publish","format-standard","hentry","category-comunidad","category-destacadas","category-espectaculos"],"yoast_head":"<!-- This site is optimized with the Yoast SEO plugin v19.7.1 - https:\/\/yoast.com\/wordpress\/plugins\/seo\/ -->\n<title>Creador de Los Simuladores dirige en Sierra un film de Dar\u00edn y Sbaraglia - CELTTV<\/title>\n<meta name=\"description\" content=\"Sitio web de noticias de la localidad de Tornquist, provincia de Buenos Aires, Rep\u00fablica Argentina. Contenido propio originado por periodistas de CELTTV, el canal de TV local de la Cooperativa El\u00e9ctrica de Tornquist. Turismo, Pol\u00edtica, Sociedad, Deporte, Cultura y todo el contenido de inter\u00e9s general que la gente del pueblo y la regi\u00f3n debe conocer.\" \/>\n<meta name=\"robots\" content=\"index, follow, max-snippet:-1, max-image-preview:large, max-video-preview:-1\" \/>\n<link rel=\"canonical\" href=\"https:\/\/www.celttv.com.ar\/index.php\/2013\/04\/24\/creador-de-los-simuladores-dirige-en-sierra-un-film-de-darin-y-sbaraglia\/\" \/>\n<meta property=\"og:locale\" content=\"es_ES\" \/>\n<meta property=\"og:type\" content=\"article\" \/>\n<meta property=\"og:title\" content=\"Creador de Los Simuladores dirige en Sierra un film de Dar\u00edn y Sbaraglia - CELTTV\" \/>\n<meta property=\"og:description\" content=\"Sitio web de noticias de la localidad de Tornquist, provincia de Buenos Aires, Rep\u00fablica Argentina. Contenido propio originado por periodistas de CELTTV, el canal de TV local de la Cooperativa El\u00e9ctrica de Tornquist. Turismo, Pol\u00edtica, Sociedad, Deporte, Cultura y todo el contenido de inter\u00e9s general que la gente del pueblo y la regi\u00f3n debe conocer.\" \/>\n<meta property=\"og:url\" content=\"https:\/\/www.celttv.com.ar\/index.php\/2013\/04\/24\/creador-de-los-simuladores-dirige-en-sierra-un-film-de-darin-y-sbaraglia\/\" \/>\n<meta property=\"og:site_name\" content=\"CELTTV\" \/>\n<meta property=\"article:publisher\" content=\"https:\/\/www.facebook.com\/celtTV\/\" \/>\n<meta property=\"article:published_time\" content=\"2013-04-24T15:34:25+00:00\" \/>\n<meta property=\"og:image\" content=\"http:\/\/www.tvcnoticias.com.ar\/wp-content\/uploads\/2013\/04\/LOS-SIMULADORES-Small.jpg\" \/>\n<meta name=\"author\" content=\"ulises\" \/>\n<meta name=\"twitter:card\" content=\"summary_large_image\" \/>\n<meta name=\"twitter:label1\" content=\"Escrito por\" \/>\n\t<meta name=\"twitter:data1\" content=\"ulises\" \/>\n\t<meta name=\"twitter:label2\" content=\"Tiempo de lectura\" \/>\n\t<meta name=\"twitter:data2\" content=\"2 minutos\" \/>\n<script type=\"application\/ld+json\" class=\"yoast-schema-graph\">{\"@context\":\"https:\/\/schema.org\",\"@graph\":[{\"@type\":\"NewsArticle\",\"@id\":\"https:\/\/www.celttv.com.ar\/index.php\/2013\/04\/24\/creador-de-los-simuladores-dirige-en-sierra-un-film-de-darin-y-sbaraglia\/#article\",\"isPartOf\":{\"@id\":\"https:\/\/www.celttv.com.ar\/index.php\/2013\/04\/24\/creador-de-los-simuladores-dirige-en-sierra-un-film-de-darin-y-sbaraglia\/\"},\"author\":{\"name\":\"ulises\",\"@id\":\"https:\/\/www.celttv.com.ar\/#\/schema\/person\/6d99c072dba59953809c81446e9d0ace\"},\"headline\":\"Creador de Los Simuladores dirige en Sierra un film de Dar\u00edn y Sbaraglia\",\"datePublished\":\"2013-04-24T15:34:25+00:00\",\"dateModified\":\"2013-04-24T15:34:25+00:00\",\"mainEntityOfPage\":{\"@id\":\"https:\/\/www.celttv.com.ar\/index.php\/2013\/04\/24\/creador-de-los-simuladores-dirige-en-sierra-un-film-de-darin-y-sbaraglia\/\"},\"wordCount\":330,\"publisher\":{\"@id\":\"https:\/\/www.celttv.com.ar\/#organization\"},\"articleSection\":[\"Comunidad\",\"Destacadas\",\"Espect\u00e1culos\"],\"inLanguage\":\"es\"},{\"@type\":\"WebPage\",\"@id\":\"https:\/\/www.celttv.com.ar\/index.php\/2013\/04\/24\/creador-de-los-simuladores-dirige-en-sierra-un-film-de-darin-y-sbaraglia\/\",\"url\":\"https:\/\/www.celttv.com.ar\/index.php\/2013\/04\/24\/creador-de-los-simuladores-dirige-en-sierra-un-film-de-darin-y-sbaraglia\/\",\"name\":\"Creador de Los Simuladores dirige en Sierra un film de Dar\u00edn y Sbaraglia - CELTTV\",\"isPartOf\":{\"@id\":\"https:\/\/www.celttv.com.ar\/#website\"},\"datePublished\":\"2013-04-24T15:34:25+00:00\",\"dateModified\":\"2013-04-24T15:34:25+00:00\",\"description\":\"Sitio web de noticias de la localidad de Tornquist, provincia de Buenos Aires, Rep\u00fablica Argentina. Contenido propio originado por periodistas de CELTTV, el canal de TV local de la Cooperativa El\u00e9ctrica de Tornquist. Turismo, Pol\u00edtica, Sociedad, Deporte, Cultura y todo el contenido de inter\u00e9s general que la gente del pueblo y la regi\u00f3n debe conocer.\",\"breadcrumb\":{\"@id\":\"https:\/\/www.celttv.com.ar\/index.php\/2013\/04\/24\/creador-de-los-simuladores-dirige-en-sierra-un-film-de-darin-y-sbaraglia\/#breadcrumb\"},\"inLanguage\":\"es\",\"potentialAction\":[{\"@type\":\"ReadAction\",\"target\":[\"https:\/\/www.celttv.com.ar\/index.php\/2013\/04\/24\/creador-de-los-simuladores-dirige-en-sierra-un-film-de-darin-y-sbaraglia\/\"]}]},{\"@type\":\"BreadcrumbList\",\"@id\":\"https:\/\/www.celttv.com.ar\/index.php\/2013\/04\/24\/creador-de-los-simuladores-dirige-en-sierra-un-film-de-darin-y-sbaraglia\/#breadcrumb\",\"itemListElement\":[{\"@type\":\"ListItem\",\"position\":1,\"name\":\"Inicio\",\"item\":\"https:\/\/www.celttv.com.ar\/\"},{\"@type\":\"ListItem\",\"position\":2,\"name\":\"Creador de Los Simuladores dirige en Sierra un film de Dar\u00edn y Sbaraglia\"}]},{\"@type\":\"WebSite\",\"@id\":\"https:\/\/www.celttv.com.ar\/#website\",\"url\":\"https:\/\/www.celttv.com.ar\/\",\"name\":\"CELTTV\",\"description\":\"Cooperativa El\u00e9ctrica de Tornquist\",\"publisher\":{\"@id\":\"https:\/\/www.celttv.com.ar\/#organization\"},\"potentialAction\":[{\"@type\":\"SearchAction\",\"target\":{\"@type\":\"EntryPoint\",\"urlTemplate\":\"https:\/\/www.celttv.com.ar\/?s={search_term_string}\"},\"query-input\":\"required name=search_term_string\"}],\"inLanguage\":\"es\"},{\"@type\":\"Organization\",\"@id\":\"https:\/\/www.celttv.com.ar\/#organization\",\"name\":\"CELTTV\",\"url\":\"https:\/\/www.celttv.com.ar\/\",\"sameAs\":[\"https:\/\/www.youtube.com\/channel\/UCz_oIt8Hig64Ub-EmcNPIhg\",\"https:\/\/www.facebook.com\/celtTV\/\"],\"logo\":{\"@type\":\"ImageObject\",\"inLanguage\":\"es\",\"@id\":\"https:\/\/www.celttv.com.ar\/#\/schema\/logo\/image\/\",\"url\":\"http:\/\/www.celttv.com.ar\/wp-content\/uploads\/2022\/08\/logo-1.png\",\"contentUrl\":\"http:\/\/www.celttv.com.ar\/wp-content\/uploads\/2022\/08\/logo-1.png\",\"width\":461,\"height\":159,\"caption\":\"CELTTV\"},\"image\":{\"@id\":\"https:\/\/www.celttv.com.ar\/#\/schema\/logo\/image\/\"}},{\"@type\":\"Person\",\"@id\":\"https:\/\/www.celttv.com.ar\/#\/schema\/person\/6d99c072dba59953809c81446e9d0ace\",\"name\":\"ulises\",\"image\":{\"@type\":\"ImageObject\",\"inLanguage\":\"es\",\"@id\":\"https:\/\/www.celttv.com.ar\/#\/schema\/person\/image\/\",\"url\":\"https:\/\/secure.gravatar.com\/avatar\/7f2c48bdc33b30088f941fb6082e555f2874c98e20cb159d7b92b50eadfce793?s=96&d=mm&r=g\",\"contentUrl\":\"https:\/\/secure.gravatar.com\/avatar\/7f2c48bdc33b30088f941fb6082e555f2874c98e20cb159d7b92b50eadfce793?s=96&d=mm&r=g\",\"caption\":\"ulises\"},\"sameAs\":[\"http:\/\/www.celttv.com.ar\"]}]}<\/script>\n<!-- \/ Yoast SEO plugin. -->","yoast_head_json":{"title":"Creador de Los Simuladores dirige en Sierra un film de Dar\u00edn y Sbaraglia - CELTTV","description":"Sitio web de noticias de la localidad de Tornquist, provincia de Buenos Aires, Rep\u00fablica Argentina. Contenido propio originado por periodistas de CELTTV, el canal de TV local de la Cooperativa El\u00e9ctrica de Tornquist. Turismo, Pol\u00edtica, Sociedad, Deporte, Cultura y todo el contenido de inter\u00e9s general que la gente del pueblo y la regi\u00f3n debe conocer.","robots":{"index":"index","follow":"follow","max-snippet":"max-snippet:-1","max-image-preview":"max-image-preview:large","max-video-preview":"max-video-preview:-1"},"canonical":"https:\/\/www.celttv.com.ar\/index.php\/2013\/04\/24\/creador-de-los-simuladores-dirige-en-sierra-un-film-de-darin-y-sbaraglia\/","og_locale":"es_ES","og_type":"article","og_title":"Creador de Los Simuladores dirige en Sierra un film de Dar\u00edn y Sbaraglia - CELTTV","og_description":"Sitio web de noticias de la localidad de Tornquist, provincia de Buenos Aires, Rep\u00fablica Argentina. Contenido propio originado por periodistas de CELTTV, el canal de TV local de la Cooperativa El\u00e9ctrica de Tornquist. Turismo, Pol\u00edtica, Sociedad, Deporte, Cultura y todo el contenido de inter\u00e9s general que la gente del pueblo y la regi\u00f3n debe conocer.","og_url":"https:\/\/www.celttv.com.ar\/index.php\/2013\/04\/24\/creador-de-los-simuladores-dirige-en-sierra-un-film-de-darin-y-sbaraglia\/","og_site_name":"CELTTV","article_publisher":"https:\/\/www.facebook.com\/celtTV\/","article_published_time":"2013-04-24T15:34:25+00:00","og_image":[{"url":"http:\/\/www.tvcnoticias.com.ar\/wp-content\/uploads\/2013\/04\/LOS-SIMULADORES-Small.jpg"}],"author":"ulises","twitter_card":"summary_large_image","twitter_misc":{"Escrito por":"ulises","Tiempo de lectura":"2 minutos"},"schema":{"@context":"https:\/\/schema.org","@graph":[{"@type":"NewsArticle","@id":"https:\/\/www.celttv.com.ar\/index.php\/2013\/04\/24\/creador-de-los-simuladores-dirige-en-sierra-un-film-de-darin-y-sbaraglia\/#article","isPartOf":{"@id":"https:\/\/www.celttv.com.ar\/index.php\/2013\/04\/24\/creador-de-los-simuladores-dirige-en-sierra-un-film-de-darin-y-sbaraglia\/"},"author":{"name":"ulises","@id":"https:\/\/www.celttv.com.ar\/#\/schema\/person\/6d99c072dba59953809c81446e9d0ace"},"headline":"Creador de Los Simuladores dirige en Sierra un film de Dar\u00edn y Sbaraglia","datePublished":"2013-04-24T15:34:25+00:00","dateModified":"2013-04-24T15:34:25+00:00","mainEntityOfPage":{"@id":"https:\/\/www.celttv.com.ar\/index.php\/2013\/04\/24\/creador-de-los-simuladores-dirige-en-sierra-un-film-de-darin-y-sbaraglia\/"},"wordCount":330,"publisher":{"@id":"https:\/\/www.celttv.com.ar\/#organization"},"articleSection":["Comunidad","Destacadas","Espect\u00e1culos"],"inLanguage":"es"},{"@type":"WebPage","@id":"https:\/\/www.celttv.com.ar\/index.php\/2013\/04\/24\/creador-de-los-simuladores-dirige-en-sierra-un-film-de-darin-y-sbaraglia\/","url":"https:\/\/www.celttv.com.ar\/index.php\/2013\/04\/24\/creador-de-los-simuladores-dirige-en-sierra-un-film-de-darin-y-sbaraglia\/","name":"Creador de Los Simuladores dirige en Sierra un film de Dar\u00edn y Sbaraglia - CELTTV","isPartOf":{"@id":"https:\/\/www.celttv.com.ar\/#website"},"datePublished":"2013-04-24T15:34:25+00:00","dateModified":"2013-04-24T15:34:25+00:00","description":"Sitio web de noticias de la localidad de Tornquist, provincia de Buenos Aires, Rep\u00fablica Argentina. Contenido propio originado por periodistas de CELTTV, el canal de TV local de la Cooperativa El\u00e9ctrica de Tornquist. Turismo, Pol\u00edtica, Sociedad, Deporte, Cultura y todo el contenido de inter\u00e9s general que la gente del pueblo y la regi\u00f3n debe conocer.","breadcrumb":{"@id":"https:\/\/www.celttv.com.ar\/index.php\/2013\/04\/24\/creador-de-los-simuladores-dirige-en-sierra-un-film-de-darin-y-sbaraglia\/#breadcrumb"},"inLanguage":"es","potentialAction":[{"@type":"ReadAction","target":["https:\/\/www.celttv.com.ar\/index.php\/2013\/04\/24\/creador-de-los-simuladores-dirige-en-sierra-un-film-de-darin-y-sbaraglia\/"]}]},{"@type":"BreadcrumbList","@id":"https:\/\/www.celttv.com.ar\/index.php\/2013\/04\/24\/creador-de-los-simuladores-dirige-en-sierra-un-film-de-darin-y-sbaraglia\/#breadcrumb","itemListElement":[{"@type":"ListItem","position":1,"name":"Inicio","item":"https:\/\/www.celttv.com.ar\/"},{"@type":"ListItem","position":2,"name":"Creador de Los Simuladores dirige en Sierra un film de Dar\u00edn y Sbaraglia"}]},{"@type":"WebSite","@id":"https:\/\/www.celttv.com.ar\/#website","url":"https:\/\/www.celttv.com.ar\/","name":"CELTTV","description":"Cooperativa El\u00e9ctrica de Tornquist","publisher":{"@id":"https:\/\/www.celttv.com.ar\/#organization"},"potentialAction":[{"@type":"SearchAction","target":{"@type":"EntryPoint","urlTemplate":"https:\/\/www.celttv.com.ar\/?s={search_term_string}"},"query-input":"required name=search_term_string"}],"inLanguage":"es"},{"@type":"Organization","@id":"https:\/\/www.celttv.com.ar\/#organization","name":"CELTTV","url":"https:\/\/www.celttv.com.ar\/","sameAs":["https:\/\/www.youtube.com\/channel\/UCz_oIt8Hig64Ub-EmcNPIhg","https:\/\/www.facebook.com\/celtTV\/"],"logo":{"@type":"ImageObject","inLanguage":"es","@id":"https:\/\/www.celttv.com.ar\/#\/schema\/logo\/image\/","url":"http:\/\/www.celttv.com.ar\/wp-content\/uploads\/2022\/08\/logo-1.png","contentUrl":"http:\/\/www.celttv.com.ar\/wp-content\/uploads\/2022\/08\/logo-1.png","width":461,"height":159,"caption":"CELTTV"},"image":{"@id":"https:\/\/www.celttv.com.ar\/#\/schema\/logo\/image\/"}},{"@type":"Person","@id":"https:\/\/www.celttv.com.ar\/#\/schema\/person\/6d99c072dba59953809c81446e9d0ace","name":"ulises","image":{"@type":"ImageObject","inLanguage":"es","@id":"https:\/\/www.celttv.com.ar\/#\/schema\/person\/image\/","url":"https:\/\/secure.gravatar.com\/avatar\/7f2c48bdc33b30088f941fb6082e555f2874c98e20cb159d7b92b50eadfce793?s=96&d=mm&r=g","contentUrl":"https:\/\/secure.gravatar.com\/avatar\/7f2c48bdc33b30088f941fb6082e555f2874c98e20cb159d7b92b50eadfce793?s=96&d=mm&r=g","caption":"ulises"},"sameAs":["http:\/\/www.celttv.com.ar"]}]}},"_links":{"self":[{"href":"https:\/\/www.celttv.com.ar\/index.php\/wp-json\/wp\/v2\/posts\/11254","targetHints":{"allow":["GET"]}}],"collection":[{"href":"https:\/\/www.celttv.com.ar\/index.php\/wp-json\/wp\/v2\/posts"}],"about":[{"href":"https:\/\/www.celttv.com.ar\/index.php\/wp-json\/wp\/v2\/types\/post"}],"author":[{"embeddable":true,"href":"https:\/\/www.celttv.com.ar\/index.php\/wp-json\/wp\/v2\/users\/1"}],"replies":[{"embeddable":true,"href":"https:\/\/www.celttv.com.ar\/index.php\/wp-json\/wp\/v2\/comments?post=11254"}],"version-history":[{"count":0,"href":"https:\/\/www.celttv.com.ar\/index.php\/wp-json\/wp\/v2\/posts\/11254\/revisions"}],"wp:attachment":[{"href":"https:\/\/www.celttv.com.ar\/index.php\/wp-json\/wp\/v2\/media?parent=11254"}],"wp:term":[{"taxonomy":"category","embeddable":true,"href":"https:\/\/www.celttv.com.ar\/index.php\/wp-json\/wp\/v2\/categories?post=11254"},{"taxonomy":"post_tag","embeddable":true,"href":"https:\/\/www.celttv.com.ar\/index.php\/wp-json\/wp\/v2\/tags?post=11254"}],"curies":[{"name":"wp","href":"https:\/\/api.w.org\/{rel}","templated":true}]}}