{"id":1126,"date":"2011-08-28T13:52:42","date_gmt":"2011-08-28T13:52:42","guid":{"rendered":"http:\/\/www.tvcnoticias.com.ar\/?p=1126"},"modified":"2011-08-28T13:52:42","modified_gmt":"2011-08-28T13:52:42","slug":"29-de-agosto-dia-del-arbol-escribe-agrupacion-flores-en-tornquist","status":"publish","type":"post","link":"https:\/\/www.celttv.com.ar\/index.php\/2011\/08\/28\/29-de-agosto-dia-del-arbol-escribe-agrupacion-flores-en-tornquist\/","title":{"rendered":"29 DE AGOSTO DIA DEL ARBOL (escribe: Agrupaci\u00f3n Flores en Tornquist)"},"content":{"rendered":"<p>Los \u00e1rboles forman un aparte fundamental del paisaje, desde los bosques, montes y selvas naturales hasta el \u00e1rbol urbano, sin olvidar las peque\u00f1as y grandes plantaciones introducidas en nuestros campos.<br \/>\n\u00a0Un \u00e1rbol aporta con su figura majestuosa las huellas de la vida y es por esto que merece un gran respeto. Sus ramas ofrecen sombra y frutos, su tronco delata el trascurrir de los a\u00f1os. \u00a1Qu\u00e9 privilegio! poder apreciar un parque con ejemplares de \u00e1rboles adultos donde muestran toda su belleza en sus formas, colores y textura. estos gigantes cumplen una funci\u00f3n muy importante generando reparo de los vientos, embellecimiento avenidas y veredas, que a trav\u00e9s de los a\u00f1os se van convirtiendo en parte de nuestras vidas; el recuerdo de la ni\u00f1ez en la \u00abcasita del \u00e1rbol\u00bb; el almuerzo con la familia o los amigos bajo \u00abla sombra del \u00e1rbol\u00bb, y ese encanto de sus hojas al caer en el oto\u00f1o, que provocan una guerra por mantener libre de ellas las veredas. Esta presencia e invalorable compa\u00f1\u00eda amerita la paciencia de esperar su crecimiento.<br \/>\n\u00a0Plantar un \u00e1rbol, dice el proverbio popular, es una de las cosas que debemos hacer en la vida. Tratando de aportar en pos de hacer esto realidad la Agrupaci\u00f3n \u00abFlores en Tornquist\u00bb organiza con el apoyo Municipal una charla sobre \u00abEl arbolado urbano\u00bb, que ofrecer\u00e1 el ingeniero Pablo Ramos el d\u00eda 2 de setiembre a las 18:30 hs. en la biblioteca Popular Ernesto Tornquist. Invitamos a todos los vecinos a compartir este encuentro para informarnos de las especies aconsejables para plantar en nuestra veredas y avenidas y los cuidados que debemos brindarles.<br \/>\n\u00a0compartamos esta fecha que conmemora el D\u00eda del Arbol resaltando la responsabilidad que nos compete a todos en esto de generar con el arbolado urbano un entorno m\u00e1s bello y acogedor.<br \/>\nAgrupaci\u00f3n \u00abFlores en Tornquist\u00bb<br \/>\n<a rel=\"attachment wp-att-1127\" href=\"http:\/\/www.tvcnoticias.com.ar\/?attachment_id=1127\"><img loading=\"lazy\" decoding=\"async\" class=\"aligncenter size-full wp-image-1127\" title=\"DIA DEL ARBOL (Small)\" src=\"http:\/\/www.tvcnoticias.com.ar\/wp-content\/uploads\/2011\/08\/DIA-DEL-ARBOL-Small.jpg\" alt=\"\" width=\"640\" height=\"625\" \/><\/a><br \/>\n<a rel=\"attachment wp-att-1128\" href=\"http:\/\/www.tvcnoticias.com.ar\/?attachment_id=1128\"><img loading=\"lazy\" decoding=\"async\" class=\"aligncenter size-full wp-image-1128\" title=\"DIA DEL ARBOL 2 (Small)\" src=\"http:\/\/www.tvcnoticias.com.ar\/wp-content\/uploads\/2011\/08\/DIA-DEL-ARBOL-2-Small.jpg\" alt=\"\" width=\"345\" height=\"480\" \/><\/a><\/p>\n","protected":false},"excerpt":{"rendered":"<p>Los \u00e1rboles forman un aparte fundamental del paisaje, desde los bosques, montes y selvas naturales hasta el \u00e1rbol urbano, sin olvidar las peque\u00f1as y grandes plantaciones introducidas en nuestros campos. \u00a0Un \u00e1rbol aporta con su figura majestuosa las huellas de la vida y es por esto que merece un gran respeto. Sus ramas ofrecen sombra [&hellip;]<\/p>\n","protected":false},"author":1,"featured_media":0,"comment_status":"closed","ping_status":"open","sticky":false,"template":"","format":"standard","meta":{"footnotes":""},"categories":[51,52,61],"tags":[],"class_list":["post-1126","post","type-post","status-publish","format-standard","hentry","category-comunidad","category-destacadas","category-policiales"],"yoast_head":"<!-- This site is optimized with the Yoast SEO plugin v19.7.1 - https:\/\/yoast.com\/wordpress\/plugins\/seo\/ -->\n<title>29 DE AGOSTO DIA DEL ARBOL (escribe: Agrupaci\u00f3n Flores en Tornquist) - CELTTV<\/title>\n<meta name=\"description\" content=\"Sitio web de noticias de la localidad de Tornquist, provincia de Buenos Aires, Rep\u00fablica Argentina. Contenido propio originado por periodistas de CELTTV, el canal de TV local de la Cooperativa El\u00e9ctrica de Tornquist. Turismo, Pol\u00edtica, Sociedad, Deporte, Cultura y todo el contenido de inter\u00e9s general que la gente del pueblo y la regi\u00f3n debe conocer.\" \/>\n<meta name=\"robots\" content=\"index, follow, max-snippet:-1, max-image-preview:large, max-video-preview:-1\" \/>\n<link rel=\"canonical\" href=\"https:\/\/www.celttv.com.ar\/index.php\/2011\/08\/28\/29-de-agosto-dia-del-arbol-escribe-agrupacion-flores-en-tornquist\/\" \/>\n<meta property=\"og:locale\" content=\"es_ES\" \/>\n<meta property=\"og:type\" content=\"article\" \/>\n<meta property=\"og:title\" content=\"29 DE AGOSTO DIA DEL ARBOL (escribe: Agrupaci\u00f3n Flores en Tornquist) - CELTTV\" \/>\n<meta property=\"og:description\" content=\"Sitio web de noticias de la localidad de Tornquist, provincia de Buenos Aires, Rep\u00fablica Argentina. Contenido propio originado por periodistas de CELTTV, el canal de TV local de la Cooperativa El\u00e9ctrica de Tornquist. Turismo, Pol\u00edtica, Sociedad, Deporte, Cultura y todo el contenido de inter\u00e9s general que la gente del pueblo y la regi\u00f3n debe conocer.\" \/>\n<meta property=\"og:url\" content=\"https:\/\/www.celttv.com.ar\/index.php\/2011\/08\/28\/29-de-agosto-dia-del-arbol-escribe-agrupacion-flores-en-tornquist\/\" \/>\n<meta property=\"og:site_name\" content=\"CELTTV\" \/>\n<meta property=\"article:publisher\" content=\"https:\/\/www.facebook.com\/celtTV\/\" \/>\n<meta property=\"article:published_time\" content=\"2011-08-28T13:52:42+00:00\" \/>\n<meta property=\"og:image\" content=\"http:\/\/www.tvcnoticias.com.ar\/wp-content\/uploads\/2011\/08\/DIA-DEL-ARBOL-Small.jpg\" \/>\n<meta name=\"author\" content=\"ulises\" \/>\n<meta name=\"twitter:card\" content=\"summary_large_image\" \/>\n<meta name=\"twitter:label1\" content=\"Escrito por\" \/>\n\t<meta name=\"twitter:data1\" content=\"ulises\" \/>\n\t<meta name=\"twitter:label2\" content=\"Tiempo de lectura\" \/>\n\t<meta name=\"twitter:data2\" content=\"2 minutos\" \/>\n<script type=\"application\/ld+json\" class=\"yoast-schema-graph\">{\"@context\":\"https:\/\/schema.org\",\"@graph\":[{\"@type\":\"NewsArticle\",\"@id\":\"https:\/\/www.celttv.com.ar\/index.php\/2011\/08\/28\/29-de-agosto-dia-del-arbol-escribe-agrupacion-flores-en-tornquist\/#article\",\"isPartOf\":{\"@id\":\"https:\/\/www.celttv.com.ar\/index.php\/2011\/08\/28\/29-de-agosto-dia-del-arbol-escribe-agrupacion-flores-en-tornquist\/\"},\"author\":{\"name\":\"ulises\",\"@id\":\"https:\/\/www.celttv.com.ar\/#\/schema\/person\/6d99c072dba59953809c81446e9d0ace\"},\"headline\":\"29 DE AGOSTO DIA DEL ARBOL (escribe: Agrupaci\u00f3n Flores en Tornquist)\",\"datePublished\":\"2011-08-28T13:52:42+00:00\",\"dateModified\":\"2011-08-28T13:52:42+00:00\",\"mainEntityOfPage\":{\"@id\":\"https:\/\/www.celttv.com.ar\/index.php\/2011\/08\/28\/29-de-agosto-dia-del-arbol-escribe-agrupacion-flores-en-tornquist\/\"},\"wordCount\":323,\"publisher\":{\"@id\":\"https:\/\/www.celttv.com.ar\/#organization\"},\"articleSection\":[\"Comunidad\",\"Destacadas\",\"Policiales\"],\"inLanguage\":\"es\"},{\"@type\":\"WebPage\",\"@id\":\"https:\/\/www.celttv.com.ar\/index.php\/2011\/08\/28\/29-de-agosto-dia-del-arbol-escribe-agrupacion-flores-en-tornquist\/\",\"url\":\"https:\/\/www.celttv.com.ar\/index.php\/2011\/08\/28\/29-de-agosto-dia-del-arbol-escribe-agrupacion-flores-en-tornquist\/\",\"name\":\"29 DE AGOSTO DIA DEL ARBOL (escribe: Agrupaci\u00f3n Flores en Tornquist) - CELTTV\",\"isPartOf\":{\"@id\":\"https:\/\/www.celttv.com.ar\/#website\"},\"datePublished\":\"2011-08-28T13:52:42+00:00\",\"dateModified\":\"2011-08-28T13:52:42+00:00\",\"description\":\"Sitio web de noticias de la localidad de Tornquist, provincia de Buenos Aires, Rep\u00fablica Argentina. Contenido propio originado por periodistas de CELTTV, el canal de TV local de la Cooperativa El\u00e9ctrica de Tornquist. Turismo, Pol\u00edtica, Sociedad, Deporte, Cultura y todo el contenido de inter\u00e9s general que la gente del pueblo y la regi\u00f3n debe conocer.\",\"breadcrumb\":{\"@id\":\"https:\/\/www.celttv.com.ar\/index.php\/2011\/08\/28\/29-de-agosto-dia-del-arbol-escribe-agrupacion-flores-en-tornquist\/#breadcrumb\"},\"inLanguage\":\"es\",\"potentialAction\":[{\"@type\":\"ReadAction\",\"target\":[\"https:\/\/www.celttv.com.ar\/index.php\/2011\/08\/28\/29-de-agosto-dia-del-arbol-escribe-agrupacion-flores-en-tornquist\/\"]}]},{\"@type\":\"BreadcrumbList\",\"@id\":\"https:\/\/www.celttv.com.ar\/index.php\/2011\/08\/28\/29-de-agosto-dia-del-arbol-escribe-agrupacion-flores-en-tornquist\/#breadcrumb\",\"itemListElement\":[{\"@type\":\"ListItem\",\"position\":1,\"name\":\"Inicio\",\"item\":\"https:\/\/www.celttv.com.ar\/\"},{\"@type\":\"ListItem\",\"position\":2,\"name\":\"29 DE AGOSTO DIA DEL ARBOL (escribe: Agrupaci\u00f3n Flores en Tornquist)\"}]},{\"@type\":\"WebSite\",\"@id\":\"https:\/\/www.celttv.com.ar\/#website\",\"url\":\"https:\/\/www.celttv.com.ar\/\",\"name\":\"CELTTV\",\"description\":\"Cooperativa El\u00e9ctrica de Tornquist\",\"publisher\":{\"@id\":\"https:\/\/www.celttv.com.ar\/#organization\"},\"potentialAction\":[{\"@type\":\"SearchAction\",\"target\":{\"@type\":\"EntryPoint\",\"urlTemplate\":\"https:\/\/www.celttv.com.ar\/?s={search_term_string}\"},\"query-input\":\"required name=search_term_string\"}],\"inLanguage\":\"es\"},{\"@type\":\"Organization\",\"@id\":\"https:\/\/www.celttv.com.ar\/#organization\",\"name\":\"CELTTV\",\"url\":\"https:\/\/www.celttv.com.ar\/\",\"sameAs\":[\"https:\/\/www.youtube.com\/channel\/UCz_oIt8Hig64Ub-EmcNPIhg\",\"https:\/\/www.facebook.com\/celtTV\/\"],\"logo\":{\"@type\":\"ImageObject\",\"inLanguage\":\"es\",\"@id\":\"https:\/\/www.celttv.com.ar\/#\/schema\/logo\/image\/\",\"url\":\"http:\/\/www.celttv.com.ar\/wp-content\/uploads\/2022\/08\/logo-1.png\",\"contentUrl\":\"http:\/\/www.celttv.com.ar\/wp-content\/uploads\/2022\/08\/logo-1.png\",\"width\":461,\"height\":159,\"caption\":\"CELTTV\"},\"image\":{\"@id\":\"https:\/\/www.celttv.com.ar\/#\/schema\/logo\/image\/\"}},{\"@type\":\"Person\",\"@id\":\"https:\/\/www.celttv.com.ar\/#\/schema\/person\/6d99c072dba59953809c81446e9d0ace\",\"name\":\"ulises\",\"image\":{\"@type\":\"ImageObject\",\"inLanguage\":\"es\",\"@id\":\"https:\/\/www.celttv.com.ar\/#\/schema\/person\/image\/\",\"url\":\"https:\/\/secure.gravatar.com\/avatar\/7f2c48bdc33b30088f941fb6082e555f2874c98e20cb159d7b92b50eadfce793?s=96&d=mm&r=g\",\"contentUrl\":\"https:\/\/secure.gravatar.com\/avatar\/7f2c48bdc33b30088f941fb6082e555f2874c98e20cb159d7b92b50eadfce793?s=96&d=mm&r=g\",\"caption\":\"ulises\"},\"sameAs\":[\"http:\/\/www.celttv.com.ar\"]}]}<\/script>\n<!-- \/ Yoast SEO plugin. -->","yoast_head_json":{"title":"29 DE AGOSTO DIA DEL ARBOL (escribe: Agrupaci\u00f3n Flores en Tornquist) - CELTTV","description":"Sitio web de noticias de la localidad de Tornquist, provincia de Buenos Aires, Rep\u00fablica Argentina. Contenido propio originado por periodistas de CELTTV, el canal de TV local de la Cooperativa El\u00e9ctrica de Tornquist. Turismo, Pol\u00edtica, Sociedad, Deporte, Cultura y todo el contenido de inter\u00e9s general que la gente del pueblo y la regi\u00f3n debe conocer.","robots":{"index":"index","follow":"follow","max-snippet":"max-snippet:-1","max-image-preview":"max-image-preview:large","max-video-preview":"max-video-preview:-1"},"canonical":"https:\/\/www.celttv.com.ar\/index.php\/2011\/08\/28\/29-de-agosto-dia-del-arbol-escribe-agrupacion-flores-en-tornquist\/","og_locale":"es_ES","og_type":"article","og_title":"29 DE AGOSTO DIA DEL ARBOL (escribe: Agrupaci\u00f3n Flores en Tornquist) - CELTTV","og_description":"Sitio web de noticias de la localidad de Tornquist, provincia de Buenos Aires, Rep\u00fablica Argentina. Contenido propio originado por periodistas de CELTTV, el canal de TV local de la Cooperativa El\u00e9ctrica de Tornquist. Turismo, Pol\u00edtica, Sociedad, Deporte, Cultura y todo el contenido de inter\u00e9s general que la gente del pueblo y la regi\u00f3n debe conocer.","og_url":"https:\/\/www.celttv.com.ar\/index.php\/2011\/08\/28\/29-de-agosto-dia-del-arbol-escribe-agrupacion-flores-en-tornquist\/","og_site_name":"CELTTV","article_publisher":"https:\/\/www.facebook.com\/celtTV\/","article_published_time":"2011-08-28T13:52:42+00:00","og_image":[{"url":"http:\/\/www.tvcnoticias.com.ar\/wp-content\/uploads\/2011\/08\/DIA-DEL-ARBOL-Small.jpg"}],"author":"ulises","twitter_card":"summary_large_image","twitter_misc":{"Escrito por":"ulises","Tiempo de lectura":"2 minutos"},"schema":{"@context":"https:\/\/schema.org","@graph":[{"@type":"NewsArticle","@id":"https:\/\/www.celttv.com.ar\/index.php\/2011\/08\/28\/29-de-agosto-dia-del-arbol-escribe-agrupacion-flores-en-tornquist\/#article","isPartOf":{"@id":"https:\/\/www.celttv.com.ar\/index.php\/2011\/08\/28\/29-de-agosto-dia-del-arbol-escribe-agrupacion-flores-en-tornquist\/"},"author":{"name":"ulises","@id":"https:\/\/www.celttv.com.ar\/#\/schema\/person\/6d99c072dba59953809c81446e9d0ace"},"headline":"29 DE AGOSTO DIA DEL ARBOL (escribe: Agrupaci\u00f3n Flores en Tornquist)","datePublished":"2011-08-28T13:52:42+00:00","dateModified":"2011-08-28T13:52:42+00:00","mainEntityOfPage":{"@id":"https:\/\/www.celttv.com.ar\/index.php\/2011\/08\/28\/29-de-agosto-dia-del-arbol-escribe-agrupacion-flores-en-tornquist\/"},"wordCount":323,"publisher":{"@id":"https:\/\/www.celttv.com.ar\/#organization"},"articleSection":["Comunidad","Destacadas","Policiales"],"inLanguage":"es"},{"@type":"WebPage","@id":"https:\/\/www.celttv.com.ar\/index.php\/2011\/08\/28\/29-de-agosto-dia-del-arbol-escribe-agrupacion-flores-en-tornquist\/","url":"https:\/\/www.celttv.com.ar\/index.php\/2011\/08\/28\/29-de-agosto-dia-del-arbol-escribe-agrupacion-flores-en-tornquist\/","name":"29 DE AGOSTO DIA DEL ARBOL (escribe: Agrupaci\u00f3n Flores en Tornquist) - CELTTV","isPartOf":{"@id":"https:\/\/www.celttv.com.ar\/#website"},"datePublished":"2011-08-28T13:52:42+00:00","dateModified":"2011-08-28T13:52:42+00:00","description":"Sitio web de noticias de la localidad de Tornquist, provincia de Buenos Aires, Rep\u00fablica Argentina. Contenido propio originado por periodistas de CELTTV, el canal de TV local de la Cooperativa El\u00e9ctrica de Tornquist. Turismo, Pol\u00edtica, Sociedad, Deporte, Cultura y todo el contenido de inter\u00e9s general que la gente del pueblo y la regi\u00f3n debe conocer.","breadcrumb":{"@id":"https:\/\/www.celttv.com.ar\/index.php\/2011\/08\/28\/29-de-agosto-dia-del-arbol-escribe-agrupacion-flores-en-tornquist\/#breadcrumb"},"inLanguage":"es","potentialAction":[{"@type":"ReadAction","target":["https:\/\/www.celttv.com.ar\/index.php\/2011\/08\/28\/29-de-agosto-dia-del-arbol-escribe-agrupacion-flores-en-tornquist\/"]}]},{"@type":"BreadcrumbList","@id":"https:\/\/www.celttv.com.ar\/index.php\/2011\/08\/28\/29-de-agosto-dia-del-arbol-escribe-agrupacion-flores-en-tornquist\/#breadcrumb","itemListElement":[{"@type":"ListItem","position":1,"name":"Inicio","item":"https:\/\/www.celttv.com.ar\/"},{"@type":"ListItem","position":2,"name":"29 DE AGOSTO DIA DEL ARBOL (escribe: Agrupaci\u00f3n Flores en Tornquist)"}]},{"@type":"WebSite","@id":"https:\/\/www.celttv.com.ar\/#website","url":"https:\/\/www.celttv.com.ar\/","name":"CELTTV","description":"Cooperativa El\u00e9ctrica de Tornquist","publisher":{"@id":"https:\/\/www.celttv.com.ar\/#organization"},"potentialAction":[{"@type":"SearchAction","target":{"@type":"EntryPoint","urlTemplate":"https:\/\/www.celttv.com.ar\/?s={search_term_string}"},"query-input":"required name=search_term_string"}],"inLanguage":"es"},{"@type":"Organization","@id":"https:\/\/www.celttv.com.ar\/#organization","name":"CELTTV","url":"https:\/\/www.celttv.com.ar\/","sameAs":["https:\/\/www.youtube.com\/channel\/UCz_oIt8Hig64Ub-EmcNPIhg","https:\/\/www.facebook.com\/celtTV\/"],"logo":{"@type":"ImageObject","inLanguage":"es","@id":"https:\/\/www.celttv.com.ar\/#\/schema\/logo\/image\/","url":"http:\/\/www.celttv.com.ar\/wp-content\/uploads\/2022\/08\/logo-1.png","contentUrl":"http:\/\/www.celttv.com.ar\/wp-content\/uploads\/2022\/08\/logo-1.png","width":461,"height":159,"caption":"CELTTV"},"image":{"@id":"https:\/\/www.celttv.com.ar\/#\/schema\/logo\/image\/"}},{"@type":"Person","@id":"https:\/\/www.celttv.com.ar\/#\/schema\/person\/6d99c072dba59953809c81446e9d0ace","name":"ulises","image":{"@type":"ImageObject","inLanguage":"es","@id":"https:\/\/www.celttv.com.ar\/#\/schema\/person\/image\/","url":"https:\/\/secure.gravatar.com\/avatar\/7f2c48bdc33b30088f941fb6082e555f2874c98e20cb159d7b92b50eadfce793?s=96&d=mm&r=g","contentUrl":"https:\/\/secure.gravatar.com\/avatar\/7f2c48bdc33b30088f941fb6082e555f2874c98e20cb159d7b92b50eadfce793?s=96&d=mm&r=g","caption":"ulises"},"sameAs":["http:\/\/www.celttv.com.ar"]}]}},"_links":{"self":[{"href":"https:\/\/www.celttv.com.ar\/index.php\/wp-json\/wp\/v2\/posts\/1126","targetHints":{"allow":["GET"]}}],"collection":[{"href":"https:\/\/www.celttv.com.ar\/index.php\/wp-json\/wp\/v2\/posts"}],"about":[{"href":"https:\/\/www.celttv.com.ar\/index.php\/wp-json\/wp\/v2\/types\/post"}],"author":[{"embeddable":true,"href":"https:\/\/www.celttv.com.ar\/index.php\/wp-json\/wp\/v2\/users\/1"}],"replies":[{"embeddable":true,"href":"https:\/\/www.celttv.com.ar\/index.php\/wp-json\/wp\/v2\/comments?post=1126"}],"version-history":[{"count":0,"href":"https:\/\/www.celttv.com.ar\/index.php\/wp-json\/wp\/v2\/posts\/1126\/revisions"}],"wp:attachment":[{"href":"https:\/\/www.celttv.com.ar\/index.php\/wp-json\/wp\/v2\/media?parent=1126"}],"wp:term":[{"taxonomy":"category","embeddable":true,"href":"https:\/\/www.celttv.com.ar\/index.php\/wp-json\/wp\/v2\/categories?post=1126"},{"taxonomy":"post_tag","embeddable":true,"href":"https:\/\/www.celttv.com.ar\/index.php\/wp-json\/wp\/v2\/tags?post=1126"}],"curies":[{"name":"wp","href":"https:\/\/api.w.org\/{rel}","templated":true}]}}